{"id":86469,"date":"2019-10-01T16:09:01","date_gmt":"2019-10-01T16:09:01","guid":{"rendered":"http:\/\/spanienaktuell.net\/wordpress\/?p=86469"},"modified":"2019-10-01T16:09:01","modified_gmt":"2019-10-01T16:09:01","slug":"andalusischer-charme-verzaubert","status":"publish","type":"post","link":"https:\/\/spanienaktuell.net\/wordpress\/andalusischer-charme-verzaubert\/","title":{"rendered":"Andalusischer Charme verzaubert"},"content":{"rendered":"<h3><b>Anantara Villa Padierna Palace er\u00f6ffnet an der Costa del Sol &#8211; Zweites Haus von Anantara in Europa punktet mit Luxus<\/b><\/h3>\n<p><span style=\"font-weight: 400;\">Als erstes Haus der Anantara Hotels, Resorts &amp; Spas in Spanien er\u00f6ffnete j\u00fcngst das Anantara Villa Padierna Palace Benahavis Marbella Resort nahe der spanischen Stadt Marbella. An der Costa del Sol gelegen, lockt das F\u00fcnf-Sterne-Resort G\u00e4ste mit einem traumhaften Ausblick \u00fcber die gr\u00fcnen H\u00fcgel dreier Golfpl\u00e4tze und einer Kombination aus luxuri\u00f6sen Zimmern, exquisiter Kulinarik, exklusiver Wellness im Anantara Spa und \u00fcber 1.200 Original-Kunstwerken. Das Luxushotel, von dem britischen Architekten Ed Gilbert im Stil eines andalusischen Palastes entworfen, wurde im Zuge der Zusammenf\u00fchrung der Marken Anantara und NH Hotels unter dem Dach der Minor Hotels einem Rebranding unterzogen. Es beherbergt 132 Zimmer, Suiten und luxuri\u00f6se Villen mit ein bis zwei Schlafzimmern, Butler-Service und einem eigenen Pool. Viele der Zimmer verf\u00fcgen \u00fcber eine gro\u00dfz\u00fcgige Terrasse mit Blick auf die Golfpl\u00e4tze und das Meer. Herzst\u00fcck des weitl\u00e4ufigen, aufw\u00e4ndig angelegten Au\u00dfenbereichs ist der gro\u00dfe Pool, der von Palmen und Zypressen umrahmt, zum Abk\u00fchlen einl\u00e4dt. Das Anantara Villa Padierna Palace befindet sich etwa 50 Fahrminuten vom internationalen Flughafen Malaga und nur zehn Minuten von Marbellas historischer Altstadt entfernt. Die Zimmerpreise beginnen bei 215 Euro pro Nacht im Doppelzimmer inklusive Fr\u00fchst\u00fcck. Weitere Informationen finden sich unter www.anantara.com\/villa-padierna-marbella.<\/span><\/p>\n<p><span style=\"font-weight: 400;\">Ein brandneues Kulinarikkonzept wird begeistern. Nach der Er\u00f6ffnung einer Dependance des landesweit bekannten Sushirestaurant 99 Sushi folgt auch in K\u00fcrze das neue Restaurant O by Paco Roncero des spanische Starkochs Paco Roncero. Diego Cabrera, zu einem der 50 besten Barkeeper der Welt gek\u00fcrt, l\u00e4sst seine beliebtesten Kreationen in die Karte der Eddy\u2019s Bar einflie\u00dfen. Im nahen Beach Club de Mar lauschen Hotelg\u00e4ste den Kl\u00e4ngen spanischer DJs und genie\u00dfen Drinks und feinen Snacks die entspannte Strandatmosph\u00e4re.<\/span><\/p>\n<p><span style=\"font-weight: 400;\">Eine palastartige Atmosph\u00e4re pr\u00e4gt auch das Anantara Spa. Inspiriert von r\u00f6mischen B\u00e4dern, verf\u00fcgt es \u00fcber zehn Behandlungsr\u00e4ume und drei Bereiche f\u00fcr Wasseranwendungen. Ein Hamam und ein Dampfbad mit Aromatherapie sorgen zus\u00e4tzlich f\u00fcr Entspannung. Neben klassischen K\u00f6rper- und Gesichtsbehandlungen umfasst finden sich auch Signature-Behandlungen, die auf alten thail\u00e4ndischen Praktiken und Zutaten basieren. Private Meditationseinheiten oder Pilates auf der Sonnenterrasse bilden den idealen Ausklang eines erlebnisreichen Tages.<\/span><\/p>\n<p><span style=\"font-weight: 400;\">F\u00fcr aktive G\u00e4ste h\u00e4lt das Anantara Villa Padierna Palace zahlreiche Angebote bereit. So w\u00e4hlen Golfer aus den mehrfach ausgezeichneten drei 18-Loch-Pl\u00e4tzen oder besuchen die Tramores Golf Academy, die Spielern jeden Levels individuell abgestimmte Golferlebnisse beschert. Der Villa Padierna Racquet Club bietet au\u00dferdem mehrere Tennis- und Paddle-Tennispl\u00e4tze sowie einen Krocketplatz. Wanderbegeisterte finden im nahen Gebirge Sierra de las Nieves verschiedene Touren vor imposanter Kulisse. Besuche der landestypischen wei\u00dfen D\u00f6rfer Pueblos Blancos inmitten der Berge, verschiedener Weinbaugebiete oder Oliven\u00f6lproduzenten laden zum Eintauchen in die Kultur Spaniens ein. Junge G\u00e4ste kommen beim abwechslungsreichen Aktivprogramm des neuen Kids Club auf ihre Kosten.<\/span><\/p>\n<p><span style=\"font-weight: 400;\">Weitere Informationen auf <\/span><a href=\"https:\/\/www.anantara.com\/en\/villa-padierna-marbella\"><span style=\"font-weight: 400;\">https:\/\/www.anantara.com\/en\/villa-padierna-marbella<\/span><\/a><span style=\"font-weight: 400;\">\u00a0<\/span><\/p>\n<p><span style=\"font-weight: 400;\">Quelle: Anantara Hotels, Resorts &amp; Spas<\/span><\/p>\n","protected":false},"excerpt":{"rendered":"<p>Anantara Villa Padierna Palace er\u00f6ffnet an der Costa del Sol &#8211; Zweites Haus von Anantara in Europa punktet mit Luxus [&hellip;]<\/p>\n","protected":false},"author":3,"featured_media":86470,"comment_status":"closed","ping_status":"closed","sticky":false,"template":"","format":"standard","meta":{"footnotes":""},"categories":[31],"tags":[],"class_list":["post-86469","post","type-post","status-publish","format-standard","has-post-thumbnail","hentry","category-reise"],"yoast_head":"<!-- This site is optimized with the Yoast SEO plugin v27.1.1 - https:\/\/yoast.com\/product\/yoast-seo-wordpress\/ -->\n<title>Andalusischer Charme verzaubert - Spanien aktuell<\/title>\n<meta name=\"robots\" content=\"index, follow, max-snippet:-1, max-image-preview:large, max-video-preview:-1\" \/>\n<link rel=\"canonical\" href=\"https:\/\/spanienaktuell.net\/wordpress\/andalusischer-charme-verzaubert\/\" \/>\n<meta property=\"og:locale\" content=\"es_ES\" \/>\n<meta property=\"og:type\" content=\"article\" \/>\n<meta property=\"og:title\" content=\"Andalusischer Charme verzaubert - Spanien aktuell\" \/>\n<meta property=\"og:description\" content=\"Anantara Villa Padierna Palace er\u00f6ffnet an der Costa del Sol &#8211; Zweites Haus von Anantara in Europa punktet mit Luxus [&hellip;]\" \/>\n<meta property=\"og:url\" content=\"https:\/\/spanienaktuell.net\/wordpress\/andalusischer-charme-verzaubert\/\" \/>\n<meta property=\"og:site_name\" content=\"Spanien aktuell\" \/>\n<meta property=\"article:published_time\" content=\"2019-10-01T16:09:01+00:00\" \/>\n<meta property=\"og:image\" content=\"https:\/\/spanienaktuell.net\/wordpress\/wp-content\/uploads\/2019\/10\/anantara_marbella.jpg\" \/>\n\t<meta property=\"og:image:width\" content=\"1116\" \/>\n\t<meta property=\"og:image:height\" content=\"783\" \/>\n\t<meta property=\"og:image:type\" content=\"image\/jpeg\" \/>\n<meta name=\"author\" content=\"Spanien Aktuell\" \/>\n<meta name=\"twitter:card\" content=\"summary_large_image\" \/>\n<meta name=\"twitter:label1\" content=\"Escrito por\" \/>\n\t<meta name=\"twitter:data1\" content=\"Spanien Aktuell\" \/>\n\t<meta name=\"twitter:label2\" content=\"Tiempo de lectura\" \/>\n\t<meta name=\"twitter:data2\" content=\"3 minutos\" \/>\n<script type=\"application\/ld+json\" class=\"yoast-schema-graph\">{\"@context\":\"https:\/\/schema.org\",\"@graph\":[{\"@type\":\"Article\",\"@id\":\"https:\/\/spanienaktuell.net\/wordpress\/andalusischer-charme-verzaubert\/#article\",\"isPartOf\":{\"@id\":\"https:\/\/spanienaktuell.net\/wordpress\/andalusischer-charme-verzaubert\/\"},\"author\":{\"name\":\"Spanien Aktuell\",\"@id\":\"https:\/\/spanienaktuell.net\/wordpress\/#\/schema\/person\/bc410cfae0161b201d837ebfeeba7fd0\"},\"headline\":\"Andalusischer Charme verzaubert\",\"datePublished\":\"2019-10-01T16:09:01+00:00\",\"mainEntityOfPage\":{\"@id\":\"https:\/\/spanienaktuell.net\/wordpress\/andalusischer-charme-verzaubert\/\"},\"wordCount\":520,\"publisher\":{\"@id\":\"https:\/\/spanienaktuell.net\/wordpress\/#organization\"},\"image\":{\"@id\":\"https:\/\/spanienaktuell.net\/wordpress\/andalusischer-charme-verzaubert\/#primaryimage\"},\"thumbnailUrl\":\"https:\/\/spanienaktuell.net\/wordpress\/wp-content\/uploads\/2019\/10\/anantara_marbella.jpg\",\"articleSection\":[\"Reise\"],\"inLanguage\":\"es\"},{\"@type\":\"WebPage\",\"@id\":\"https:\/\/spanienaktuell.net\/wordpress\/andalusischer-charme-verzaubert\/\",\"url\":\"https:\/\/spanienaktuell.net\/wordpress\/andalusischer-charme-verzaubert\/\",\"name\":\"Andalusischer Charme verzaubert - Spanien aktuell\",\"isPartOf\":{\"@id\":\"https:\/\/spanienaktuell.net\/wordpress\/#website\"},\"primaryImageOfPage\":{\"@id\":\"https:\/\/spanienaktuell.net\/wordpress\/andalusischer-charme-verzaubert\/#primaryimage\"},\"image\":{\"@id\":\"https:\/\/spanienaktuell.net\/wordpress\/andalusischer-charme-verzaubert\/#primaryimage\"},\"thumbnailUrl\":\"https:\/\/spanienaktuell.net\/wordpress\/wp-content\/uploads\/2019\/10\/anantara_marbella.jpg\",\"datePublished\":\"2019-10-01T16:09:01+00:00\",\"breadcrumb\":{\"@id\":\"https:\/\/spanienaktuell.net\/wordpress\/andalusischer-charme-verzaubert\/#breadcrumb\"},\"inLanguage\":\"es\",\"potentialAction\":[{\"@type\":\"ReadAction\",\"target\":[\"https:\/\/spanienaktuell.net\/wordpress\/andalusischer-charme-verzaubert\/\"]}]},{\"@type\":\"ImageObject\",\"inLanguage\":\"es\",\"@id\":\"https:\/\/spanienaktuell.net\/wordpress\/andalusischer-charme-verzaubert\/#primaryimage\",\"url\":\"https:\/\/spanienaktuell.net\/wordpress\/wp-content\/uploads\/2019\/10\/anantara_marbella.jpg\",\"contentUrl\":\"https:\/\/spanienaktuell.net\/wordpress\/wp-content\/uploads\/2019\/10\/anantara_marbella.jpg\",\"width\":1116,\"height\":783},{\"@type\":\"BreadcrumbList\",\"@id\":\"https:\/\/spanienaktuell.net\/wordpress\/andalusischer-charme-verzaubert\/#breadcrumb\",\"itemListElement\":[{\"@type\":\"ListItem\",\"position\":1,\"name\":\"Portada\",\"item\":\"https:\/\/spanienaktuell.net\/wordpress\/\"},{\"@type\":\"ListItem\",\"position\":2,\"name\":\"Andalusischer Charme verzaubert\"}]},{\"@type\":\"WebSite\",\"@id\":\"https:\/\/spanienaktuell.net\/wordpress\/#website\",\"url\":\"https:\/\/spanienaktuell.net\/wordpress\/\",\"name\":\"Spanien aktuell\",\"description\":\"The German magazine number 1 on the Costa del Sol\",\"publisher\":{\"@id\":\"https:\/\/spanienaktuell.net\/wordpress\/#organization\"},\"potentialAction\":[{\"@type\":\"SearchAction\",\"target\":{\"@type\":\"EntryPoint\",\"urlTemplate\":\"https:\/\/spanienaktuell.net\/wordpress\/?s={search_term_string}\"},\"query-input\":{\"@type\":\"PropertyValueSpecification\",\"valueRequired\":true,\"valueName\":\"search_term_string\"}}],\"inLanguage\":\"es\"},{\"@type\":\"Organization\",\"@id\":\"https:\/\/spanienaktuell.net\/wordpress\/#organization\",\"name\":\"Spanien aktuell\",\"url\":\"https:\/\/spanienaktuell.net\/wordpress\/\",\"logo\":{\"@type\":\"ImageObject\",\"inLanguage\":\"es\",\"@id\":\"https:\/\/spanienaktuell.net\/wordpress\/#\/schema\/logo\/image\/\",\"url\":\"https:\/\/spanienaktuell.net\/wordpress\/wp-content\/uploads\/2019\/06\/cropped-Logo-spanien-aktuell-png-web-e1561631085388.png\",\"contentUrl\":\"https:\/\/spanienaktuell.net\/wordpress\/wp-content\/uploads\/2019\/06\/cropped-Logo-spanien-aktuell-png-web-e1561631085388.png\",\"width\":512,\"height\":110,\"caption\":\"Spanien aktuell\"},\"image\":{\"@id\":\"https:\/\/spanienaktuell.net\/wordpress\/#\/schema\/logo\/image\/\"}},{\"@type\":\"Person\",\"@id\":\"https:\/\/spanienaktuell.net\/wordpress\/#\/schema\/person\/bc410cfae0161b201d837ebfeeba7fd0\",\"name\":\"Spanien Aktuell\",\"image\":{\"@type\":\"ImageObject\",\"inLanguage\":\"es\",\"@id\":\"https:\/\/spanienaktuell.net\/wordpress\/#\/schema\/person\/image\/\",\"url\":\"https:\/\/spanienaktuell.net\/wordpress\/wp-content\/uploads\/2019\/06\/cropped-Logo-spanien-aktuell-png-fav2-100x100.png\",\"contentUrl\":\"https:\/\/spanienaktuell.net\/wordpress\/wp-content\/uploads\/2019\/06\/cropped-Logo-spanien-aktuell-png-fav2-100x100.png\",\"caption\":\"Spanien Aktuell\"},\"url\":\"https:\/\/spanienaktuell.net\/wordpress\/author\/koalum\/\"}]}<\/script>\n<!-- \/ Yoast SEO plugin. -->","yoast_head_json":{"title":"Andalusischer Charme verzaubert - Spanien aktuell","robots":{"index":"index","follow":"follow","max-snippet":"max-snippet:-1","max-image-preview":"max-image-preview:large","max-video-preview":"max-video-preview:-1"},"canonical":"https:\/\/spanienaktuell.net\/wordpress\/andalusischer-charme-verzaubert\/","og_locale":"es_ES","og_type":"article","og_title":"Andalusischer Charme verzaubert - Spanien aktuell","og_description":"Anantara Villa Padierna Palace er\u00f6ffnet an der Costa del Sol &#8211; Zweites Haus von Anantara in Europa punktet mit Luxus [&hellip;]","og_url":"https:\/\/spanienaktuell.net\/wordpress\/andalusischer-charme-verzaubert\/","og_site_name":"Spanien aktuell","article_published_time":"2019-10-01T16:09:01+00:00","og_image":[{"width":1116,"height":783,"url":"https:\/\/spanienaktuell.net\/wordpress\/wp-content\/uploads\/2019\/10\/anantara_marbella.jpg","type":"image\/jpeg"}],"author":"Spanien Aktuell","twitter_card":"summary_large_image","twitter_misc":{"Escrito por":"Spanien Aktuell","Tiempo de lectura":"3 minutos"},"schema":{"@context":"https:\/\/schema.org","@graph":[{"@type":"Article","@id":"https:\/\/spanienaktuell.net\/wordpress\/andalusischer-charme-verzaubert\/#article","isPartOf":{"@id":"https:\/\/spanienaktuell.net\/wordpress\/andalusischer-charme-verzaubert\/"},"author":{"name":"Spanien Aktuell","@id":"https:\/\/spanienaktuell.net\/wordpress\/#\/schema\/person\/bc410cfae0161b201d837ebfeeba7fd0"},"headline":"Andalusischer Charme verzaubert","datePublished":"2019-10-01T16:09:01+00:00","mainEntityOfPage":{"@id":"https:\/\/spanienaktuell.net\/wordpress\/andalusischer-charme-verzaubert\/"},"wordCount":520,"publisher":{"@id":"https:\/\/spanienaktuell.net\/wordpress\/#organization"},"image":{"@id":"https:\/\/spanienaktuell.net\/wordpress\/andalusischer-charme-verzaubert\/#primaryimage"},"thumbnailUrl":"https:\/\/spanienaktuell.net\/wordpress\/wp-content\/uploads\/2019\/10\/anantara_marbella.jpg","articleSection":["Reise"],"inLanguage":"es"},{"@type":"WebPage","@id":"https:\/\/spanienaktuell.net\/wordpress\/andalusischer-charme-verzaubert\/","url":"https:\/\/spanienaktuell.net\/wordpress\/andalusischer-charme-verzaubert\/","name":"Andalusischer Charme verzaubert - Spanien aktuell","isPartOf":{"@id":"https:\/\/spanienaktuell.net\/wordpress\/#website"},"primaryImageOfPage":{"@id":"https:\/\/spanienaktuell.net\/wordpress\/andalusischer-charme-verzaubert\/#primaryimage"},"image":{"@id":"https:\/\/spanienaktuell.net\/wordpress\/andalusischer-charme-verzaubert\/#primaryimage"},"thumbnailUrl":"https:\/\/spanienaktuell.net\/wordpress\/wp-content\/uploads\/2019\/10\/anantara_marbella.jpg","datePublished":"2019-10-01T16:09:01+00:00","breadcrumb":{"@id":"https:\/\/spanienaktuell.net\/wordpress\/andalusischer-charme-verzaubert\/#breadcrumb"},"inLanguage":"es","potentialAction":[{"@type":"ReadAction","target":["https:\/\/spanienaktuell.net\/wordpress\/andalusischer-charme-verzaubert\/"]}]},{"@type":"ImageObject","inLanguage":"es","@id":"https:\/\/spanienaktuell.net\/wordpress\/andalusischer-charme-verzaubert\/#primaryimage","url":"https:\/\/spanienaktuell.net\/wordpress\/wp-content\/uploads\/2019\/10\/anantara_marbella.jpg","contentUrl":"https:\/\/spanienaktuell.net\/wordpress\/wp-content\/uploads\/2019\/10\/anantara_marbella.jpg","width":1116,"height":783},{"@type":"BreadcrumbList","@id":"https:\/\/spanienaktuell.net\/wordpress\/andalusischer-charme-verzaubert\/#breadcrumb","itemListElement":[{"@type":"ListItem","position":1,"name":"Portada","item":"https:\/\/spanienaktuell.net\/wordpress\/"},{"@type":"ListItem","position":2,"name":"Andalusischer Charme verzaubert"}]},{"@type":"WebSite","@id":"https:\/\/spanienaktuell.net\/wordpress\/#website","url":"https:\/\/spanienaktuell.net\/wordpress\/","name":"Spanien aktuell","description":"The German magazine number 1 on the Costa del Sol","publisher":{"@id":"https:\/\/spanienaktuell.net\/wordpress\/#organization"},"potentialAction":[{"@type":"SearchAction","target":{"@type":"EntryPoint","urlTemplate":"https:\/\/spanienaktuell.net\/wordpress\/?s={search_term_string}"},"query-input":{"@type":"PropertyValueSpecification","valueRequired":true,"valueName":"search_term_string"}}],"inLanguage":"es"},{"@type":"Organization","@id":"https:\/\/spanienaktuell.net\/wordpress\/#organization","name":"Spanien aktuell","url":"https:\/\/spanienaktuell.net\/wordpress\/","logo":{"@type":"ImageObject","inLanguage":"es","@id":"https:\/\/spanienaktuell.net\/wordpress\/#\/schema\/logo\/image\/","url":"https:\/\/spanienaktuell.net\/wordpress\/wp-content\/uploads\/2019\/06\/cropped-Logo-spanien-aktuell-png-web-e1561631085388.png","contentUrl":"https:\/\/spanienaktuell.net\/wordpress\/wp-content\/uploads\/2019\/06\/cropped-Logo-spanien-aktuell-png-web-e1561631085388.png","width":512,"height":110,"caption":"Spanien aktuell"},"image":{"@id":"https:\/\/spanienaktuell.net\/wordpress\/#\/schema\/logo\/image\/"}},{"@type":"Person","@id":"https:\/\/spanienaktuell.net\/wordpress\/#\/schema\/person\/bc410cfae0161b201d837ebfeeba7fd0","name":"Spanien Aktuell","image":{"@type":"ImageObject","inLanguage":"es","@id":"https:\/\/spanienaktuell.net\/wordpress\/#\/schema\/person\/image\/","url":"https:\/\/spanienaktuell.net\/wordpress\/wp-content\/uploads\/2019\/06\/cropped-Logo-spanien-aktuell-png-fav2-100x100.png","contentUrl":"https:\/\/spanienaktuell.net\/wordpress\/wp-content\/uploads\/2019\/06\/cropped-Logo-spanien-aktuell-png-fav2-100x100.png","caption":"Spanien Aktuell"},"url":"https:\/\/spanienaktuell.net\/wordpress\/author\/koalum\/"}]}},"_links":{"self":[{"href":"https:\/\/spanienaktuell.net\/wordpress\/wp-json\/wp\/v2\/posts\/86469","targetHints":{"allow":["GET"]}}],"collection":[{"href":"https:\/\/spanienaktuell.net\/wordpress\/wp-json\/wp\/v2\/posts"}],"about":[{"href":"https:\/\/spanienaktuell.net\/wordpress\/wp-json\/wp\/v2\/types\/post"}],"author":[{"embeddable":true,"href":"https:\/\/spanienaktuell.net\/wordpress\/wp-json\/wp\/v2\/users\/3"}],"replies":[{"embeddable":true,"href":"https:\/\/spanienaktuell.net\/wordpress\/wp-json\/wp\/v2\/comments?post=86469"}],"version-history":[{"count":1,"href":"https:\/\/spanienaktuell.net\/wordpress\/wp-json\/wp\/v2\/posts\/86469\/revisions"}],"predecessor-version":[{"id":86474,"href":"https:\/\/spanienaktuell.net\/wordpress\/wp-json\/wp\/v2\/posts\/86469\/revisions\/86474"}],"wp:featuredmedia":[{"embeddable":true,"href":"https:\/\/spanienaktuell.net\/wordpress\/wp-json\/wp\/v2\/media\/86470"}],"wp:attachment":[{"href":"https:\/\/spanienaktuell.net\/wordpress\/wp-json\/wp\/v2\/media?parent=86469"}],"wp:term":[{"taxonomy":"category","embeddable":true,"href":"https:\/\/spanienaktuell.net\/wordpress\/wp-json\/wp\/v2\/categories?post=86469"},{"taxonomy":"post_tag","embeddable":true,"href":"https:\/\/spanienaktuell.net\/wordpress\/wp-json\/wp\/v2\/tags?post=86469"}],"curies":[{"name":"wp","href":"https:\/\/api.w.org\/{rel}","templated":true}]}}