{"id":86475,"date":"2019-10-01T16:11:58","date_gmt":"2019-10-01T16:11:58","guid":{"rendered":"http:\/\/spanienaktuell.net\/wordpress\/?p=86475"},"modified":"2019-10-01T16:11:58","modified_gmt":"2019-10-01T16:11:58","slug":"four-seasons-hebt-mit-nagelneuem-private-jet-in-die-saison-2021-ab","status":"publish","type":"post","link":"https:\/\/spanienaktuell.net\/wordpress\/four-seasons-hebt-mit-nagelneuem-private-jet-in-die-saison-2021-ab\/","title":{"rendered":"Four Seasons hebt mit nagelneuem Private Jet in die Saison 2021 ab"},"content":{"rendered":"<p><b>Four Seasons pr\u00e4sentiert vier ausgew\u00e4hlte Private-Jet-Touren \u2013 erstmalig mit Stopps in Angkor Wat, Mexico City, der Osterinsel und Athen<\/b><\/p>\n<p><span style=\"font-weight: 400;\">Ready for boarding? Four Seasons Hotels and Resorts gibt die Reiserouten des neuen Four Seasons Private Jet bekannt, der 2021 zu vier au\u00dfergew\u00f6hnlichen Reisen abheben wird. Neben einer Wiederauflage der beliebten \u201eInternational Intrigue\u201c- und \u201eTimeless Encounters\u201c-Strecken sind mit den beiden komplett neu konzipierten Packages \u201eRemote Wonders\u201c und \u201eAncient Explorer\u201c erstmalig auch die Orte Angkor Wat, Mexico City, die Osterinsel und Athen im Programm. Ein Netz an lokalen Partnern und das versierte Four Seasons-Team sorgen f\u00fcr eine unvergessliche Reise.\u00a0<\/span><\/p>\n<p><span style=\"font-weight: 400;\">Dazu Christian Clerc, President, Worldwide Hotel Operations, Four Seasons Hotels and Resorts: \u201eUnsere G\u00e4ste 2021 sind die ersten, die an Bord unseres brandneuen, branchenf\u00fchrenden Flugzeugs reisen, das sich durch ein modernes, gastfreundliches Design und einen ger\u00e4umigen Lounge-Bereich auszeichnet. Wir haben unsere Routen um neue Ziele erg\u00e4nzt, darunter Jordanien, \u00c4gypten, die Osterinsel und Angkor Wat sowie Aufenthalte in zwei neuen Four Seasons-Hotels in Athen und Madrid.\u00bb\u00a0 \u00a0 \u00a0 \u00a0 \u00a0 \u00a0 \u00a0 \u00a0 \u00a0 \u00a0 \u00a0 \u00a0 \u00a0 \u00a0 \u00a0 \u00a0 \u00a0 \u00a0 \u00a0 \u00a0 \u00a0 \u00a0 \u00a0 \u00a0 \u00a0 \u00a0 \u00a0 \u00a0 \u00a0 \u00a0 \u00a0 \u00a0 \u00a0 Clerc erg\u00e4nzt: \u201eDie Kombination von unvergleichlich luxuri\u00f6sen Flugreisen, exklusivem Eintritt und dem legend\u00e4ren Four Seasons Service in einer durchg\u00e4ngig geplanten Reise ist der Grund, warum mehr als ein Drittel unserer Privatjet-Reisenden wiederkehrende G\u00e4ste sind. Durch umfangreiche Recherchen und Feedback aus erster Hand haben wir eine wirklich einzigartige Erfahrung in allen Bereichen geschaffen, die wir in den n\u00e4chsten Jahren kontinuierlich weiterentwickeln werden.\u201c<\/span><\/p>\n<p><b><img decoding=\"async\" class=\"aligncenter size-full wp-image-86478\" src=\"http:\/\/spanienaktuell.net\/wordpress\/wp-content\/uploads\/2019\/10\/Four-Seasons_Hawaii-Hualalai-Views_\u00a9Four-Seasons-Hotels-and-Resorts.jpg\" alt=\"\" width=\"1440\" height=\"980\" srcset=\"https:\/\/spanienaktuell.net\/wordpress\/wp-content\/uploads\/2019\/10\/Four-Seasons_Hawaii-Hualalai-Views_\u00a9Four-Seasons-Hotels-and-Resorts.jpg 1440w, https:\/\/spanienaktuell.net\/wordpress\/wp-content\/uploads\/2019\/10\/Four-Seasons_Hawaii-Hualalai-Views_\u00a9Four-Seasons-Hotels-and-Resorts-300x204.jpg 300w, https:\/\/spanienaktuell.net\/wordpress\/wp-content\/uploads\/2019\/10\/Four-Seasons_Hawaii-Hualalai-Views_\u00a9Four-Seasons-Hotels-and-Resorts-768x523.jpg 768w, https:\/\/spanienaktuell.net\/wordpress\/wp-content\/uploads\/2019\/10\/Four-Seasons_Hawaii-Hualalai-Views_\u00a9Four-Seasons-Hotels-and-Resorts-1024x697.jpg 1024w\" sizes=\"(max-width: 1440px) 100vw, 1440px\" \/><\/b><\/p>\n<p><b>Neu: Remote Wonders (31. Dezember 2020 &#8211; 20. Januar 2021)<\/b><\/p>\n<p><b>Reiseroute: Dubai, Hoi An, Angkor Wat (Tagesstopp), Bangkok, Chiang Mai oder \u00a0 \u00a0 Chiang Rai, Seychellen, Ruanda, Serengeti, Dubai<\/b><\/p>\n<p><span style=\"font-weight: 400;\">\u00a0Mit den \u201eRemote Wonders\u201c geht es f\u00fcr Luxusabenteurer 21 Tage lang auf eine au\u00dfergew\u00f6hnliche Reise durch Asien und Afrika. Der Startschu\u00df f\u00e4llt bei einer exklusiven Silvesterparty in Dubai, ehe es weiter nach Hoi An geht, wo G\u00e4ste nicht nur die Sch\u00f6nheiten der Altstadt erkunden und an einem privaten Dinner unter farbenfrohen Lampions teilnehmen, sondern sich auch ein exklusives Gewand ma\u00dfschneidern lassen. Weiter f\u00fchrt die Reise \u00fcber das majest\u00e4tische Angkor Wat nach Bangkok. Auf den Seychellen hei\u00dft es mit dem Katamaran das t\u00fcrkisblaue Wasser rund um den Traumstrand \u201ePetite Anse\u201c erkunden, bevor die Reise mit dem Besuch der Virunga Mountains in Ruanda und den dort lebenden Gorillas und ein unvergessliches Dinner mit den Maasai-Kriegern im Serengeti Nationalpark schlie\u00dflich endet.<\/span><\/p>\n<p><b><img decoding=\"async\" class=\"aligncenter size-full wp-image-86477\" src=\"http:\/\/spanienaktuell.net\/wordpress\/wp-content\/uploads\/2019\/10\/Four-Seasons__Serengeti-Wildlife_\u00a9Four-Seasons-Hotels-and-Resorts.jpg\" alt=\"\" width=\"1088\" height=\"725\" srcset=\"https:\/\/spanienaktuell.net\/wordpress\/wp-content\/uploads\/2019\/10\/Four-Seasons__Serengeti-Wildlife_\u00a9Four-Seasons-Hotels-and-Resorts.jpg 1088w, https:\/\/spanienaktuell.net\/wordpress\/wp-content\/uploads\/2019\/10\/Four-Seasons__Serengeti-Wildlife_\u00a9Four-Seasons-Hotels-and-Resorts-300x200.jpg 300w, https:\/\/spanienaktuell.net\/wordpress\/wp-content\/uploads\/2019\/10\/Four-Seasons__Serengeti-Wildlife_\u00a9Four-Seasons-Hotels-and-Resorts-768x512.jpg 768w, https:\/\/spanienaktuell.net\/wordpress\/wp-content\/uploads\/2019\/10\/Four-Seasons__Serengeti-Wildlife_\u00a9Four-Seasons-Hotels-and-Resorts-1024x682.jpg 1024w\" sizes=\"(max-width: 1088px) 100vw, 1088px\" \/><\/b><\/p>\n<p><b>Neu: Ancient Explorer (5. &#8211; 28. Oktober 2021)<\/b><\/p>\n<p><b>Reiseroute: Miami, Mexiko-Stadt, Osterinsel, Bora Bora, Great Barrier Reef, Koh Samui oder Bangkok, Jordanien, Pyramiden (Tagesstopp), Athen, Madrid<\/b><\/p>\n<p><span style=\"font-weight: 400;\">Das \u201eAncient Explorer\u201c-Package mit Startpunkt in Miami nimmt G\u00e4ste mit auf eine 24-t\u00e4gige Reise. Erster Halt ist Mexiko City, wo G\u00e4ste an einer Mezcal-Masterclass teilnehmen. Weiter geht es auf die Osterinsel, wo G\u00e4ste auf dem Pferder\u00fccken die Vulkanlandschaft und die ber\u00fchmten Moai-Statuen erkunden. Im Anschluss wartet bei einer privaten Schifffahrt die unendliche Unterwasser-Vielfalt des Great Barrier Reef, gefolgt von einem Stopp in Koh Samui, wo sich Mutige in der traditionellen Kampfkunst \u201eMuay Thai\u201c \u00fcben. In \u00c4gypten reisen Four Seasons-G\u00e4ste bei einem Besuch der Sphinx und den legend\u00e4ren Pyramiden von Gizeh zur\u00fcck in die Vergangenheit. Das Ende der Reise f\u00fchrt schlie\u00dflich nach Athen und Madrid, wo F\u00fcnf-Sterne-Jetsetter den Luxus zweier Four Seasons H\u00e4user genie\u00dfen d\u00fcrfen. Highlights sind der Besuch des Akropolis und des Parthenons in Athen und der private Flamenco-Unterricht in Madrid.<\/span><\/p>\n<p><span style=\"font-weight: 400;\">Neben den beiden neuen Reiserouten k\u00f6nnen Weltenbummler mit dem neuen Private Jet ab 2021 auch zwei beliebte Klassiker neu entdecken:\u00a0<\/span><\/p>\n<p><b>International Intrigue (24. Februar bis 19. M\u00e4rz 2021)<\/b><\/p>\n<p><b>Reiseroute: Seattle, Kyoto, Hoi An, Maldiven, Serengeti, Marrakesch, Budapest, St. Petersburg, Paris<\/b><\/p>\n<p><span style=\"font-weight: 400;\">Mit dem Angebot \u201eInternational Intrigue\u201c bereisen Four Seasons-G\u00e4ste ganze vier Kontinente \u2013 von pulsierenden Kulturhauptst\u00e4dten, abgelegenen Inselparadiesen bis zur afrikanischen Savanne. H\u00f6hepunkte sind beispielsweise ein Flug mit dem Wasserflugzeug \u00fcber Seattle, eine Zen-Meditation in Kyoto, eine Walking Safari in der Serengeti und ein Besuch der Gew\u00fcrzm\u00e4rkte in Marrakesch.<\/span><\/p>\n<p><b>Timeless Encounters (19. M\u00e4rz bis 11. April 2021)<\/b><\/p>\n<p><b>Reiseroute: Kona, Bora Bora, Sydney, Bali, Chiang Mai oder Chiang Rai, Taj Mahal (Tagesstopp), Dubai, Prag, London<\/b><\/p>\n<p><span style=\"font-weight: 400;\">Zu zeitlosen Begegnungen hebt der Four Seasons Private Jet vom 19. M\u00e4rz bis 11. April 2021 im Rahmen der 24-t\u00e4gigen Tour Timeless Encounters ab: Ziele sind unter anderem die Str\u00e4nde Bora Boras und Sydneys weltbekannter Bondi Beach, das beeindruckende Taj Mahal, Hawaiis Big Island und Bali, ehe es in London Abschied nehmen hei\u00dft.\u00a0<\/span><\/p>\n<p><span style=\"font-weight: 400;\">Die Four Seasons Private Jet Touren sind ab 163.000 USD pro Person im Doppelzimmer buchbar. Beim Aufenthalt an abgelegenen Reisezielen wie etwa der Osterinsel, dem Great Barrier Reef oder Ruanda n\u00e4chtigen G\u00e4ste in luxuri\u00f6sen Unterk\u00fcnften, die vom Four Seasons Team exklusiv ausgew\u00e4hlt wurden.<\/span><\/p>\n<p><span style=\"font-weight: 400;\">Quelle: PRCO Germany<\/span><\/p>\n","protected":false},"excerpt":{"rendered":"<p>Four Seasons pr\u00e4sentiert vier ausgew\u00e4hlte Private-Jet-Touren \u2013 erstmalig mit Stopps in Angkor Wat, Mexico City, der Osterinsel und Athen Ready [&hellip;]<\/p>\n","protected":false},"author":3,"featured_media":86476,"comment_status":"closed","ping_status":"closed","sticky":false,"template":"","format":"standard","meta":{"footnotes":""},"categories":[31],"tags":[],"class_list":["post-86475","post","type-post","status-publish","format-standard","has-post-thumbnail","hentry","category-reise"],"yoast_head":"<!-- This site is optimized with the Yoast SEO plugin v27.1.1 - https:\/\/yoast.com\/product\/yoast-seo-wordpress\/ -->\n<title>Four Seasons hebt mit nagelneuem Private Jet in die Saison 2021 ab - Spanien aktuell<\/title>\n<meta name=\"robots\" content=\"index, follow, max-snippet:-1, max-image-preview:large, max-video-preview:-1\" \/>\n<link rel=\"canonical\" href=\"https:\/\/spanienaktuell.net\/wordpress\/four-seasons-hebt-mit-nagelneuem-private-jet-in-die-saison-2021-ab\/\" \/>\n<meta property=\"og:locale\" content=\"es_ES\" \/>\n<meta property=\"og:type\" content=\"article\" \/>\n<meta property=\"og:title\" content=\"Four Seasons hebt mit nagelneuem Private Jet in die Saison 2021 ab - Spanien aktuell\" \/>\n<meta property=\"og:description\" content=\"Four Seasons pr\u00e4sentiert vier ausgew\u00e4hlte Private-Jet-Touren \u2013 erstmalig mit Stopps in Angkor Wat, Mexico City, der Osterinsel und Athen Ready [&hellip;]\" \/>\n<meta property=\"og:url\" content=\"https:\/\/spanienaktuell.net\/wordpress\/four-seasons-hebt-mit-nagelneuem-private-jet-in-die-saison-2021-ab\/\" \/>\n<meta property=\"og:site_name\" content=\"Spanien aktuell\" \/>\n<meta property=\"article:published_time\" content=\"2019-10-01T16:11:58+00:00\" \/>\n<meta property=\"og:image\" content=\"https:\/\/spanienaktuell.net\/wordpress\/wp-content\/uploads\/2019\/10\/Four-Seasons-Private-Jet-will-take-its-inaugural-flight-in-2021_\u00a9Four-Seasons-Hotels-and-Resorts.jpg\" \/>\n\t<meta property=\"og:image:width\" content=\"1438\" \/>\n\t<meta property=\"og:image:height\" content=\"1080\" \/>\n\t<meta property=\"og:image:type\" content=\"image\/jpeg\" \/>\n<meta name=\"author\" content=\"Spanien Aktuell\" \/>\n<meta name=\"twitter:card\" content=\"summary_large_image\" \/>\n<meta name=\"twitter:label1\" content=\"Escrito por\" \/>\n\t<meta name=\"twitter:data1\" content=\"Spanien Aktuell\" \/>\n\t<meta name=\"twitter:label2\" content=\"Tiempo de lectura\" \/>\n\t<meta name=\"twitter:data2\" content=\"4 minutos\" \/>\n<script type=\"application\/ld+json\" class=\"yoast-schema-graph\">{\"@context\":\"https:\/\/schema.org\",\"@graph\":[{\"@type\":\"Article\",\"@id\":\"https:\/\/spanienaktuell.net\/wordpress\/four-seasons-hebt-mit-nagelneuem-private-jet-in-die-saison-2021-ab\/#article\",\"isPartOf\":{\"@id\":\"https:\/\/spanienaktuell.net\/wordpress\/four-seasons-hebt-mit-nagelneuem-private-jet-in-die-saison-2021-ab\/\"},\"author\":{\"name\":\"Spanien Aktuell\",\"@id\":\"https:\/\/spanienaktuell.net\/wordpress\/#\/schema\/person\/bc410cfae0161b201d837ebfeeba7fd0\"},\"headline\":\"Four Seasons hebt mit nagelneuem Private Jet in die Saison 2021 ab\",\"datePublished\":\"2019-10-01T16:11:58+00:00\",\"mainEntityOfPage\":{\"@id\":\"https:\/\/spanienaktuell.net\/wordpress\/four-seasons-hebt-mit-nagelneuem-private-jet-in-die-saison-2021-ab\/\"},\"wordCount\":787,\"publisher\":{\"@id\":\"https:\/\/spanienaktuell.net\/wordpress\/#organization\"},\"image\":{\"@id\":\"https:\/\/spanienaktuell.net\/wordpress\/four-seasons-hebt-mit-nagelneuem-private-jet-in-die-saison-2021-ab\/#primaryimage\"},\"thumbnailUrl\":\"https:\/\/spanienaktuell.net\/wordpress\/wp-content\/uploads\/2019\/10\/Four-Seasons-Private-Jet-will-take-its-inaugural-flight-in-2021_\u00a9Four-Seasons-Hotels-and-Resorts.jpg\",\"articleSection\":[\"Reise\"],\"inLanguage\":\"es\"},{\"@type\":\"WebPage\",\"@id\":\"https:\/\/spanienaktuell.net\/wordpress\/four-seasons-hebt-mit-nagelneuem-private-jet-in-die-saison-2021-ab\/\",\"url\":\"https:\/\/spanienaktuell.net\/wordpress\/four-seasons-hebt-mit-nagelneuem-private-jet-in-die-saison-2021-ab\/\",\"name\":\"Four Seasons hebt mit nagelneuem Private Jet in die Saison 2021 ab - Spanien aktuell\",\"isPartOf\":{\"@id\":\"https:\/\/spanienaktuell.net\/wordpress\/#website\"},\"primaryImageOfPage\":{\"@id\":\"https:\/\/spanienaktuell.net\/wordpress\/four-seasons-hebt-mit-nagelneuem-private-jet-in-die-saison-2021-ab\/#primaryimage\"},\"image\":{\"@id\":\"https:\/\/spanienaktuell.net\/wordpress\/four-seasons-hebt-mit-nagelneuem-private-jet-in-die-saison-2021-ab\/#primaryimage\"},\"thumbnailUrl\":\"https:\/\/spanienaktuell.net\/wordpress\/wp-content\/uploads\/2019\/10\/Four-Seasons-Private-Jet-will-take-its-inaugural-flight-in-2021_\u00a9Four-Seasons-Hotels-and-Resorts.jpg\",\"datePublished\":\"2019-10-01T16:11:58+00:00\",\"breadcrumb\":{\"@id\":\"https:\/\/spanienaktuell.net\/wordpress\/four-seasons-hebt-mit-nagelneuem-private-jet-in-die-saison-2021-ab\/#breadcrumb\"},\"inLanguage\":\"es\",\"potentialAction\":[{\"@type\":\"ReadAction\",\"target\":[\"https:\/\/spanienaktuell.net\/wordpress\/four-seasons-hebt-mit-nagelneuem-private-jet-in-die-saison-2021-ab\/\"]}]},{\"@type\":\"ImageObject\",\"inLanguage\":\"es\",\"@id\":\"https:\/\/spanienaktuell.net\/wordpress\/four-seasons-hebt-mit-nagelneuem-private-jet-in-die-saison-2021-ab\/#primaryimage\",\"url\":\"https:\/\/spanienaktuell.net\/wordpress\/wp-content\/uploads\/2019\/10\/Four-Seasons-Private-Jet-will-take-its-inaugural-flight-in-2021_\u00a9Four-Seasons-Hotels-and-Resorts.jpg\",\"contentUrl\":\"https:\/\/spanienaktuell.net\/wordpress\/wp-content\/uploads\/2019\/10\/Four-Seasons-Private-Jet-will-take-its-inaugural-flight-in-2021_\u00a9Four-Seasons-Hotels-and-Resorts.jpg\",\"width\":1438,\"height\":1080},{\"@type\":\"BreadcrumbList\",\"@id\":\"https:\/\/spanienaktuell.net\/wordpress\/four-seasons-hebt-mit-nagelneuem-private-jet-in-die-saison-2021-ab\/#breadcrumb\",\"itemListElement\":[{\"@type\":\"ListItem\",\"position\":1,\"name\":\"Portada\",\"item\":\"https:\/\/spanienaktuell.net\/wordpress\/\"},{\"@type\":\"ListItem\",\"position\":2,\"name\":\"Four Seasons hebt mit nagelneuem Private Jet in die Saison 2021 ab\"}]},{\"@type\":\"WebSite\",\"@id\":\"https:\/\/spanienaktuell.net\/wordpress\/#website\",\"url\":\"https:\/\/spanienaktuell.net\/wordpress\/\",\"name\":\"Spanien aktuell\",\"description\":\"The German magazine number 1 on the Costa del Sol\",\"publisher\":{\"@id\":\"https:\/\/spanienaktuell.net\/wordpress\/#organization\"},\"potentialAction\":[{\"@type\":\"SearchAction\",\"target\":{\"@type\":\"EntryPoint\",\"urlTemplate\":\"https:\/\/spanienaktuell.net\/wordpress\/?s={search_term_string}\"},\"query-input\":{\"@type\":\"PropertyValueSpecification\",\"valueRequired\":true,\"valueName\":\"search_term_string\"}}],\"inLanguage\":\"es\"},{\"@type\":\"Organization\",\"@id\":\"https:\/\/spanienaktuell.net\/wordpress\/#organization\",\"name\":\"Spanien aktuell\",\"url\":\"https:\/\/spanienaktuell.net\/wordpress\/\",\"logo\":{\"@type\":\"ImageObject\",\"inLanguage\":\"es\",\"@id\":\"https:\/\/spanienaktuell.net\/wordpress\/#\/schema\/logo\/image\/\",\"url\":\"https:\/\/spanienaktuell.net\/wordpress\/wp-content\/uploads\/2019\/06\/cropped-Logo-spanien-aktuell-png-web-e1561631085388.png\",\"contentUrl\":\"https:\/\/spanienaktuell.net\/wordpress\/wp-content\/uploads\/2019\/06\/cropped-Logo-spanien-aktuell-png-web-e1561631085388.png\",\"width\":512,\"height\":110,\"caption\":\"Spanien aktuell\"},\"image\":{\"@id\":\"https:\/\/spanienaktuell.net\/wordpress\/#\/schema\/logo\/image\/\"}},{\"@type\":\"Person\",\"@id\":\"https:\/\/spanienaktuell.net\/wordpress\/#\/schema\/person\/bc410cfae0161b201d837ebfeeba7fd0\",\"name\":\"Spanien Aktuell\",\"image\":{\"@type\":\"ImageObject\",\"inLanguage\":\"es\",\"@id\":\"https:\/\/spanienaktuell.net\/wordpress\/#\/schema\/person\/image\/\",\"url\":\"https:\/\/spanienaktuell.net\/wordpress\/wp-content\/uploads\/2019\/06\/cropped-Logo-spanien-aktuell-png-fav2-100x100.png\",\"contentUrl\":\"https:\/\/spanienaktuell.net\/wordpress\/wp-content\/uploads\/2019\/06\/cropped-Logo-spanien-aktuell-png-fav2-100x100.png\",\"caption\":\"Spanien Aktuell\"},\"url\":\"https:\/\/spanienaktuell.net\/wordpress\/author\/koalum\/\"}]}<\/script>\n<!-- \/ Yoast SEO plugin. -->","yoast_head_json":{"title":"Four Seasons hebt mit nagelneuem Private Jet in die Saison 2021 ab - Spanien aktuell","robots":{"index":"index","follow":"follow","max-snippet":"max-snippet:-1","max-image-preview":"max-image-preview:large","max-video-preview":"max-video-preview:-1"},"canonical":"https:\/\/spanienaktuell.net\/wordpress\/four-seasons-hebt-mit-nagelneuem-private-jet-in-die-saison-2021-ab\/","og_locale":"es_ES","og_type":"article","og_title":"Four Seasons hebt mit nagelneuem Private Jet in die Saison 2021 ab - Spanien aktuell","og_description":"Four Seasons pr\u00e4sentiert vier ausgew\u00e4hlte Private-Jet-Touren \u2013 erstmalig mit Stopps in Angkor Wat, Mexico City, der Osterinsel und Athen Ready [&hellip;]","og_url":"https:\/\/spanienaktuell.net\/wordpress\/four-seasons-hebt-mit-nagelneuem-private-jet-in-die-saison-2021-ab\/","og_site_name":"Spanien aktuell","article_published_time":"2019-10-01T16:11:58+00:00","og_image":[{"width":1438,"height":1080,"url":"https:\/\/spanienaktuell.net\/wordpress\/wp-content\/uploads\/2019\/10\/Four-Seasons-Private-Jet-will-take-its-inaugural-flight-in-2021_\u00a9Four-Seasons-Hotels-and-Resorts.jpg","type":"image\/jpeg"}],"author":"Spanien Aktuell","twitter_card":"summary_large_image","twitter_misc":{"Escrito por":"Spanien Aktuell","Tiempo de lectura":"4 minutos"},"schema":{"@context":"https:\/\/schema.org","@graph":[{"@type":"Article","@id":"https:\/\/spanienaktuell.net\/wordpress\/four-seasons-hebt-mit-nagelneuem-private-jet-in-die-saison-2021-ab\/#article","isPartOf":{"@id":"https:\/\/spanienaktuell.net\/wordpress\/four-seasons-hebt-mit-nagelneuem-private-jet-in-die-saison-2021-ab\/"},"author":{"name":"Spanien Aktuell","@id":"https:\/\/spanienaktuell.net\/wordpress\/#\/schema\/person\/bc410cfae0161b201d837ebfeeba7fd0"},"headline":"Four Seasons hebt mit nagelneuem Private Jet in die Saison 2021 ab","datePublished":"2019-10-01T16:11:58+00:00","mainEntityOfPage":{"@id":"https:\/\/spanienaktuell.net\/wordpress\/four-seasons-hebt-mit-nagelneuem-private-jet-in-die-saison-2021-ab\/"},"wordCount":787,"publisher":{"@id":"https:\/\/spanienaktuell.net\/wordpress\/#organization"},"image":{"@id":"https:\/\/spanienaktuell.net\/wordpress\/four-seasons-hebt-mit-nagelneuem-private-jet-in-die-saison-2021-ab\/#primaryimage"},"thumbnailUrl":"https:\/\/spanienaktuell.net\/wordpress\/wp-content\/uploads\/2019\/10\/Four-Seasons-Private-Jet-will-take-its-inaugural-flight-in-2021_\u00a9Four-Seasons-Hotels-and-Resorts.jpg","articleSection":["Reise"],"inLanguage":"es"},{"@type":"WebPage","@id":"https:\/\/spanienaktuell.net\/wordpress\/four-seasons-hebt-mit-nagelneuem-private-jet-in-die-saison-2021-ab\/","url":"https:\/\/spanienaktuell.net\/wordpress\/four-seasons-hebt-mit-nagelneuem-private-jet-in-die-saison-2021-ab\/","name":"Four Seasons hebt mit nagelneuem Private Jet in die Saison 2021 ab - Spanien aktuell","isPartOf":{"@id":"https:\/\/spanienaktuell.net\/wordpress\/#website"},"primaryImageOfPage":{"@id":"https:\/\/spanienaktuell.net\/wordpress\/four-seasons-hebt-mit-nagelneuem-private-jet-in-die-saison-2021-ab\/#primaryimage"},"image":{"@id":"https:\/\/spanienaktuell.net\/wordpress\/four-seasons-hebt-mit-nagelneuem-private-jet-in-die-saison-2021-ab\/#primaryimage"},"thumbnailUrl":"https:\/\/spanienaktuell.net\/wordpress\/wp-content\/uploads\/2019\/10\/Four-Seasons-Private-Jet-will-take-its-inaugural-flight-in-2021_\u00a9Four-Seasons-Hotels-and-Resorts.jpg","datePublished":"2019-10-01T16:11:58+00:00","breadcrumb":{"@id":"https:\/\/spanienaktuell.net\/wordpress\/four-seasons-hebt-mit-nagelneuem-private-jet-in-die-saison-2021-ab\/#breadcrumb"},"inLanguage":"es","potentialAction":[{"@type":"ReadAction","target":["https:\/\/spanienaktuell.net\/wordpress\/four-seasons-hebt-mit-nagelneuem-private-jet-in-die-saison-2021-ab\/"]}]},{"@type":"ImageObject","inLanguage":"es","@id":"https:\/\/spanienaktuell.net\/wordpress\/four-seasons-hebt-mit-nagelneuem-private-jet-in-die-saison-2021-ab\/#primaryimage","url":"https:\/\/spanienaktuell.net\/wordpress\/wp-content\/uploads\/2019\/10\/Four-Seasons-Private-Jet-will-take-its-inaugural-flight-in-2021_\u00a9Four-Seasons-Hotels-and-Resorts.jpg","contentUrl":"https:\/\/spanienaktuell.net\/wordpress\/wp-content\/uploads\/2019\/10\/Four-Seasons-Private-Jet-will-take-its-inaugural-flight-in-2021_\u00a9Four-Seasons-Hotels-and-Resorts.jpg","width":1438,"height":1080},{"@type":"BreadcrumbList","@id":"https:\/\/spanienaktuell.net\/wordpress\/four-seasons-hebt-mit-nagelneuem-private-jet-in-die-saison-2021-ab\/#breadcrumb","itemListElement":[{"@type":"ListItem","position":1,"name":"Portada","item":"https:\/\/spanienaktuell.net\/wordpress\/"},{"@type":"ListItem","position":2,"name":"Four Seasons hebt mit nagelneuem Private Jet in die Saison 2021 ab"}]},{"@type":"WebSite","@id":"https:\/\/spanienaktuell.net\/wordpress\/#website","url":"https:\/\/spanienaktuell.net\/wordpress\/","name":"Spanien aktuell","description":"The German magazine number 1 on the Costa del Sol","publisher":{"@id":"https:\/\/spanienaktuell.net\/wordpress\/#organization"},"potentialAction":[{"@type":"SearchAction","target":{"@type":"EntryPoint","urlTemplate":"https:\/\/spanienaktuell.net\/wordpress\/?s={search_term_string}"},"query-input":{"@type":"PropertyValueSpecification","valueRequired":true,"valueName":"search_term_string"}}],"inLanguage":"es"},{"@type":"Organization","@id":"https:\/\/spanienaktuell.net\/wordpress\/#organization","name":"Spanien aktuell","url":"https:\/\/spanienaktuell.net\/wordpress\/","logo":{"@type":"ImageObject","inLanguage":"es","@id":"https:\/\/spanienaktuell.net\/wordpress\/#\/schema\/logo\/image\/","url":"https:\/\/spanienaktuell.net\/wordpress\/wp-content\/uploads\/2019\/06\/cropped-Logo-spanien-aktuell-png-web-e1561631085388.png","contentUrl":"https:\/\/spanienaktuell.net\/wordpress\/wp-content\/uploads\/2019\/06\/cropped-Logo-spanien-aktuell-png-web-e1561631085388.png","width":512,"height":110,"caption":"Spanien aktuell"},"image":{"@id":"https:\/\/spanienaktuell.net\/wordpress\/#\/schema\/logo\/image\/"}},{"@type":"Person","@id":"https:\/\/spanienaktuell.net\/wordpress\/#\/schema\/person\/bc410cfae0161b201d837ebfeeba7fd0","name":"Spanien Aktuell","image":{"@type":"ImageObject","inLanguage":"es","@id":"https:\/\/spanienaktuell.net\/wordpress\/#\/schema\/person\/image\/","url":"https:\/\/spanienaktuell.net\/wordpress\/wp-content\/uploads\/2019\/06\/cropped-Logo-spanien-aktuell-png-fav2-100x100.png","contentUrl":"https:\/\/spanienaktuell.net\/wordpress\/wp-content\/uploads\/2019\/06\/cropped-Logo-spanien-aktuell-png-fav2-100x100.png","caption":"Spanien Aktuell"},"url":"https:\/\/spanienaktuell.net\/wordpress\/author\/koalum\/"}]}},"_links":{"self":[{"href":"https:\/\/spanienaktuell.net\/wordpress\/wp-json\/wp\/v2\/posts\/86475","targetHints":{"allow":["GET"]}}],"collection":[{"href":"https:\/\/spanienaktuell.net\/wordpress\/wp-json\/wp\/v2\/posts"}],"about":[{"href":"https:\/\/spanienaktuell.net\/wordpress\/wp-json\/wp\/v2\/types\/post"}],"author":[{"embeddable":true,"href":"https:\/\/spanienaktuell.net\/wordpress\/wp-json\/wp\/v2\/users\/3"}],"replies":[{"embeddable":true,"href":"https:\/\/spanienaktuell.net\/wordpress\/wp-json\/wp\/v2\/comments?post=86475"}],"version-history":[{"count":1,"href":"https:\/\/spanienaktuell.net\/wordpress\/wp-json\/wp\/v2\/posts\/86475\/revisions"}],"predecessor-version":[{"id":86482,"href":"https:\/\/spanienaktuell.net\/wordpress\/wp-json\/wp\/v2\/posts\/86475\/revisions\/86482"}],"wp:featuredmedia":[{"embeddable":true,"href":"https:\/\/spanienaktuell.net\/wordpress\/wp-json\/wp\/v2\/media\/86476"}],"wp:attachment":[{"href":"https:\/\/spanienaktuell.net\/wordpress\/wp-json\/wp\/v2\/media?parent=86475"}],"wp:term":[{"taxonomy":"category","embeddable":true,"href":"https:\/\/spanienaktuell.net\/wordpress\/wp-json\/wp\/v2\/categories?post=86475"},{"taxonomy":"post_tag","embeddable":true,"href":"https:\/\/spanienaktuell.net\/wordpress\/wp-json\/wp\/v2\/tags?post=86475"}],"curies":[{"name":"wp","href":"https:\/\/api.w.org\/{rel}","templated":true}]}}