{"id":86483,"date":"2019-10-01T16:14:30","date_gmt":"2019-10-01T16:14:30","guid":{"rendered":"http:\/\/spanienaktuell.net\/wordpress\/?p=86483"},"modified":"2019-10-01T16:14:30","modified_gmt":"2019-10-01T16:14:30","slug":"internationale-studie-der-urlaubspiraten-zu-kommerziellen-weltraumreisen","status":"publish","type":"post","link":"https:\/\/spanienaktuell.net\/wordpress\/internationale-studie-der-urlaubspiraten-zu-kommerziellen-weltraumreisen\/","title":{"rendered":"Internationale Studie der Urlaubspiraten zu kommerziellen Weltraumreisen"},"content":{"rendered":"<h3><b>70 Prozent der Deutschen k\u00f6nnen sich vorstellen ins All zu reisen<\/b><\/h3>\n<h3><b>Erschwerte Hygiene und Konservenessen f\u00fcr viele die gr\u00f6\u00dfte Herausforderung<\/b><\/h3>\n<p><span style=\"font-weight: 400;\">Das Jahr 2019 steht ganz im Zeichen ferner Sph\u00e4ren: Am 20. Juli j\u00e4hrte sich die Mondlandung der Apollo 11-Crew zum 50. Mal. Auch die kommerzielle Weltraumfahrt schreitet mit gro\u00dfen Schritten voran. Erst im Februar bef\u00f6rderte das private Raumfahrtunternehmen SpaceX mit seinem Spaceship Two die erste Passagierin ins All. Die kommerziellen Fl\u00fcge sollen noch in diesem Jahr starten, \u00fcber 600 Interessenten haben bereits einen Flug reserviert \u2013 darunter Leonardo DiCaprio und Justin Bieber. Grund genug f\u00fcr die Urlaubspiraten, sich einmal genauer mit diesem Thema zu befassen. In einer gro\u00df angelegten internationalen Studie unter 14.000 Nutzern des Portals, darunter 4.147 Deutsche, haben die Reisexperten ihre User zu ihrer Meinung gefragt.<\/span><\/p>\n<p>&nbsp;<\/p>\n<p><b>Fotos schie\u00dfen und die Aussicht genie\u00dfen<\/b><\/p>\n<p><span style=\"font-weight: 400;\">Auch wenn es wohl f\u00fcr die meisten nur ein Gedankenspiel ist: 70 Prozent der Deutschen k\u00f6nnen sich vorstellen ins All zu reisen. Sechs von zehn (59 Prozent) wollen dabei vor allem die existenzielle Begegnung mit dem Universum erleben. Mehr als die H\u00e4lfte (55 Prozent) m\u00f6chte ihren Abenteuersinn und Pioniergeist ausleben und 42 Prozent wollen spektakul\u00e4re Fotos und Videos machen. Jeder Dritte (33 Prozent) m\u00f6chte gerne Teil eines wissenschaftlichen und technologischen Meilensteins sein und jeder F\u00fcnfte (19 Prozent) w\u00fcrde sich damit einen Kindheitstraum erf\u00fcllen.<\/span><\/p>\n<p><span style=\"font-weight: 400;\">Diejenigen, die sich nicht vorstellen k\u00f6nnen ins Weltall zu reisen, geben daf\u00fcr verschiedene Gr\u00fcnde an: 42 Prozent haben schlichtweg Angst, jeder F\u00fcnfte (22 Prozent) hat einfach kein Interesse. 17 Prozent sagen sie reisen lieber konventionell, f\u00fcr jeden Zehnten (elf Prozent) w\u00fcrde es die Gesundheit nicht zulassen. Das monatelange Training zur Vorbereitung w\u00e4re hingegen nur f\u00fcr jeden Dritten (34 Prozent) ein Hindernis. Doch was macht man dann oben im All? Sieben von zehn Befragten (73 Prozent) w\u00fcrden es vor allem genie\u00dfen, die Erde von oben zu betrachten. Zwei Drittel (66 Prozent) wollen die Schwerelosigkeit erleben, jeder Zweite (53 Prozent) w\u00fcrde einfach in die Weiten des Weltalls schauen. Knapp jeder Dritte (31 Prozent) w\u00fcrde auf der Mondoberfl\u00e4che laufen und 17 Prozent w\u00fcrden die internationale Raumstation ISS besuchen.<\/span><\/p>\n<p>&nbsp;<\/p>\n<p><b>Nicht f\u00fcr jeden: Waschen im Fliegen und T\u00fctenessen<\/b><\/p>\n<p><span style=\"font-weight: 400;\">Nat\u00fcrlich ist ein Trip ins All kein Spaziergang. Als gr\u00f6\u00dfte Herausforderung empfinden die meisten die erschwerten Hygienebedingungen und kein richtiges Essen zu haben (je 16 Prozent). Jeweils 14 Prozent beunruhigt der Gedanke, dass sie nur wenige Zentimeter Metall von der unendlichen, t\u00f6dlichen Weite des Weltalls trennen, sowie die Isolation vom Rest der Menschheit. F\u00fcr zw\u00f6lf Prozent w\u00e4re die Enge des Raumschiffs die gr\u00f6\u00dfte Herausforderung, f\u00fcr elf Prozent das technische Wissen, das ben\u00f6tigt wird.<\/span><\/p>\n<p>&nbsp;<\/p>\n<p><b>200.000 Dollar f\u00fcr drei Minuten Schwerelosigkeit?<\/b><\/p>\n<p><span style=\"font-weight: 400;\">Kommerzielle Weltraum-Fl\u00fcge \u00fcberfliegen derzeit zun\u00e4chst nur kurz die K\u00e1rm\u00e1n-Linie, eine gedachte Grenze, die auf 100 km H\u00f6he den \u00dcbergang der Erdatmosph\u00e4re zum Weltraum markiert. Der etwa dreimin\u00fctige Trip in der Schwerelosigkeit kostet ca. 200.000 USD. F\u00fcr mehr als ein Drittel der Befragten (36 Prozent) ist eine solche Erfahrung die hohe Investition wert. Im internationalen Vergleich zeigen sich bei dieser Frage vor allem die Italiener spendabel: Sechs von Zehn (59 Prozent) halten den Preis f\u00fcr gerechtfertigt.<\/span><\/p>\n<p>&nbsp;<\/p>\n<p><b>Interstellar f\u00fcr viele die gr\u00f6\u00dfte Inspiration<\/b><\/p>\n<p><span style=\"font-weight: 400;\">Unz\u00e4hlige Sci-Fi Serien, Filme und B\u00fccher malen bereits ein Bild davon, wie das Leben im All aussehen k\u00f6nnte. Kein Wunder also, dass 43 Prozent der Befragten sagen, dass ein Sci-fi Werk sie zu einem Trip ins Weltall inspiriert. Die gr\u00f6\u00dfte Inspiration bietet den meisten der Film Interstellar, gefolgt von Star Wars, Star Trek, der Marsianer und Gravity. Auch wenn viele dieser Werke die Zukunft der Menschheit bereits so ausmalen: dauerhaft im All leben wollen nur sieben Prozent.<\/span><\/p>\n<p><span style=\"font-weight: 400;\">Quelle: Holidaypirates GmbH<\/span><\/p>\n","protected":false},"excerpt":{"rendered":"<p>70 Prozent der Deutschen k\u00f6nnen sich vorstellen ins All zu reisen Erschwerte Hygiene und Konservenessen f\u00fcr viele die gr\u00f6\u00dfte Herausforderung [&hellip;]<\/p>\n","protected":false},"author":3,"featured_media":86484,"comment_status":"closed","ping_status":"closed","sticky":false,"template":"","format":"standard","meta":{"footnotes":""},"categories":[31],"tags":[],"class_list":["post-86483","post","type-post","status-publish","format-standard","has-post-thumbnail","hentry","category-reise"],"yoast_head":"<!-- This site is optimized with the Yoast SEO plugin v27.1.1 - https:\/\/yoast.com\/product\/yoast-seo-wordpress\/ -->\n<title>Internationale Studie der Urlaubspiraten zu kommerziellen Weltraumreisen - Spanien aktuell<\/title>\n<meta name=\"robots\" content=\"index, follow, max-snippet:-1, max-image-preview:large, max-video-preview:-1\" \/>\n<link rel=\"canonical\" href=\"https:\/\/spanienaktuell.net\/wordpress\/internationale-studie-der-urlaubspiraten-zu-kommerziellen-weltraumreisen\/\" \/>\n<meta property=\"og:locale\" content=\"es_ES\" \/>\n<meta property=\"og:type\" content=\"article\" \/>\n<meta property=\"og:title\" content=\"Internationale Studie der Urlaubspiraten zu kommerziellen Weltraumreisen - Spanien aktuell\" \/>\n<meta property=\"og:description\" content=\"70 Prozent der Deutschen k\u00f6nnen sich vorstellen ins All zu reisen Erschwerte Hygiene und Konservenessen f\u00fcr viele die gr\u00f6\u00dfte Herausforderung [&hellip;]\" \/>\n<meta property=\"og:url\" content=\"https:\/\/spanienaktuell.net\/wordpress\/internationale-studie-der-urlaubspiraten-zu-kommerziellen-weltraumreisen\/\" \/>\n<meta property=\"og:site_name\" content=\"Spanien aktuell\" \/>\n<meta property=\"article:published_time\" content=\"2019-10-01T16:14:30+00:00\" \/>\n<meta property=\"og:image\" content=\"https:\/\/spanienaktuell.net\/wordpress\/wp-content\/uploads\/2019\/10\/astronaut-earth-moon.jpg\" \/>\n\t<meta property=\"og:image:width\" content=\"1440\" \/>\n\t<meta property=\"og:image:height\" content=\"809\" \/>\n\t<meta property=\"og:image:type\" content=\"image\/jpeg\" \/>\n<meta name=\"author\" content=\"Spanien Aktuell\" \/>\n<meta name=\"twitter:card\" content=\"summary_large_image\" \/>\n<meta name=\"twitter:label1\" content=\"Escrito por\" \/>\n\t<meta name=\"twitter:data1\" content=\"Spanien Aktuell\" \/>\n\t<meta name=\"twitter:label2\" content=\"Tiempo de lectura\" \/>\n\t<meta name=\"twitter:data2\" content=\"3 minutos\" \/>\n<script type=\"application\/ld+json\" class=\"yoast-schema-graph\">{\"@context\":\"https:\/\/schema.org\",\"@graph\":[{\"@type\":\"Article\",\"@id\":\"https:\/\/spanienaktuell.net\/wordpress\/internationale-studie-der-urlaubspiraten-zu-kommerziellen-weltraumreisen\/#article\",\"isPartOf\":{\"@id\":\"https:\/\/spanienaktuell.net\/wordpress\/internationale-studie-der-urlaubspiraten-zu-kommerziellen-weltraumreisen\/\"},\"author\":{\"name\":\"Spanien Aktuell\",\"@id\":\"https:\/\/spanienaktuell.net\/wordpress\/#\/schema\/person\/bc410cfae0161b201d837ebfeeba7fd0\"},\"headline\":\"Internationale Studie der Urlaubspiraten zu kommerziellen Weltraumreisen\",\"datePublished\":\"2019-10-01T16:14:30+00:00\",\"mainEntityOfPage\":{\"@id\":\"https:\/\/spanienaktuell.net\/wordpress\/internationale-studie-der-urlaubspiraten-zu-kommerziellen-weltraumreisen\/\"},\"wordCount\":631,\"publisher\":{\"@id\":\"https:\/\/spanienaktuell.net\/wordpress\/#organization\"},\"image\":{\"@id\":\"https:\/\/spanienaktuell.net\/wordpress\/internationale-studie-der-urlaubspiraten-zu-kommerziellen-weltraumreisen\/#primaryimage\"},\"thumbnailUrl\":\"https:\/\/spanienaktuell.net\/wordpress\/wp-content\/uploads\/2019\/10\/astronaut-earth-moon.jpg\",\"articleSection\":[\"Reise\"],\"inLanguage\":\"es\"},{\"@type\":\"WebPage\",\"@id\":\"https:\/\/spanienaktuell.net\/wordpress\/internationale-studie-der-urlaubspiraten-zu-kommerziellen-weltraumreisen\/\",\"url\":\"https:\/\/spanienaktuell.net\/wordpress\/internationale-studie-der-urlaubspiraten-zu-kommerziellen-weltraumreisen\/\",\"name\":\"Internationale Studie der Urlaubspiraten zu kommerziellen Weltraumreisen - Spanien aktuell\",\"isPartOf\":{\"@id\":\"https:\/\/spanienaktuell.net\/wordpress\/#website\"},\"primaryImageOfPage\":{\"@id\":\"https:\/\/spanienaktuell.net\/wordpress\/internationale-studie-der-urlaubspiraten-zu-kommerziellen-weltraumreisen\/#primaryimage\"},\"image\":{\"@id\":\"https:\/\/spanienaktuell.net\/wordpress\/internationale-studie-der-urlaubspiraten-zu-kommerziellen-weltraumreisen\/#primaryimage\"},\"thumbnailUrl\":\"https:\/\/spanienaktuell.net\/wordpress\/wp-content\/uploads\/2019\/10\/astronaut-earth-moon.jpg\",\"datePublished\":\"2019-10-01T16:14:30+00:00\",\"breadcrumb\":{\"@id\":\"https:\/\/spanienaktuell.net\/wordpress\/internationale-studie-der-urlaubspiraten-zu-kommerziellen-weltraumreisen\/#breadcrumb\"},\"inLanguage\":\"es\",\"potentialAction\":[{\"@type\":\"ReadAction\",\"target\":[\"https:\/\/spanienaktuell.net\/wordpress\/internationale-studie-der-urlaubspiraten-zu-kommerziellen-weltraumreisen\/\"]}]},{\"@type\":\"ImageObject\",\"inLanguage\":\"es\",\"@id\":\"https:\/\/spanienaktuell.net\/wordpress\/internationale-studie-der-urlaubspiraten-zu-kommerziellen-weltraumreisen\/#primaryimage\",\"url\":\"https:\/\/spanienaktuell.net\/wordpress\/wp-content\/uploads\/2019\/10\/astronaut-earth-moon.jpg\",\"contentUrl\":\"https:\/\/spanienaktuell.net\/wordpress\/wp-content\/uploads\/2019\/10\/astronaut-earth-moon.jpg\",\"width\":1440,\"height\":809,\"caption\":\"Foto: Pixabay-PIRO4D\u00a0\u00a0\"},{\"@type\":\"BreadcrumbList\",\"@id\":\"https:\/\/spanienaktuell.net\/wordpress\/internationale-studie-der-urlaubspiraten-zu-kommerziellen-weltraumreisen\/#breadcrumb\",\"itemListElement\":[{\"@type\":\"ListItem\",\"position\":1,\"name\":\"Portada\",\"item\":\"https:\/\/spanienaktuell.net\/wordpress\/\"},{\"@type\":\"ListItem\",\"position\":2,\"name\":\"Internationale Studie der Urlaubspiraten zu kommerziellen Weltraumreisen\"}]},{\"@type\":\"WebSite\",\"@id\":\"https:\/\/spanienaktuell.net\/wordpress\/#website\",\"url\":\"https:\/\/spanienaktuell.net\/wordpress\/\",\"name\":\"Spanien aktuell\",\"description\":\"The German magazine number 1 on the Costa del Sol\",\"publisher\":{\"@id\":\"https:\/\/spanienaktuell.net\/wordpress\/#organization\"},\"potentialAction\":[{\"@type\":\"SearchAction\",\"target\":{\"@type\":\"EntryPoint\",\"urlTemplate\":\"https:\/\/spanienaktuell.net\/wordpress\/?s={search_term_string}\"},\"query-input\":{\"@type\":\"PropertyValueSpecification\",\"valueRequired\":true,\"valueName\":\"search_term_string\"}}],\"inLanguage\":\"es\"},{\"@type\":\"Organization\",\"@id\":\"https:\/\/spanienaktuell.net\/wordpress\/#organization\",\"name\":\"Spanien aktuell\",\"url\":\"https:\/\/spanienaktuell.net\/wordpress\/\",\"logo\":{\"@type\":\"ImageObject\",\"inLanguage\":\"es\",\"@id\":\"https:\/\/spanienaktuell.net\/wordpress\/#\/schema\/logo\/image\/\",\"url\":\"https:\/\/spanienaktuell.net\/wordpress\/wp-content\/uploads\/2019\/06\/cropped-Logo-spanien-aktuell-png-web-e1561631085388.png\",\"contentUrl\":\"https:\/\/spanienaktuell.net\/wordpress\/wp-content\/uploads\/2019\/06\/cropped-Logo-spanien-aktuell-png-web-e1561631085388.png\",\"width\":512,\"height\":110,\"caption\":\"Spanien aktuell\"},\"image\":{\"@id\":\"https:\/\/spanienaktuell.net\/wordpress\/#\/schema\/logo\/image\/\"}},{\"@type\":\"Person\",\"@id\":\"https:\/\/spanienaktuell.net\/wordpress\/#\/schema\/person\/bc410cfae0161b201d837ebfeeba7fd0\",\"name\":\"Spanien Aktuell\",\"image\":{\"@type\":\"ImageObject\",\"inLanguage\":\"es\",\"@id\":\"https:\/\/spanienaktuell.net\/wordpress\/#\/schema\/person\/image\/\",\"url\":\"https:\/\/spanienaktuell.net\/wordpress\/wp-content\/uploads\/2019\/06\/cropped-Logo-spanien-aktuell-png-fav2-100x100.png\",\"contentUrl\":\"https:\/\/spanienaktuell.net\/wordpress\/wp-content\/uploads\/2019\/06\/cropped-Logo-spanien-aktuell-png-fav2-100x100.png\",\"caption\":\"Spanien Aktuell\"},\"url\":\"https:\/\/spanienaktuell.net\/wordpress\/author\/koalum\/\"}]}<\/script>\n<!-- \/ Yoast SEO plugin. -->","yoast_head_json":{"title":"Internationale Studie der Urlaubspiraten zu kommerziellen Weltraumreisen - Spanien aktuell","robots":{"index":"index","follow":"follow","max-snippet":"max-snippet:-1","max-image-preview":"max-image-preview:large","max-video-preview":"max-video-preview:-1"},"canonical":"https:\/\/spanienaktuell.net\/wordpress\/internationale-studie-der-urlaubspiraten-zu-kommerziellen-weltraumreisen\/","og_locale":"es_ES","og_type":"article","og_title":"Internationale Studie der Urlaubspiraten zu kommerziellen Weltraumreisen - Spanien aktuell","og_description":"70 Prozent der Deutschen k\u00f6nnen sich vorstellen ins All zu reisen Erschwerte Hygiene und Konservenessen f\u00fcr viele die gr\u00f6\u00dfte Herausforderung [&hellip;]","og_url":"https:\/\/spanienaktuell.net\/wordpress\/internationale-studie-der-urlaubspiraten-zu-kommerziellen-weltraumreisen\/","og_site_name":"Spanien aktuell","article_published_time":"2019-10-01T16:14:30+00:00","og_image":[{"width":1440,"height":809,"url":"https:\/\/spanienaktuell.net\/wordpress\/wp-content\/uploads\/2019\/10\/astronaut-earth-moon.jpg","type":"image\/jpeg"}],"author":"Spanien Aktuell","twitter_card":"summary_large_image","twitter_misc":{"Escrito por":"Spanien Aktuell","Tiempo de lectura":"3 minutos"},"schema":{"@context":"https:\/\/schema.org","@graph":[{"@type":"Article","@id":"https:\/\/spanienaktuell.net\/wordpress\/internationale-studie-der-urlaubspiraten-zu-kommerziellen-weltraumreisen\/#article","isPartOf":{"@id":"https:\/\/spanienaktuell.net\/wordpress\/internationale-studie-der-urlaubspiraten-zu-kommerziellen-weltraumreisen\/"},"author":{"name":"Spanien Aktuell","@id":"https:\/\/spanienaktuell.net\/wordpress\/#\/schema\/person\/bc410cfae0161b201d837ebfeeba7fd0"},"headline":"Internationale Studie der Urlaubspiraten zu kommerziellen Weltraumreisen","datePublished":"2019-10-01T16:14:30+00:00","mainEntityOfPage":{"@id":"https:\/\/spanienaktuell.net\/wordpress\/internationale-studie-der-urlaubspiraten-zu-kommerziellen-weltraumreisen\/"},"wordCount":631,"publisher":{"@id":"https:\/\/spanienaktuell.net\/wordpress\/#organization"},"image":{"@id":"https:\/\/spanienaktuell.net\/wordpress\/internationale-studie-der-urlaubspiraten-zu-kommerziellen-weltraumreisen\/#primaryimage"},"thumbnailUrl":"https:\/\/spanienaktuell.net\/wordpress\/wp-content\/uploads\/2019\/10\/astronaut-earth-moon.jpg","articleSection":["Reise"],"inLanguage":"es"},{"@type":"WebPage","@id":"https:\/\/spanienaktuell.net\/wordpress\/internationale-studie-der-urlaubspiraten-zu-kommerziellen-weltraumreisen\/","url":"https:\/\/spanienaktuell.net\/wordpress\/internationale-studie-der-urlaubspiraten-zu-kommerziellen-weltraumreisen\/","name":"Internationale Studie der Urlaubspiraten zu kommerziellen Weltraumreisen - Spanien aktuell","isPartOf":{"@id":"https:\/\/spanienaktuell.net\/wordpress\/#website"},"primaryImageOfPage":{"@id":"https:\/\/spanienaktuell.net\/wordpress\/internationale-studie-der-urlaubspiraten-zu-kommerziellen-weltraumreisen\/#primaryimage"},"image":{"@id":"https:\/\/spanienaktuell.net\/wordpress\/internationale-studie-der-urlaubspiraten-zu-kommerziellen-weltraumreisen\/#primaryimage"},"thumbnailUrl":"https:\/\/spanienaktuell.net\/wordpress\/wp-content\/uploads\/2019\/10\/astronaut-earth-moon.jpg","datePublished":"2019-10-01T16:14:30+00:00","breadcrumb":{"@id":"https:\/\/spanienaktuell.net\/wordpress\/internationale-studie-der-urlaubspiraten-zu-kommerziellen-weltraumreisen\/#breadcrumb"},"inLanguage":"es","potentialAction":[{"@type":"ReadAction","target":["https:\/\/spanienaktuell.net\/wordpress\/internationale-studie-der-urlaubspiraten-zu-kommerziellen-weltraumreisen\/"]}]},{"@type":"ImageObject","inLanguage":"es","@id":"https:\/\/spanienaktuell.net\/wordpress\/internationale-studie-der-urlaubspiraten-zu-kommerziellen-weltraumreisen\/#primaryimage","url":"https:\/\/spanienaktuell.net\/wordpress\/wp-content\/uploads\/2019\/10\/astronaut-earth-moon.jpg","contentUrl":"https:\/\/spanienaktuell.net\/wordpress\/wp-content\/uploads\/2019\/10\/astronaut-earth-moon.jpg","width":1440,"height":809,"caption":"Foto: Pixabay-PIRO4D\u00a0\u00a0"},{"@type":"BreadcrumbList","@id":"https:\/\/spanienaktuell.net\/wordpress\/internationale-studie-der-urlaubspiraten-zu-kommerziellen-weltraumreisen\/#breadcrumb","itemListElement":[{"@type":"ListItem","position":1,"name":"Portada","item":"https:\/\/spanienaktuell.net\/wordpress\/"},{"@type":"ListItem","position":2,"name":"Internationale Studie der Urlaubspiraten zu kommerziellen Weltraumreisen"}]},{"@type":"WebSite","@id":"https:\/\/spanienaktuell.net\/wordpress\/#website","url":"https:\/\/spanienaktuell.net\/wordpress\/","name":"Spanien aktuell","description":"The German magazine number 1 on the Costa del Sol","publisher":{"@id":"https:\/\/spanienaktuell.net\/wordpress\/#organization"},"potentialAction":[{"@type":"SearchAction","target":{"@type":"EntryPoint","urlTemplate":"https:\/\/spanienaktuell.net\/wordpress\/?s={search_term_string}"},"query-input":{"@type":"PropertyValueSpecification","valueRequired":true,"valueName":"search_term_string"}}],"inLanguage":"es"},{"@type":"Organization","@id":"https:\/\/spanienaktuell.net\/wordpress\/#organization","name":"Spanien aktuell","url":"https:\/\/spanienaktuell.net\/wordpress\/","logo":{"@type":"ImageObject","inLanguage":"es","@id":"https:\/\/spanienaktuell.net\/wordpress\/#\/schema\/logo\/image\/","url":"https:\/\/spanienaktuell.net\/wordpress\/wp-content\/uploads\/2019\/06\/cropped-Logo-spanien-aktuell-png-web-e1561631085388.png","contentUrl":"https:\/\/spanienaktuell.net\/wordpress\/wp-content\/uploads\/2019\/06\/cropped-Logo-spanien-aktuell-png-web-e1561631085388.png","width":512,"height":110,"caption":"Spanien aktuell"},"image":{"@id":"https:\/\/spanienaktuell.net\/wordpress\/#\/schema\/logo\/image\/"}},{"@type":"Person","@id":"https:\/\/spanienaktuell.net\/wordpress\/#\/schema\/person\/bc410cfae0161b201d837ebfeeba7fd0","name":"Spanien Aktuell","image":{"@type":"ImageObject","inLanguage":"es","@id":"https:\/\/spanienaktuell.net\/wordpress\/#\/schema\/person\/image\/","url":"https:\/\/spanienaktuell.net\/wordpress\/wp-content\/uploads\/2019\/06\/cropped-Logo-spanien-aktuell-png-fav2-100x100.png","contentUrl":"https:\/\/spanienaktuell.net\/wordpress\/wp-content\/uploads\/2019\/06\/cropped-Logo-spanien-aktuell-png-fav2-100x100.png","caption":"Spanien Aktuell"},"url":"https:\/\/spanienaktuell.net\/wordpress\/author\/koalum\/"}]}},"_links":{"self":[{"href":"https:\/\/spanienaktuell.net\/wordpress\/wp-json\/wp\/v2\/posts\/86483","targetHints":{"allow":["GET"]}}],"collection":[{"href":"https:\/\/spanienaktuell.net\/wordpress\/wp-json\/wp\/v2\/posts"}],"about":[{"href":"https:\/\/spanienaktuell.net\/wordpress\/wp-json\/wp\/v2\/types\/post"}],"author":[{"embeddable":true,"href":"https:\/\/spanienaktuell.net\/wordpress\/wp-json\/wp\/v2\/users\/3"}],"replies":[{"embeddable":true,"href":"https:\/\/spanienaktuell.net\/wordpress\/wp-json\/wp\/v2\/comments?post=86483"}],"version-history":[{"count":1,"href":"https:\/\/spanienaktuell.net\/wordpress\/wp-json\/wp\/v2\/posts\/86483\/revisions"}],"predecessor-version":[{"id":86488,"href":"https:\/\/spanienaktuell.net\/wordpress\/wp-json\/wp\/v2\/posts\/86483\/revisions\/86488"}],"wp:featuredmedia":[{"embeddable":true,"href":"https:\/\/spanienaktuell.net\/wordpress\/wp-json\/wp\/v2\/media\/86484"}],"wp:attachment":[{"href":"https:\/\/spanienaktuell.net\/wordpress\/wp-json\/wp\/v2\/media?parent=86483"}],"wp:term":[{"taxonomy":"category","embeddable":true,"href":"https:\/\/spanienaktuell.net\/wordpress\/wp-json\/wp\/v2\/categories?post=86483"},{"taxonomy":"post_tag","embeddable":true,"href":"https:\/\/spanienaktuell.net\/wordpress\/wp-json\/wp\/v2\/tags?post=86483"}],"curies":[{"name":"wp","href":"https:\/\/api.w.org\/{rel}","templated":true}]}}