{"id":86489,"date":"2019-10-01T16:17:25","date_gmt":"2019-10-01T16:17:25","guid":{"rendered":"http:\/\/spanienaktuell.net\/wordpress\/?p=86489"},"modified":"2019-10-01T16:17:25","modified_gmt":"2019-10-01T16:17:25","slug":"tuv-sud-verrat-worauf-es-beim-kauf-von-haarstyling-geraten-ankommt","status":"publish","type":"post","link":"https:\/\/spanienaktuell.net\/wordpress\/tuv-sud-verrat-worauf-es-beim-kauf-von-haarstyling-geraten-ankommt\/","title":{"rendered":"T\u00dcV S\u00dcD verr\u00e4t, worauf es beim Kauf von Haarstyling-Ger\u00e4ten ankommt"},"content":{"rendered":"<p><b>Hei\u00dfe Ger\u00e4te f\u00fcr coole Frisuren<\/b><\/p>\n<p><span style=\"font-weight: 400;\">Haartrockner, Lockenstab und Gl\u00e4tteisen zaubern aus Haaren eine sch\u00f6ne Frisur. Viele Frauen und M\u00e4nner nutzen sie t\u00e4glich, um ihre Frisur zu versch\u00f6nern. Ob sich das Ergebnis sehen lassen kann, h\u00e4ngt nicht nur von der individuellen Haarstruktur ab, sondern auch vom richtigen Styling-Ger\u00e4t. Was K\u00e4ufer bei der Wahl eines Produkts beachten sollten, erl\u00e4utert T\u00dcV\u00b0S\u00dcD-Produktexpertin Andrea Biehler.<\/span><\/p>\n<p><b>Haartrockner: Mehr als hei\u00dfe Luft<\/b><\/p>\n<p><span style=\"font-weight: 400;\">Zwischen 1.000 und 2.000 Watt haben handels\u00fcbliche Haartrockner. Doch mehr als auf die Leistung sollten K\u00e4ufer darauf achten, ob sich die Temperatur regeln l\u00e4sst. T\u00dcV S\u00dcD-Produktexpertin Andrea Biehler empfiehlt: \u201eHaartrockner sollten mindestens drei Temperaturstufen und eine Kaltstufe haben. Diese Coolshot-Funktion sorgt daf\u00fcr, dass bereits gestylte Partien rascher abk\u00fchlen und besser halten.\u201c Au\u00dferdem sollte das Ger\u00e4t einen feinmaschigen und abnehmbaren Luftfilter haben, damit Haare und Staub nicht eingesogen werden. Eine regelm\u00e4\u00dfige Reinigung des Filters verhindert, dass die Luft zu hei\u00df wird. Styling-D\u00fcse und Diffuser-Aufsatz sind n\u00fctzliche Helfer und oft im Lieferumfang enthalten.<\/span><\/p>\n<p><b>Was bringen Ionen-Ger\u00e4te?<\/b><\/p>\n<p><span style=\"font-weight: 400;\">Haarstyler mit Ionentechnik sch\u00fctzen und pflegen. Vor allem bewirken sie einen Anti-Frizz-Effekt, da sich das Haar nicht mehr statisch aufl\u00e4dt. Weil die Schuppenschicht der Haare schneller versiegelt wird, sind ein sch\u00f6ner Glanz und k\u00fcrzere Trockenzeiten weitere positive Effekte. Das gilt f\u00fcr Haartrockner und Gl\u00e4tteisen gleicherma\u00dfen.<\/span><\/p>\n<p><b>Gl\u00e4tteisen und Lockenstab: Die Temperatur macht\u00b4s<\/b><\/p>\n<p><span style=\"font-weight: 400;\">K\u00e4ufer sollten darauf achten, dass die Temperatur frei w\u00e4hlbar ist, denn zu gro\u00dfe Hitze sch\u00e4digt die Haarstruktur. Praktisch sind Ger\u00e4te, die \u00fcber eine Memoryfunktion f\u00fcr die zuletzt eingestellte Temperatur verf\u00fcgen. F\u00fcr feines Haar gilt: 160-170 \u00b0C sind ausreichend. Dickere Haare vertragen bis zu 200 \u00b0C.<\/span><\/p>\n<p><b>Gl\u00e4tteisen f\u00fcr den Sleek-Look<\/b><\/p>\n<p><span style=\"font-weight: 400;\">Bad Hair Day? Da kann ein Gl\u00e4tteisen helfen. Es verwandelt eine krause M\u00e4hne in kurzer Zeit in eine glatte, gl\u00e4nzende Frisur. Gute Gl\u00e4tteisen haben Keramikplatten und meist noch eine Teflonbeschichtung. Das sorgt daf\u00fcr, dass die Hitze gleichm\u00e4\u00dfig verteilt wird und erm\u00f6glicht so einen effektiven und schonenden Styling-Vorgang. Auch gleiten die Platten so leichter und st\u00f6rungsfrei durch die Haare. Sie sollten innerhalb von 30-60 Sekunden einsatzbereit sein und anzeigen, wenn sie die Betriebstemperatur erreicht haben. \u201eBeim Kauf sollten Verbraucher auch darauf achten, dass die Geh\u00e4usetemperatur nicht zu hoch wird, um Verbrennungen vorzubeugen. Hilfreich ist dabei auch ein mitgelieferter Hitzeschutzhandschuh\u201c, erkl\u00e4rt T\u00dcV S\u00dcD-Expertin Andrea Biehler. Ein drehbares Kabelgelenk erleichtert die Handhabung ebenso wie eine ausreichende Kabell\u00e4nge. Zur Sicherheit sollte das Ger\u00e4t auch \u00fcber eine Abschaltautomatik verf\u00fcgen.<\/span><\/p>\n<p><b>Der richtige Lockenstab<\/b><\/p>\n<p><span style=\"font-weight: 400;\">Wer geschickt ist, kann mit einem Gl\u00e4tteisen auch Locken zaubern. Ansonsten ist ein Lockenstab eine gute Wahl. Diese gibt es in unterschiedlichen Dicken sowie Gr\u00f6\u00dfen. Konische Lockenst\u00e4be erm\u00f6glichen das Drehen von unterschiedlich dicken Wellen, w\u00e4hrend sich mit d\u00fcnnen Modellen sowohl kleine Locken mit viel Sprungkraft als auch gro\u00dfe Wellen formen lassen. Lockenst\u00e4be mit Klemme fixieren die Haarstr\u00e4hne &#8211; das ist hilfreich, aber oft schwierig zu handhaben. Relativ neu sind Styler, die die Haare selbstst\u00e4ndig locken. Dazu wird eine Str\u00e4hne in der Zange eingeklemmt und dann automatisch in die Lockenkammer hineingezogen.<\/span><\/p>\n<p><span style=\"font-weight: 400;\">Wie bei den Gl\u00e4tteisen gilt auch f\u00fcr Lockenst\u00e4be: Zur Haarschonung ist Keramik das Material der Wahl. Verbraucher sollten auf eine kurze Aufheizzeit und eine vorhandene Abschaltautomatik achten. Wenn das Ger\u00e4t zudem gut in der Hand liegt und nicht zu schwer ist, hat man schon sehr viel richtig gemacht.<\/span><\/p>\n<p><b>F\u00fcr alle Styling-Ger\u00e4te gilt:\u00a0<\/b><\/p>\n<p><span style=\"font-weight: 400;\">Gut bedienbare Schalter, Regulierbare Hitze, Ausreichende Kabell\u00e4nge, Haarschutz bieten Ionentechnik und zus\u00e4tzliche Hitzeschutzsprays, Ger\u00e4t soll nicht zu schwer sein.\u00a0<\/span><\/p>\n<p><span style=\"font-weight: 400;\">Zus\u00e4tzlich f\u00fcr Lockenstab und Gl\u00e4tteisen: Hitzefl\u00e4che aus Keramik\/Teflonbeschichtung,<\/span><\/p>\n<p><span style=\"font-weight: 400;\">Kurze Aufheizzeit, Abschaltautomatik, Hitzehandschuh zum Schutz vor Verbrennungen<\/span><\/p>\n<p><span style=\"font-weight: 400;\">Wenn das Ger\u00e4t jetzt noch mit dem GS-Zeichen f\u00fcr gepr\u00fcfte Sicherheit und dem T\u00dcV S\u00dcD-Oktagon f\u00fcr eine gute Gebrauchstauglichkeit versehen ist, sind Kunden auf der sicheren Seite.<\/span><\/p>\n<p><span style=\"font-weight: 400;\">Weitere Informationen zu T\u00dcV S\u00dcD-Produktpr\u00fcfungen gibt es hier: <\/span><a href=\"https:\/\/www.tuev-sued.de\/produktpruefung\/branchen\/konsumgueter\/haushaltsgeraete\"><span style=\"font-weight: 400;\">https:\/\/www.tuev-sued.de\/produktpruefung\/branchen\/konsumgueter\/haushaltsgeraete<\/span><\/a><span style=\"font-weight: 400;\">\u00a0<\/span><\/p>\n<p><span style=\"font-weight: 400;\">Quelle: T\u00dcV S\u00dcD\u00a0<\/span><\/p>\n","protected":false},"excerpt":{"rendered":"<p>Hei\u00dfe Ger\u00e4te f\u00fcr coole Frisuren Haartrockner, Lockenstab und Gl\u00e4tteisen zaubern aus Haaren eine sch\u00f6ne Frisur. Viele Frauen und M\u00e4nner nutzen [&hellip;]<\/p>\n","protected":false},"author":3,"featured_media":86490,"comment_status":"closed","ping_status":"closed","sticky":false,"template":"","format":"standard","meta":{"footnotes":""},"categories":[20],"tags":[],"class_list":["post-86489","post","type-post","status-publish","format-standard","has-post-thumbnail","hentry","category-beauty-gesundheit"],"yoast_head":"<!-- This site is optimized with the Yoast SEO plugin v27.1.1 - https:\/\/yoast.com\/product\/yoast-seo-wordpress\/ -->\n<title>T\u00dcV S\u00dcD verr\u00e4t, worauf es beim Kauf von Haarstyling-Ger\u00e4ten ankommt - Spanien aktuell<\/title>\n<meta name=\"robots\" content=\"index, follow, max-snippet:-1, max-image-preview:large, max-video-preview:-1\" \/>\n<link rel=\"canonical\" href=\"https:\/\/spanienaktuell.net\/wordpress\/tuv-sud-verrat-worauf-es-beim-kauf-von-haarstyling-geraten-ankommt\/\" \/>\n<meta property=\"og:locale\" content=\"es_ES\" \/>\n<meta property=\"og:type\" content=\"article\" \/>\n<meta property=\"og:title\" content=\"T\u00dcV S\u00dcD verr\u00e4t, worauf es beim Kauf von Haarstyling-Ger\u00e4ten ankommt - Spanien aktuell\" \/>\n<meta property=\"og:description\" content=\"Hei\u00dfe Ger\u00e4te f\u00fcr coole Frisuren Haartrockner, Lockenstab und Gl\u00e4tteisen zaubern aus Haaren eine sch\u00f6ne Frisur. Viele Frauen und M\u00e4nner nutzen [&hellip;]\" \/>\n<meta property=\"og:url\" content=\"https:\/\/spanienaktuell.net\/wordpress\/tuv-sud-verrat-worauf-es-beim-kauf-von-haarstyling-geraten-ankommt\/\" \/>\n<meta property=\"og:site_name\" content=\"Spanien aktuell\" \/>\n<meta property=\"article:published_time\" content=\"2019-10-01T16:17:25+00:00\" \/>\n<meta property=\"og:image\" content=\"https:\/\/spanienaktuell.net\/wordpress\/wp-content\/uploads\/2019\/10\/Foto-Pixabay-woman-586185_1920.jpg\" \/>\n\t<meta property=\"og:image:width\" content=\"1440\" \/>\n\t<meta property=\"og:image:height\" content=\"960\" \/>\n\t<meta property=\"og:image:type\" content=\"image\/jpeg\" \/>\n<meta name=\"author\" content=\"Spanien Aktuell\" \/>\n<meta name=\"twitter:card\" content=\"summary_large_image\" \/>\n<meta name=\"twitter:label1\" content=\"Escrito por\" \/>\n\t<meta name=\"twitter:data1\" content=\"Spanien Aktuell\" \/>\n\t<meta name=\"twitter:label2\" content=\"Tiempo de lectura\" \/>\n\t<meta name=\"twitter:data2\" content=\"4 minutos\" \/>\n<script type=\"application\/ld+json\" class=\"yoast-schema-graph\">{\"@context\":\"https:\/\/schema.org\",\"@graph\":[{\"@type\":\"Article\",\"@id\":\"https:\/\/spanienaktuell.net\/wordpress\/tuv-sud-verrat-worauf-es-beim-kauf-von-haarstyling-geraten-ankommt\/#article\",\"isPartOf\":{\"@id\":\"https:\/\/spanienaktuell.net\/wordpress\/tuv-sud-verrat-worauf-es-beim-kauf-von-haarstyling-geraten-ankommt\/\"},\"author\":{\"name\":\"Spanien Aktuell\",\"@id\":\"https:\/\/spanienaktuell.net\/wordpress\/#\/schema\/person\/bc410cfae0161b201d837ebfeeba7fd0\"},\"headline\":\"T\u00dcV S\u00dcD verr\u00e4t, worauf es beim Kauf von Haarstyling-Ger\u00e4ten ankommt\",\"datePublished\":\"2019-10-01T16:17:25+00:00\",\"mainEntityOfPage\":{\"@id\":\"https:\/\/spanienaktuell.net\/wordpress\/tuv-sud-verrat-worauf-es-beim-kauf-von-haarstyling-geraten-ankommt\/\"},\"wordCount\":719,\"publisher\":{\"@id\":\"https:\/\/spanienaktuell.net\/wordpress\/#organization\"},\"image\":{\"@id\":\"https:\/\/spanienaktuell.net\/wordpress\/tuv-sud-verrat-worauf-es-beim-kauf-von-haarstyling-geraten-ankommt\/#primaryimage\"},\"thumbnailUrl\":\"https:\/\/spanienaktuell.net\/wordpress\/wp-content\/uploads\/2019\/10\/Foto-Pixabay-woman-586185_1920.jpg\",\"articleSection\":[\"Gesundheit\"],\"inLanguage\":\"es\"},{\"@type\":\"WebPage\",\"@id\":\"https:\/\/spanienaktuell.net\/wordpress\/tuv-sud-verrat-worauf-es-beim-kauf-von-haarstyling-geraten-ankommt\/\",\"url\":\"https:\/\/spanienaktuell.net\/wordpress\/tuv-sud-verrat-worauf-es-beim-kauf-von-haarstyling-geraten-ankommt\/\",\"name\":\"T\u00dcV S\u00dcD verr\u00e4t, worauf es beim Kauf von Haarstyling-Ger\u00e4ten ankommt - Spanien aktuell\",\"isPartOf\":{\"@id\":\"https:\/\/spanienaktuell.net\/wordpress\/#website\"},\"primaryImageOfPage\":{\"@id\":\"https:\/\/spanienaktuell.net\/wordpress\/tuv-sud-verrat-worauf-es-beim-kauf-von-haarstyling-geraten-ankommt\/#primaryimage\"},\"image\":{\"@id\":\"https:\/\/spanienaktuell.net\/wordpress\/tuv-sud-verrat-worauf-es-beim-kauf-von-haarstyling-geraten-ankommt\/#primaryimage\"},\"thumbnailUrl\":\"https:\/\/spanienaktuell.net\/wordpress\/wp-content\/uploads\/2019\/10\/Foto-Pixabay-woman-586185_1920.jpg\",\"datePublished\":\"2019-10-01T16:17:25+00:00\",\"breadcrumb\":{\"@id\":\"https:\/\/spanienaktuell.net\/wordpress\/tuv-sud-verrat-worauf-es-beim-kauf-von-haarstyling-geraten-ankommt\/#breadcrumb\"},\"inLanguage\":\"es\",\"potentialAction\":[{\"@type\":\"ReadAction\",\"target\":[\"https:\/\/spanienaktuell.net\/wordpress\/tuv-sud-verrat-worauf-es-beim-kauf-von-haarstyling-geraten-ankommt\/\"]}]},{\"@type\":\"ImageObject\",\"inLanguage\":\"es\",\"@id\":\"https:\/\/spanienaktuell.net\/wordpress\/tuv-sud-verrat-worauf-es-beim-kauf-von-haarstyling-geraten-ankommt\/#primaryimage\",\"url\":\"https:\/\/spanienaktuell.net\/wordpress\/wp-content\/uploads\/2019\/10\/Foto-Pixabay-woman-586185_1920.jpg\",\"contentUrl\":\"https:\/\/spanienaktuell.net\/wordpress\/wp-content\/uploads\/2019\/10\/Foto-Pixabay-woman-586185_1920.jpg\",\"width\":1440,\"height\":960,\"caption\":\"Foto: Pixabay\"},{\"@type\":\"BreadcrumbList\",\"@id\":\"https:\/\/spanienaktuell.net\/wordpress\/tuv-sud-verrat-worauf-es-beim-kauf-von-haarstyling-geraten-ankommt\/#breadcrumb\",\"itemListElement\":[{\"@type\":\"ListItem\",\"position\":1,\"name\":\"Portada\",\"item\":\"https:\/\/spanienaktuell.net\/wordpress\/\"},{\"@type\":\"ListItem\",\"position\":2,\"name\":\"T\u00dcV S\u00dcD verr\u00e4t, worauf es beim Kauf von Haarstyling-Ger\u00e4ten ankommt\"}]},{\"@type\":\"WebSite\",\"@id\":\"https:\/\/spanienaktuell.net\/wordpress\/#website\",\"url\":\"https:\/\/spanienaktuell.net\/wordpress\/\",\"name\":\"Spanien aktuell\",\"description\":\"The German magazine number 1 on the Costa del Sol\",\"publisher\":{\"@id\":\"https:\/\/spanienaktuell.net\/wordpress\/#organization\"},\"potentialAction\":[{\"@type\":\"SearchAction\",\"target\":{\"@type\":\"EntryPoint\",\"urlTemplate\":\"https:\/\/spanienaktuell.net\/wordpress\/?s={search_term_string}\"},\"query-input\":{\"@type\":\"PropertyValueSpecification\",\"valueRequired\":true,\"valueName\":\"search_term_string\"}}],\"inLanguage\":\"es\"},{\"@type\":\"Organization\",\"@id\":\"https:\/\/spanienaktuell.net\/wordpress\/#organization\",\"name\":\"Spanien aktuell\",\"url\":\"https:\/\/spanienaktuell.net\/wordpress\/\",\"logo\":{\"@type\":\"ImageObject\",\"inLanguage\":\"es\",\"@id\":\"https:\/\/spanienaktuell.net\/wordpress\/#\/schema\/logo\/image\/\",\"url\":\"https:\/\/spanienaktuell.net\/wordpress\/wp-content\/uploads\/2019\/06\/cropped-Logo-spanien-aktuell-png-web-e1561631085388.png\",\"contentUrl\":\"https:\/\/spanienaktuell.net\/wordpress\/wp-content\/uploads\/2019\/06\/cropped-Logo-spanien-aktuell-png-web-e1561631085388.png\",\"width\":512,\"height\":110,\"caption\":\"Spanien aktuell\"},\"image\":{\"@id\":\"https:\/\/spanienaktuell.net\/wordpress\/#\/schema\/logo\/image\/\"}},{\"@type\":\"Person\",\"@id\":\"https:\/\/spanienaktuell.net\/wordpress\/#\/schema\/person\/bc410cfae0161b201d837ebfeeba7fd0\",\"name\":\"Spanien Aktuell\",\"image\":{\"@type\":\"ImageObject\",\"inLanguage\":\"es\",\"@id\":\"https:\/\/spanienaktuell.net\/wordpress\/#\/schema\/person\/image\/\",\"url\":\"https:\/\/spanienaktuell.net\/wordpress\/wp-content\/uploads\/2019\/06\/cropped-Logo-spanien-aktuell-png-fav2-100x100.png\",\"contentUrl\":\"https:\/\/spanienaktuell.net\/wordpress\/wp-content\/uploads\/2019\/06\/cropped-Logo-spanien-aktuell-png-fav2-100x100.png\",\"caption\":\"Spanien Aktuell\"},\"url\":\"https:\/\/spanienaktuell.net\/wordpress\/author\/koalum\/\"}]}<\/script>\n<!-- \/ Yoast SEO plugin. -->","yoast_head_json":{"title":"T\u00dcV S\u00dcD verr\u00e4t, worauf es beim Kauf von Haarstyling-Ger\u00e4ten ankommt - Spanien aktuell","robots":{"index":"index","follow":"follow","max-snippet":"max-snippet:-1","max-image-preview":"max-image-preview:large","max-video-preview":"max-video-preview:-1"},"canonical":"https:\/\/spanienaktuell.net\/wordpress\/tuv-sud-verrat-worauf-es-beim-kauf-von-haarstyling-geraten-ankommt\/","og_locale":"es_ES","og_type":"article","og_title":"T\u00dcV S\u00dcD verr\u00e4t, worauf es beim Kauf von Haarstyling-Ger\u00e4ten ankommt - Spanien aktuell","og_description":"Hei\u00dfe Ger\u00e4te f\u00fcr coole Frisuren Haartrockner, Lockenstab und Gl\u00e4tteisen zaubern aus Haaren eine sch\u00f6ne Frisur. Viele Frauen und M\u00e4nner nutzen [&hellip;]","og_url":"https:\/\/spanienaktuell.net\/wordpress\/tuv-sud-verrat-worauf-es-beim-kauf-von-haarstyling-geraten-ankommt\/","og_site_name":"Spanien aktuell","article_published_time":"2019-10-01T16:17:25+00:00","og_image":[{"width":1440,"height":960,"url":"https:\/\/spanienaktuell.net\/wordpress\/wp-content\/uploads\/2019\/10\/Foto-Pixabay-woman-586185_1920.jpg","type":"image\/jpeg"}],"author":"Spanien Aktuell","twitter_card":"summary_large_image","twitter_misc":{"Escrito por":"Spanien Aktuell","Tiempo de lectura":"4 minutos"},"schema":{"@context":"https:\/\/schema.org","@graph":[{"@type":"Article","@id":"https:\/\/spanienaktuell.net\/wordpress\/tuv-sud-verrat-worauf-es-beim-kauf-von-haarstyling-geraten-ankommt\/#article","isPartOf":{"@id":"https:\/\/spanienaktuell.net\/wordpress\/tuv-sud-verrat-worauf-es-beim-kauf-von-haarstyling-geraten-ankommt\/"},"author":{"name":"Spanien Aktuell","@id":"https:\/\/spanienaktuell.net\/wordpress\/#\/schema\/person\/bc410cfae0161b201d837ebfeeba7fd0"},"headline":"T\u00dcV S\u00dcD verr\u00e4t, worauf es beim Kauf von Haarstyling-Ger\u00e4ten ankommt","datePublished":"2019-10-01T16:17:25+00:00","mainEntityOfPage":{"@id":"https:\/\/spanienaktuell.net\/wordpress\/tuv-sud-verrat-worauf-es-beim-kauf-von-haarstyling-geraten-ankommt\/"},"wordCount":719,"publisher":{"@id":"https:\/\/spanienaktuell.net\/wordpress\/#organization"},"image":{"@id":"https:\/\/spanienaktuell.net\/wordpress\/tuv-sud-verrat-worauf-es-beim-kauf-von-haarstyling-geraten-ankommt\/#primaryimage"},"thumbnailUrl":"https:\/\/spanienaktuell.net\/wordpress\/wp-content\/uploads\/2019\/10\/Foto-Pixabay-woman-586185_1920.jpg","articleSection":["Gesundheit"],"inLanguage":"es"},{"@type":"WebPage","@id":"https:\/\/spanienaktuell.net\/wordpress\/tuv-sud-verrat-worauf-es-beim-kauf-von-haarstyling-geraten-ankommt\/","url":"https:\/\/spanienaktuell.net\/wordpress\/tuv-sud-verrat-worauf-es-beim-kauf-von-haarstyling-geraten-ankommt\/","name":"T\u00dcV S\u00dcD verr\u00e4t, worauf es beim Kauf von Haarstyling-Ger\u00e4ten ankommt - Spanien aktuell","isPartOf":{"@id":"https:\/\/spanienaktuell.net\/wordpress\/#website"},"primaryImageOfPage":{"@id":"https:\/\/spanienaktuell.net\/wordpress\/tuv-sud-verrat-worauf-es-beim-kauf-von-haarstyling-geraten-ankommt\/#primaryimage"},"image":{"@id":"https:\/\/spanienaktuell.net\/wordpress\/tuv-sud-verrat-worauf-es-beim-kauf-von-haarstyling-geraten-ankommt\/#primaryimage"},"thumbnailUrl":"https:\/\/spanienaktuell.net\/wordpress\/wp-content\/uploads\/2019\/10\/Foto-Pixabay-woman-586185_1920.jpg","datePublished":"2019-10-01T16:17:25+00:00","breadcrumb":{"@id":"https:\/\/spanienaktuell.net\/wordpress\/tuv-sud-verrat-worauf-es-beim-kauf-von-haarstyling-geraten-ankommt\/#breadcrumb"},"inLanguage":"es","potentialAction":[{"@type":"ReadAction","target":["https:\/\/spanienaktuell.net\/wordpress\/tuv-sud-verrat-worauf-es-beim-kauf-von-haarstyling-geraten-ankommt\/"]}]},{"@type":"ImageObject","inLanguage":"es","@id":"https:\/\/spanienaktuell.net\/wordpress\/tuv-sud-verrat-worauf-es-beim-kauf-von-haarstyling-geraten-ankommt\/#primaryimage","url":"https:\/\/spanienaktuell.net\/wordpress\/wp-content\/uploads\/2019\/10\/Foto-Pixabay-woman-586185_1920.jpg","contentUrl":"https:\/\/spanienaktuell.net\/wordpress\/wp-content\/uploads\/2019\/10\/Foto-Pixabay-woman-586185_1920.jpg","width":1440,"height":960,"caption":"Foto: Pixabay"},{"@type":"BreadcrumbList","@id":"https:\/\/spanienaktuell.net\/wordpress\/tuv-sud-verrat-worauf-es-beim-kauf-von-haarstyling-geraten-ankommt\/#breadcrumb","itemListElement":[{"@type":"ListItem","position":1,"name":"Portada","item":"https:\/\/spanienaktuell.net\/wordpress\/"},{"@type":"ListItem","position":2,"name":"T\u00dcV S\u00dcD verr\u00e4t, worauf es beim Kauf von Haarstyling-Ger\u00e4ten ankommt"}]},{"@type":"WebSite","@id":"https:\/\/spanienaktuell.net\/wordpress\/#website","url":"https:\/\/spanienaktuell.net\/wordpress\/","name":"Spanien aktuell","description":"The German magazine number 1 on the Costa del Sol","publisher":{"@id":"https:\/\/spanienaktuell.net\/wordpress\/#organization"},"potentialAction":[{"@type":"SearchAction","target":{"@type":"EntryPoint","urlTemplate":"https:\/\/spanienaktuell.net\/wordpress\/?s={search_term_string}"},"query-input":{"@type":"PropertyValueSpecification","valueRequired":true,"valueName":"search_term_string"}}],"inLanguage":"es"},{"@type":"Organization","@id":"https:\/\/spanienaktuell.net\/wordpress\/#organization","name":"Spanien aktuell","url":"https:\/\/spanienaktuell.net\/wordpress\/","logo":{"@type":"ImageObject","inLanguage":"es","@id":"https:\/\/spanienaktuell.net\/wordpress\/#\/schema\/logo\/image\/","url":"https:\/\/spanienaktuell.net\/wordpress\/wp-content\/uploads\/2019\/06\/cropped-Logo-spanien-aktuell-png-web-e1561631085388.png","contentUrl":"https:\/\/spanienaktuell.net\/wordpress\/wp-content\/uploads\/2019\/06\/cropped-Logo-spanien-aktuell-png-web-e1561631085388.png","width":512,"height":110,"caption":"Spanien aktuell"},"image":{"@id":"https:\/\/spanienaktuell.net\/wordpress\/#\/schema\/logo\/image\/"}},{"@type":"Person","@id":"https:\/\/spanienaktuell.net\/wordpress\/#\/schema\/person\/bc410cfae0161b201d837ebfeeba7fd0","name":"Spanien Aktuell","image":{"@type":"ImageObject","inLanguage":"es","@id":"https:\/\/spanienaktuell.net\/wordpress\/#\/schema\/person\/image\/","url":"https:\/\/spanienaktuell.net\/wordpress\/wp-content\/uploads\/2019\/06\/cropped-Logo-spanien-aktuell-png-fav2-100x100.png","contentUrl":"https:\/\/spanienaktuell.net\/wordpress\/wp-content\/uploads\/2019\/06\/cropped-Logo-spanien-aktuell-png-fav2-100x100.png","caption":"Spanien Aktuell"},"url":"https:\/\/spanienaktuell.net\/wordpress\/author\/koalum\/"}]}},"_links":{"self":[{"href":"https:\/\/spanienaktuell.net\/wordpress\/wp-json\/wp\/v2\/posts\/86489","targetHints":{"allow":["GET"]}}],"collection":[{"href":"https:\/\/spanienaktuell.net\/wordpress\/wp-json\/wp\/v2\/posts"}],"about":[{"href":"https:\/\/spanienaktuell.net\/wordpress\/wp-json\/wp\/v2\/types\/post"}],"author":[{"embeddable":true,"href":"https:\/\/spanienaktuell.net\/wordpress\/wp-json\/wp\/v2\/users\/3"}],"replies":[{"embeddable":true,"href":"https:\/\/spanienaktuell.net\/wordpress\/wp-json\/wp\/v2\/comments?post=86489"}],"version-history":[{"count":1,"href":"https:\/\/spanienaktuell.net\/wordpress\/wp-json\/wp\/v2\/posts\/86489\/revisions"}],"predecessor-version":[{"id":86494,"href":"https:\/\/spanienaktuell.net\/wordpress\/wp-json\/wp\/v2\/posts\/86489\/revisions\/86494"}],"wp:featuredmedia":[{"embeddable":true,"href":"https:\/\/spanienaktuell.net\/wordpress\/wp-json\/wp\/v2\/media\/86490"}],"wp:attachment":[{"href":"https:\/\/spanienaktuell.net\/wordpress\/wp-json\/wp\/v2\/media?parent=86489"}],"wp:term":[{"taxonomy":"category","embeddable":true,"href":"https:\/\/spanienaktuell.net\/wordpress\/wp-json\/wp\/v2\/categories?post=86489"},{"taxonomy":"post_tag","embeddable":true,"href":"https:\/\/spanienaktuell.net\/wordpress\/wp-json\/wp\/v2\/tags?post=86489"}],"curies":[{"name":"wp","href":"https:\/\/api.w.org\/{rel}","templated":true}]}}