{"id":86504,"date":"2019-10-01T16:28:37","date_gmt":"2019-10-01T16:28:37","guid":{"rendered":"http:\/\/spanienaktuell.net\/wordpress\/?p=86504"},"modified":"2019-10-01T16:28:37","modified_gmt":"2019-10-01T16:28:37","slug":"garcia-fajer-foundation-projekt-der-csmo-2019","status":"publish","type":"post","link":"https:\/\/spanienaktuell.net\/wordpress\/garcia-fajer-foundation-projekt-der-csmo-2019\/","title":{"rendered":"GARC\u00cdA FAJER FOUNDATION \u2013 Projekt der CSMO 2019"},"content":{"rendered":"<p><span style=\"font-weight: 400;\">Das CIEC (Centro Internacionale de Excelencia de Cuerda) wurde im Jahr 2007 ins Leben gerufen f\u00fcr junge und hoch begabte Musiker, die sich in ihrem k\u00fcnstlerischen Leben in Instrumentalisten von internationaler Bedeutung verwandeln m\u00f6chten. Dieses Programm ist nicht nur in Spanien, sondern auch in der internationalen Musikwelt eine Referenz.\u00a0\u00a0<\/span><\/p>\n<p><span style=\"font-weight: 400;\">Ziel ist es, k\u00fcnstlerische F\u00e4higkeiten zu vertiefen und eine hohe berufliche Ausbildung zu erm\u00f6glichen. Der Studienschwerpunkt liegt auf Lehrst\u00fchlen f\u00fcr Instrumente wie Viola, Violine oder Cello, Kammermusik und Orchesterpraxis. Die CIEC w\u00e4hlt junge Musiker aus, die mindestens den letzten Kurs des Oberen Konservatoriums verschiedener Altersgruppen und Nationalit\u00e4ten belegen und die ein hohes Niveau und Talentpotential aufweisen. Diese Auswahl von Kandidaten wird durch Vorspielen in Spanien und Bulgarien durchgef\u00fchrt.<\/span><\/p>\n<figure id=\"attachment_86506\" aria-describedby=\"caption-attachment-86506\" style=\"width: 200px\" class=\"wp-caption aligncenter\"><img decoding=\"async\" class=\"wp-image-86506 size-medium\" src=\"http:\/\/spanienaktuell.net\/wordpress\/wp-content\/uploads\/2019\/10\/MG_2724-color-200x300.jpg\" alt=\"\" width=\"200\" height=\"300\" srcset=\"https:\/\/spanienaktuell.net\/wordpress\/wp-content\/uploads\/2019\/10\/MG_2724-color-200x300.jpg 200w, https:\/\/spanienaktuell.net\/wordpress\/wp-content\/uploads\/2019\/10\/MG_2724-color-768x1152.jpg 768w, https:\/\/spanienaktuell.net\/wordpress\/wp-content\/uploads\/2019\/10\/MG_2724-color-683x1024.jpg 683w, https:\/\/spanienaktuell.net\/wordpress\/wp-content\/uploads\/2019\/10\/MG_2724-color.jpg 720w\" sizes=\"(max-width: 200px) 100vw, 200px\" \/><figcaption id=\"caption-attachment-86506\" class=\"wp-caption-text\">Foto: Irina Yonkova<\/figcaption><\/figure>\n<figure id=\"attachment_86507\" aria-describedby=\"caption-attachment-86507\" style=\"width: 225px\" class=\"wp-caption aligncenter\"><img decoding=\"async\" class=\"size-medium wp-image-86507\" src=\"http:\/\/spanienaktuell.net\/wordpress\/wp-content\/uploads\/2019\/10\/Angel-Stankov-2-225x300.jpg\" alt=\"\" width=\"225\" height=\"300\" srcset=\"https:\/\/spanienaktuell.net\/wordpress\/wp-content\/uploads\/2019\/10\/Angel-Stankov-2-225x300.jpg 225w, https:\/\/spanienaktuell.net\/wordpress\/wp-content\/uploads\/2019\/10\/Angel-Stankov-2-768x1024.jpg 768w, https:\/\/spanienaktuell.net\/wordpress\/wp-content\/uploads\/2019\/10\/Angel-Stankov-2.jpg 810w\" sizes=\"(max-width: 225px) 100vw, 225px\" \/><figcaption id=\"caption-attachment-86507\" class=\"wp-caption-text\">Foto: Angel Stankov<\/figcaption><\/figure>\n<p><span style=\"font-weight: 400;\">Im Jahr 2011 unterzeichnete die Garc\u00eda Fajer Foundation eine Vereinbarung mit der NMA \u201ePancho Vladiguerov\u201c in Sofia (Bulgarien), durch die bulgarische Studenten, die ihr Aufbaustudium f\u00fcr Saiteninstrumente in der NMA machten, einen Teil der Praxis beim CIEC in den Disziplinen Solist, Kammermusik und Orchesterpraxis durchf\u00fchren konnten. Ebenso beinhaltet diese Vereinbarung die Durchf\u00fchrung von Konzerten in Spanien und Bulgarien sowie die Verbreitung von Musik bulgarischer Komponisten in Spanien: wie des Komponisten \u201eFrancisco Javier Garc\u00eda Fajer\u201c in Bulgarien, nach dem die Stiftung benannt wurde. Sie ist die einzige spanische Musikinstitution, die eine solche Vereinbarung mit der NMA \u201ePancho Vladiguerov\u201c getroffen hat. Zweifellos war das Orchester\u00fcbungsprojekt dasjenige, das diese Vereinbarung sowohl in Spanien als auch in Bulgarien am deutlichsten sichtbar gemacht hat.<\/span><\/p>\n<p><span style=\"font-weight: 400;\">Gegr\u00fcndet im Jahr 2010 unter dem Namen der OCCM; ab 2019 unter CMSO (Civitas Musicae String Orchestra) weiter gef\u00fchrt ist es das einzige internationale Orchesterpraxisprojekt in Spanien und weltweit, das von einer nicht bulgarischen Institution entwickelt wurde. Es besteht zu 70% aus bulgarischen Musikern und ist auch das erste stabile Orchesterprojekt, das in Estepona (Malaga) im Jahr 2000 entwickelt wurde. Das offizielle Konzertprogramm h\u00e4ngt direkt vom Lehrstuhl f\u00fcr Orchesterpraxis des CIEC ab. An der CIEC ausgebildete hochrangige Studenten aus verschiedenen L\u00e4ndern wie Bulgarien, der Ukraine, Usbekistan, Portugal und Spanien, die sich zusammentun mit den Abschluss- und Doktoranden der NMA \u00abPancho Vladiguerov\u00bb aus Sofia (Bulgarien) unter den Komponenten des CMSO &#8211; dessen Hauptsitz sich im Auditorio Felipe VI in Estepona (M\u00e1laga) befindet.<\/span><\/p>\n<p><span style=\"font-weight: 400;\">Professor Angel Stankov &#8211; Inhaber des Orchestertrainingsstuhls der CIEC und Leiter des CMSO verbindet sein Wissen als Lehrer und Vizerektor der NMA \u00abPancho Vladiguerov\u00bb mit einer brillanten musikalischen Karriere als einer der vielseitigsten bulgarischen Musiker. Er war Konzertmeister des Sofia Philharmonic Orchestra und sp\u00e4ter dessen Direktor. 2009 wurde er mit dem \u00abOrder of the British Empire\u00bb ausgezeichnet.<\/span><\/p>\n<p><span style=\"font-weight: 400;\">Das Er\u00f6ffnungskonzert der CSMO 2019 findet am 19. Oktober 2019 im Auditorio Felipe VI in Estepona statt \u2013 n\u00e4here Informationen unter der Telefonnummer 952 024 269.\u00a0<\/span><\/p>\n<p><span style=\"font-weight: 400;\">Quelle\/Text: Garc\u00eda Fajer Foundation \/Marga Lange<\/span><\/p>\n","protected":false},"excerpt":{"rendered":"<p>Das CIEC (Centro Internacionale de Excelencia de Cuerda) wurde im Jahr 2007 ins Leben gerufen f\u00fcr junge und hoch begabte [&hellip;]<\/p>\n","protected":false},"author":3,"featured_media":86505,"comment_status":"closed","ping_status":"closed","sticky":false,"template":"","format":"standard","meta":{"footnotes":""},"categories":[28],"tags":[],"class_list":["post-86504","post","type-post","status-publish","format-standard","has-post-thumbnail","hentry","category-reportagen"],"yoast_head":"<!-- This site is optimized with the Yoast SEO plugin v27.1.1 - https:\/\/yoast.com\/product\/yoast-seo-wordpress\/ -->\n<title>GARC\u00cdA FAJER FOUNDATION \u2013 Projekt der CSMO 2019 - Spanien aktuell<\/title>\n<meta name=\"robots\" content=\"index, follow, max-snippet:-1, max-image-preview:large, max-video-preview:-1\" \/>\n<link rel=\"canonical\" href=\"https:\/\/spanienaktuell.net\/wordpress\/garcia-fajer-foundation-projekt-der-csmo-2019\/\" \/>\n<meta property=\"og:locale\" content=\"es_ES\" \/>\n<meta property=\"og:type\" content=\"article\" \/>\n<meta property=\"og:title\" content=\"GARC\u00cdA FAJER FOUNDATION \u2013 Projekt der CSMO 2019 - Spanien aktuell\" \/>\n<meta property=\"og:description\" content=\"Das CIEC (Centro Internacionale de Excelencia de Cuerda) wurde im Jahr 2007 ins Leben gerufen f\u00fcr junge und hoch begabte [&hellip;]\" \/>\n<meta property=\"og:url\" content=\"https:\/\/spanienaktuell.net\/wordpress\/garcia-fajer-foundation-projekt-der-csmo-2019\/\" \/>\n<meta property=\"og:site_name\" content=\"Spanien aktuell\" \/>\n<meta property=\"article:published_time\" content=\"2019-10-01T16:28:37+00:00\" \/>\n<meta property=\"og:image\" content=\"https:\/\/spanienaktuell.net\/wordpress\/wp-content\/uploads\/2019\/10\/IMG_9559-focused.jpg\" \/>\n\t<meta property=\"og:image:width\" content=\"1440\" \/>\n\t<meta property=\"og:image:height\" content=\"960\" \/>\n\t<meta property=\"og:image:type\" content=\"image\/jpeg\" \/>\n<meta name=\"author\" content=\"Spanien Aktuell\" \/>\n<meta name=\"twitter:card\" content=\"summary_large_image\" \/>\n<meta name=\"twitter:label1\" content=\"Escrito por\" \/>\n\t<meta name=\"twitter:data1\" content=\"Spanien Aktuell\" \/>\n\t<meta name=\"twitter:label2\" content=\"Tiempo de lectura\" \/>\n\t<meta name=\"twitter:data2\" content=\"2 minutos\" \/>\n<script type=\"application\/ld+json\" class=\"yoast-schema-graph\">{\"@context\":\"https:\/\/schema.org\",\"@graph\":[{\"@type\":\"Article\",\"@id\":\"https:\/\/spanienaktuell.net\/wordpress\/garcia-fajer-foundation-projekt-der-csmo-2019\/#article\",\"isPartOf\":{\"@id\":\"https:\/\/spanienaktuell.net\/wordpress\/garcia-fajer-foundation-projekt-der-csmo-2019\/\"},\"author\":{\"name\":\"Spanien Aktuell\",\"@id\":\"https:\/\/spanienaktuell.net\/wordpress\/#\/schema\/person\/bc410cfae0161b201d837ebfeeba7fd0\"},\"headline\":\"GARC\u00cdA FAJER FOUNDATION \u2013 Projekt der CSMO 2019\",\"datePublished\":\"2019-10-01T16:28:37+00:00\",\"mainEntityOfPage\":{\"@id\":\"https:\/\/spanienaktuell.net\/wordpress\/garcia-fajer-foundation-projekt-der-csmo-2019\/\"},\"wordCount\":487,\"publisher\":{\"@id\":\"https:\/\/spanienaktuell.net\/wordpress\/#organization\"},\"image\":{\"@id\":\"https:\/\/spanienaktuell.net\/wordpress\/garcia-fajer-foundation-projekt-der-csmo-2019\/#primaryimage\"},\"thumbnailUrl\":\"https:\/\/spanienaktuell.net\/wordpress\/wp-content\/uploads\/2019\/10\/IMG_9559-focused.jpg\",\"articleSection\":[\"Reportagen\"],\"inLanguage\":\"es\"},{\"@type\":\"WebPage\",\"@id\":\"https:\/\/spanienaktuell.net\/wordpress\/garcia-fajer-foundation-projekt-der-csmo-2019\/\",\"url\":\"https:\/\/spanienaktuell.net\/wordpress\/garcia-fajer-foundation-projekt-der-csmo-2019\/\",\"name\":\"GARC\u00cdA FAJER FOUNDATION \u2013 Projekt der CSMO 2019 - Spanien aktuell\",\"isPartOf\":{\"@id\":\"https:\/\/spanienaktuell.net\/wordpress\/#website\"},\"primaryImageOfPage\":{\"@id\":\"https:\/\/spanienaktuell.net\/wordpress\/garcia-fajer-foundation-projekt-der-csmo-2019\/#primaryimage\"},\"image\":{\"@id\":\"https:\/\/spanienaktuell.net\/wordpress\/garcia-fajer-foundation-projekt-der-csmo-2019\/#primaryimage\"},\"thumbnailUrl\":\"https:\/\/spanienaktuell.net\/wordpress\/wp-content\/uploads\/2019\/10\/IMG_9559-focused.jpg\",\"datePublished\":\"2019-10-01T16:28:37+00:00\",\"breadcrumb\":{\"@id\":\"https:\/\/spanienaktuell.net\/wordpress\/garcia-fajer-foundation-projekt-der-csmo-2019\/#breadcrumb\"},\"inLanguage\":\"es\",\"potentialAction\":[{\"@type\":\"ReadAction\",\"target\":[\"https:\/\/spanienaktuell.net\/wordpress\/garcia-fajer-foundation-projekt-der-csmo-2019\/\"]}]},{\"@type\":\"ImageObject\",\"inLanguage\":\"es\",\"@id\":\"https:\/\/spanienaktuell.net\/wordpress\/garcia-fajer-foundation-projekt-der-csmo-2019\/#primaryimage\",\"url\":\"https:\/\/spanienaktuell.net\/wordpress\/wp-content\/uploads\/2019\/10\/IMG_9559-focused.jpg\",\"contentUrl\":\"https:\/\/spanienaktuell.net\/wordpress\/wp-content\/uploads\/2019\/10\/IMG_9559-focused.jpg\",\"width\":1440,\"height\":960},{\"@type\":\"BreadcrumbList\",\"@id\":\"https:\/\/spanienaktuell.net\/wordpress\/garcia-fajer-foundation-projekt-der-csmo-2019\/#breadcrumb\",\"itemListElement\":[{\"@type\":\"ListItem\",\"position\":1,\"name\":\"Portada\",\"item\":\"https:\/\/spanienaktuell.net\/wordpress\/\"},{\"@type\":\"ListItem\",\"position\":2,\"name\":\"GARC\u00cdA FAJER FOUNDATION \u2013 Projekt der CSMO 2019\"}]},{\"@type\":\"WebSite\",\"@id\":\"https:\/\/spanienaktuell.net\/wordpress\/#website\",\"url\":\"https:\/\/spanienaktuell.net\/wordpress\/\",\"name\":\"Spanien aktuell\",\"description\":\"The German magazine number 1 on the Costa del Sol\",\"publisher\":{\"@id\":\"https:\/\/spanienaktuell.net\/wordpress\/#organization\"},\"potentialAction\":[{\"@type\":\"SearchAction\",\"target\":{\"@type\":\"EntryPoint\",\"urlTemplate\":\"https:\/\/spanienaktuell.net\/wordpress\/?s={search_term_string}\"},\"query-input\":{\"@type\":\"PropertyValueSpecification\",\"valueRequired\":true,\"valueName\":\"search_term_string\"}}],\"inLanguage\":\"es\"},{\"@type\":\"Organization\",\"@id\":\"https:\/\/spanienaktuell.net\/wordpress\/#organization\",\"name\":\"Spanien aktuell\",\"url\":\"https:\/\/spanienaktuell.net\/wordpress\/\",\"logo\":{\"@type\":\"ImageObject\",\"inLanguage\":\"es\",\"@id\":\"https:\/\/spanienaktuell.net\/wordpress\/#\/schema\/logo\/image\/\",\"url\":\"https:\/\/spanienaktuell.net\/wordpress\/wp-content\/uploads\/2019\/06\/cropped-Logo-spanien-aktuell-png-web-e1561631085388.png\",\"contentUrl\":\"https:\/\/spanienaktuell.net\/wordpress\/wp-content\/uploads\/2019\/06\/cropped-Logo-spanien-aktuell-png-web-e1561631085388.png\",\"width\":512,\"height\":110,\"caption\":\"Spanien aktuell\"},\"image\":{\"@id\":\"https:\/\/spanienaktuell.net\/wordpress\/#\/schema\/logo\/image\/\"}},{\"@type\":\"Person\",\"@id\":\"https:\/\/spanienaktuell.net\/wordpress\/#\/schema\/person\/bc410cfae0161b201d837ebfeeba7fd0\",\"name\":\"Spanien Aktuell\",\"image\":{\"@type\":\"ImageObject\",\"inLanguage\":\"es\",\"@id\":\"https:\/\/spanienaktuell.net\/wordpress\/#\/schema\/person\/image\/\",\"url\":\"https:\/\/spanienaktuell.net\/wordpress\/wp-content\/uploads\/2019\/06\/cropped-Logo-spanien-aktuell-png-fav2-100x100.png\",\"contentUrl\":\"https:\/\/spanienaktuell.net\/wordpress\/wp-content\/uploads\/2019\/06\/cropped-Logo-spanien-aktuell-png-fav2-100x100.png\",\"caption\":\"Spanien Aktuell\"},\"url\":\"https:\/\/spanienaktuell.net\/wordpress\/author\/koalum\/\"}]}<\/script>\n<!-- \/ Yoast SEO plugin. -->","yoast_head_json":{"title":"GARC\u00cdA FAJER FOUNDATION \u2013 Projekt der CSMO 2019 - Spanien aktuell","robots":{"index":"index","follow":"follow","max-snippet":"max-snippet:-1","max-image-preview":"max-image-preview:large","max-video-preview":"max-video-preview:-1"},"canonical":"https:\/\/spanienaktuell.net\/wordpress\/garcia-fajer-foundation-projekt-der-csmo-2019\/","og_locale":"es_ES","og_type":"article","og_title":"GARC\u00cdA FAJER FOUNDATION \u2013 Projekt der CSMO 2019 - Spanien aktuell","og_description":"Das CIEC (Centro Internacionale de Excelencia de Cuerda) wurde im Jahr 2007 ins Leben gerufen f\u00fcr junge und hoch begabte [&hellip;]","og_url":"https:\/\/spanienaktuell.net\/wordpress\/garcia-fajer-foundation-projekt-der-csmo-2019\/","og_site_name":"Spanien aktuell","article_published_time":"2019-10-01T16:28:37+00:00","og_image":[{"width":1440,"height":960,"url":"https:\/\/spanienaktuell.net\/wordpress\/wp-content\/uploads\/2019\/10\/IMG_9559-focused.jpg","type":"image\/jpeg"}],"author":"Spanien Aktuell","twitter_card":"summary_large_image","twitter_misc":{"Escrito por":"Spanien Aktuell","Tiempo de lectura":"2 minutos"},"schema":{"@context":"https:\/\/schema.org","@graph":[{"@type":"Article","@id":"https:\/\/spanienaktuell.net\/wordpress\/garcia-fajer-foundation-projekt-der-csmo-2019\/#article","isPartOf":{"@id":"https:\/\/spanienaktuell.net\/wordpress\/garcia-fajer-foundation-projekt-der-csmo-2019\/"},"author":{"name":"Spanien Aktuell","@id":"https:\/\/spanienaktuell.net\/wordpress\/#\/schema\/person\/bc410cfae0161b201d837ebfeeba7fd0"},"headline":"GARC\u00cdA FAJER FOUNDATION \u2013 Projekt der CSMO 2019","datePublished":"2019-10-01T16:28:37+00:00","mainEntityOfPage":{"@id":"https:\/\/spanienaktuell.net\/wordpress\/garcia-fajer-foundation-projekt-der-csmo-2019\/"},"wordCount":487,"publisher":{"@id":"https:\/\/spanienaktuell.net\/wordpress\/#organization"},"image":{"@id":"https:\/\/spanienaktuell.net\/wordpress\/garcia-fajer-foundation-projekt-der-csmo-2019\/#primaryimage"},"thumbnailUrl":"https:\/\/spanienaktuell.net\/wordpress\/wp-content\/uploads\/2019\/10\/IMG_9559-focused.jpg","articleSection":["Reportagen"],"inLanguage":"es"},{"@type":"WebPage","@id":"https:\/\/spanienaktuell.net\/wordpress\/garcia-fajer-foundation-projekt-der-csmo-2019\/","url":"https:\/\/spanienaktuell.net\/wordpress\/garcia-fajer-foundation-projekt-der-csmo-2019\/","name":"GARC\u00cdA FAJER FOUNDATION \u2013 Projekt der CSMO 2019 - Spanien aktuell","isPartOf":{"@id":"https:\/\/spanienaktuell.net\/wordpress\/#website"},"primaryImageOfPage":{"@id":"https:\/\/spanienaktuell.net\/wordpress\/garcia-fajer-foundation-projekt-der-csmo-2019\/#primaryimage"},"image":{"@id":"https:\/\/spanienaktuell.net\/wordpress\/garcia-fajer-foundation-projekt-der-csmo-2019\/#primaryimage"},"thumbnailUrl":"https:\/\/spanienaktuell.net\/wordpress\/wp-content\/uploads\/2019\/10\/IMG_9559-focused.jpg","datePublished":"2019-10-01T16:28:37+00:00","breadcrumb":{"@id":"https:\/\/spanienaktuell.net\/wordpress\/garcia-fajer-foundation-projekt-der-csmo-2019\/#breadcrumb"},"inLanguage":"es","potentialAction":[{"@type":"ReadAction","target":["https:\/\/spanienaktuell.net\/wordpress\/garcia-fajer-foundation-projekt-der-csmo-2019\/"]}]},{"@type":"ImageObject","inLanguage":"es","@id":"https:\/\/spanienaktuell.net\/wordpress\/garcia-fajer-foundation-projekt-der-csmo-2019\/#primaryimage","url":"https:\/\/spanienaktuell.net\/wordpress\/wp-content\/uploads\/2019\/10\/IMG_9559-focused.jpg","contentUrl":"https:\/\/spanienaktuell.net\/wordpress\/wp-content\/uploads\/2019\/10\/IMG_9559-focused.jpg","width":1440,"height":960},{"@type":"BreadcrumbList","@id":"https:\/\/spanienaktuell.net\/wordpress\/garcia-fajer-foundation-projekt-der-csmo-2019\/#breadcrumb","itemListElement":[{"@type":"ListItem","position":1,"name":"Portada","item":"https:\/\/spanienaktuell.net\/wordpress\/"},{"@type":"ListItem","position":2,"name":"GARC\u00cdA FAJER FOUNDATION \u2013 Projekt der CSMO 2019"}]},{"@type":"WebSite","@id":"https:\/\/spanienaktuell.net\/wordpress\/#website","url":"https:\/\/spanienaktuell.net\/wordpress\/","name":"Spanien aktuell","description":"The German magazine number 1 on the Costa del Sol","publisher":{"@id":"https:\/\/spanienaktuell.net\/wordpress\/#organization"},"potentialAction":[{"@type":"SearchAction","target":{"@type":"EntryPoint","urlTemplate":"https:\/\/spanienaktuell.net\/wordpress\/?s={search_term_string}"},"query-input":{"@type":"PropertyValueSpecification","valueRequired":true,"valueName":"search_term_string"}}],"inLanguage":"es"},{"@type":"Organization","@id":"https:\/\/spanienaktuell.net\/wordpress\/#organization","name":"Spanien aktuell","url":"https:\/\/spanienaktuell.net\/wordpress\/","logo":{"@type":"ImageObject","inLanguage":"es","@id":"https:\/\/spanienaktuell.net\/wordpress\/#\/schema\/logo\/image\/","url":"https:\/\/spanienaktuell.net\/wordpress\/wp-content\/uploads\/2019\/06\/cropped-Logo-spanien-aktuell-png-web-e1561631085388.png","contentUrl":"https:\/\/spanienaktuell.net\/wordpress\/wp-content\/uploads\/2019\/06\/cropped-Logo-spanien-aktuell-png-web-e1561631085388.png","width":512,"height":110,"caption":"Spanien aktuell"},"image":{"@id":"https:\/\/spanienaktuell.net\/wordpress\/#\/schema\/logo\/image\/"}},{"@type":"Person","@id":"https:\/\/spanienaktuell.net\/wordpress\/#\/schema\/person\/bc410cfae0161b201d837ebfeeba7fd0","name":"Spanien Aktuell","image":{"@type":"ImageObject","inLanguage":"es","@id":"https:\/\/spanienaktuell.net\/wordpress\/#\/schema\/person\/image\/","url":"https:\/\/spanienaktuell.net\/wordpress\/wp-content\/uploads\/2019\/06\/cropped-Logo-spanien-aktuell-png-fav2-100x100.png","contentUrl":"https:\/\/spanienaktuell.net\/wordpress\/wp-content\/uploads\/2019\/06\/cropped-Logo-spanien-aktuell-png-fav2-100x100.png","caption":"Spanien Aktuell"},"url":"https:\/\/spanienaktuell.net\/wordpress\/author\/koalum\/"}]}},"_links":{"self":[{"href":"https:\/\/spanienaktuell.net\/wordpress\/wp-json\/wp\/v2\/posts\/86504","targetHints":{"allow":["GET"]}}],"collection":[{"href":"https:\/\/spanienaktuell.net\/wordpress\/wp-json\/wp\/v2\/posts"}],"about":[{"href":"https:\/\/spanienaktuell.net\/wordpress\/wp-json\/wp\/v2\/types\/post"}],"author":[{"embeddable":true,"href":"https:\/\/spanienaktuell.net\/wordpress\/wp-json\/wp\/v2\/users\/3"}],"replies":[{"embeddable":true,"href":"https:\/\/spanienaktuell.net\/wordpress\/wp-json\/wp\/v2\/comments?post=86504"}],"version-history":[{"count":1,"href":"https:\/\/spanienaktuell.net\/wordpress\/wp-json\/wp\/v2\/posts\/86504\/revisions"}],"predecessor-version":[{"id":86511,"href":"https:\/\/spanienaktuell.net\/wordpress\/wp-json\/wp\/v2\/posts\/86504\/revisions\/86511"}],"wp:featuredmedia":[{"embeddable":true,"href":"https:\/\/spanienaktuell.net\/wordpress\/wp-json\/wp\/v2\/media\/86505"}],"wp:attachment":[{"href":"https:\/\/spanienaktuell.net\/wordpress\/wp-json\/wp\/v2\/media?parent=86504"}],"wp:term":[{"taxonomy":"category","embeddable":true,"href":"https:\/\/spanienaktuell.net\/wordpress\/wp-json\/wp\/v2\/categories?post=86504"},{"taxonomy":"post_tag","embeddable":true,"href":"https:\/\/spanienaktuell.net\/wordpress\/wp-json\/wp\/v2\/tags?post=86504"}],"curies":[{"name":"wp","href":"https:\/\/api.w.org\/{rel}","templated":true}]}}