{"id":87661,"date":"2020-10-01T10:41:35","date_gmt":"2020-10-01T10:41:35","guid":{"rendered":"http:\/\/spanienaktuell.net\/wordpress\/?p=87661"},"modified":"2020-10-05T09:19:31","modified_gmt":"2020-10-05T09:19:31","slug":"ole-optica-ihr-internationaler-optiker-in-nerja","status":"publish","type":"post","link":"https:\/\/spanienaktuell.net\/wordpress\/ole-optica-ihr-internationaler-optiker-in-nerja\/","title":{"rendered":"OLE OPTICA-Ihr internationaler Optiker in Nerja feiert 10 j\u00e4hriges Betriebsjubil\u00e4um im Oktober"},"content":{"rendered":"<p><strong>Ihr gutes Sehen und Ihr gutes Aussehen steht bei und an erster Stelle.<\/strong><\/p>\n<p>Ob modernes oder zeitloses Design, Kunststoff, Randlos oder Titanfassungen, trendige oder klassische Farben \u2013 bei unserer riesigen Auswahl mit \u00fcber 1100 Fassungen finden Sie garantiert das Gestell Ihrer Tr\u00e4ume.<\/p>\n<p><strong>Seit 10 Jahren sind wir Ihr Optiker f\u00fcr gutes und gesundes Sehen.<\/strong> Wir umsorgen unsere Kunden in allen Bereichen rund um das Thema Auge und Sehen. Egal ob Brille, Sonnenbrille, Brillenglas, Kontaktlinse oder Lupe, wir sind Ihr Ansprechpartner auch f\u00fcr einen kostenlosen Sehtest.<\/p>\n<p><img decoding=\"async\" class=\"aligncenter size-full wp-image-87663\" src=\"http:\/\/spanienaktuell.net\/wordpress\/wp-content\/uploads\/2020\/02\/ImageOfPhoropterForArticleAktuelleFeb2020.jpg\" alt=\"\" width=\"1440\" height=\"1080\" srcset=\"https:\/\/spanienaktuell.net\/wordpress\/wp-content\/uploads\/2020\/02\/ImageOfPhoropterForArticleAktuelleFeb2020.jpg 1440w, https:\/\/spanienaktuell.net\/wordpress\/wp-content\/uploads\/2020\/02\/ImageOfPhoropterForArticleAktuelleFeb2020-300x225.jpg 300w, https:\/\/spanienaktuell.net\/wordpress\/wp-content\/uploads\/2020\/02\/ImageOfPhoropterForArticleAktuelleFeb2020-768x576.jpg 768w, https:\/\/spanienaktuell.net\/wordpress\/wp-content\/uploads\/2020\/02\/ImageOfPhoropterForArticleAktuelleFeb2020-1024x768.jpg 1024w\" sizes=\"(max-width: 1440px) 100vw, 1440px\" \/><\/p>\n<p>Im Zeitalter von immer mehr Multimedia Ger\u00e4ten sind unsere Augen h\u00e4ufig gestresst und der Anspruch an eine Brille wird immer gr\u00f6\u00dfer. Mit modernster Technik ermitteln wir mehr als nur die Sehst\u00e4rke. Anhand einer Reihe sehr wichtiger Messdaten k\u00f6nnen wir z. B. die Blendempfindlichkeit oder auch die Ver\u00e4nderung des Auges bei Nacht feststellen.<\/p>\n<p><img decoding=\"async\" class=\"aligncenter size-full wp-image-87666\" src=\"http:\/\/spanienaktuell.net\/wordpress\/wp-content\/uploads\/2020\/02\/oleoptica.jpg\" alt=\"\" width=\"692\" height=\"314\" srcset=\"https:\/\/spanienaktuell.net\/wordpress\/wp-content\/uploads\/2020\/02\/oleoptica.jpg 692w, https:\/\/spanienaktuell.net\/wordpress\/wp-content\/uploads\/2020\/02\/oleoptica-300x136.jpg 300w\" sizes=\"(max-width: 692px) 100vw, 692px\" \/><\/p>\n<p>Wir haben es uns zur Aufgabe gemacht f\u00fcr jeden die passende Brille zu finden wir f\u00fchren Brillen u. Gestelle von internationalen Marken, wie z. B. von ESCHENBACH, TITANFLEX, BRENDEL, MARC O\u00b4Polo, Ray-Ban.<\/p>\n<p><img decoding=\"async\" class=\"aligncenter size-full wp-image-87665\" src=\"http:\/\/spanienaktuell.net\/wordpress\/wp-content\/uploads\/2020\/02\/Ole.jpg\" alt=\"\" width=\"960\" height=\"960\" srcset=\"https:\/\/spanienaktuell.net\/wordpress\/wp-content\/uploads\/2020\/02\/Ole.jpg 960w, https:\/\/spanienaktuell.net\/wordpress\/wp-content\/uploads\/2020\/02\/Ole-150x150.jpg 150w, https:\/\/spanienaktuell.net\/wordpress\/wp-content\/uploads\/2020\/02\/Ole-300x300.jpg 300w, https:\/\/spanienaktuell.net\/wordpress\/wp-content\/uploads\/2020\/02\/Ole-768x768.jpg 768w\" sizes=\"(max-width: 960px) 100vw, 960px\" \/><\/p>\n<p><i><span style=\"font-weight: 400;\">\u201eOle H\u00f8jer\u201c der Inhaber von \u201eOLE OPTICA\u201c hat sein Optikerhandwerk 1993 in Kopenhagen erlernt und erweiterte sein Wissen 1998 in Spanien, um auch hier die n\u00f6tigen Zulassungen zu erhalten. 2010 erf\u00fcllte sich der d\u00e4nische Optikermeister, seinen Traum eines eigenen Optik-Fachgesch\u00e4fts in Nerja. Die Menschen, die hier wohnen, sind Ole in <\/span><\/i><span style=\"font-weight: 400;\">16 <\/span><i><span style=\"font-weight: 400;\">Jahren als Optiker in Nerja ans Herz gewachsen. So gibt es Stammkunden aus den allerersten Tagen, die immer wieder gerne seine fachliche Kompetenz suchen, auch wenn diese nicht direkt in Nerja wohnen und aus Torre del Mar, Torrox oder Almu\u00f1\u00e9car kommen.\u201c<\/span><\/i><\/p>\n<p><span style=\"font-weight: 400;\">Mit Freundlichkeit, hohen Qualit\u00e4tsstandards, fachkompetenter Beratung zu attraktiven Preisen wollen wir auch Sie als Kunden gewinnen und dauerhaft mit unseren Leistungen \u00fcberzeugen.<\/span><\/p>\n<p><img decoding=\"async\" class=\"aligncenter size-full wp-image-87667\" src=\"http:\/\/spanienaktuell.net\/wordpress\/wp-content\/uploads\/2020\/02\/Test.jpg\" alt=\"\" width=\"1122\" height=\"884\" srcset=\"https:\/\/spanienaktuell.net\/wordpress\/wp-content\/uploads\/2020\/02\/Test.jpg 1122w, https:\/\/spanienaktuell.net\/wordpress\/wp-content\/uploads\/2020\/02\/Test-300x236.jpg 300w, https:\/\/spanienaktuell.net\/wordpress\/wp-content\/uploads\/2020\/02\/Test-768x605.jpg 768w, https:\/\/spanienaktuell.net\/wordpress\/wp-content\/uploads\/2020\/02\/Test-1024x807.jpg 1024w\" sizes=\"(max-width: 1122px) 100vw, 1122px\" \/><\/p>\n<p><b>Wir freuen uns Sie bald pers\u00f6nlich und professionell beraten zu d\u00fcrfen auch in Ihrer Landessprache: Wir sprechen Deutsch, Englisch,<\/b> <b>Swedish, Spanisch und D\u00e4nisch.<\/b><\/p>\n<p><img decoding=\"async\" class=\"alignnone wp-image-87664 size-medium\" src=\"http:\/\/spanienaktuell.net\/wordpress\/wp-content\/uploads\/2020\/02\/logo-300x79.jpg\" alt=\"\" width=\"300\" height=\"79\" srcset=\"https:\/\/spanienaktuell.net\/wordpress\/wp-content\/uploads\/2020\/02\/logo-300x79.jpg 300w, https:\/\/spanienaktuell.net\/wordpress\/wp-content\/uploads\/2020\/02\/logo-768x203.jpg 768w, https:\/\/spanienaktuell.net\/wordpress\/wp-content\/uploads\/2020\/02\/logo.jpg 900w\" sizes=\"(max-width: 300px) 100vw, 300px\" \/><\/p>\n<p><strong>Cl. Antonio Ferr\u00e1ndis 23, 29780 Nerja<\/strong><\/p>\n<p>(Parkpl\u00e4tze befinden sich direkt vor unserem Gesch\u00e4ft)<\/p>\n<p>*\u00d6ffnungszeiten im Oktober: Mo-FR 10h-14h &amp; \u00a0nach Vereinbarung<\/p>\n<p><strong><img decoding=\"async\" class=\" wp-image-90122 alignnone\" src=\"https:\/\/spanienaktuell.net\/wordpress\/wp-content\/uploads\/2020\/02\/champagne-160867_1280.png\" alt=\"\" width=\"256\" height=\"206\" srcset=\"https:\/\/spanienaktuell.net\/wordpress\/wp-content\/uploads\/2020\/02\/champagne-160867_1280.png 1280w, https:\/\/spanienaktuell.net\/wordpress\/wp-content\/uploads\/2020\/02\/champagne-160867_1280-300x241.png 300w, https:\/\/spanienaktuell.net\/wordpress\/wp-content\/uploads\/2020\/02\/champagne-160867_1280-768x617.png 768w, https:\/\/spanienaktuell.net\/wordpress\/wp-content\/uploads\/2020\/02\/champagne-160867_1280-1024x822.png 1024w\" sizes=\"(max-width: 256px) 100vw, 256px\" \/><\/strong><\/p>\n<p><strong>* Am 16.10.2020 zur Jubil\u00e4umsfeier \u00d6ffnungszeiten von 10h-14h &amp; 16h-19h<\/strong><\/p>\n<p><strong>Sie sind herzlich eingeladen am 16.10.2020 zur Jubil\u00e4umsfeier auf ein Glas Sekt !<\/strong><\/p>\n<p><strong>Telefon:<\/strong> +34 952-528-395<\/p>\n<p><a href=\"http:\/\/www.ole-optica.com\"><strong>www.ole-optica.com<\/strong><\/a><\/p>\n","protected":false},"excerpt":{"rendered":"<p>Ihr gutes Sehen und Ihr gutes Aussehen steht bei und an erster Stelle. Ob modernes oder zeitloses Design, Kunststoff, Randlos [&hellip;]<\/p>\n","protected":false},"author":3,"featured_media":87662,"comment_status":"closed","ping_status":"closed","sticky":false,"template":"","format":"standard","meta":{"footnotes":""},"categories":[28,30],"tags":[],"class_list":["post-87661","post","type-post","status-publish","format-standard","has-post-thumbnail","hentry","category-reportagen","category-recht-gesellschaft"],"yoast_head":"<!-- This site is optimized with the Yoast SEO plugin v27.1.1 - https:\/\/yoast.com\/product\/yoast-seo-wordpress\/ -->\n<title>OLE OPTICA-Ihr internationaler Optiker in Nerja feiert 10 j\u00e4hriges Betriebsjubil\u00e4um im Oktober - Spanien aktuell<\/title>\n<meta name=\"robots\" content=\"index, follow, max-snippet:-1, max-image-preview:large, max-video-preview:-1\" \/>\n<link rel=\"canonical\" href=\"https:\/\/spanienaktuell.net\/wordpress\/ole-optica-ihr-internationaler-optiker-in-nerja\/\" \/>\n<meta property=\"og:locale\" content=\"es_ES\" \/>\n<meta property=\"og:type\" content=\"article\" \/>\n<meta property=\"og:title\" content=\"OLE OPTICA-Ihr internationaler Optiker in Nerja feiert 10 j\u00e4hriges Betriebsjubil\u00e4um im Oktober - Spanien aktuell\" \/>\n<meta property=\"og:description\" content=\"Ihr gutes Sehen und Ihr gutes Aussehen steht bei und an erster Stelle. Ob modernes oder zeitloses Design, Kunststoff, Randlos [&hellip;]\" \/>\n<meta property=\"og:url\" content=\"https:\/\/spanienaktuell.net\/wordpress\/ole-optica-ihr-internationaler-optiker-in-nerja\/\" \/>\n<meta property=\"og:site_name\" content=\"Spanien aktuell\" \/>\n<meta property=\"article:published_time\" content=\"2020-10-01T10:41:35+00:00\" \/>\n<meta property=\"article:modified_time\" content=\"2020-10-05T09:19:31+00:00\" \/>\n<meta property=\"og:image\" content=\"https:\/\/spanienaktuell.net\/wordpress\/wp-content\/uploads\/2020\/02\/Gesch\u00e4ft.jpg\" \/>\n\t<meta property=\"og:image:width\" content=\"1440\" \/>\n\t<meta property=\"og:image:height\" content=\"687\" \/>\n\t<meta property=\"og:image:type\" content=\"image\/jpeg\" \/>\n<meta name=\"author\" content=\"Spanien Aktuell\" \/>\n<meta name=\"twitter:card\" content=\"summary_large_image\" \/>\n<meta name=\"twitter:label1\" content=\"Escrito por\" \/>\n\t<meta name=\"twitter:data1\" content=\"Spanien Aktuell\" \/>\n\t<meta name=\"twitter:label2\" content=\"Tiempo de lectura\" \/>\n\t<meta name=\"twitter:data2\" content=\"2 minutos\" \/>\n<script type=\"application\/ld+json\" class=\"yoast-schema-graph\">{\"@context\":\"https:\/\/schema.org\",\"@graph\":[{\"@type\":\"Article\",\"@id\":\"https:\/\/spanienaktuell.net\/wordpress\/ole-optica-ihr-internationaler-optiker-in-nerja\/#article\",\"isPartOf\":{\"@id\":\"https:\/\/spanienaktuell.net\/wordpress\/ole-optica-ihr-internationaler-optiker-in-nerja\/\"},\"author\":{\"name\":\"Spanien Aktuell\",\"@id\":\"https:\/\/spanienaktuell.net\/wordpress\/#\/schema\/person\/bc410cfae0161b201d837ebfeeba7fd0\"},\"headline\":\"OLE OPTICA-Ihr internationaler Optiker in Nerja feiert 10 j\u00e4hriges Betriebsjubil\u00e4um im Oktober\",\"datePublished\":\"2020-10-01T10:41:35+00:00\",\"dateModified\":\"2020-10-05T09:19:31+00:00\",\"mainEntityOfPage\":{\"@id\":\"https:\/\/spanienaktuell.net\/wordpress\/ole-optica-ihr-internationaler-optiker-in-nerja\/\"},\"wordCount\":386,\"publisher\":{\"@id\":\"https:\/\/spanienaktuell.net\/wordpress\/#organization\"},\"image\":{\"@id\":\"https:\/\/spanienaktuell.net\/wordpress\/ole-optica-ihr-internationaler-optiker-in-nerja\/#primaryimage\"},\"thumbnailUrl\":\"https:\/\/spanienaktuell.net\/wordpress\/wp-content\/uploads\/2020\/02\/Gesch\u00e4ft.jpg\",\"articleSection\":[\"Reportagen\",\"Recht\"],\"inLanguage\":\"es\"},{\"@type\":\"WebPage\",\"@id\":\"https:\/\/spanienaktuell.net\/wordpress\/ole-optica-ihr-internationaler-optiker-in-nerja\/\",\"url\":\"https:\/\/spanienaktuell.net\/wordpress\/ole-optica-ihr-internationaler-optiker-in-nerja\/\",\"name\":\"OLE OPTICA-Ihr internationaler Optiker in Nerja feiert 10 j\u00e4hriges Betriebsjubil\u00e4um im Oktober - Spanien aktuell\",\"isPartOf\":{\"@id\":\"https:\/\/spanienaktuell.net\/wordpress\/#website\"},\"primaryImageOfPage\":{\"@id\":\"https:\/\/spanienaktuell.net\/wordpress\/ole-optica-ihr-internationaler-optiker-in-nerja\/#primaryimage\"},\"image\":{\"@id\":\"https:\/\/spanienaktuell.net\/wordpress\/ole-optica-ihr-internationaler-optiker-in-nerja\/#primaryimage\"},\"thumbnailUrl\":\"https:\/\/spanienaktuell.net\/wordpress\/wp-content\/uploads\/2020\/02\/Gesch\u00e4ft.jpg\",\"datePublished\":\"2020-10-01T10:41:35+00:00\",\"dateModified\":\"2020-10-05T09:19:31+00:00\",\"breadcrumb\":{\"@id\":\"https:\/\/spanienaktuell.net\/wordpress\/ole-optica-ihr-internationaler-optiker-in-nerja\/#breadcrumb\"},\"inLanguage\":\"es\",\"potentialAction\":[{\"@type\":\"ReadAction\",\"target\":[\"https:\/\/spanienaktuell.net\/wordpress\/ole-optica-ihr-internationaler-optiker-in-nerja\/\"]}]},{\"@type\":\"ImageObject\",\"inLanguage\":\"es\",\"@id\":\"https:\/\/spanienaktuell.net\/wordpress\/ole-optica-ihr-internationaler-optiker-in-nerja\/#primaryimage\",\"url\":\"https:\/\/spanienaktuell.net\/wordpress\/wp-content\/uploads\/2020\/02\/Gesch\u00e4ft.jpg\",\"contentUrl\":\"https:\/\/spanienaktuell.net\/wordpress\/wp-content\/uploads\/2020\/02\/Gesch\u00e4ft.jpg\",\"width\":1440,\"height\":687},{\"@type\":\"BreadcrumbList\",\"@id\":\"https:\/\/spanienaktuell.net\/wordpress\/ole-optica-ihr-internationaler-optiker-in-nerja\/#breadcrumb\",\"itemListElement\":[{\"@type\":\"ListItem\",\"position\":1,\"name\":\"Portada\",\"item\":\"https:\/\/spanienaktuell.net\/wordpress\/\"},{\"@type\":\"ListItem\",\"position\":2,\"name\":\"OLE OPTICA-Ihr internationaler Optiker in Nerja feiert 10 j\u00e4hriges Betriebsjubil\u00e4um im Oktober\"}]},{\"@type\":\"WebSite\",\"@id\":\"https:\/\/spanienaktuell.net\/wordpress\/#website\",\"url\":\"https:\/\/spanienaktuell.net\/wordpress\/\",\"name\":\"Spanien aktuell\",\"description\":\"The German magazine number 1 on the Costa del Sol\",\"publisher\":{\"@id\":\"https:\/\/spanienaktuell.net\/wordpress\/#organization\"},\"potentialAction\":[{\"@type\":\"SearchAction\",\"target\":{\"@type\":\"EntryPoint\",\"urlTemplate\":\"https:\/\/spanienaktuell.net\/wordpress\/?s={search_term_string}\"},\"query-input\":{\"@type\":\"PropertyValueSpecification\",\"valueRequired\":true,\"valueName\":\"search_term_string\"}}],\"inLanguage\":\"es\"},{\"@type\":\"Organization\",\"@id\":\"https:\/\/spanienaktuell.net\/wordpress\/#organization\",\"name\":\"Spanien aktuell\",\"url\":\"https:\/\/spanienaktuell.net\/wordpress\/\",\"logo\":{\"@type\":\"ImageObject\",\"inLanguage\":\"es\",\"@id\":\"https:\/\/spanienaktuell.net\/wordpress\/#\/schema\/logo\/image\/\",\"url\":\"https:\/\/spanienaktuell.net\/wordpress\/wp-content\/uploads\/2019\/06\/cropped-Logo-spanien-aktuell-png-web-e1561631085388.png\",\"contentUrl\":\"https:\/\/spanienaktuell.net\/wordpress\/wp-content\/uploads\/2019\/06\/cropped-Logo-spanien-aktuell-png-web-e1561631085388.png\",\"width\":512,\"height\":110,\"caption\":\"Spanien aktuell\"},\"image\":{\"@id\":\"https:\/\/spanienaktuell.net\/wordpress\/#\/schema\/logo\/image\/\"}},{\"@type\":\"Person\",\"@id\":\"https:\/\/spanienaktuell.net\/wordpress\/#\/schema\/person\/bc410cfae0161b201d837ebfeeba7fd0\",\"name\":\"Spanien Aktuell\",\"image\":{\"@type\":\"ImageObject\",\"inLanguage\":\"es\",\"@id\":\"https:\/\/spanienaktuell.net\/wordpress\/#\/schema\/person\/image\/\",\"url\":\"https:\/\/spanienaktuell.net\/wordpress\/wp-content\/uploads\/2019\/06\/cropped-Logo-spanien-aktuell-png-fav2-100x100.png\",\"contentUrl\":\"https:\/\/spanienaktuell.net\/wordpress\/wp-content\/uploads\/2019\/06\/cropped-Logo-spanien-aktuell-png-fav2-100x100.png\",\"caption\":\"Spanien Aktuell\"},\"url\":\"https:\/\/spanienaktuell.net\/wordpress\/author\/koalum\/\"}]}<\/script>\n<!-- \/ Yoast SEO plugin. -->","yoast_head_json":{"title":"OLE OPTICA-Ihr internationaler Optiker in Nerja feiert 10 j\u00e4hriges Betriebsjubil\u00e4um im Oktober - Spanien aktuell","robots":{"index":"index","follow":"follow","max-snippet":"max-snippet:-1","max-image-preview":"max-image-preview:large","max-video-preview":"max-video-preview:-1"},"canonical":"https:\/\/spanienaktuell.net\/wordpress\/ole-optica-ihr-internationaler-optiker-in-nerja\/","og_locale":"es_ES","og_type":"article","og_title":"OLE OPTICA-Ihr internationaler Optiker in Nerja feiert 10 j\u00e4hriges Betriebsjubil\u00e4um im Oktober - Spanien aktuell","og_description":"Ihr gutes Sehen und Ihr gutes Aussehen steht bei und an erster Stelle. Ob modernes oder zeitloses Design, Kunststoff, Randlos [&hellip;]","og_url":"https:\/\/spanienaktuell.net\/wordpress\/ole-optica-ihr-internationaler-optiker-in-nerja\/","og_site_name":"Spanien aktuell","article_published_time":"2020-10-01T10:41:35+00:00","article_modified_time":"2020-10-05T09:19:31+00:00","og_image":[{"width":1440,"height":687,"url":"https:\/\/spanienaktuell.net\/wordpress\/wp-content\/uploads\/2020\/02\/Gesch\u00e4ft.jpg","type":"image\/jpeg"}],"author":"Spanien Aktuell","twitter_card":"summary_large_image","twitter_misc":{"Escrito por":"Spanien Aktuell","Tiempo de lectura":"2 minutos"},"schema":{"@context":"https:\/\/schema.org","@graph":[{"@type":"Article","@id":"https:\/\/spanienaktuell.net\/wordpress\/ole-optica-ihr-internationaler-optiker-in-nerja\/#article","isPartOf":{"@id":"https:\/\/spanienaktuell.net\/wordpress\/ole-optica-ihr-internationaler-optiker-in-nerja\/"},"author":{"name":"Spanien Aktuell","@id":"https:\/\/spanienaktuell.net\/wordpress\/#\/schema\/person\/bc410cfae0161b201d837ebfeeba7fd0"},"headline":"OLE OPTICA-Ihr internationaler Optiker in Nerja feiert 10 j\u00e4hriges Betriebsjubil\u00e4um im Oktober","datePublished":"2020-10-01T10:41:35+00:00","dateModified":"2020-10-05T09:19:31+00:00","mainEntityOfPage":{"@id":"https:\/\/spanienaktuell.net\/wordpress\/ole-optica-ihr-internationaler-optiker-in-nerja\/"},"wordCount":386,"publisher":{"@id":"https:\/\/spanienaktuell.net\/wordpress\/#organization"},"image":{"@id":"https:\/\/spanienaktuell.net\/wordpress\/ole-optica-ihr-internationaler-optiker-in-nerja\/#primaryimage"},"thumbnailUrl":"https:\/\/spanienaktuell.net\/wordpress\/wp-content\/uploads\/2020\/02\/Gesch\u00e4ft.jpg","articleSection":["Reportagen","Recht"],"inLanguage":"es"},{"@type":"WebPage","@id":"https:\/\/spanienaktuell.net\/wordpress\/ole-optica-ihr-internationaler-optiker-in-nerja\/","url":"https:\/\/spanienaktuell.net\/wordpress\/ole-optica-ihr-internationaler-optiker-in-nerja\/","name":"OLE OPTICA-Ihr internationaler Optiker in Nerja feiert 10 j\u00e4hriges Betriebsjubil\u00e4um im Oktober - Spanien aktuell","isPartOf":{"@id":"https:\/\/spanienaktuell.net\/wordpress\/#website"},"primaryImageOfPage":{"@id":"https:\/\/spanienaktuell.net\/wordpress\/ole-optica-ihr-internationaler-optiker-in-nerja\/#primaryimage"},"image":{"@id":"https:\/\/spanienaktuell.net\/wordpress\/ole-optica-ihr-internationaler-optiker-in-nerja\/#primaryimage"},"thumbnailUrl":"https:\/\/spanienaktuell.net\/wordpress\/wp-content\/uploads\/2020\/02\/Gesch\u00e4ft.jpg","datePublished":"2020-10-01T10:41:35+00:00","dateModified":"2020-10-05T09:19:31+00:00","breadcrumb":{"@id":"https:\/\/spanienaktuell.net\/wordpress\/ole-optica-ihr-internationaler-optiker-in-nerja\/#breadcrumb"},"inLanguage":"es","potentialAction":[{"@type":"ReadAction","target":["https:\/\/spanienaktuell.net\/wordpress\/ole-optica-ihr-internationaler-optiker-in-nerja\/"]}]},{"@type":"ImageObject","inLanguage":"es","@id":"https:\/\/spanienaktuell.net\/wordpress\/ole-optica-ihr-internationaler-optiker-in-nerja\/#primaryimage","url":"https:\/\/spanienaktuell.net\/wordpress\/wp-content\/uploads\/2020\/02\/Gesch\u00e4ft.jpg","contentUrl":"https:\/\/spanienaktuell.net\/wordpress\/wp-content\/uploads\/2020\/02\/Gesch\u00e4ft.jpg","width":1440,"height":687},{"@type":"BreadcrumbList","@id":"https:\/\/spanienaktuell.net\/wordpress\/ole-optica-ihr-internationaler-optiker-in-nerja\/#breadcrumb","itemListElement":[{"@type":"ListItem","position":1,"name":"Portada","item":"https:\/\/spanienaktuell.net\/wordpress\/"},{"@type":"ListItem","position":2,"name":"OLE OPTICA-Ihr internationaler Optiker in Nerja feiert 10 j\u00e4hriges Betriebsjubil\u00e4um im Oktober"}]},{"@type":"WebSite","@id":"https:\/\/spanienaktuell.net\/wordpress\/#website","url":"https:\/\/spanienaktuell.net\/wordpress\/","name":"Spanien aktuell","description":"The German magazine number 1 on the Costa del Sol","publisher":{"@id":"https:\/\/spanienaktuell.net\/wordpress\/#organization"},"potentialAction":[{"@type":"SearchAction","target":{"@type":"EntryPoint","urlTemplate":"https:\/\/spanienaktuell.net\/wordpress\/?s={search_term_string}"},"query-input":{"@type":"PropertyValueSpecification","valueRequired":true,"valueName":"search_term_string"}}],"inLanguage":"es"},{"@type":"Organization","@id":"https:\/\/spanienaktuell.net\/wordpress\/#organization","name":"Spanien aktuell","url":"https:\/\/spanienaktuell.net\/wordpress\/","logo":{"@type":"ImageObject","inLanguage":"es","@id":"https:\/\/spanienaktuell.net\/wordpress\/#\/schema\/logo\/image\/","url":"https:\/\/spanienaktuell.net\/wordpress\/wp-content\/uploads\/2019\/06\/cropped-Logo-spanien-aktuell-png-web-e1561631085388.png","contentUrl":"https:\/\/spanienaktuell.net\/wordpress\/wp-content\/uploads\/2019\/06\/cropped-Logo-spanien-aktuell-png-web-e1561631085388.png","width":512,"height":110,"caption":"Spanien aktuell"},"image":{"@id":"https:\/\/spanienaktuell.net\/wordpress\/#\/schema\/logo\/image\/"}},{"@type":"Person","@id":"https:\/\/spanienaktuell.net\/wordpress\/#\/schema\/person\/bc410cfae0161b201d837ebfeeba7fd0","name":"Spanien Aktuell","image":{"@type":"ImageObject","inLanguage":"es","@id":"https:\/\/spanienaktuell.net\/wordpress\/#\/schema\/person\/image\/","url":"https:\/\/spanienaktuell.net\/wordpress\/wp-content\/uploads\/2019\/06\/cropped-Logo-spanien-aktuell-png-fav2-100x100.png","contentUrl":"https:\/\/spanienaktuell.net\/wordpress\/wp-content\/uploads\/2019\/06\/cropped-Logo-spanien-aktuell-png-fav2-100x100.png","caption":"Spanien Aktuell"},"url":"https:\/\/spanienaktuell.net\/wordpress\/author\/koalum\/"}]}},"_links":{"self":[{"href":"https:\/\/spanienaktuell.net\/wordpress\/wp-json\/wp\/v2\/posts\/87661","targetHints":{"allow":["GET"]}}],"collection":[{"href":"https:\/\/spanienaktuell.net\/wordpress\/wp-json\/wp\/v2\/posts"}],"about":[{"href":"https:\/\/spanienaktuell.net\/wordpress\/wp-json\/wp\/v2\/types\/post"}],"author":[{"embeddable":true,"href":"https:\/\/spanienaktuell.net\/wordpress\/wp-json\/wp\/v2\/users\/3"}],"replies":[{"embeddable":true,"href":"https:\/\/spanienaktuell.net\/wordpress\/wp-json\/wp\/v2\/comments?post=87661"}],"version-history":[{"count":3,"href":"https:\/\/spanienaktuell.net\/wordpress\/wp-json\/wp\/v2\/posts\/87661\/revisions"}],"predecessor-version":[{"id":90123,"href":"https:\/\/spanienaktuell.net\/wordpress\/wp-json\/wp\/v2\/posts\/87661\/revisions\/90123"}],"wp:featuredmedia":[{"embeddable":true,"href":"https:\/\/spanienaktuell.net\/wordpress\/wp-json\/wp\/v2\/media\/87662"}],"wp:attachment":[{"href":"https:\/\/spanienaktuell.net\/wordpress\/wp-json\/wp\/v2\/media?parent=87661"}],"wp:term":[{"taxonomy":"category","embeddable":true,"href":"https:\/\/spanienaktuell.net\/wordpress\/wp-json\/wp\/v2\/categories?post=87661"},{"taxonomy":"post_tag","embeddable":true,"href":"https:\/\/spanienaktuell.net\/wordpress\/wp-json\/wp\/v2\/tags?post=87661"}],"curies":[{"name":"wp","href":"https:\/\/api.w.org\/{rel}","templated":true}]}}