{"id":89566,"date":"2020-07-31T12:50:31","date_gmt":"2020-07-31T12:50:31","guid":{"rendered":"https:\/\/spanienaktuell.net\/wordpress\/?p=89566"},"modified":"2020-07-31T12:50:31","modified_gmt":"2020-07-31T12:50:31","slug":"am-riemen-gerissen","status":"publish","type":"post","link":"https:\/\/spanienaktuell.net\/wordpress\/am-riemen-gerissen\/","title":{"rendered":"Am Riemen gerissen"},"content":{"rendered":"<h3 style=\"text-align: center;\"><strong>Der Zahnriemen am Heck feiert bei Harley-Davidson seinen 40. Geburtstag<\/strong><\/h3>\n<h3 style=\"text-align: center;\"><strong>Die Sturgis war die erste serienm\u00e4\u00dfige Harley mit Zahnriemen-Sekund\u00e4rantrieb<\/strong><\/h3>\n<h3 style=\"text-align: center;\"><strong>Seit 1993 verf\u00fcgen alle Harleys \u00fcber Zahnriemen statt Sekund\u00e4rketten<\/strong><\/h3>\n<h3 style=\"text-align: center;\"><strong>Zu den Vorteilen geh\u00f6ren Wartungsarmut, lange Lebensdauer und Sauberkeit<\/strong><\/h3>\n<p>Riemenantrieb \u2013 so nennt man eine simple und effektive Art der Kraft\u00fcbertragung zwischen Wellen. Ventilsteuerzeiten von Motoren werden damit geregelt, Plattenteller angetrieben und Industrieroboter bewegt. Das Konzept an sich ist steinalt und kam in der \u00c4ra der Industrialisierung zu seiner Bl\u00fcte. Eine starke zentrale Dampfmaschine trieb seinerzeit \u00fcber Stahlwellen an den Decken sowie Riemenscheiben und Transmissionsriemen eine Vielzahl einzelner Maschinen an, die in gro\u00dfen Werkshallen aufgereiht nebeneinanderstanden. Sp\u00e4ter nutzte man die Idee mit den Wellen, Scheiben und meist ledernen Flachriemen auch andernorts \u2013 etwa in der Landwirtschaft und im Bergbau. Es lag also durchaus nahe, Motorr\u00e4der mithilfe dieser Technik anzutreiben. So vermittelte das erste Bike, das die Namen seiner Sch\u00f6pfer Harley und Davidson am Tank trug, die Power seines rund 405 Kubikzentimeter gro\u00dfen Einzylinders \u00fcber einen Lederriemen an das Hinterrad. Das klappte recht gut, als sich Leistung und Drehmoment der Motoren noch in Grenzen hielten. Doch sp\u00e4testens mit der Einf\u00fchrung des ersten Harley-Davidson-V-Twins im Jahr 1909 kamen der lederne Flachriemen und der seinerzeit optional erh\u00e4ltliche Keilriemen an ihre (Schlupf-)Grenzen.<\/p>\n<p>Daher erhielt der V2 bereits im Jahr 1912 optional eine Kette als Sekund\u00e4rantrieb und das Prinzip setzte sich mit der Zeit durch: \u00dcber Jahrzehnte hinweg trieben nun Ketten die Hinterr\u00e4der von Harleys an. Aber es musste doch noch etwas anderes, etwas Besseres und weniger Wartungsintensives geben &#8230;<\/p>\n<p>Gab es! Denn auch Riemen nahmen fortan eine rasante Entwicklung. Ihre Form, ihr Aufbau und die verwendeten Werkstoffe wurden immer weiter optimiert und den unterschiedlichsten Anforderungen angepasst. So konnten etwa durch das Einbringen eines Strangs aus sehr zugfestem Material und das Aufbringen einer Deckschicht aus einer besonders verschlei\u00dffesten Komponente extrem starke und langlebige Riemen gefertigt werden. Die Einf\u00fchrung eines Riemens mit stabilen, trapezf\u00f6rmigen Z\u00e4hnen auf der Innenseite erlaubte schlie\u00dflich die formschl\u00fcssige Kraft\u00fcbertragung ohne Schlupf.<\/p>\n<figure id=\"attachment_89568\" aria-describedby=\"caption-attachment-89568\" style=\"width: 1180px\" class=\"wp-caption aligncenter\"><img decoding=\"async\" class=\"size-full wp-image-89568\" src=\"https:\/\/spanienaktuell.net\/wordpress\/wp-content\/uploads\/2020\/07\/Foto-National-Motorcycle-Museum-Iowa-City.jpg\" alt=\"\" width=\"1180\" height=\"868\" srcset=\"https:\/\/spanienaktuell.net\/wordpress\/wp-content\/uploads\/2020\/07\/Foto-National-Motorcycle-Museum-Iowa-City.jpg 1180w, https:\/\/spanienaktuell.net\/wordpress\/wp-content\/uploads\/2020\/07\/Foto-National-Motorcycle-Museum-Iowa-City-300x221.jpg 300w, https:\/\/spanienaktuell.net\/wordpress\/wp-content\/uploads\/2020\/07\/Foto-National-Motorcycle-Museum-Iowa-City-768x565.jpg 768w, https:\/\/spanienaktuell.net\/wordpress\/wp-content\/uploads\/2020\/07\/Foto-National-Motorcycle-Museum-Iowa-City-1024x753.jpg 1024w\" sizes=\"(max-width: 1180px) 100vw, 1180px\" \/><figcaption id=\"caption-attachment-89568\" class=\"wp-caption-text\">Foto: Sturgis 1982 Harley-Davidson-National Motorcycle Museum &#8211; Iowa City<\/figcaption><\/figure>\n<p>So etwas muss genutzt werden, waren sich Ende der Siebzigerjahre die Ingenieure bei Harley-Davidson einig und sie schufen einen Prototyp, dessen Shovelhead-Antriebsstrang anstelle der \u00fcblichen Ketten \u00fcber gleich zwei Gates-Zahnriemen verf\u00fcgte \u2013 einen f\u00fcr den Prim\u00e4r- und einen f\u00fcr den Sekund\u00e4rantrieb.<\/p>\n<figure id=\"attachment_89569\" aria-describedby=\"caption-attachment-89569\" style=\"width: 1440px\" class=\"wp-caption aligncenter\"><img decoding=\"async\" class=\"size-full wp-image-89569\" src=\"https:\/\/spanienaktuell.net\/wordpress\/wp-content\/uploads\/2020\/07\/Logo-Sturgis-Rally-2020.jpg\" alt=\"\" width=\"1440\" height=\"533\" srcset=\"https:\/\/spanienaktuell.net\/wordpress\/wp-content\/uploads\/2020\/07\/Logo-Sturgis-Rally-2020.jpg 1440w, https:\/\/spanienaktuell.net\/wordpress\/wp-content\/uploads\/2020\/07\/Logo-Sturgis-Rally-2020-300x111.jpg 300w, https:\/\/spanienaktuell.net\/wordpress\/wp-content\/uploads\/2020\/07\/Logo-Sturgis-Rally-2020-768x284.jpg 768w, https:\/\/spanienaktuell.net\/wordpress\/wp-content\/uploads\/2020\/07\/Logo-Sturgis-Rally-2020-1024x379.jpg 1024w\" sizes=\"(max-width: 1440px) 100vw, 1440px\" \/><figcaption id=\"caption-attachment-89569\" class=\"wp-caption-text\">Foto: Event-Sturgis-South Dakota 2020<\/figcaption><\/figure>\n<p>Um das Ergebnis zu testen und die Meinung der Community einzuholen, fuhr Harley-Gr\u00fcnderenkel und -Chefdesigner Willie G. Davidson mit dem Bike zur Sturgis Motorcycle Rally. Sp\u00e4testens auf dem R\u00fcckweg wurde ihm klar, dass man eine solche Maschine in Serie fertigen musste. Als er auch noch einen Geistesblitz zu einem spektakul\u00e4ren Design hatte, hielt er diesen w\u00e4hrend einer Pause auf einer flugs aus dem M\u00fcll gefischten Papiert\u00fcte fest: ein vollst\u00e4ndig in Schwarz gehaltener Look, eine tiefe und flach geduckte Silhouette, Gussr\u00e4der, ein Drag-Style-Lenker und wenige dezent orangerote Details \u2013 die FXB Sturgis war geboren und deb\u00fctierte 1980 am Markt. Das B in ihrem Typk\u00fcrzel stand f\u00fcr \u201eBelt\u201c und ihr Twin-Belt-System mit Hightech-Materialien kam sp\u00e4ter auch in der Low Rider und der Disc Glide zum Einsatz. Mit dem Deb\u00fct des Evolution-Motors im Jahr 1984 hielt der Sekund\u00e4rantrieb mittels Zahnriemen allm\u00e4hlich in allen Harley-Baureihen Einzug. Nach den Touring-, FX\/R- und Softail-Typen stattete die Motor Company 1991 auch ausgew\u00e4hlte Sportster-Modelle mit Zahnriemen aus und seit 1993 rotieren alle Harley-Hinterr\u00e4der an Riemen. Letztere wurden im Laufe der Jahre noch schlanker und rei\u00dffester \u2013 Kevlarverst\u00e4rkung und mit Polyurethan ummantelte Aramidfasern machen\u2019s m\u00f6glich.<\/p>\n<figure id=\"attachment_89570\" aria-describedby=\"caption-attachment-89570\" style=\"width: 1440px\" class=\"wp-caption aligncenter\"><img decoding=\"async\" class=\"size-full wp-image-89570\" src=\"https:\/\/spanienaktuell.net\/wordpress\/wp-content\/uploads\/2020\/07\/18_LiveWire_17.jpg\" alt=\"\" width=\"1440\" height=\"960\" srcset=\"https:\/\/spanienaktuell.net\/wordpress\/wp-content\/uploads\/2020\/07\/18_LiveWire_17.jpg 1440w, https:\/\/spanienaktuell.net\/wordpress\/wp-content\/uploads\/2020\/07\/18_LiveWire_17-300x200.jpg 300w, https:\/\/spanienaktuell.net\/wordpress\/wp-content\/uploads\/2020\/07\/18_LiveWire_17-768x512.jpg 768w, https:\/\/spanienaktuell.net\/wordpress\/wp-content\/uploads\/2020\/07\/18_LiveWire_17-1024x683.jpg 1024w\" sizes=\"(max-width: 1440px) 100vw, 1440px\" \/><figcaption id=\"caption-attachment-89570\" class=\"wp-caption-text\">Fotos: Harley-Davidson \u00a9 LiveWire&#x2122;<\/figcaption><\/figure>\n<p>L\u00e4ngst gilt der Zahnriemen unter Kennern als \u201edie\u201c Alternative zu Kette und Kardan, denn er ist leise, sauber, nahezu wartungsfrei und punktet mit einer sehr langen Lebensdauer. Das l\u00e4stige Rasseln, Reinigen, Nachspannen und Fetten einer Kette sowie die damit verbundene \u00d6lschmiere am Bike entfallen ebenso wie die schwergewichtigen Bauteile eines Kardans, die ebenfalls der Schmierung und Wartung bed\u00fcrfen. Unsch\u00f6ne Lastwechselreaktionen kommen erst gar nicht auf, da der Riemenantrieb spielfrei verbaut wird und eine hohe Elastizit\u00e4t aufweist. Dar\u00fcber hinaus ist sein Wirkungsgrad enorm hoch \u2013 ein klarer Vorteil gegen\u00fcber dem Kardan.<\/p>\n<p>Wer sich selbst ein Bild machen will, besucht einfach den n\u00e4chstgelegenen Harley-Davidson-Vertragsh\u00e4ndler, bucht eine Probefahrt auf einer der 2020er-Harleys und genie\u00dft eine Technik, die seit nunmehr 40 Jahren ebenso unauff\u00e4llig wie effizient ist. Weitere Informationen auf <strong>www.harley-davidson.com<\/strong><\/p>\n<p>Quelle: Harley-Davidson Germany GmbH<\/p>\n","protected":false},"excerpt":{"rendered":"<p>Der Zahnriemen am Heck feiert bei Harley-Davidson seinen 40. Geburtstag Die Sturgis war die erste serienm\u00e4\u00dfige Harley mit Zahnriemen-Sekund\u00e4rantrieb Seit [&hellip;]<\/p>\n","protected":false},"author":3,"featured_media":89567,"comment_status":"closed","ping_status":"closed","sticky":false,"template":"","format":"standard","meta":{"footnotes":""},"categories":[27],"tags":[],"class_list":["post-89566","post","type-post","status-publish","format-standard","has-post-thumbnail","hentry","category-motor"],"yoast_head":"<!-- This site is optimized with the Yoast SEO plugin v27.1.1 - https:\/\/yoast.com\/product\/yoast-seo-wordpress\/ -->\n<title>Am Riemen gerissen - Spanien aktuell<\/title>\n<meta name=\"robots\" content=\"index, follow, max-snippet:-1, max-image-preview:large, max-video-preview:-1\" \/>\n<link rel=\"canonical\" href=\"https:\/\/spanienaktuell.net\/wordpress\/am-riemen-gerissen\/\" \/>\n<meta property=\"og:locale\" content=\"es_ES\" \/>\n<meta property=\"og:type\" content=\"article\" \/>\n<meta property=\"og:title\" content=\"Am Riemen gerissen - Spanien aktuell\" \/>\n<meta property=\"og:description\" content=\"Der Zahnriemen am Heck feiert bei Harley-Davidson seinen 40. Geburtstag Die Sturgis war die erste serienm\u00e4\u00dfige Harley mit Zahnriemen-Sekund\u00e4rantrieb Seit [&hellip;]\" \/>\n<meta property=\"og:url\" content=\"https:\/\/spanienaktuell.net\/wordpress\/am-riemen-gerissen\/\" \/>\n<meta property=\"og:site_name\" content=\"Spanien aktuell\" \/>\n<meta property=\"article:published_time\" content=\"2020-07-31T12:50:31+00:00\" \/>\n<meta property=\"og:image\" content=\"https:\/\/spanienaktuell.net\/wordpress\/wp-content\/uploads\/2020\/07\/500_500.gif\" \/>\n\t<meta property=\"og:image:width\" content=\"500\" \/>\n\t<meta property=\"og:image:height\" content=\"375\" \/>\n\t<meta property=\"og:image:type\" content=\"image\/gif\" \/>\n<meta name=\"author\" content=\"Spanien Aktuell\" \/>\n<meta name=\"twitter:card\" content=\"summary_large_image\" \/>\n<meta name=\"twitter:label1\" content=\"Escrito por\" \/>\n\t<meta name=\"twitter:data1\" content=\"Spanien Aktuell\" \/>\n\t<meta name=\"twitter:label2\" content=\"Tiempo de lectura\" \/>\n\t<meta name=\"twitter:data2\" content=\"4 minutos\" \/>\n<script type=\"application\/ld+json\" class=\"yoast-schema-graph\">{\"@context\":\"https:\/\/schema.org\",\"@graph\":[{\"@type\":\"Article\",\"@id\":\"https:\/\/spanienaktuell.net\/wordpress\/am-riemen-gerissen\/#article\",\"isPartOf\":{\"@id\":\"https:\/\/spanienaktuell.net\/wordpress\/am-riemen-gerissen\/\"},\"author\":{\"name\":\"Spanien Aktuell\",\"@id\":\"https:\/\/spanienaktuell.net\/wordpress\/#\/schema\/person\/bc410cfae0161b201d837ebfeeba7fd0\"},\"headline\":\"Am Riemen gerissen\",\"datePublished\":\"2020-07-31T12:50:31+00:00\",\"mainEntityOfPage\":{\"@id\":\"https:\/\/spanienaktuell.net\/wordpress\/am-riemen-gerissen\/\"},\"wordCount\":773,\"publisher\":{\"@id\":\"https:\/\/spanienaktuell.net\/wordpress\/#organization\"},\"image\":{\"@id\":\"https:\/\/spanienaktuell.net\/wordpress\/am-riemen-gerissen\/#primaryimage\"},\"thumbnailUrl\":\"https:\/\/spanienaktuell.net\/wordpress\/wp-content\/uploads\/2020\/07\/500_500.gif\",\"articleSection\":[\"Motor\"],\"inLanguage\":\"es\"},{\"@type\":\"WebPage\",\"@id\":\"https:\/\/spanienaktuell.net\/wordpress\/am-riemen-gerissen\/\",\"url\":\"https:\/\/spanienaktuell.net\/wordpress\/am-riemen-gerissen\/\",\"name\":\"Am Riemen gerissen - Spanien aktuell\",\"isPartOf\":{\"@id\":\"https:\/\/spanienaktuell.net\/wordpress\/#website\"},\"primaryImageOfPage\":{\"@id\":\"https:\/\/spanienaktuell.net\/wordpress\/am-riemen-gerissen\/#primaryimage\"},\"image\":{\"@id\":\"https:\/\/spanienaktuell.net\/wordpress\/am-riemen-gerissen\/#primaryimage\"},\"thumbnailUrl\":\"https:\/\/spanienaktuell.net\/wordpress\/wp-content\/uploads\/2020\/07\/500_500.gif\",\"datePublished\":\"2020-07-31T12:50:31+00:00\",\"breadcrumb\":{\"@id\":\"https:\/\/spanienaktuell.net\/wordpress\/am-riemen-gerissen\/#breadcrumb\"},\"inLanguage\":\"es\",\"potentialAction\":[{\"@type\":\"ReadAction\",\"target\":[\"https:\/\/spanienaktuell.net\/wordpress\/am-riemen-gerissen\/\"]}]},{\"@type\":\"ImageObject\",\"inLanguage\":\"es\",\"@id\":\"https:\/\/spanienaktuell.net\/wordpress\/am-riemen-gerissen\/#primaryimage\",\"url\":\"https:\/\/spanienaktuell.net\/wordpress\/wp-content\/uploads\/2020\/07\/500_500.gif\",\"contentUrl\":\"https:\/\/spanienaktuell.net\/wordpress\/wp-content\/uploads\/2020\/07\/500_500.gif\",\"width\":500,\"height\":375},{\"@type\":\"BreadcrumbList\",\"@id\":\"https:\/\/spanienaktuell.net\/wordpress\/am-riemen-gerissen\/#breadcrumb\",\"itemListElement\":[{\"@type\":\"ListItem\",\"position\":1,\"name\":\"Portada\",\"item\":\"https:\/\/spanienaktuell.net\/wordpress\/\"},{\"@type\":\"ListItem\",\"position\":2,\"name\":\"Am Riemen gerissen\"}]},{\"@type\":\"WebSite\",\"@id\":\"https:\/\/spanienaktuell.net\/wordpress\/#website\",\"url\":\"https:\/\/spanienaktuell.net\/wordpress\/\",\"name\":\"Spanien aktuell\",\"description\":\"The German magazine number 1 on the Costa del Sol\",\"publisher\":{\"@id\":\"https:\/\/spanienaktuell.net\/wordpress\/#organization\"},\"potentialAction\":[{\"@type\":\"SearchAction\",\"target\":{\"@type\":\"EntryPoint\",\"urlTemplate\":\"https:\/\/spanienaktuell.net\/wordpress\/?s={search_term_string}\"},\"query-input\":{\"@type\":\"PropertyValueSpecification\",\"valueRequired\":true,\"valueName\":\"search_term_string\"}}],\"inLanguage\":\"es\"},{\"@type\":\"Organization\",\"@id\":\"https:\/\/spanienaktuell.net\/wordpress\/#organization\",\"name\":\"Spanien aktuell\",\"url\":\"https:\/\/spanienaktuell.net\/wordpress\/\",\"logo\":{\"@type\":\"ImageObject\",\"inLanguage\":\"es\",\"@id\":\"https:\/\/spanienaktuell.net\/wordpress\/#\/schema\/logo\/image\/\",\"url\":\"https:\/\/spanienaktuell.net\/wordpress\/wp-content\/uploads\/2019\/06\/cropped-Logo-spanien-aktuell-png-web-e1561631085388.png\",\"contentUrl\":\"https:\/\/spanienaktuell.net\/wordpress\/wp-content\/uploads\/2019\/06\/cropped-Logo-spanien-aktuell-png-web-e1561631085388.png\",\"width\":512,\"height\":110,\"caption\":\"Spanien aktuell\"},\"image\":{\"@id\":\"https:\/\/spanienaktuell.net\/wordpress\/#\/schema\/logo\/image\/\"}},{\"@type\":\"Person\",\"@id\":\"https:\/\/spanienaktuell.net\/wordpress\/#\/schema\/person\/bc410cfae0161b201d837ebfeeba7fd0\",\"name\":\"Spanien Aktuell\",\"image\":{\"@type\":\"ImageObject\",\"inLanguage\":\"es\",\"@id\":\"https:\/\/spanienaktuell.net\/wordpress\/#\/schema\/person\/image\/\",\"url\":\"https:\/\/spanienaktuell.net\/wordpress\/wp-content\/uploads\/2019\/06\/cropped-Logo-spanien-aktuell-png-fav2-100x100.png\",\"contentUrl\":\"https:\/\/spanienaktuell.net\/wordpress\/wp-content\/uploads\/2019\/06\/cropped-Logo-spanien-aktuell-png-fav2-100x100.png\",\"caption\":\"Spanien Aktuell\"},\"url\":\"https:\/\/spanienaktuell.net\/wordpress\/author\/koalum\/\"}]}<\/script>\n<!-- \/ Yoast SEO plugin. -->","yoast_head_json":{"title":"Am Riemen gerissen - Spanien aktuell","robots":{"index":"index","follow":"follow","max-snippet":"max-snippet:-1","max-image-preview":"max-image-preview:large","max-video-preview":"max-video-preview:-1"},"canonical":"https:\/\/spanienaktuell.net\/wordpress\/am-riemen-gerissen\/","og_locale":"es_ES","og_type":"article","og_title":"Am Riemen gerissen - Spanien aktuell","og_description":"Der Zahnriemen am Heck feiert bei Harley-Davidson seinen 40. Geburtstag Die Sturgis war die erste serienm\u00e4\u00dfige Harley mit Zahnriemen-Sekund\u00e4rantrieb Seit [&hellip;]","og_url":"https:\/\/spanienaktuell.net\/wordpress\/am-riemen-gerissen\/","og_site_name":"Spanien aktuell","article_published_time":"2020-07-31T12:50:31+00:00","og_image":[{"width":500,"height":375,"url":"https:\/\/spanienaktuell.net\/wordpress\/wp-content\/uploads\/2020\/07\/500_500.gif","type":"image\/gif"}],"author":"Spanien Aktuell","twitter_card":"summary_large_image","twitter_misc":{"Escrito por":"Spanien Aktuell","Tiempo de lectura":"4 minutos"},"schema":{"@context":"https:\/\/schema.org","@graph":[{"@type":"Article","@id":"https:\/\/spanienaktuell.net\/wordpress\/am-riemen-gerissen\/#article","isPartOf":{"@id":"https:\/\/spanienaktuell.net\/wordpress\/am-riemen-gerissen\/"},"author":{"name":"Spanien Aktuell","@id":"https:\/\/spanienaktuell.net\/wordpress\/#\/schema\/person\/bc410cfae0161b201d837ebfeeba7fd0"},"headline":"Am Riemen gerissen","datePublished":"2020-07-31T12:50:31+00:00","mainEntityOfPage":{"@id":"https:\/\/spanienaktuell.net\/wordpress\/am-riemen-gerissen\/"},"wordCount":773,"publisher":{"@id":"https:\/\/spanienaktuell.net\/wordpress\/#organization"},"image":{"@id":"https:\/\/spanienaktuell.net\/wordpress\/am-riemen-gerissen\/#primaryimage"},"thumbnailUrl":"https:\/\/spanienaktuell.net\/wordpress\/wp-content\/uploads\/2020\/07\/500_500.gif","articleSection":["Motor"],"inLanguage":"es"},{"@type":"WebPage","@id":"https:\/\/spanienaktuell.net\/wordpress\/am-riemen-gerissen\/","url":"https:\/\/spanienaktuell.net\/wordpress\/am-riemen-gerissen\/","name":"Am Riemen gerissen - Spanien aktuell","isPartOf":{"@id":"https:\/\/spanienaktuell.net\/wordpress\/#website"},"primaryImageOfPage":{"@id":"https:\/\/spanienaktuell.net\/wordpress\/am-riemen-gerissen\/#primaryimage"},"image":{"@id":"https:\/\/spanienaktuell.net\/wordpress\/am-riemen-gerissen\/#primaryimage"},"thumbnailUrl":"https:\/\/spanienaktuell.net\/wordpress\/wp-content\/uploads\/2020\/07\/500_500.gif","datePublished":"2020-07-31T12:50:31+00:00","breadcrumb":{"@id":"https:\/\/spanienaktuell.net\/wordpress\/am-riemen-gerissen\/#breadcrumb"},"inLanguage":"es","potentialAction":[{"@type":"ReadAction","target":["https:\/\/spanienaktuell.net\/wordpress\/am-riemen-gerissen\/"]}]},{"@type":"ImageObject","inLanguage":"es","@id":"https:\/\/spanienaktuell.net\/wordpress\/am-riemen-gerissen\/#primaryimage","url":"https:\/\/spanienaktuell.net\/wordpress\/wp-content\/uploads\/2020\/07\/500_500.gif","contentUrl":"https:\/\/spanienaktuell.net\/wordpress\/wp-content\/uploads\/2020\/07\/500_500.gif","width":500,"height":375},{"@type":"BreadcrumbList","@id":"https:\/\/spanienaktuell.net\/wordpress\/am-riemen-gerissen\/#breadcrumb","itemListElement":[{"@type":"ListItem","position":1,"name":"Portada","item":"https:\/\/spanienaktuell.net\/wordpress\/"},{"@type":"ListItem","position":2,"name":"Am Riemen gerissen"}]},{"@type":"WebSite","@id":"https:\/\/spanienaktuell.net\/wordpress\/#website","url":"https:\/\/spanienaktuell.net\/wordpress\/","name":"Spanien aktuell","description":"The German magazine number 1 on the Costa del Sol","publisher":{"@id":"https:\/\/spanienaktuell.net\/wordpress\/#organization"},"potentialAction":[{"@type":"SearchAction","target":{"@type":"EntryPoint","urlTemplate":"https:\/\/spanienaktuell.net\/wordpress\/?s={search_term_string}"},"query-input":{"@type":"PropertyValueSpecification","valueRequired":true,"valueName":"search_term_string"}}],"inLanguage":"es"},{"@type":"Organization","@id":"https:\/\/spanienaktuell.net\/wordpress\/#organization","name":"Spanien aktuell","url":"https:\/\/spanienaktuell.net\/wordpress\/","logo":{"@type":"ImageObject","inLanguage":"es","@id":"https:\/\/spanienaktuell.net\/wordpress\/#\/schema\/logo\/image\/","url":"https:\/\/spanienaktuell.net\/wordpress\/wp-content\/uploads\/2019\/06\/cropped-Logo-spanien-aktuell-png-web-e1561631085388.png","contentUrl":"https:\/\/spanienaktuell.net\/wordpress\/wp-content\/uploads\/2019\/06\/cropped-Logo-spanien-aktuell-png-web-e1561631085388.png","width":512,"height":110,"caption":"Spanien aktuell"},"image":{"@id":"https:\/\/spanienaktuell.net\/wordpress\/#\/schema\/logo\/image\/"}},{"@type":"Person","@id":"https:\/\/spanienaktuell.net\/wordpress\/#\/schema\/person\/bc410cfae0161b201d837ebfeeba7fd0","name":"Spanien Aktuell","image":{"@type":"ImageObject","inLanguage":"es","@id":"https:\/\/spanienaktuell.net\/wordpress\/#\/schema\/person\/image\/","url":"https:\/\/spanienaktuell.net\/wordpress\/wp-content\/uploads\/2019\/06\/cropped-Logo-spanien-aktuell-png-fav2-100x100.png","contentUrl":"https:\/\/spanienaktuell.net\/wordpress\/wp-content\/uploads\/2019\/06\/cropped-Logo-spanien-aktuell-png-fav2-100x100.png","caption":"Spanien Aktuell"},"url":"https:\/\/spanienaktuell.net\/wordpress\/author\/koalum\/"}]}},"_links":{"self":[{"href":"https:\/\/spanienaktuell.net\/wordpress\/wp-json\/wp\/v2\/posts\/89566","targetHints":{"allow":["GET"]}}],"collection":[{"href":"https:\/\/spanienaktuell.net\/wordpress\/wp-json\/wp\/v2\/posts"}],"about":[{"href":"https:\/\/spanienaktuell.net\/wordpress\/wp-json\/wp\/v2\/types\/post"}],"author":[{"embeddable":true,"href":"https:\/\/spanienaktuell.net\/wordpress\/wp-json\/wp\/v2\/users\/3"}],"replies":[{"embeddable":true,"href":"https:\/\/spanienaktuell.net\/wordpress\/wp-json\/wp\/v2\/comments?post=89566"}],"version-history":[{"count":1,"href":"https:\/\/spanienaktuell.net\/wordpress\/wp-json\/wp\/v2\/posts\/89566\/revisions"}],"predecessor-version":[{"id":89574,"href":"https:\/\/spanienaktuell.net\/wordpress\/wp-json\/wp\/v2\/posts\/89566\/revisions\/89574"}],"wp:featuredmedia":[{"embeddable":true,"href":"https:\/\/spanienaktuell.net\/wordpress\/wp-json\/wp\/v2\/media\/89567"}],"wp:attachment":[{"href":"https:\/\/spanienaktuell.net\/wordpress\/wp-json\/wp\/v2\/media?parent=89566"}],"wp:term":[{"taxonomy":"category","embeddable":true,"href":"https:\/\/spanienaktuell.net\/wordpress\/wp-json\/wp\/v2\/categories?post=89566"},{"taxonomy":"post_tag","embeddable":true,"href":"https:\/\/spanienaktuell.net\/wordpress\/wp-json\/wp\/v2\/tags?post=89566"}],"curies":[{"name":"wp","href":"https:\/\/api.w.org\/{rel}","templated":true}]}}