{"id":89581,"date":"2020-07-31T13:02:53","date_gmt":"2020-07-31T13:02:53","guid":{"rendered":"https:\/\/spanienaktuell.net\/wordpress\/?p=89581"},"modified":"2020-07-31T13:02:53","modified_gmt":"2020-07-31T13:02:53","slug":"outdoor-sport-mit-horsystem-auf-die-einstellung-kommt-es-an","status":"publish","type":"post","link":"https:\/\/spanienaktuell.net\/wordpress\/outdoor-sport-mit-horsystem-auf-die-einstellung-kommt-es-an\/","title":{"rendered":"Outdoor-Sport mit H\u00f6rsystem &#8211; Auf die Einstellung kommt es an"},"content":{"rendered":"<p><em>Foto: Bundesinnung der H\u00f6rakustiker Kd\u00f6R-Fotograf: Copyright: biha \/ Olaf Malzahn<\/em><\/p>\n<p>Ob beim Radfahren, Schwimmen, Segeln, Yoga oder Laufen, der Sommer ist die Zeit, in der man sich mit Bewegung an der frischen Luft fit h\u00e4lt. Gerade nach einer Zeit, in der viele Menschen lange zuhause geblieben sind, zieht es viele nach drau\u00dfen ins Freie, um sich zu bewegen und endlich wieder sportlich aktiv zu werden. Wenn man dabei ein H\u00f6rsystem tr\u00e4gt, sind die Anforderungen an die hochentwickelten Mini-Computer im Ohr je nach Sportart recht unterschiedlich. Nicht jedes Modell eignet sich f\u00fcr jede Aktivit\u00e4t gleich gut. Die Ger\u00e4te unterscheiden sich in den Funktionen, beim Material, bei der Beschichtung oder der Befestigung. Beim ersten Beratungsgespr\u00e4ch mit dem H\u00f6rakustiker sollte darum gekl\u00e4rt werden, bei welchen Aktivit\u00e4ten das H\u00f6rsystem genutzt werden soll. So kann er eine passende L\u00f6sung vorschlagen, eine bestm\u00f6gliche Anpassung vornehmen und Tipps f\u00fcr den Einsatz beim Sport geben.<\/p>\n<p><strong>Windger\u00e4usche unterdr\u00fccken<\/strong><\/p>\n<p>Bei Bewegung im Freien verf\u00e4ngt sich der Wind mitunter in den Mikrofonen von H\u00f6rsystemen, die hinter dem Ohr sitzen, und hinterl\u00e4sst ein Rauschen im Ohr, das sogenannte Windger\u00e4usch. \u00abEs gibt bereits H\u00f6rsysteme mit Windger\u00e4uschunterdr\u00fcckung. Sie unterscheiden st\u00f6rende Windger\u00e4usche vom gew\u00fcnschten Sprachsignal, filtern sie und erm\u00f6glichen damit besseres H\u00f6ren von Stimmen, wenn man in der Natur unterwegs ist\u00bb, erkl\u00e4rt Marianne Frickel, Pr\u00e4sidentin der Bundesinnung f\u00fcr H\u00f6rakustiker (biha). \u00abDer H\u00f6rakustiker vor Ort kann H\u00f6rsysteme ganz individuell auf die Bed\u00fcrfnisse des Tr\u00e4gers einstellen\u00bb, so Frickel weiter.<\/p>\n<p>&nbsp;<\/p>\n<p><strong>Der richtige Halt ist entscheidend<\/strong><\/p>\n<p>Ob im Freien oder indoor, wer Sport treibt, m\u00f6chte gut h\u00f6ren und das H\u00f6rsystem auch bei bewegungsintensiven Sportarten nicht verlieren. Viele H\u00f6rsysteme haben bereits eine rutschfeste Oberfl\u00e4che und halten dadurch besonders gut im Ohr. Au\u00dferdem sorgt eine vom H\u00f6rakustiker individuell angepasste Otoplastik f\u00fcr einen festen Sitz. Mit einem Sport-Clip lassen sich die Hightech-Ger\u00e4te zus\u00e4tzlich hinter dem Ohr befestigen. Dass sie beim Sport unbemerkt verloren gehen, ist unwahrscheinlich. Aber keine Panik, falls es doch passiert: Wenn das Ger\u00e4t gefunden und bei einem H\u00f6rakustiker abgegeben wird, kann der Hersteller anhand der Seriennummer den Besitzer zuordnen. Daher sollte man gefundene H\u00f6rger\u00e4te auch immer bei einem H\u00f6rakustiker abgeben.<\/p>\n<p>&nbsp;<\/p>\n<p><strong>H\u00f6rsysteme vor Feuchtigkeit und N\u00e4sse sch\u00fctzen<\/strong><\/p>\n<p>Moderne H\u00f6rsysteme sind in der Regel spritzwassergesch\u00fctzt. Schwei\u00df oder zu viel N\u00e4sse k\u00f6nnen der Technik allerdings schaden, da durch \u00d6ffnungen an Mikrofon, H\u00f6rer und am Batteriefach Feuchtigkeit eindringen und die Elektronik angreifen kann. Ein Stirnband aus Frottee oder Spezialh\u00fcllen vom H\u00f6rakustiker k\u00f6nnen das H\u00f6rsystem sch\u00fctzen. Dar\u00fcber hinaus gibt es spezielle H\u00f6rsysteme, die wasserresistent sowie schmutz- und schwei\u00dfabweisend sind und sich daher besonders gut f\u00fcr sportliche Aktivit\u00e4ten eignen.<\/p>\n<p><strong>\u00a0<\/strong><\/p>\n<p><strong>Spezielle L\u00f6sungen f\u00fcr Schwimmsportler<\/strong><\/p>\n<p>F\u00fcr Schwimmer gibt es Modelle mit einer Spezial-Beschichtung. Diese sind au\u00dferdem an den \u00d6ffnungen mit einer Membran versehen, die zwar Wasser abh\u00e4lt, Schallwellen jedoch ausreichend weiterleitet. Auch ein Untertauchen ist m\u00f6glich, denn solche wasserdichten H\u00f6rsysteme halten sogar in mehreren Metern Wassertiefe.<\/p>\n<p>&nbsp;<\/p>\n<p><strong>Pflege f\u00fcr das H\u00f6rger\u00e4t<\/strong><\/p>\n<p>Am Ende eines sportlichen Tages sollten H\u00f6rsysteme in eine Trockenbox gelegt werden. So kann \u00fcber Nacht das H\u00f6rsystem zuverl\u00e4ssig getrocknet werden. Um die Lebensdauer der Batterie des H\u00f6rsystems nicht zu verk\u00fcrzen, sollte man zuvor das Batteriefach \u00f6ffnen und die Batterien herausnehmen.<\/p>\n<p>Weitere Infos rund um gutes H\u00f6ren und die H\u00f6rsystemversorgung finden sich auf der neutralen Service-Seite <a href=\"http:\/\/www.richtig-gut-hoeren.de\">www.richtig-gut-hoeren.de<\/a><\/p>\n<p>Quelle: Bundesinnung der H\u00f6rakustiker Kd\u00f6R<\/p>\n","protected":false},"excerpt":{"rendered":"<p>Foto: Bundesinnung der H\u00f6rakustiker Kd\u00f6R-Fotograf: Copyright: biha \/ Olaf Malzahn Ob beim Radfahren, Schwimmen, Segeln, Yoga oder Laufen, der Sommer [&hellip;]<\/p>\n","protected":false},"author":3,"featured_media":89582,"comment_status":"closed","ping_status":"closed","sticky":false,"template":"","format":"standard","meta":{"footnotes":""},"categories":[20],"tags":[],"class_list":["post-89581","post","type-post","status-publish","format-standard","has-post-thumbnail","hentry","category-beauty-gesundheit"],"yoast_head":"<!-- This site is optimized with the Yoast SEO plugin v27.1.1 - https:\/\/yoast.com\/product\/yoast-seo-wordpress\/ -->\n<title>Outdoor-Sport mit H\u00f6rsystem - Auf die Einstellung kommt es an - Spanien aktuell<\/title>\n<meta name=\"robots\" content=\"index, follow, max-snippet:-1, max-image-preview:large, max-video-preview:-1\" \/>\n<link rel=\"canonical\" href=\"https:\/\/spanienaktuell.net\/wordpress\/outdoor-sport-mit-horsystem-auf-die-einstellung-kommt-es-an\/\" \/>\n<meta property=\"og:locale\" content=\"es_ES\" \/>\n<meta property=\"og:type\" content=\"article\" \/>\n<meta property=\"og:title\" content=\"Outdoor-Sport mit H\u00f6rsystem - Auf die Einstellung kommt es an - Spanien aktuell\" \/>\n<meta property=\"og:description\" content=\"Foto: Bundesinnung der H\u00f6rakustiker Kd\u00f6R-Fotograf: Copyright: biha \/ Olaf Malzahn Ob beim Radfahren, Schwimmen, Segeln, Yoga oder Laufen, der Sommer [&hellip;]\" \/>\n<meta property=\"og:url\" content=\"https:\/\/spanienaktuell.net\/wordpress\/outdoor-sport-mit-horsystem-auf-die-einstellung-kommt-es-an\/\" \/>\n<meta property=\"og:site_name\" content=\"Spanien aktuell\" \/>\n<meta property=\"article:published_time\" content=\"2020-07-31T13:02:53+00:00\" \/>\n<meta property=\"og:image\" content=\"https:\/\/spanienaktuell.net\/wordpress\/wp-content\/uploads\/2020\/07\/FOTOBU1.jpg\" \/>\n\t<meta property=\"og:image:width\" content=\"1440\" \/>\n\t<meta property=\"og:image:height\" content=\"958\" \/>\n\t<meta property=\"og:image:type\" content=\"image\/jpeg\" \/>\n<meta name=\"author\" content=\"Spanien Aktuell\" \/>\n<meta name=\"twitter:card\" content=\"summary_large_image\" \/>\n<meta name=\"twitter:label1\" content=\"Escrito por\" \/>\n\t<meta name=\"twitter:data1\" content=\"Spanien Aktuell\" \/>\n\t<meta name=\"twitter:label2\" content=\"Tiempo de lectura\" \/>\n\t<meta name=\"twitter:data2\" content=\"3 minutos\" \/>\n<script type=\"application\/ld+json\" class=\"yoast-schema-graph\">{\"@context\":\"https:\/\/schema.org\",\"@graph\":[{\"@type\":\"Article\",\"@id\":\"https:\/\/spanienaktuell.net\/wordpress\/outdoor-sport-mit-horsystem-auf-die-einstellung-kommt-es-an\/#article\",\"isPartOf\":{\"@id\":\"https:\/\/spanienaktuell.net\/wordpress\/outdoor-sport-mit-horsystem-auf-die-einstellung-kommt-es-an\/\"},\"author\":{\"name\":\"Spanien Aktuell\",\"@id\":\"https:\/\/spanienaktuell.net\/wordpress\/#\/schema\/person\/bc410cfae0161b201d837ebfeeba7fd0\"},\"headline\":\"Outdoor-Sport mit H\u00f6rsystem &#8211; Auf die Einstellung kommt es an\",\"datePublished\":\"2020-07-31T13:02:53+00:00\",\"mainEntityOfPage\":{\"@id\":\"https:\/\/spanienaktuell.net\/wordpress\/outdoor-sport-mit-horsystem-auf-die-einstellung-kommt-es-an\/\"},\"wordCount\":631,\"publisher\":{\"@id\":\"https:\/\/spanienaktuell.net\/wordpress\/#organization\"},\"image\":{\"@id\":\"https:\/\/spanienaktuell.net\/wordpress\/outdoor-sport-mit-horsystem-auf-die-einstellung-kommt-es-an\/#primaryimage\"},\"thumbnailUrl\":\"https:\/\/spanienaktuell.net\/wordpress\/wp-content\/uploads\/2020\/07\/FOTOBU1.jpg\",\"articleSection\":[\"Gesundheit\"],\"inLanguage\":\"es\"},{\"@type\":\"WebPage\",\"@id\":\"https:\/\/spanienaktuell.net\/wordpress\/outdoor-sport-mit-horsystem-auf-die-einstellung-kommt-es-an\/\",\"url\":\"https:\/\/spanienaktuell.net\/wordpress\/outdoor-sport-mit-horsystem-auf-die-einstellung-kommt-es-an\/\",\"name\":\"Outdoor-Sport mit H\u00f6rsystem - Auf die Einstellung kommt es an - Spanien aktuell\",\"isPartOf\":{\"@id\":\"https:\/\/spanienaktuell.net\/wordpress\/#website\"},\"primaryImageOfPage\":{\"@id\":\"https:\/\/spanienaktuell.net\/wordpress\/outdoor-sport-mit-horsystem-auf-die-einstellung-kommt-es-an\/#primaryimage\"},\"image\":{\"@id\":\"https:\/\/spanienaktuell.net\/wordpress\/outdoor-sport-mit-horsystem-auf-die-einstellung-kommt-es-an\/#primaryimage\"},\"thumbnailUrl\":\"https:\/\/spanienaktuell.net\/wordpress\/wp-content\/uploads\/2020\/07\/FOTOBU1.jpg\",\"datePublished\":\"2020-07-31T13:02:53+00:00\",\"breadcrumb\":{\"@id\":\"https:\/\/spanienaktuell.net\/wordpress\/outdoor-sport-mit-horsystem-auf-die-einstellung-kommt-es-an\/#breadcrumb\"},\"inLanguage\":\"es\",\"potentialAction\":[{\"@type\":\"ReadAction\",\"target\":[\"https:\/\/spanienaktuell.net\/wordpress\/outdoor-sport-mit-horsystem-auf-die-einstellung-kommt-es-an\/\"]}]},{\"@type\":\"ImageObject\",\"inLanguage\":\"es\",\"@id\":\"https:\/\/spanienaktuell.net\/wordpress\/outdoor-sport-mit-horsystem-auf-die-einstellung-kommt-es-an\/#primaryimage\",\"url\":\"https:\/\/spanienaktuell.net\/wordpress\/wp-content\/uploads\/2020\/07\/FOTOBU1.jpg\",\"contentUrl\":\"https:\/\/spanienaktuell.net\/wordpress\/wp-content\/uploads\/2020\/07\/FOTOBU1.jpg\",\"width\":1440,\"height\":958,\"caption\":\"Foto: Bundesinnung der H\u00f6rakustiker Kd\u00f6R-Fotograf: Copyright: biha \/ Olaf Malzahn\"},{\"@type\":\"BreadcrumbList\",\"@id\":\"https:\/\/spanienaktuell.net\/wordpress\/outdoor-sport-mit-horsystem-auf-die-einstellung-kommt-es-an\/#breadcrumb\",\"itemListElement\":[{\"@type\":\"ListItem\",\"position\":1,\"name\":\"Portada\",\"item\":\"https:\/\/spanienaktuell.net\/wordpress\/\"},{\"@type\":\"ListItem\",\"position\":2,\"name\":\"Outdoor-Sport mit H\u00f6rsystem &#8211; Auf die Einstellung kommt es an\"}]},{\"@type\":\"WebSite\",\"@id\":\"https:\/\/spanienaktuell.net\/wordpress\/#website\",\"url\":\"https:\/\/spanienaktuell.net\/wordpress\/\",\"name\":\"Spanien aktuell\",\"description\":\"The German magazine number 1 on the Costa del Sol\",\"publisher\":{\"@id\":\"https:\/\/spanienaktuell.net\/wordpress\/#organization\"},\"potentialAction\":[{\"@type\":\"SearchAction\",\"target\":{\"@type\":\"EntryPoint\",\"urlTemplate\":\"https:\/\/spanienaktuell.net\/wordpress\/?s={search_term_string}\"},\"query-input\":{\"@type\":\"PropertyValueSpecification\",\"valueRequired\":true,\"valueName\":\"search_term_string\"}}],\"inLanguage\":\"es\"},{\"@type\":\"Organization\",\"@id\":\"https:\/\/spanienaktuell.net\/wordpress\/#organization\",\"name\":\"Spanien aktuell\",\"url\":\"https:\/\/spanienaktuell.net\/wordpress\/\",\"logo\":{\"@type\":\"ImageObject\",\"inLanguage\":\"es\",\"@id\":\"https:\/\/spanienaktuell.net\/wordpress\/#\/schema\/logo\/image\/\",\"url\":\"https:\/\/spanienaktuell.net\/wordpress\/wp-content\/uploads\/2019\/06\/cropped-Logo-spanien-aktuell-png-web-e1561631085388.png\",\"contentUrl\":\"https:\/\/spanienaktuell.net\/wordpress\/wp-content\/uploads\/2019\/06\/cropped-Logo-spanien-aktuell-png-web-e1561631085388.png\",\"width\":512,\"height\":110,\"caption\":\"Spanien aktuell\"},\"image\":{\"@id\":\"https:\/\/spanienaktuell.net\/wordpress\/#\/schema\/logo\/image\/\"}},{\"@type\":\"Person\",\"@id\":\"https:\/\/spanienaktuell.net\/wordpress\/#\/schema\/person\/bc410cfae0161b201d837ebfeeba7fd0\",\"name\":\"Spanien Aktuell\",\"image\":{\"@type\":\"ImageObject\",\"inLanguage\":\"es\",\"@id\":\"https:\/\/spanienaktuell.net\/wordpress\/#\/schema\/person\/image\/\",\"url\":\"https:\/\/spanienaktuell.net\/wordpress\/wp-content\/uploads\/2019\/06\/cropped-Logo-spanien-aktuell-png-fav2-100x100.png\",\"contentUrl\":\"https:\/\/spanienaktuell.net\/wordpress\/wp-content\/uploads\/2019\/06\/cropped-Logo-spanien-aktuell-png-fav2-100x100.png\",\"caption\":\"Spanien Aktuell\"},\"url\":\"https:\/\/spanienaktuell.net\/wordpress\/author\/koalum\/\"}]}<\/script>\n<!-- \/ Yoast SEO plugin. -->","yoast_head_json":{"title":"Outdoor-Sport mit H\u00f6rsystem - Auf die Einstellung kommt es an - Spanien aktuell","robots":{"index":"index","follow":"follow","max-snippet":"max-snippet:-1","max-image-preview":"max-image-preview:large","max-video-preview":"max-video-preview:-1"},"canonical":"https:\/\/spanienaktuell.net\/wordpress\/outdoor-sport-mit-horsystem-auf-die-einstellung-kommt-es-an\/","og_locale":"es_ES","og_type":"article","og_title":"Outdoor-Sport mit H\u00f6rsystem - Auf die Einstellung kommt es an - Spanien aktuell","og_description":"Foto: Bundesinnung der H\u00f6rakustiker Kd\u00f6R-Fotograf: Copyright: biha \/ Olaf Malzahn Ob beim Radfahren, Schwimmen, Segeln, Yoga oder Laufen, der Sommer [&hellip;]","og_url":"https:\/\/spanienaktuell.net\/wordpress\/outdoor-sport-mit-horsystem-auf-die-einstellung-kommt-es-an\/","og_site_name":"Spanien aktuell","article_published_time":"2020-07-31T13:02:53+00:00","og_image":[{"width":1440,"height":958,"url":"https:\/\/spanienaktuell.net\/wordpress\/wp-content\/uploads\/2020\/07\/FOTOBU1.jpg","type":"image\/jpeg"}],"author":"Spanien Aktuell","twitter_card":"summary_large_image","twitter_misc":{"Escrito por":"Spanien Aktuell","Tiempo de lectura":"3 minutos"},"schema":{"@context":"https:\/\/schema.org","@graph":[{"@type":"Article","@id":"https:\/\/spanienaktuell.net\/wordpress\/outdoor-sport-mit-horsystem-auf-die-einstellung-kommt-es-an\/#article","isPartOf":{"@id":"https:\/\/spanienaktuell.net\/wordpress\/outdoor-sport-mit-horsystem-auf-die-einstellung-kommt-es-an\/"},"author":{"name":"Spanien Aktuell","@id":"https:\/\/spanienaktuell.net\/wordpress\/#\/schema\/person\/bc410cfae0161b201d837ebfeeba7fd0"},"headline":"Outdoor-Sport mit H\u00f6rsystem &#8211; Auf die Einstellung kommt es an","datePublished":"2020-07-31T13:02:53+00:00","mainEntityOfPage":{"@id":"https:\/\/spanienaktuell.net\/wordpress\/outdoor-sport-mit-horsystem-auf-die-einstellung-kommt-es-an\/"},"wordCount":631,"publisher":{"@id":"https:\/\/spanienaktuell.net\/wordpress\/#organization"},"image":{"@id":"https:\/\/spanienaktuell.net\/wordpress\/outdoor-sport-mit-horsystem-auf-die-einstellung-kommt-es-an\/#primaryimage"},"thumbnailUrl":"https:\/\/spanienaktuell.net\/wordpress\/wp-content\/uploads\/2020\/07\/FOTOBU1.jpg","articleSection":["Gesundheit"],"inLanguage":"es"},{"@type":"WebPage","@id":"https:\/\/spanienaktuell.net\/wordpress\/outdoor-sport-mit-horsystem-auf-die-einstellung-kommt-es-an\/","url":"https:\/\/spanienaktuell.net\/wordpress\/outdoor-sport-mit-horsystem-auf-die-einstellung-kommt-es-an\/","name":"Outdoor-Sport mit H\u00f6rsystem - Auf die Einstellung kommt es an - Spanien aktuell","isPartOf":{"@id":"https:\/\/spanienaktuell.net\/wordpress\/#website"},"primaryImageOfPage":{"@id":"https:\/\/spanienaktuell.net\/wordpress\/outdoor-sport-mit-horsystem-auf-die-einstellung-kommt-es-an\/#primaryimage"},"image":{"@id":"https:\/\/spanienaktuell.net\/wordpress\/outdoor-sport-mit-horsystem-auf-die-einstellung-kommt-es-an\/#primaryimage"},"thumbnailUrl":"https:\/\/spanienaktuell.net\/wordpress\/wp-content\/uploads\/2020\/07\/FOTOBU1.jpg","datePublished":"2020-07-31T13:02:53+00:00","breadcrumb":{"@id":"https:\/\/spanienaktuell.net\/wordpress\/outdoor-sport-mit-horsystem-auf-die-einstellung-kommt-es-an\/#breadcrumb"},"inLanguage":"es","potentialAction":[{"@type":"ReadAction","target":["https:\/\/spanienaktuell.net\/wordpress\/outdoor-sport-mit-horsystem-auf-die-einstellung-kommt-es-an\/"]}]},{"@type":"ImageObject","inLanguage":"es","@id":"https:\/\/spanienaktuell.net\/wordpress\/outdoor-sport-mit-horsystem-auf-die-einstellung-kommt-es-an\/#primaryimage","url":"https:\/\/spanienaktuell.net\/wordpress\/wp-content\/uploads\/2020\/07\/FOTOBU1.jpg","contentUrl":"https:\/\/spanienaktuell.net\/wordpress\/wp-content\/uploads\/2020\/07\/FOTOBU1.jpg","width":1440,"height":958,"caption":"Foto: Bundesinnung der H\u00f6rakustiker Kd\u00f6R-Fotograf: Copyright: biha \/ Olaf Malzahn"},{"@type":"BreadcrumbList","@id":"https:\/\/spanienaktuell.net\/wordpress\/outdoor-sport-mit-horsystem-auf-die-einstellung-kommt-es-an\/#breadcrumb","itemListElement":[{"@type":"ListItem","position":1,"name":"Portada","item":"https:\/\/spanienaktuell.net\/wordpress\/"},{"@type":"ListItem","position":2,"name":"Outdoor-Sport mit H\u00f6rsystem &#8211; Auf die Einstellung kommt es an"}]},{"@type":"WebSite","@id":"https:\/\/spanienaktuell.net\/wordpress\/#website","url":"https:\/\/spanienaktuell.net\/wordpress\/","name":"Spanien aktuell","description":"The German magazine number 1 on the Costa del Sol","publisher":{"@id":"https:\/\/spanienaktuell.net\/wordpress\/#organization"},"potentialAction":[{"@type":"SearchAction","target":{"@type":"EntryPoint","urlTemplate":"https:\/\/spanienaktuell.net\/wordpress\/?s={search_term_string}"},"query-input":{"@type":"PropertyValueSpecification","valueRequired":true,"valueName":"search_term_string"}}],"inLanguage":"es"},{"@type":"Organization","@id":"https:\/\/spanienaktuell.net\/wordpress\/#organization","name":"Spanien aktuell","url":"https:\/\/spanienaktuell.net\/wordpress\/","logo":{"@type":"ImageObject","inLanguage":"es","@id":"https:\/\/spanienaktuell.net\/wordpress\/#\/schema\/logo\/image\/","url":"https:\/\/spanienaktuell.net\/wordpress\/wp-content\/uploads\/2019\/06\/cropped-Logo-spanien-aktuell-png-web-e1561631085388.png","contentUrl":"https:\/\/spanienaktuell.net\/wordpress\/wp-content\/uploads\/2019\/06\/cropped-Logo-spanien-aktuell-png-web-e1561631085388.png","width":512,"height":110,"caption":"Spanien aktuell"},"image":{"@id":"https:\/\/spanienaktuell.net\/wordpress\/#\/schema\/logo\/image\/"}},{"@type":"Person","@id":"https:\/\/spanienaktuell.net\/wordpress\/#\/schema\/person\/bc410cfae0161b201d837ebfeeba7fd0","name":"Spanien Aktuell","image":{"@type":"ImageObject","inLanguage":"es","@id":"https:\/\/spanienaktuell.net\/wordpress\/#\/schema\/person\/image\/","url":"https:\/\/spanienaktuell.net\/wordpress\/wp-content\/uploads\/2019\/06\/cropped-Logo-spanien-aktuell-png-fav2-100x100.png","contentUrl":"https:\/\/spanienaktuell.net\/wordpress\/wp-content\/uploads\/2019\/06\/cropped-Logo-spanien-aktuell-png-fav2-100x100.png","caption":"Spanien Aktuell"},"url":"https:\/\/spanienaktuell.net\/wordpress\/author\/koalum\/"}]}},"_links":{"self":[{"href":"https:\/\/spanienaktuell.net\/wordpress\/wp-json\/wp\/v2\/posts\/89581","targetHints":{"allow":["GET"]}}],"collection":[{"href":"https:\/\/spanienaktuell.net\/wordpress\/wp-json\/wp\/v2\/posts"}],"about":[{"href":"https:\/\/spanienaktuell.net\/wordpress\/wp-json\/wp\/v2\/types\/post"}],"author":[{"embeddable":true,"href":"https:\/\/spanienaktuell.net\/wordpress\/wp-json\/wp\/v2\/users\/3"}],"replies":[{"embeddable":true,"href":"https:\/\/spanienaktuell.net\/wordpress\/wp-json\/wp\/v2\/comments?post=89581"}],"version-history":[{"count":1,"href":"https:\/\/spanienaktuell.net\/wordpress\/wp-json\/wp\/v2\/posts\/89581\/revisions"}],"predecessor-version":[{"id":89586,"href":"https:\/\/spanienaktuell.net\/wordpress\/wp-json\/wp\/v2\/posts\/89581\/revisions\/89586"}],"wp:featuredmedia":[{"embeddable":true,"href":"https:\/\/spanienaktuell.net\/wordpress\/wp-json\/wp\/v2\/media\/89582"}],"wp:attachment":[{"href":"https:\/\/spanienaktuell.net\/wordpress\/wp-json\/wp\/v2\/media?parent=89581"}],"wp:term":[{"taxonomy":"category","embeddable":true,"href":"https:\/\/spanienaktuell.net\/wordpress\/wp-json\/wp\/v2\/categories?post=89581"},{"taxonomy":"post_tag","embeddable":true,"href":"https:\/\/spanienaktuell.net\/wordpress\/wp-json\/wp\/v2\/tags?post=89581"}],"curies":[{"name":"wp","href":"https:\/\/api.w.org\/{rel}","templated":true}]}}