{"id":89603,"date":"2020-07-31T13:30:20","date_gmt":"2020-07-31T13:30:20","guid":{"rendered":"https:\/\/spanienaktuell.net\/wordpress\/?p=89603"},"modified":"2020-07-31T14:48:54","modified_gmt":"2020-07-31T14:48:54","slug":"teil-ii-henny-und-toni-auf-reisen-eine-tour-ins-ostliche-andalusien-nach-almeria","status":"publish","type":"post","link":"https:\/\/spanienaktuell.net\/wordpress\/teil-ii-henny-und-toni-auf-reisen-eine-tour-ins-ostliche-andalusien-nach-almeria\/","title":{"rendered":"Teil II &#8211; Henny und Toni auf Reisen | Eine Tour ins \u00f6stliche Andalusien nach Almeria"},"content":{"rendered":"<p><em>Natur pur &#8211; soweit das Auge reicht \u2026Foto: Pixabay-PactoVisual<\/em><\/p>\n<p>Der Naturpark \u201eCabo de Gata\u201c liegt 25 km \u00f6stlich von Almer\u00eda und bietet dem Besucher eine anregende Abfolge von Eindr\u00fccken \u2013 wie z.B. die Sierra del Cabo de Gata, die Salinen, die welligen H\u00fcgel der Bucht von Almer\u00eda und einen breiten K\u00fcstenstreifen.<\/p>\n<figure id=\"attachment_89615\" aria-describedby=\"caption-attachment-89615\" style=\"width: 1440px\" class=\"wp-caption aligncenter\"><img decoding=\"async\" class=\"size-full wp-image-89615\" src=\"https:\/\/spanienaktuell.net\/wordpress\/wp-content\/uploads\/2020\/07\/\u00a9Artur-Kinzel-IMG_1063.jpg\" alt=\"\" width=\"1440\" height=\"1080\" srcset=\"https:\/\/spanienaktuell.net\/wordpress\/wp-content\/uploads\/2020\/07\/\u00a9Artur-Kinzel-IMG_1063.jpg 1440w, https:\/\/spanienaktuell.net\/wordpress\/wp-content\/uploads\/2020\/07\/\u00a9Artur-Kinzel-IMG_1063-300x225.jpg 300w, https:\/\/spanienaktuell.net\/wordpress\/wp-content\/uploads\/2020\/07\/\u00a9Artur-Kinzel-IMG_1063-768x576.jpg 768w, https:\/\/spanienaktuell.net\/wordpress\/wp-content\/uploads\/2020\/07\/\u00a9Artur-Kinzel-IMG_1063-1024x768.jpg 1024w\" sizes=\"(max-width: 1440px) 100vw, 1440px\" \/><figcaption id=\"caption-attachment-89615\" class=\"wp-caption-text\">\u00a9 Artur Kinzel<\/figcaption><\/figure>\n<p>An der S\u00fcdspitze steht am eigentlichen Kap ein einsamer Leuchtturm, von dem aus man eine atemberaubende Sicht auf die zerkl\u00fcfteten Klippen und die Felsen im Meer hat.<\/p>\n<figure id=\"attachment_89619\" aria-describedby=\"caption-attachment-89619\" style=\"width: 1440px\" class=\"wp-caption aligncenter\"><img decoding=\"async\" class=\"size-full wp-image-89619\" src=\"https:\/\/spanienaktuell.net\/wordpress\/wp-content\/uploads\/2020\/07\/Die-bekannte-Salinen-Iglesia-Cabo-de-Gata-IMG_1061.jpg\" alt=\"\" width=\"1440\" height=\"1080\" srcset=\"https:\/\/spanienaktuell.net\/wordpress\/wp-content\/uploads\/2020\/07\/Die-bekannte-Salinen-Iglesia-Cabo-de-Gata-IMG_1061.jpg 1440w, https:\/\/spanienaktuell.net\/wordpress\/wp-content\/uploads\/2020\/07\/Die-bekannte-Salinen-Iglesia-Cabo-de-Gata-IMG_1061-300x225.jpg 300w, https:\/\/spanienaktuell.net\/wordpress\/wp-content\/uploads\/2020\/07\/Die-bekannte-Salinen-Iglesia-Cabo-de-Gata-IMG_1061-768x576.jpg 768w, https:\/\/spanienaktuell.net\/wordpress\/wp-content\/uploads\/2020\/07\/Die-bekannte-Salinen-Iglesia-Cabo-de-Gata-IMG_1061-1024x768.jpg 1024w\" sizes=\"(max-width: 1440px) 100vw, 1440px\" \/><figcaption id=\"caption-attachment-89619\" class=\"wp-caption-text\">\u00a9 Die \u201ebekannte Salinen-Iglesia\u00bb Cabo de Gata<\/figcaption><\/figure>\n<p>Das Klima dieser Landschaft ist das ganze Jahr \u00fcber von angenehmen Temperaturen und sp\u00e4rlichen Niederschl\u00e4gen gepr\u00e4gt.<\/p>\n<figure id=\"attachment_89608\" aria-describedby=\"caption-attachment-89608\" style=\"width: 1440px\" class=\"wp-caption aligncenter\"><img decoding=\"async\" class=\"size-full wp-image-89608\" src=\"https:\/\/spanienaktuell.net\/wordpress\/wp-content\/uploads\/2020\/07\/Weite-und-leere-Str\u00e4nde-IMG_1045.jpg\" alt=\"\" width=\"1440\" height=\"1080\" srcset=\"https:\/\/spanienaktuell.net\/wordpress\/wp-content\/uploads\/2020\/07\/Weite-und-leere-Str\u00e4nde-IMG_1045.jpg 1440w, https:\/\/spanienaktuell.net\/wordpress\/wp-content\/uploads\/2020\/07\/Weite-und-leere-Str\u00e4nde-IMG_1045-300x225.jpg 300w, https:\/\/spanienaktuell.net\/wordpress\/wp-content\/uploads\/2020\/07\/Weite-und-leere-Str\u00e4nde-IMG_1045-768x576.jpg 768w, https:\/\/spanienaktuell.net\/wordpress\/wp-content\/uploads\/2020\/07\/Weite-und-leere-Str\u00e4nde-IMG_1045-1024x768.jpg 1024w\" sizes=\"(max-width: 1440px) 100vw, 1440px\" \/><figcaption id=\"caption-attachment-89608\" class=\"wp-caption-text\">\u00a9 Weite und leere Str\u00e4nde<\/figcaption><\/figure>\n<p>Diese Halbinsel auf der Ostseite des Golfs von Almer\u00eda hat den Reiz der langen, aber menschenleeren Str\u00e4nde und der einmaligen Pflanzen- und Vogelwelt.<\/p>\n<p>Hinter dem Dorf San Miguel liegt Las Salinas, ein weites Gebiet mit Salzfeldern, wo man unter anderem Flamingos, S\u00e4belschn\u00e4bler, St\u00f6rche u.v.m. beobachten kann.<\/p>\n<figure id=\"attachment_89606\" aria-describedby=\"caption-attachment-89606\" style=\"width: 1440px\" class=\"wp-caption aligncenter\"><img decoding=\"async\" class=\"size-full wp-image-89606\" src=\"https:\/\/spanienaktuell.net\/wordpress\/wp-content\/uploads\/2020\/07\/Salzlager-Produktionsst\u00e4tte-IMG_1051.jpg\" alt=\"\" width=\"1440\" height=\"1080\" srcset=\"https:\/\/spanienaktuell.net\/wordpress\/wp-content\/uploads\/2020\/07\/Salzlager-Produktionsst\u00e4tte-IMG_1051.jpg 1440w, https:\/\/spanienaktuell.net\/wordpress\/wp-content\/uploads\/2020\/07\/Salzlager-Produktionsst\u00e4tte-IMG_1051-300x225.jpg 300w, https:\/\/spanienaktuell.net\/wordpress\/wp-content\/uploads\/2020\/07\/Salzlager-Produktionsst\u00e4tte-IMG_1051-768x576.jpg 768w, https:\/\/spanienaktuell.net\/wordpress\/wp-content\/uploads\/2020\/07\/Salzlager-Produktionsst\u00e4tte-IMG_1051-1024x768.jpg 1024w\" sizes=\"(max-width: 1440px) 100vw, 1440px\" \/><figcaption id=\"caption-attachment-89606\" class=\"wp-caption-text\">\u00a9 Salzlager (Produktionsst\u00e4tte)<\/figcaption><\/figure>\n<p>Eine sehr eindrucksvolle Landschaft, die zum Verweilen einl\u00e4dt. Nicht zu \u00fcbersehen die \u201eIglesia de Las Salinas\u201c, die auch der Orientierung dient.<\/p>\n<p>Da wir au\u00dferhalb der Saison hier sind, haben wir die Gegend fast f\u00fcr uns allein. Deshalb finden wir auch keine ge\u00f6ffnete Gastronomie, um uns am sp\u00e4ten Nachmittag ein bisschen zu st\u00e4rken. Also geht es zur\u00fcck in das Zentrum von Almer\u00eda.<\/p>\n<figure id=\"attachment_89605\" aria-describedby=\"caption-attachment-89605\" style=\"width: 1440px\" class=\"wp-caption aligncenter\"><img decoding=\"async\" class=\"size-full wp-image-89605\" src=\"https:\/\/spanienaktuell.net\/wordpress\/wp-content\/uploads\/2020\/07\/Puerta-de-Purchena-Zentral.Platz-Almeria-IMG_1087.jpg\" alt=\"\" width=\"1440\" height=\"1080\" srcset=\"https:\/\/spanienaktuell.net\/wordpress\/wp-content\/uploads\/2020\/07\/Puerta-de-Purchena-Zentral.Platz-Almeria-IMG_1087.jpg 1440w, https:\/\/spanienaktuell.net\/wordpress\/wp-content\/uploads\/2020\/07\/Puerta-de-Purchena-Zentral.Platz-Almeria-IMG_1087-300x225.jpg 300w, https:\/\/spanienaktuell.net\/wordpress\/wp-content\/uploads\/2020\/07\/Puerta-de-Purchena-Zentral.Platz-Almeria-IMG_1087-768x576.jpg 768w, https:\/\/spanienaktuell.net\/wordpress\/wp-content\/uploads\/2020\/07\/Puerta-de-Purchena-Zentral.Platz-Almeria-IMG_1087-1024x768.jpg 1024w\" sizes=\"(max-width: 1440px) 100vw, 1440px\" \/><figcaption id=\"caption-attachment-89605\" class=\"wp-caption-text\">\u00a9 Puerta de Purchena (Zentral.Platz Almeria)<\/figcaption><\/figure>\n<p>Nach der R\u00fcckkehr g\u00f6nnen wir uns eine kurze Pause im Hotel und machen danach einen ausgiebigen Stadtrundgang durch Almer\u00eda: Rambla Bel\u00e9n \u00fcber die Calle de Granada zum Paseo de Almer\u00eda.<\/p>\n<p>Den Tag lassen wir im Zentrum ausklingen und gehen noch in das Caf\u00e9 \u201eLa Dulce Alianza\u201c, um dort die leckeren Angebote zu genie\u00dfen \u2026<\/p>\n<figure id=\"attachment_89607\" aria-describedby=\"caption-attachment-89607\" style=\"width: 1440px\" class=\"wp-caption aligncenter\"><img decoding=\"async\" class=\"size-full wp-image-89607\" src=\"https:\/\/spanienaktuell.net\/wordpress\/wp-content\/uploads\/2020\/07\/St\u00e4nde-in-der-Markthalle-IMG_1079.jpg\" alt=\"\" width=\"1440\" height=\"1080\" srcset=\"https:\/\/spanienaktuell.net\/wordpress\/wp-content\/uploads\/2020\/07\/St\u00e4nde-in-der-Markthalle-IMG_1079.jpg 1440w, https:\/\/spanienaktuell.net\/wordpress\/wp-content\/uploads\/2020\/07\/St\u00e4nde-in-der-Markthalle-IMG_1079-300x225.jpg 300w, https:\/\/spanienaktuell.net\/wordpress\/wp-content\/uploads\/2020\/07\/St\u00e4nde-in-der-Markthalle-IMG_1079-768x576.jpg 768w, https:\/\/spanienaktuell.net\/wordpress\/wp-content\/uploads\/2020\/07\/St\u00e4nde-in-der-Markthalle-IMG_1079-1024x768.jpg 1024w\" sizes=\"(max-width: 1440px) 100vw, 1440px\" \/><figcaption id=\"caption-attachment-89607\" class=\"wp-caption-text\">\u00a9 St\u00e4nde in der Markthalle<\/figcaption><\/figure>\n<p>Am 3. Tag haben wir nach dem Fr\u00fchst\u00fcck gepackt und alles schon im Auto verstaut. Wir besuchen noch die herrliche typische Markthalle \u201eMercado Central\u201c im Zentrum von Almer\u00eda.<\/p>\n<p>Auf dem Weg in Richtung \u201eTexas-Hollywood\u201c halten wir noch bei den H\u00f6hlenwohnungen an der n\u00f6rdlichen Stadtausfahrt an. Einige H\u00f6hlen sind tats\u00e4chlich noch bewohnt.<\/p>\n<p>An einem gro\u00dfen H\u00f6hlenkomplex wird gearbeitet: Vermutlich entsteht da ein gro\u00dfer Veranstaltungs\/Museums-Raum o.\u00e4. Nach ein paar Fotos geht es weiter in Richtung \u201eWestern-Stadt\/Texas-Hollywood\u201c<\/p>\n<figure id=\"attachment_89616\" aria-describedby=\"caption-attachment-89616\" style=\"width: 1440px\" class=\"wp-caption aligncenter\"><img decoding=\"async\" class=\"size-full wp-image-89616\" src=\"https:\/\/spanienaktuell.net\/wordpress\/wp-content\/uploads\/2020\/07\/Artur-Kinzel-IMG_1138-1.jpg\" alt=\"\" width=\"1440\" height=\"1080\" srcset=\"https:\/\/spanienaktuell.net\/wordpress\/wp-content\/uploads\/2020\/07\/Artur-Kinzel-IMG_1138-1.jpg 1440w, https:\/\/spanienaktuell.net\/wordpress\/wp-content\/uploads\/2020\/07\/Artur-Kinzel-IMG_1138-1-300x225.jpg 300w, https:\/\/spanienaktuell.net\/wordpress\/wp-content\/uploads\/2020\/07\/Artur-Kinzel-IMG_1138-1-768x576.jpg 768w, https:\/\/spanienaktuell.net\/wordpress\/wp-content\/uploads\/2020\/07\/Artur-Kinzel-IMG_1138-1-1024x768.jpg 1024w\" sizes=\"(max-width: 1440px) 100vw, 1440px\" \/><figcaption id=\"caption-attachment-89616\" class=\"wp-caption-text\">\u00a9 Artur Kinzel<\/figcaption><\/figure>\n<p>\u00dcber die A 92 (n\u00f6rdlich von Almer\u00eda) kommen wir nach ca. 36 km in Sichtweite der ersten CINEMA-Studios.<\/p>\n<figure id=\"attachment_89611\" aria-describedby=\"caption-attachment-89611\" style=\"width: 1440px\" class=\"wp-caption aligncenter\"><img decoding=\"async\" class=\"size-full wp-image-89611\" src=\"https:\/\/spanienaktuell.net\/wordpress\/wp-content\/uploads\/2020\/07\/\u00a9-Artur-Kinzel-IMG_1141-1.jpg\" alt=\"\" width=\"1440\" height=\"1080\" srcset=\"https:\/\/spanienaktuell.net\/wordpress\/wp-content\/uploads\/2020\/07\/\u00a9-Artur-Kinzel-IMG_1141-1.jpg 1440w, https:\/\/spanienaktuell.net\/wordpress\/wp-content\/uploads\/2020\/07\/\u00a9-Artur-Kinzel-IMG_1141-1-300x225.jpg 300w, https:\/\/spanienaktuell.net\/wordpress\/wp-content\/uploads\/2020\/07\/\u00a9-Artur-Kinzel-IMG_1141-1-768x576.jpg 768w, https:\/\/spanienaktuell.net\/wordpress\/wp-content\/uploads\/2020\/07\/\u00a9-Artur-Kinzel-IMG_1141-1-1024x768.jpg 1024w\" sizes=\"(max-width: 1440px) 100vw, 1440px\" \/><figcaption id=\"caption-attachment-89611\" class=\"wp-caption-text\">\u00a9 Artur Kinzel<\/figcaption><\/figure>\n<p>Die an Arizona erinnernde Landschaft Tabernas, in der ber\u00fchmte Westernklassiker wie die \u201eGlorreichen Sieben\u201c oder \u201eF\u00fcr eine Hand voll Dollar\u201c gedreht wurden, begeistert uns. Aus der Ferne ist schon der Schriftzug \u201eTexas Hollywood\u201c und \u201eFort BRAVO\u201c zu erkennen. Einige Studios haben bereits zu dieser Jahreszeit geschlossen.<\/p>\n<p>Eine beeindruckende \u201eFilm-Westernstadt\u201c liegt vor uns. Wir sehen Pferdekoppeln, Indianer-Zelte (Jurten), Kutschen und die typischen Filmkulissen.<\/p>\n<figure id=\"attachment_89617\" aria-describedby=\"caption-attachment-89617\" style=\"width: 1440px\" class=\"wp-caption aligncenter\"><img decoding=\"async\" class=\"size-full wp-image-89617\" src=\"https:\/\/spanienaktuell.net\/wordpress\/wp-content\/uploads\/2020\/07\/Artur-Kinzel-IMG_1129-1.jpg\" alt=\"\" width=\"1440\" height=\"1080\" srcset=\"https:\/\/spanienaktuell.net\/wordpress\/wp-content\/uploads\/2020\/07\/Artur-Kinzel-IMG_1129-1.jpg 1440w, https:\/\/spanienaktuell.net\/wordpress\/wp-content\/uploads\/2020\/07\/Artur-Kinzel-IMG_1129-1-300x225.jpg 300w, https:\/\/spanienaktuell.net\/wordpress\/wp-content\/uploads\/2020\/07\/Artur-Kinzel-IMG_1129-1-768x576.jpg 768w, https:\/\/spanienaktuell.net\/wordpress\/wp-content\/uploads\/2020\/07\/Artur-Kinzel-IMG_1129-1-1024x768.jpg 1024w\" sizes=\"(max-width: 1440px) 100vw, 1440px\" \/><figcaption id=\"caption-attachment-89617\" class=\"wp-caption-text\">\u00a9 Artur Kinzel<\/figcaption><\/figure>\n<p>Wir h\u00f6ren Musik und Menschenl\u00e4rm aus dem Saloon. Es ist kurz vor 12.oo Uhr und wir vermuten, dass da gleich etwas losgeht. Wir betreten den Saloon, nehmen Platz und kurz darauf kommen zwei T\u00e4nzerinnen und f\u00fchren uns auf der B\u00fchne den typischen Western-Cancan vor.<\/p>\n<figure id=\"attachment_89609\" aria-describedby=\"caption-attachment-89609\" style=\"width: 1440px\" class=\"wp-caption aligncenter\"><img decoding=\"async\" class=\"size-full wp-image-89609\" src=\"https:\/\/spanienaktuell.net\/wordpress\/wp-content\/uploads\/2020\/07\/\u00a9-Artur-Kinzel-IMG_1100.jpg\" alt=\"\" width=\"1440\" height=\"1080\" srcset=\"https:\/\/spanienaktuell.net\/wordpress\/wp-content\/uploads\/2020\/07\/\u00a9-Artur-Kinzel-IMG_1100.jpg 1440w, https:\/\/spanienaktuell.net\/wordpress\/wp-content\/uploads\/2020\/07\/\u00a9-Artur-Kinzel-IMG_1100-300x225.jpg 300w, https:\/\/spanienaktuell.net\/wordpress\/wp-content\/uploads\/2020\/07\/\u00a9-Artur-Kinzel-IMG_1100-768x576.jpg 768w, https:\/\/spanienaktuell.net\/wordpress\/wp-content\/uploads\/2020\/07\/\u00a9-Artur-Kinzel-IMG_1100-1024x768.jpg 1024w\" sizes=\"(max-width: 1440px) 100vw, 1440px\" \/><figcaption id=\"caption-attachment-89609\" class=\"wp-caption-text\">\u00a9 Artur Kinzel<\/figcaption><\/figure>\n<p>Dann kommen die Action-Darstellungen mit Wortwechseln, Schl\u00e4gereien und Schie\u00dfereien, die man so aus Western-Filmen kennt. Das war alles sehr profihaft mit humorvollen Dialogen als Persiflage auf die \u201eWestern-Shows\u201c interpretiert. Wir haben das als Belustigung genossen.<\/p>\n<figure id=\"attachment_89610\" aria-describedby=\"caption-attachment-89610\" style=\"width: 1440px\" class=\"wp-caption aligncenter\"><img decoding=\"async\" class=\"size-full wp-image-89610\" src=\"https:\/\/spanienaktuell.net\/wordpress\/wp-content\/uploads\/2020\/07\/\u00a9-Artur-Kinzel-IMG_1107.jpg\" alt=\"\" width=\"1440\" height=\"1080\" srcset=\"https:\/\/spanienaktuell.net\/wordpress\/wp-content\/uploads\/2020\/07\/\u00a9-Artur-Kinzel-IMG_1107.jpg 1440w, https:\/\/spanienaktuell.net\/wordpress\/wp-content\/uploads\/2020\/07\/\u00a9-Artur-Kinzel-IMG_1107-300x225.jpg 300w, https:\/\/spanienaktuell.net\/wordpress\/wp-content\/uploads\/2020\/07\/\u00a9-Artur-Kinzel-IMG_1107-768x576.jpg 768w, https:\/\/spanienaktuell.net\/wordpress\/wp-content\/uploads\/2020\/07\/\u00a9-Artur-Kinzel-IMG_1107-1024x768.jpg 1024w\" sizes=\"(max-width: 1440px) 100vw, 1440px\" \/><figcaption id=\"caption-attachment-89610\" class=\"wp-caption-text\">\u00a9 Artur Kinzel<\/figcaption><\/figure>\n<p>Danach machten wir einen Fotorundgang durch die Filmstadt, vorbei an Bank, Kirche, Barbier und Post-Office. Vieles ist nicht nur Fassade, sondern echte Bauten, wie z.B. auch das \u201ePueblo Mexicano\u201c oder au\u00dferhalb das \u201eFort-BRAVO\u201c. Auch einzelne Film-Kulissen, die nur eine \u00e4u\u00dfere Hausfassade darstellen sind zu besichtigen.<\/p>\n<figure id=\"attachment_89612\" aria-describedby=\"caption-attachment-89612\" style=\"width: 1440px\" class=\"wp-caption aligncenter\"><img decoding=\"async\" class=\"size-full wp-image-89612\" src=\"https:\/\/spanienaktuell.net\/wordpress\/wp-content\/uploads\/2020\/07\/\u00a9-Artur-KinzelIMG_1114.jpg\" alt=\"\" width=\"1440\" height=\"1080\" srcset=\"https:\/\/spanienaktuell.net\/wordpress\/wp-content\/uploads\/2020\/07\/\u00a9-Artur-KinzelIMG_1114.jpg 1440w, https:\/\/spanienaktuell.net\/wordpress\/wp-content\/uploads\/2020\/07\/\u00a9-Artur-KinzelIMG_1114-300x225.jpg 300w, https:\/\/spanienaktuell.net\/wordpress\/wp-content\/uploads\/2020\/07\/\u00a9-Artur-KinzelIMG_1114-768x576.jpg 768w, https:\/\/spanienaktuell.net\/wordpress\/wp-content\/uploads\/2020\/07\/\u00a9-Artur-KinzelIMG_1114-1024x768.jpg 1024w\" sizes=\"(max-width: 1440px) 100vw, 1440px\" \/><figcaption id=\"caption-attachment-89612\" class=\"wp-caption-text\">\u00a9 Artur Kinzel<\/figcaption><\/figure>\n<p>Besonders beeindruckt hat uns die gro\u00dfe \u201eAsservatenkammer\u201c; ein riesiges Magazin mit vielen hundert Pferdesatteln, vielen Kutschen, Figuren und sonstigem Western-Zubeh\u00f6r. Eine einmalige Sammlung aus den vielen bekannten Westernfilmen.<\/p>\n<figure id=\"attachment_89614\" aria-describedby=\"caption-attachment-89614\" style=\"width: 1440px\" class=\"wp-caption aligncenter\"><img decoding=\"async\" class=\"size-full wp-image-89614\" src=\"https:\/\/spanienaktuell.net\/wordpress\/wp-content\/uploads\/2020\/07\/\u00a9-Fort-Bravo-IMG_1131.jpg\" alt=\"\" width=\"1440\" height=\"1080\" srcset=\"https:\/\/spanienaktuell.net\/wordpress\/wp-content\/uploads\/2020\/07\/\u00a9-Fort-Bravo-IMG_1131.jpg 1440w, https:\/\/spanienaktuell.net\/wordpress\/wp-content\/uploads\/2020\/07\/\u00a9-Fort-Bravo-IMG_1131-300x225.jpg 300w, https:\/\/spanienaktuell.net\/wordpress\/wp-content\/uploads\/2020\/07\/\u00a9-Fort-Bravo-IMG_1131-768x576.jpg 768w, https:\/\/spanienaktuell.net\/wordpress\/wp-content\/uploads\/2020\/07\/\u00a9-Fort-Bravo-IMG_1131-1024x768.jpg 1024w\" sizes=\"(max-width: 1440px) 100vw, 1440px\" \/><figcaption id=\"caption-attachment-89614\" class=\"wp-caption-text\">\u00a9 Fort Bravo<\/figcaption><\/figure>\n<p>Wir spazieren noch durch die Stallungen mit Pferden und Eseln \u00fcber die staubigen Stra\u00dfen der Westernstadt, um anschlie\u00dfend noch das \u201eFort-BRAVO\u201c (in Sichtweite der Indianer-Jurten der Apachen) zu besichtigen.<\/p>\n<figure id=\"attachment_89613\" aria-describedby=\"caption-attachment-89613\" style=\"width: 1440px\" class=\"wp-caption aligncenter\"><img decoding=\"async\" class=\"size-full wp-image-89613\" src=\"https:\/\/spanienaktuell.net\/wordpress\/wp-content\/uploads\/2020\/07\/\u00a9-Artur-KinzelIMG_1125.jpg\" alt=\"\" width=\"1440\" height=\"1080\" srcset=\"https:\/\/spanienaktuell.net\/wordpress\/wp-content\/uploads\/2020\/07\/\u00a9-Artur-KinzelIMG_1125.jpg 1440w, https:\/\/spanienaktuell.net\/wordpress\/wp-content\/uploads\/2020\/07\/\u00a9-Artur-KinzelIMG_1125-300x225.jpg 300w, https:\/\/spanienaktuell.net\/wordpress\/wp-content\/uploads\/2020\/07\/\u00a9-Artur-KinzelIMG_1125-768x576.jpg 768w, https:\/\/spanienaktuell.net\/wordpress\/wp-content\/uploads\/2020\/07\/\u00a9-Artur-KinzelIMG_1125-1024x768.jpg 1024w\" sizes=\"(max-width: 1440px) 100vw, 1440px\" \/><figcaption id=\"caption-attachment-89613\" class=\"wp-caption-text\">\u00a9 Artur Kinzel<\/figcaption><\/figure>\n<p>Insgesamt ist dies eine sehr eindrucks- und stimmungsvolle Landschaft mit Steppe, Savanne, H\u00fcgeln und Bergen.<\/p>\n<figure id=\"attachment_89618\" aria-describedby=\"caption-attachment-89618\" style=\"width: 1440px\" class=\"wp-caption aligncenter\"><img decoding=\"async\" class=\"size-full wp-image-89618\" src=\"https:\/\/spanienaktuell.net\/wordpress\/wp-content\/uploads\/2020\/07\/Autor-A.K.-mit-seinem-Lieblingsschimmel-IMG_1127.jpg\" alt=\"\" width=\"1440\" height=\"1080\" srcset=\"https:\/\/spanienaktuell.net\/wordpress\/wp-content\/uploads\/2020\/07\/Autor-A.K.-mit-seinem-Lieblingsschimmel-IMG_1127.jpg 1440w, https:\/\/spanienaktuell.net\/wordpress\/wp-content\/uploads\/2020\/07\/Autor-A.K.-mit-seinem-Lieblingsschimmel-IMG_1127-300x225.jpg 300w, https:\/\/spanienaktuell.net\/wordpress\/wp-content\/uploads\/2020\/07\/Autor-A.K.-mit-seinem-Lieblingsschimmel-IMG_1127-768x576.jpg 768w, https:\/\/spanienaktuell.net\/wordpress\/wp-content\/uploads\/2020\/07\/Autor-A.K.-mit-seinem-Lieblingsschimmel-IMG_1127-1024x768.jpg 1024w\" sizes=\"(max-width: 1440px) 100vw, 1440px\" \/><figcaption id=\"caption-attachment-89618\" class=\"wp-caption-text\">\u00a9 Autor A.K. mit seinem Lieblingsschimmel<\/figcaption><\/figure>\n<p><strong>Diese \u201eWestern-Gegend\u201c hat uns begeistert \u2013 wir f\u00fchlen uns wie in einer anderen Zeit und Welt.<\/strong><\/p>\n<p>Unsere Reise geht nun zu Ende und wir machen uns auf den Weg \u00fcber die A\u20137 in Richtung M\u00e1laga. Es war eine sch\u00f6ne 3-Tages-Tour, die man aufgrund der vielen besonderen Sehensw\u00fcrdigkeiten gern auf 3 Wochen ausdehnen k\u00f6nnte.<\/p>\n<p>&nbsp;<\/p>\n<p>Marbella\/Hamburgo 2020 \u00a9 Text und Fotos: Artur Kinzel<\/p>\n","protected":false},"excerpt":{"rendered":"<p>Natur pur &#8211; soweit das Auge reicht \u2026Foto: Pixabay-PactoVisual Der Naturpark \u201eCabo de Gata\u201c liegt 25 km \u00f6stlich von Almer\u00eda [&hellip;]<\/p>\n","protected":false},"author":3,"featured_media":89604,"comment_status":"closed","ping_status":"closed","sticky":false,"template":"","format":"standard","meta":{"footnotes":""},"categories":[31],"tags":[],"class_list":["post-89603","post","type-post","status-publish","format-standard","has-post-thumbnail","hentry","category-reise"],"yoast_head":"<!-- This site is optimized with the Yoast SEO plugin v27.1.1 - https:\/\/yoast.com\/product\/yoast-seo-wordpress\/ -->\n<title>Teil II - Henny und Toni auf Reisen | Eine Tour ins \u00f6stliche Andalusien nach Almeria - Spanien aktuell<\/title>\n<meta name=\"robots\" content=\"index, follow, max-snippet:-1, max-image-preview:large, max-video-preview:-1\" \/>\n<link rel=\"canonical\" href=\"https:\/\/spanienaktuell.net\/wordpress\/teil-ii-henny-und-toni-auf-reisen-eine-tour-ins-ostliche-andalusien-nach-almeria\/\" \/>\n<meta property=\"og:locale\" content=\"es_ES\" \/>\n<meta property=\"og:type\" content=\"article\" \/>\n<meta property=\"og:title\" content=\"Teil II - Henny und Toni auf Reisen | Eine Tour ins \u00f6stliche Andalusien nach Almeria - Spanien aktuell\" \/>\n<meta property=\"og:description\" content=\"Natur pur &#8211; soweit das Auge reicht \u2026Foto: Pixabay-PactoVisual Der Naturpark \u201eCabo de Gata\u201c liegt 25 km \u00f6stlich von Almer\u00eda [&hellip;]\" \/>\n<meta property=\"og:url\" content=\"https:\/\/spanienaktuell.net\/wordpress\/teil-ii-henny-und-toni-auf-reisen-eine-tour-ins-ostliche-andalusien-nach-almeria\/\" \/>\n<meta property=\"og:site_name\" content=\"Spanien aktuell\" \/>\n<meta property=\"article:published_time\" content=\"2020-07-31T13:30:20+00:00\" \/>\n<meta property=\"article:modified_time\" content=\"2020-07-31T14:48:54+00:00\" \/>\n<meta property=\"og:image\" content=\"https:\/\/spanienaktuell.net\/wordpress\/wp-content\/uploads\/2020\/07\/Foto-Pixabay-PactoVisual-cabo-de-gata-1649062_1920.jpg\" \/>\n\t<meta property=\"og:image:width\" content=\"1440\" \/>\n\t<meta property=\"og:image:height\" content=\"961\" \/>\n\t<meta property=\"og:image:type\" content=\"image\/jpeg\" \/>\n<meta name=\"author\" content=\"Spanien Aktuell\" \/>\n<meta name=\"twitter:card\" content=\"summary_large_image\" \/>\n<meta name=\"twitter:label1\" content=\"Escrito por\" \/>\n\t<meta name=\"twitter:data1\" content=\"Spanien Aktuell\" \/>\n\t<meta name=\"twitter:label2\" content=\"Tiempo de lectura\" \/>\n\t<meta name=\"twitter:data2\" content=\"4 minutos\" \/>\n<script type=\"application\/ld+json\" class=\"yoast-schema-graph\">{\"@context\":\"https:\/\/schema.org\",\"@graph\":[{\"@type\":\"Article\",\"@id\":\"https:\/\/spanienaktuell.net\/wordpress\/teil-ii-henny-und-toni-auf-reisen-eine-tour-ins-ostliche-andalusien-nach-almeria\/#article\",\"isPartOf\":{\"@id\":\"https:\/\/spanienaktuell.net\/wordpress\/teil-ii-henny-und-toni-auf-reisen-eine-tour-ins-ostliche-andalusien-nach-almeria\/\"},\"author\":{\"name\":\"Spanien Aktuell\",\"@id\":\"https:\/\/spanienaktuell.net\/wordpress\/#\/schema\/person\/bc410cfae0161b201d837ebfeeba7fd0\"},\"headline\":\"Teil II &#8211; Henny und Toni auf Reisen | Eine Tour ins \u00f6stliche Andalusien nach Almeria\",\"datePublished\":\"2020-07-31T13:30:20+00:00\",\"dateModified\":\"2020-07-31T14:48:54+00:00\",\"mainEntityOfPage\":{\"@id\":\"https:\/\/spanienaktuell.net\/wordpress\/teil-ii-henny-und-toni-auf-reisen-eine-tour-ins-ostliche-andalusien-nach-almeria\/\"},\"wordCount\":895,\"publisher\":{\"@id\":\"https:\/\/spanienaktuell.net\/wordpress\/#organization\"},\"image\":{\"@id\":\"https:\/\/spanienaktuell.net\/wordpress\/teil-ii-henny-und-toni-auf-reisen-eine-tour-ins-ostliche-andalusien-nach-almeria\/#primaryimage\"},\"thumbnailUrl\":\"https:\/\/spanienaktuell.net\/wordpress\/wp-content\/uploads\/2020\/07\/Foto-Pixabay-PactoVisual-cabo-de-gata-1649062_1920.jpg\",\"articleSection\":[\"Reise\"],\"inLanguage\":\"es\"},{\"@type\":\"WebPage\",\"@id\":\"https:\/\/spanienaktuell.net\/wordpress\/teil-ii-henny-und-toni-auf-reisen-eine-tour-ins-ostliche-andalusien-nach-almeria\/\",\"url\":\"https:\/\/spanienaktuell.net\/wordpress\/teil-ii-henny-und-toni-auf-reisen-eine-tour-ins-ostliche-andalusien-nach-almeria\/\",\"name\":\"Teil II - Henny und Toni auf Reisen | Eine Tour ins \u00f6stliche Andalusien nach Almeria - Spanien aktuell\",\"isPartOf\":{\"@id\":\"https:\/\/spanienaktuell.net\/wordpress\/#website\"},\"primaryImageOfPage\":{\"@id\":\"https:\/\/spanienaktuell.net\/wordpress\/teil-ii-henny-und-toni-auf-reisen-eine-tour-ins-ostliche-andalusien-nach-almeria\/#primaryimage\"},\"image\":{\"@id\":\"https:\/\/spanienaktuell.net\/wordpress\/teil-ii-henny-und-toni-auf-reisen-eine-tour-ins-ostliche-andalusien-nach-almeria\/#primaryimage\"},\"thumbnailUrl\":\"https:\/\/spanienaktuell.net\/wordpress\/wp-content\/uploads\/2020\/07\/Foto-Pixabay-PactoVisual-cabo-de-gata-1649062_1920.jpg\",\"datePublished\":\"2020-07-31T13:30:20+00:00\",\"dateModified\":\"2020-07-31T14:48:54+00:00\",\"breadcrumb\":{\"@id\":\"https:\/\/spanienaktuell.net\/wordpress\/teil-ii-henny-und-toni-auf-reisen-eine-tour-ins-ostliche-andalusien-nach-almeria\/#breadcrumb\"},\"inLanguage\":\"es\",\"potentialAction\":[{\"@type\":\"ReadAction\",\"target\":[\"https:\/\/spanienaktuell.net\/wordpress\/teil-ii-henny-und-toni-auf-reisen-eine-tour-ins-ostliche-andalusien-nach-almeria\/\"]}]},{\"@type\":\"ImageObject\",\"inLanguage\":\"es\",\"@id\":\"https:\/\/spanienaktuell.net\/wordpress\/teil-ii-henny-und-toni-auf-reisen-eine-tour-ins-ostliche-andalusien-nach-almeria\/#primaryimage\",\"url\":\"https:\/\/spanienaktuell.net\/wordpress\/wp-content\/uploads\/2020\/07\/Foto-Pixabay-PactoVisual-cabo-de-gata-1649062_1920.jpg\",\"contentUrl\":\"https:\/\/spanienaktuell.net\/wordpress\/wp-content\/uploads\/2020\/07\/Foto-Pixabay-PactoVisual-cabo-de-gata-1649062_1920.jpg\",\"width\":1440,\"height\":961},{\"@type\":\"BreadcrumbList\",\"@id\":\"https:\/\/spanienaktuell.net\/wordpress\/teil-ii-henny-und-toni-auf-reisen-eine-tour-ins-ostliche-andalusien-nach-almeria\/#breadcrumb\",\"itemListElement\":[{\"@type\":\"ListItem\",\"position\":1,\"name\":\"Portada\",\"item\":\"https:\/\/spanienaktuell.net\/wordpress\/\"},{\"@type\":\"ListItem\",\"position\":2,\"name\":\"Teil II &#8211; Henny und Toni auf Reisen | Eine Tour ins \u00f6stliche Andalusien nach Almeria\"}]},{\"@type\":\"WebSite\",\"@id\":\"https:\/\/spanienaktuell.net\/wordpress\/#website\",\"url\":\"https:\/\/spanienaktuell.net\/wordpress\/\",\"name\":\"Spanien aktuell\",\"description\":\"The German magazine number 1 on the Costa del Sol\",\"publisher\":{\"@id\":\"https:\/\/spanienaktuell.net\/wordpress\/#organization\"},\"potentialAction\":[{\"@type\":\"SearchAction\",\"target\":{\"@type\":\"EntryPoint\",\"urlTemplate\":\"https:\/\/spanienaktuell.net\/wordpress\/?s={search_term_string}\"},\"query-input\":{\"@type\":\"PropertyValueSpecification\",\"valueRequired\":true,\"valueName\":\"search_term_string\"}}],\"inLanguage\":\"es\"},{\"@type\":\"Organization\",\"@id\":\"https:\/\/spanienaktuell.net\/wordpress\/#organization\",\"name\":\"Spanien aktuell\",\"url\":\"https:\/\/spanienaktuell.net\/wordpress\/\",\"logo\":{\"@type\":\"ImageObject\",\"inLanguage\":\"es\",\"@id\":\"https:\/\/spanienaktuell.net\/wordpress\/#\/schema\/logo\/image\/\",\"url\":\"https:\/\/spanienaktuell.net\/wordpress\/wp-content\/uploads\/2019\/06\/cropped-Logo-spanien-aktuell-png-web-e1561631085388.png\",\"contentUrl\":\"https:\/\/spanienaktuell.net\/wordpress\/wp-content\/uploads\/2019\/06\/cropped-Logo-spanien-aktuell-png-web-e1561631085388.png\",\"width\":512,\"height\":110,\"caption\":\"Spanien aktuell\"},\"image\":{\"@id\":\"https:\/\/spanienaktuell.net\/wordpress\/#\/schema\/logo\/image\/\"}},{\"@type\":\"Person\",\"@id\":\"https:\/\/spanienaktuell.net\/wordpress\/#\/schema\/person\/bc410cfae0161b201d837ebfeeba7fd0\",\"name\":\"Spanien Aktuell\",\"image\":{\"@type\":\"ImageObject\",\"inLanguage\":\"es\",\"@id\":\"https:\/\/spanienaktuell.net\/wordpress\/#\/schema\/person\/image\/\",\"url\":\"https:\/\/spanienaktuell.net\/wordpress\/wp-content\/uploads\/2019\/06\/cropped-Logo-spanien-aktuell-png-fav2-100x100.png\",\"contentUrl\":\"https:\/\/spanienaktuell.net\/wordpress\/wp-content\/uploads\/2019\/06\/cropped-Logo-spanien-aktuell-png-fav2-100x100.png\",\"caption\":\"Spanien Aktuell\"},\"url\":\"https:\/\/spanienaktuell.net\/wordpress\/author\/koalum\/\"}]}<\/script>\n<!-- \/ Yoast SEO plugin. -->","yoast_head_json":{"title":"Teil II - Henny und Toni auf Reisen | Eine Tour ins \u00f6stliche Andalusien nach Almeria - Spanien aktuell","robots":{"index":"index","follow":"follow","max-snippet":"max-snippet:-1","max-image-preview":"max-image-preview:large","max-video-preview":"max-video-preview:-1"},"canonical":"https:\/\/spanienaktuell.net\/wordpress\/teil-ii-henny-und-toni-auf-reisen-eine-tour-ins-ostliche-andalusien-nach-almeria\/","og_locale":"es_ES","og_type":"article","og_title":"Teil II - Henny und Toni auf Reisen | Eine Tour ins \u00f6stliche Andalusien nach Almeria - Spanien aktuell","og_description":"Natur pur &#8211; soweit das Auge reicht \u2026Foto: Pixabay-PactoVisual Der Naturpark \u201eCabo de Gata\u201c liegt 25 km \u00f6stlich von Almer\u00eda [&hellip;]","og_url":"https:\/\/spanienaktuell.net\/wordpress\/teil-ii-henny-und-toni-auf-reisen-eine-tour-ins-ostliche-andalusien-nach-almeria\/","og_site_name":"Spanien aktuell","article_published_time":"2020-07-31T13:30:20+00:00","article_modified_time":"2020-07-31T14:48:54+00:00","og_image":[{"width":1440,"height":961,"url":"https:\/\/spanienaktuell.net\/wordpress\/wp-content\/uploads\/2020\/07\/Foto-Pixabay-PactoVisual-cabo-de-gata-1649062_1920.jpg","type":"image\/jpeg"}],"author":"Spanien Aktuell","twitter_card":"summary_large_image","twitter_misc":{"Escrito por":"Spanien Aktuell","Tiempo de lectura":"4 minutos"},"schema":{"@context":"https:\/\/schema.org","@graph":[{"@type":"Article","@id":"https:\/\/spanienaktuell.net\/wordpress\/teil-ii-henny-und-toni-auf-reisen-eine-tour-ins-ostliche-andalusien-nach-almeria\/#article","isPartOf":{"@id":"https:\/\/spanienaktuell.net\/wordpress\/teil-ii-henny-und-toni-auf-reisen-eine-tour-ins-ostliche-andalusien-nach-almeria\/"},"author":{"name":"Spanien Aktuell","@id":"https:\/\/spanienaktuell.net\/wordpress\/#\/schema\/person\/bc410cfae0161b201d837ebfeeba7fd0"},"headline":"Teil II &#8211; Henny und Toni auf Reisen | Eine Tour ins \u00f6stliche Andalusien nach Almeria","datePublished":"2020-07-31T13:30:20+00:00","dateModified":"2020-07-31T14:48:54+00:00","mainEntityOfPage":{"@id":"https:\/\/spanienaktuell.net\/wordpress\/teil-ii-henny-und-toni-auf-reisen-eine-tour-ins-ostliche-andalusien-nach-almeria\/"},"wordCount":895,"publisher":{"@id":"https:\/\/spanienaktuell.net\/wordpress\/#organization"},"image":{"@id":"https:\/\/spanienaktuell.net\/wordpress\/teil-ii-henny-und-toni-auf-reisen-eine-tour-ins-ostliche-andalusien-nach-almeria\/#primaryimage"},"thumbnailUrl":"https:\/\/spanienaktuell.net\/wordpress\/wp-content\/uploads\/2020\/07\/Foto-Pixabay-PactoVisual-cabo-de-gata-1649062_1920.jpg","articleSection":["Reise"],"inLanguage":"es"},{"@type":"WebPage","@id":"https:\/\/spanienaktuell.net\/wordpress\/teil-ii-henny-und-toni-auf-reisen-eine-tour-ins-ostliche-andalusien-nach-almeria\/","url":"https:\/\/spanienaktuell.net\/wordpress\/teil-ii-henny-und-toni-auf-reisen-eine-tour-ins-ostliche-andalusien-nach-almeria\/","name":"Teil II - Henny und Toni auf Reisen | Eine Tour ins \u00f6stliche Andalusien nach Almeria - Spanien aktuell","isPartOf":{"@id":"https:\/\/spanienaktuell.net\/wordpress\/#website"},"primaryImageOfPage":{"@id":"https:\/\/spanienaktuell.net\/wordpress\/teil-ii-henny-und-toni-auf-reisen-eine-tour-ins-ostliche-andalusien-nach-almeria\/#primaryimage"},"image":{"@id":"https:\/\/spanienaktuell.net\/wordpress\/teil-ii-henny-und-toni-auf-reisen-eine-tour-ins-ostliche-andalusien-nach-almeria\/#primaryimage"},"thumbnailUrl":"https:\/\/spanienaktuell.net\/wordpress\/wp-content\/uploads\/2020\/07\/Foto-Pixabay-PactoVisual-cabo-de-gata-1649062_1920.jpg","datePublished":"2020-07-31T13:30:20+00:00","dateModified":"2020-07-31T14:48:54+00:00","breadcrumb":{"@id":"https:\/\/spanienaktuell.net\/wordpress\/teil-ii-henny-und-toni-auf-reisen-eine-tour-ins-ostliche-andalusien-nach-almeria\/#breadcrumb"},"inLanguage":"es","potentialAction":[{"@type":"ReadAction","target":["https:\/\/spanienaktuell.net\/wordpress\/teil-ii-henny-und-toni-auf-reisen-eine-tour-ins-ostliche-andalusien-nach-almeria\/"]}]},{"@type":"ImageObject","inLanguage":"es","@id":"https:\/\/spanienaktuell.net\/wordpress\/teil-ii-henny-und-toni-auf-reisen-eine-tour-ins-ostliche-andalusien-nach-almeria\/#primaryimage","url":"https:\/\/spanienaktuell.net\/wordpress\/wp-content\/uploads\/2020\/07\/Foto-Pixabay-PactoVisual-cabo-de-gata-1649062_1920.jpg","contentUrl":"https:\/\/spanienaktuell.net\/wordpress\/wp-content\/uploads\/2020\/07\/Foto-Pixabay-PactoVisual-cabo-de-gata-1649062_1920.jpg","width":1440,"height":961},{"@type":"BreadcrumbList","@id":"https:\/\/spanienaktuell.net\/wordpress\/teil-ii-henny-und-toni-auf-reisen-eine-tour-ins-ostliche-andalusien-nach-almeria\/#breadcrumb","itemListElement":[{"@type":"ListItem","position":1,"name":"Portada","item":"https:\/\/spanienaktuell.net\/wordpress\/"},{"@type":"ListItem","position":2,"name":"Teil II &#8211; Henny und Toni auf Reisen | Eine Tour ins \u00f6stliche Andalusien nach Almeria"}]},{"@type":"WebSite","@id":"https:\/\/spanienaktuell.net\/wordpress\/#website","url":"https:\/\/spanienaktuell.net\/wordpress\/","name":"Spanien aktuell","description":"The German magazine number 1 on the Costa del Sol","publisher":{"@id":"https:\/\/spanienaktuell.net\/wordpress\/#organization"},"potentialAction":[{"@type":"SearchAction","target":{"@type":"EntryPoint","urlTemplate":"https:\/\/spanienaktuell.net\/wordpress\/?s={search_term_string}"},"query-input":{"@type":"PropertyValueSpecification","valueRequired":true,"valueName":"search_term_string"}}],"inLanguage":"es"},{"@type":"Organization","@id":"https:\/\/spanienaktuell.net\/wordpress\/#organization","name":"Spanien aktuell","url":"https:\/\/spanienaktuell.net\/wordpress\/","logo":{"@type":"ImageObject","inLanguage":"es","@id":"https:\/\/spanienaktuell.net\/wordpress\/#\/schema\/logo\/image\/","url":"https:\/\/spanienaktuell.net\/wordpress\/wp-content\/uploads\/2019\/06\/cropped-Logo-spanien-aktuell-png-web-e1561631085388.png","contentUrl":"https:\/\/spanienaktuell.net\/wordpress\/wp-content\/uploads\/2019\/06\/cropped-Logo-spanien-aktuell-png-web-e1561631085388.png","width":512,"height":110,"caption":"Spanien aktuell"},"image":{"@id":"https:\/\/spanienaktuell.net\/wordpress\/#\/schema\/logo\/image\/"}},{"@type":"Person","@id":"https:\/\/spanienaktuell.net\/wordpress\/#\/schema\/person\/bc410cfae0161b201d837ebfeeba7fd0","name":"Spanien Aktuell","image":{"@type":"ImageObject","inLanguage":"es","@id":"https:\/\/spanienaktuell.net\/wordpress\/#\/schema\/person\/image\/","url":"https:\/\/spanienaktuell.net\/wordpress\/wp-content\/uploads\/2019\/06\/cropped-Logo-spanien-aktuell-png-fav2-100x100.png","contentUrl":"https:\/\/spanienaktuell.net\/wordpress\/wp-content\/uploads\/2019\/06\/cropped-Logo-spanien-aktuell-png-fav2-100x100.png","caption":"Spanien Aktuell"},"url":"https:\/\/spanienaktuell.net\/wordpress\/author\/koalum\/"}]}},"_links":{"self":[{"href":"https:\/\/spanienaktuell.net\/wordpress\/wp-json\/wp\/v2\/posts\/89603","targetHints":{"allow":["GET"]}}],"collection":[{"href":"https:\/\/spanienaktuell.net\/wordpress\/wp-json\/wp\/v2\/posts"}],"about":[{"href":"https:\/\/spanienaktuell.net\/wordpress\/wp-json\/wp\/v2\/types\/post"}],"author":[{"embeddable":true,"href":"https:\/\/spanienaktuell.net\/wordpress\/wp-json\/wp\/v2\/users\/3"}],"replies":[{"embeddable":true,"href":"https:\/\/spanienaktuell.net\/wordpress\/wp-json\/wp\/v2\/comments?post=89603"}],"version-history":[{"count":1,"href":"https:\/\/spanienaktuell.net\/wordpress\/wp-json\/wp\/v2\/posts\/89603\/revisions"}],"predecessor-version":[{"id":89623,"href":"https:\/\/spanienaktuell.net\/wordpress\/wp-json\/wp\/v2\/posts\/89603\/revisions\/89623"}],"wp:featuredmedia":[{"embeddable":true,"href":"https:\/\/spanienaktuell.net\/wordpress\/wp-json\/wp\/v2\/media\/89604"}],"wp:attachment":[{"href":"https:\/\/spanienaktuell.net\/wordpress\/wp-json\/wp\/v2\/media?parent=89603"}],"wp:term":[{"taxonomy":"category","embeddable":true,"href":"https:\/\/spanienaktuell.net\/wordpress\/wp-json\/wp\/v2\/categories?post=89603"},{"taxonomy":"post_tag","embeddable":true,"href":"https:\/\/spanienaktuell.net\/wordpress\/wp-json\/wp\/v2\/tags?post=89603"}],"curies":[{"name":"wp","href":"https:\/\/api.w.org\/{rel}","templated":true}]}}