{"id":90134,"date":"2020-10-01T09:22:50","date_gmt":"2020-10-01T09:22:50","guid":{"rendered":"https:\/\/spanienaktuell.net\/wordpress\/?p=90134"},"modified":"2020-10-05T09:28:06","modified_gmt":"2020-10-05T09:28:06","slug":"bentley-neuer-bentayga-speed-der-ultimative-bentayga","status":"publish","type":"post","link":"https:\/\/spanienaktuell.net\/wordpress\/bentley-neuer-bentayga-speed-der-ultimative-bentayga\/","title":{"rendered":"Bentley | Neuer BENTAYGA SPEED \u2013 der ultimative BENTAYGA"},"content":{"rendered":"<ul>\n<li>\n<h3 style=\"text-align: left;\"><strong>M\u00fchelose Leistung trifft auf unvergleichliche Handwerkskunst<\/strong><\/h3>\n<\/li>\n<li style=\"text-align: left;\">\n<h3><strong>6,0-Liter-W12-Motor mit 635 PS und 900 Nm Drehmoment<\/strong><\/h3>\n<\/li>\n<li style=\"text-align: left;\">\n<h3><strong>H\u00f6chstgeschwindigkeit: 306 km\/h; 0-100 km\/h in 3,9 Sekunden<\/strong><\/h3>\n<\/li>\n<li style=\"text-align: left;\">\n<h3><strong>K\u00fchne Exterieur-Designdetails unterstreichen Leistungsverm\u00f6gen<\/strong><\/h3>\n<\/li>\n<li style=\"text-align: left;\">\n<h3><strong>Einzigartiges Speed-Interieur mit Alcantara-Verkleidung und exklusiven Details<\/strong><\/h3>\n<\/li>\n<li style=\"text-align: left;\">\n<h3><strong>In Crewe von Hand gefertigter und getesteter kraftvoller W12-Motor<\/strong><\/h3>\n<\/li>\n<li style=\"text-align: left;\">\n<h3><strong>Effizienz durch Zylinderabschaltung und \u201eSegel\u201c-Technologie<\/strong><\/h3>\n<\/li>\n<li>\n<h3 style=\"text-align: left;\"><strong>Erweitertes My Bentley-Dienstleistungspaket \u00fcber eingebettete SIM<\/strong><strong>\u2011<\/strong><strong>Karte (eSIM)<\/strong><\/h3>\n<\/li>\n<\/ul>\n<p><iframe title=\"2021 Bentley Bentayga Speed | The Ultimate Bentayga\" width=\"840\" height=\"473\" src=\"https:\/\/www.youtube.com\/embed\/p7eN3HVVQHw?feature=oembed&#038;width=840&#038;height=1000&#038;discover=1\" frameborder=\"0\" allow=\"accelerometer; autoplay; clipboard-write; encrypted-media; gyroscope; picture-in-picture\" allowfullscreen><\/iframe><\/p>\n<p>Bentley Motors stellt heute alle Details zum neuen Bentayga Speed vor \u2013 dem Flaggschiff der Bentayga-Familie: m\u00fchelose Leistungsentfaltung, doch ohne Kompromisse beim Luxus. Der in Crewe von Hand gefertigte Bentayga Speed verbindet das W12-Triebwerk serienm\u00e4\u00dfig mit zahlreichen luxuri\u00f6sen Ausstattungselementen des Modells, darunter die Mulliner Driving Specification.<\/p>\n<p>Der neue Bentayga Speed f\u00fchrt die lange Tradition der Speed-Modelle fort, die 2007 mit dem Continental GT ihren Ursprung nahm. Er weist das gleiche bew\u00e4hrte Leistungsverm\u00f6gen wie sein Vorg\u00e4ngermodell auf, das einen neuen Rekord f\u00fcr Serien-SUVs beim ber\u00fchmt-ber\u00fcchtigten Pikes Peak International Hill Climb-Rennen 2018 aufstellte.<\/p>\n<p>Der neue Bentayga Speed f\u00fchrt das Design des v\u00f6llig \u00fcberarbeiteten neuen Bentayga fort und nimmt damit die konsistente Bentley-Designsprache auf, die sich nun in der gesamten Modellpalette widerspiegelt. Das neue Modell wurde innen wie au\u00dfen deutlich \u00fcberarbeitet und punktet mit aktuellster Bord-Technologie und einem noch behaglicheren Innenraum.<\/p>\n<p><strong>Adrian Hallmark, Bentleys Chairman und Chief Executive, kommentiert:<\/strong><\/p>\n<p><img decoding=\"async\" class=\"aligncenter size-full wp-image-90137\" src=\"https:\/\/spanienaktuell.net\/wordpress\/wp-content\/uploads\/2020\/10\/Bentayga-Speed-4.jpg\" alt=\"\" width=\"1440\" height=\"960\" srcset=\"https:\/\/spanienaktuell.net\/wordpress\/wp-content\/uploads\/2020\/10\/Bentayga-Speed-4.jpg 1440w, https:\/\/spanienaktuell.net\/wordpress\/wp-content\/uploads\/2020\/10\/Bentayga-Speed-4-300x200.jpg 300w, https:\/\/spanienaktuell.net\/wordpress\/wp-content\/uploads\/2020\/10\/Bentayga-Speed-4-768x512.jpg 768w, https:\/\/spanienaktuell.net\/wordpress\/wp-content\/uploads\/2020\/10\/Bentayga-Speed-4-1024x683.jpg 1024w\" sizes=\"(max-width: 1440px) 100vw, 1440px\" \/><\/p>\n<p>\u201eDer neue Bentayga hat bereits neue Ma\u00dfst\u00e4be f\u00fcr Luxus-SUVs gesetzt, an denen sich alle anderen Modelle messen lassen m\u00fcssen. Vor der Markteinf\u00fchrung des neuen Bentayga Hybrid \u2013 des weltweit einzigen definitiven Luxus-Hybrids \u2013 in den kommenden Monaten ist es wichtig, dass wir noch immer die W\u00fcnsche unserer Kunden nach absoluter Leistung respektieren. Der neue Bentayga Speed bleibt weiterhin der schnellste SUV der Welt, doch noch wichtiger ist, dass er zugleich die luxuri\u00f6seste Version des neuen Bentayga ist \u2013 und damit das Beste aus beiden Welten, die Kr\u00f6nung der Modellreihe.\u201c<\/p>\n<p><strong>Kraft, Leistung und Dynamik<\/strong><\/p>\n<p><img decoding=\"async\" class=\"aligncenter size-full wp-image-90138\" src=\"https:\/\/spanienaktuell.net\/wordpress\/wp-content\/uploads\/2020\/10\/Bentayga-Speed-5.jpg\" alt=\"\" width=\"1440\" height=\"833\" srcset=\"https:\/\/spanienaktuell.net\/wordpress\/wp-content\/uploads\/2020\/10\/Bentayga-Speed-5.jpg 1440w, https:\/\/spanienaktuell.net\/wordpress\/wp-content\/uploads\/2020\/10\/Bentayga-Speed-5-300x174.jpg 300w, https:\/\/spanienaktuell.net\/wordpress\/wp-content\/uploads\/2020\/10\/Bentayga-Speed-5-768x444.jpg 768w, https:\/\/spanienaktuell.net\/wordpress\/wp-content\/uploads\/2020\/10\/Bentayga-Speed-5-1024x593.jpg 1024w\" sizes=\"(max-width: 1440px) 100vw, 1440px\" \/><\/p>\n<p>Mit dem doppelt turbogeladenen W12-Motor, der in der Spitze 635 PS bietet, hebt der neue Bentayga Speed die au\u00dfergew\u00f6hnlichen Leistungsmerkmale des Bentayga auf eine neue Ebene. Das Drehmoment von 900 Nm, das zwischen 1.500 U\/min und 5.000 U\/min kontinuierlich zur Verf\u00fcgung steht, garantiert eine stetige, m\u00fchelose Beschleunigung. Allein f\u00fcr die Montage des W12\u2011Antriebsstrangs ben\u00f6tigen die erfahrenen Motorenbauer ungef\u00e4hr zehn Prozent der Arbeitsstunden, die die Fertigung des Bentayga Speed insgesamt in Anspruch nimmt.<\/p>\n<p>Leistung, Komfort und Handling auf au\u00dfergew\u00f6hnlichem Niveau: Die H\u00f6chstgeschwindigkeit wurde auf 306 km\/h erh\u00f6ht, w\u00e4hrend 100 km\/h aus dem Stand in nur 3,9 Sekunden erreicht werden.<\/p>\n<p>Auch die Effizienz ist ein wichtiger Aspekt eines so leistungsstarken Motors: Um bei der komplexen Konfiguration des W12-Motors eine effektive Zylinderabschaltung zu erreichen, deaktiviert das Motorsteuerger\u00e4t bei Bedarf eine vollst\u00e4ndige Zylinderbank. Der Wechsel zwischen den beiden Zylinderb\u00e4nken durch die Nutzung von Daten aus den Einlass- und Abgassensoren minimiert ein Abk\u00fchlen der Zylinder und des Katalysators und vermeidet so Emissionsspitzen bei den Abgaswerten. Dies optimiert nicht nur die CO2-Emissionen, sondern erm\u00f6glicht auch deutliche Effizienzgewinne bei entspannten Fahrten mit nur leicht bet\u00e4tigtem Gaspedal.<\/p>\n<p><img decoding=\"async\" class=\"aligncenter size-full wp-image-90141\" src=\"https:\/\/spanienaktuell.net\/wordpress\/wp-content\/uploads\/2020\/10\/Bentayga-Speed-11.jpg\" alt=\"\" width=\"1440\" height=\"960\" srcset=\"https:\/\/spanienaktuell.net\/wordpress\/wp-content\/uploads\/2020\/10\/Bentayga-Speed-11.jpg 1440w, https:\/\/spanienaktuell.net\/wordpress\/wp-content\/uploads\/2020\/10\/Bentayga-Speed-11-300x200.jpg 300w, https:\/\/spanienaktuell.net\/wordpress\/wp-content\/uploads\/2020\/10\/Bentayga-Speed-11-768x512.jpg 768w, https:\/\/spanienaktuell.net\/wordpress\/wp-content\/uploads\/2020\/10\/Bentayga-Speed-11-1024x683.jpg 1024w\" sizes=\"(max-width: 1440px) 100vw, 1440px\" \/><\/p>\n<p>Wenn der Fahrer im 5. bis 8. Gang vom Gas geht (beim Dahingleiten auf der Autobahn beispielsweise), wird der Drehmomentwandler ge\u00f6ffnet, sodass der Motor in den Leerlauf wechselt und das Fahrzeug nur rollt oder schiebt. Wenn wieder Gas gegeben wird oder das Fahrzeug bei Bergabfahrt eine Tempoerh\u00f6hung erkennt, wird wieder ein Gang eingelegt.<\/p>\n<p>Um diese Kraft angemessen nutzen zu k\u00f6nnen, ist der Bentayga Speed mit vier Fahrdynamik-Modi f\u00fcr befestigte Stra\u00dfen ausgestattet, von denen \u201eComfort\u201c an einem Ende der Bandbreite steht und \u201eSport\u201c am anderen. Dazwischen befinden sich der \u201eBentley\u201c-Modus \u2013 die ausgewogene Empfehlung des Bentley-Fahrwerkteams in Crewe \u2013 sowie ein \u201eCustom\u201c-Modus f\u00fcr Kunden, die ihre Fahrwerkeinstellungen selbst vornehmen m\u00f6chten.<\/p>\n<p>Exklusiv f\u00fcr den Speed wurde der Sport-Betrieb neu kalibriert, um das Ansprechverhalten des W12-Motors und des Achtgang-Automatikgetriebes zu optimieren. Zudem wurden die Luftfederung und das Bentley Dynamic Ride-System neu eingestellt. Ergebnis: ein dynamischeres und packenderes Fahrerlebnis.<\/p>\n<p>Bentley Dynamic Ride ist die weltweit erste aktive elektrische Wankstabilisierung mit einem einzigartigen 48-Volt-System. Dieses System wirkt bei Kurvenfahrten den Seitenneigungskr\u00e4ften unmittelbar entgegen. Damit gew\u00e4hrleistet es maximalen Reifenkontakt mit der Stra\u00dfe und sorgt f\u00fcr eine in der Klasse unerreichte Fahrzeugstabilit\u00e4t, hohen Fahrkomfort und au\u00dfergew\u00f6hnliches Handling. Die Neukalibrierung von Bentleys Torque Vectoring by Brake-System \u2013 bei dem bei der Einfahrt in eine Kurve das innere Hinterrad leicht gebremst wird, um das Einlenken der Vorderachse zu verst\u00e4rken \u2013 verleiht dem Bentayga Speed ein noch direkteres Handling.<\/p>\n<p>Die optional erh\u00e4ltlichen Carbon-Keramik-Bremsen des Bentayga Speed sind die gr\u00f6\u00dften und st\u00e4rksten bei Bentley erh\u00e4ltlichen Bremsen: Das maximale Bremsmoment liegt bei 6.000 Nm und das System ist darauf ausgelegt, Temperaturen von bis zu 1.000 \u00b0C standzuhalten. Im Vergleich zu Gusseisenbremsen bieten sie zudem eine Gewichtsersparnis von mehr als 20 kg.<\/p>\n<p><strong>Optik spiegelt Leistungsverm\u00f6gen<\/strong><\/p>\n<p><strong><img decoding=\"async\" class=\"aligncenter size-full wp-image-90139\" src=\"https:\/\/spanienaktuell.net\/wordpress\/wp-content\/uploads\/2020\/10\/Bentayga-Speed-9.jpg\" alt=\"\" width=\"1440\" height=\"960\" srcset=\"https:\/\/spanienaktuell.net\/wordpress\/wp-content\/uploads\/2020\/10\/Bentayga-Speed-9.jpg 1440w, https:\/\/spanienaktuell.net\/wordpress\/wp-content\/uploads\/2020\/10\/Bentayga-Speed-9-300x200.jpg 300w, https:\/\/spanienaktuell.net\/wordpress\/wp-content\/uploads\/2020\/10\/Bentayga-Speed-9-768x512.jpg 768w, https:\/\/spanienaktuell.net\/wordpress\/wp-content\/uploads\/2020\/10\/Bentayga-Speed-9-1024x683.jpg 1024w\" sizes=\"(max-width: 1440px) 100vw, 1440px\" \/>\u00a0<\/strong><\/p>\n<p>Passend zum h\u00f6heren Leistungsniveau wartet der Bentayga Speed mit einer imposanten Exterieur-Optik auf. Dunkel get\u00f6nte Scheinwerfer, Seitenschwellerleisten in Wagenfarbe, einzigartige Front- und Hecksto\u00dff\u00e4nger sowie ein faszinierender, verl\u00e4ngerter Heckfl\u00fcgel untermauern das Leistungsverm\u00f6gen des SUV. K\u00fchler- und Sto\u00dff\u00e4ngergrilleins\u00e4tze in dunkler T\u00f6nung, ein exklusives 22-Zoll-Raddesign, das mit zwei unterschiedlichen Oberfl\u00e4chen (lackiert und dunkel get\u00f6nt) verf\u00fcgbar ist, sowie die typischen Speed-Embleme unterstreichen das sportliche Design. Die Endrohre am Heck sind nun in dem ovalen Design gestaltet, das eine W12-Motorisierung signalisiert. Die dunkel get\u00f6nten Schlussleuchten runden den Auftritt des Speed ab.<\/p>\n<p>Die Standardpalette mit 17 Lackfarben wird von weiteren 47 Farbt\u00f6nen in der erweiterten Farbauswahl und der Mulliner-Farbpalette sowie 24 zus\u00e4tzlichen, optionalen Zweifarblackierungen erg\u00e4nzt. Kunden, die \u00fcber diese insgesamt 88 Farbm\u00f6glichkeiten hinausgehen m\u00f6chten, k\u00f6nnen die Lackierung an jede beliebige Farbvorlage anpassen lassen. Diese au\u00dfergew\u00f6hnliche Farbpalette wird von 15 Lederfarben, sechs Lederfarbkombinationen, acht Furnierh\u00f6lzern und zwei technisch anmutenden Oberfl\u00e4chen komplementiert.<\/p>\n<p><img decoding=\"async\" class=\"aligncenter size-full wp-image-90142\" src=\"https:\/\/spanienaktuell.net\/wordpress\/wp-content\/uploads\/2020\/10\/Bentayga-Speed-12.jpg\" alt=\"\" width=\"1440\" height=\"960\" srcset=\"https:\/\/spanienaktuell.net\/wordpress\/wp-content\/uploads\/2020\/10\/Bentayga-Speed-12.jpg 1440w, https:\/\/spanienaktuell.net\/wordpress\/wp-content\/uploads\/2020\/10\/Bentayga-Speed-12-300x200.jpg 300w, https:\/\/spanienaktuell.net\/wordpress\/wp-content\/uploads\/2020\/10\/Bentayga-Speed-12-768x512.jpg 768w, https:\/\/spanienaktuell.net\/wordpress\/wp-content\/uploads\/2020\/10\/Bentayga-Speed-12-1024x683.jpg 1024w\" sizes=\"(max-width: 1440px) 100vw, 1440px\" \/><\/p>\n<p>Im Interieur des Bentayga Speed wird ein spektakul\u00e4res Designthema eingef\u00fchrt, das eine unvergleichliche Balance zwischen Luxus und Leistung findet. Die einzigartige Farbkombination des Speed wird durch den Einsatz dunkler Farbt\u00f6ne mit stilvollen Lederakzenten an Sitzen und Innenverkleidung erreicht. Elegant gefertigte, schwungvolle Lederelemente in Kontrastfarbe flie\u00dfen rund um T\u00fcren und T\u00fcrgriffe, fassen die Sitzfl\u00e4chen und R\u00fcckenlehnen sowie die untere Konsole ein.<\/p>\n<p>F\u00fcr die Farbkombination des Speed wird erstmals im Bentayga Alcantara\u00ae genutzt, das an den Sitzfl\u00e4chen, den R\u00fcckenlehnen, am Schalthebel, am Lenkrad, an Teilen der Fu\u00dfraumverkleidung, an den oberen S\u00e4ulen und am Dachhimmel zum Einsatz kommt. Wer f\u00fcr diese Bereiche stattdessen Leder bevorzugt, kann die Leather Specification w\u00e4hlen.<\/p>\n<p><img decoding=\"async\" class=\"aligncenter size-full wp-image-90143\" src=\"https:\/\/spanienaktuell.net\/wordpress\/wp-content\/uploads\/2020\/10\/Bentayga-Speed-13.jpg\" alt=\"\" width=\"1440\" height=\"960\" srcset=\"https:\/\/spanienaktuell.net\/wordpress\/wp-content\/uploads\/2020\/10\/Bentayga-Speed-13.jpg 1440w, https:\/\/spanienaktuell.net\/wordpress\/wp-content\/uploads\/2020\/10\/Bentayga-Speed-13-300x200.jpg 300w, https:\/\/spanienaktuell.net\/wordpress\/wp-content\/uploads\/2020\/10\/Bentayga-Speed-13-768x512.jpg 768w, https:\/\/spanienaktuell.net\/wordpress\/wp-content\/uploads\/2020\/10\/Bentayga-Speed-13-1024x683.jpg 1024w\" sizes=\"(max-width: 1440px) 100vw, 1440px\" \/><\/p>\n<p>In der Serienausstattung ist eine Bestickung der R\u00fcckenlehnen aller Sitze mit dem \u201eSpeed\u201c-Schriftzug vorgesehen, der ohne Aufpreis durch das Bentley-Emblem ersetzt werden kann.<\/p>\n<p>Exklusiv f\u00fcr den Speed wird das Rautendesign der Mulliner Driving Specification (die im Serienumfang enthalten ist) durch neue kontrastierende Steppn\u00e4hte erg\u00e4nzt: Jede Steppnaht wird mit einem zum Leder passenden Garn und zus\u00e4tzlich mit einem Garn in der gew\u00e4hlten Kontrastfarbe ausgef\u00fchrt. Dezente Speed-Embleme aus Metall an der vorderen Armaturentafel und beleuchtete Einstiegsleisten mit \u201eSpeed\u201c-Schriftzug runden die unverkennbare Optik ab.<\/p>\n<p><img decoding=\"async\" class=\"aligncenter size-full wp-image-90136\" src=\"https:\/\/spanienaktuell.net\/wordpress\/wp-content\/uploads\/2020\/10\/Bentayga-Speed-3.jpg\" alt=\"\" width=\"1440\" height=\"960\" srcset=\"https:\/\/spanienaktuell.net\/wordpress\/wp-content\/uploads\/2020\/10\/Bentayga-Speed-3.jpg 1440w, https:\/\/spanienaktuell.net\/wordpress\/wp-content\/uploads\/2020\/10\/Bentayga-Speed-3-300x200.jpg 300w, https:\/\/spanienaktuell.net\/wordpress\/wp-content\/uploads\/2020\/10\/Bentayga-Speed-3-768x512.jpg 768w, https:\/\/spanienaktuell.net\/wordpress\/wp-content\/uploads\/2020\/10\/Bentayga-Speed-3-1024x683.jpg 1024w\" sizes=\"(max-width: 1440px) 100vw, 1440px\" \/><\/p>\n<p>Ausf\u00fchrlichere Informationen zum neuen\u00a0 <strong>Bentayga Speed<\/strong> erhalten Sie auf <a href=\"http:\/\/www.bentleymotors.com\"><strong>www.bentleymotors.com<\/strong><\/a><\/p>\n<p><strong>Schauen Sie sich das Video zum neuen<\/strong> <strong>BENTAYGA SPEED\u00a0 in der digitalen Version des Artikels im Magazin\u00a0 auf www.spanienaktuell.net an.<\/strong><\/p>\n<p>Quelle: \u00a9 Copyright 2020 Bentley Motors<\/p>\n","protected":false},"excerpt":{"rendered":"<p>M\u00fchelose Leistung trifft auf unvergleichliche Handwerkskunst 6,0-Liter-W12-Motor mit 635 PS und 900 Nm Drehmoment H\u00f6chstgeschwindigkeit: 306 km\/h; 0-100 km\/h in [&hellip;]<\/p>\n","protected":false},"author":3,"featured_media":90135,"comment_status":"closed","ping_status":"closed","sticky":false,"template":"","format":"standard","meta":{"footnotes":""},"categories":[30],"tags":[],"class_list":["post-90134","post","type-post","status-publish","format-standard","has-post-thumbnail","hentry","category-recht-gesellschaft"],"yoast_head":"<!-- This site is optimized with the Yoast SEO plugin v27.1.1 - https:\/\/yoast.com\/product\/yoast-seo-wordpress\/ -->\n<title>Bentley | Neuer BENTAYGA SPEED \u2013 der ultimative BENTAYGA - Spanien aktuell<\/title>\n<meta name=\"robots\" content=\"index, follow, max-snippet:-1, max-image-preview:large, max-video-preview:-1\" \/>\n<link rel=\"canonical\" href=\"https:\/\/spanienaktuell.net\/wordpress\/bentley-neuer-bentayga-speed-der-ultimative-bentayga\/\" \/>\n<meta property=\"og:locale\" content=\"es_ES\" \/>\n<meta property=\"og:type\" content=\"article\" \/>\n<meta property=\"og:title\" content=\"Bentley | Neuer BENTAYGA SPEED \u2013 der ultimative BENTAYGA - Spanien aktuell\" \/>\n<meta property=\"og:description\" content=\"M\u00fchelose Leistung trifft auf unvergleichliche Handwerkskunst 6,0-Liter-W12-Motor mit 635 PS und 900 Nm Drehmoment H\u00f6chstgeschwindigkeit: 306 km\/h; 0-100 km\/h in [&hellip;]\" \/>\n<meta property=\"og:url\" content=\"https:\/\/spanienaktuell.net\/wordpress\/bentley-neuer-bentayga-speed-der-ultimative-bentayga\/\" \/>\n<meta property=\"og:site_name\" content=\"Spanien aktuell\" \/>\n<meta property=\"article:published_time\" content=\"2020-10-01T09:22:50+00:00\" \/>\n<meta property=\"article:modified_time\" content=\"2020-10-05T09:28:06+00:00\" \/>\n<meta property=\"og:image\" content=\"https:\/\/spanienaktuell.net\/wordpress\/wp-content\/uploads\/2020\/10\/Bentayga-Speed-1.jpg\" \/>\n\t<meta property=\"og:image:width\" content=\"1440\" \/>\n\t<meta property=\"og:image:height\" content=\"960\" \/>\n\t<meta property=\"og:image:type\" content=\"image\/jpeg\" \/>\n<meta name=\"author\" content=\"Spanien Aktuell\" \/>\n<meta name=\"twitter:card\" content=\"summary_large_image\" \/>\n<meta name=\"twitter:label1\" content=\"Escrito por\" \/>\n\t<meta name=\"twitter:data1\" content=\"Spanien Aktuell\" \/>\n\t<meta name=\"twitter:label2\" content=\"Tiempo de lectura\" \/>\n\t<meta name=\"twitter:data2\" content=\"6 minutos\" \/>\n<script type=\"application\/ld+json\" class=\"yoast-schema-graph\">{\"@context\":\"https:\/\/schema.org\",\"@graph\":[{\"@type\":\"Article\",\"@id\":\"https:\/\/spanienaktuell.net\/wordpress\/bentley-neuer-bentayga-speed-der-ultimative-bentayga\/#article\",\"isPartOf\":{\"@id\":\"https:\/\/spanienaktuell.net\/wordpress\/bentley-neuer-bentayga-speed-der-ultimative-bentayga\/\"},\"author\":{\"name\":\"Spanien Aktuell\",\"@id\":\"https:\/\/spanienaktuell.net\/wordpress\/#\/schema\/person\/bc410cfae0161b201d837ebfeeba7fd0\"},\"headline\":\"Bentley | Neuer BENTAYGA SPEED \u2013 der ultimative BENTAYGA\",\"datePublished\":\"2020-10-01T09:22:50+00:00\",\"dateModified\":\"2020-10-05T09:28:06+00:00\",\"mainEntityOfPage\":{\"@id\":\"https:\/\/spanienaktuell.net\/wordpress\/bentley-neuer-bentayga-speed-der-ultimative-bentayga\/\"},\"wordCount\":1243,\"publisher\":{\"@id\":\"https:\/\/spanienaktuell.net\/wordpress\/#organization\"},\"image\":{\"@id\":\"https:\/\/spanienaktuell.net\/wordpress\/bentley-neuer-bentayga-speed-der-ultimative-bentayga\/#primaryimage\"},\"thumbnailUrl\":\"https:\/\/spanienaktuell.net\/wordpress\/wp-content\/uploads\/2020\/10\/Bentayga-Speed-1.jpg\",\"articleSection\":[\"Recht\"],\"inLanguage\":\"es\"},{\"@type\":\"WebPage\",\"@id\":\"https:\/\/spanienaktuell.net\/wordpress\/bentley-neuer-bentayga-speed-der-ultimative-bentayga\/\",\"url\":\"https:\/\/spanienaktuell.net\/wordpress\/bentley-neuer-bentayga-speed-der-ultimative-bentayga\/\",\"name\":\"Bentley | Neuer BENTAYGA SPEED \u2013 der ultimative BENTAYGA - Spanien aktuell\",\"isPartOf\":{\"@id\":\"https:\/\/spanienaktuell.net\/wordpress\/#website\"},\"primaryImageOfPage\":{\"@id\":\"https:\/\/spanienaktuell.net\/wordpress\/bentley-neuer-bentayga-speed-der-ultimative-bentayga\/#primaryimage\"},\"image\":{\"@id\":\"https:\/\/spanienaktuell.net\/wordpress\/bentley-neuer-bentayga-speed-der-ultimative-bentayga\/#primaryimage\"},\"thumbnailUrl\":\"https:\/\/spanienaktuell.net\/wordpress\/wp-content\/uploads\/2020\/10\/Bentayga-Speed-1.jpg\",\"datePublished\":\"2020-10-01T09:22:50+00:00\",\"dateModified\":\"2020-10-05T09:28:06+00:00\",\"breadcrumb\":{\"@id\":\"https:\/\/spanienaktuell.net\/wordpress\/bentley-neuer-bentayga-speed-der-ultimative-bentayga\/#breadcrumb\"},\"inLanguage\":\"es\",\"potentialAction\":[{\"@type\":\"ReadAction\",\"target\":[\"https:\/\/spanienaktuell.net\/wordpress\/bentley-neuer-bentayga-speed-der-ultimative-bentayga\/\"]}]},{\"@type\":\"ImageObject\",\"inLanguage\":\"es\",\"@id\":\"https:\/\/spanienaktuell.net\/wordpress\/bentley-neuer-bentayga-speed-der-ultimative-bentayga\/#primaryimage\",\"url\":\"https:\/\/spanienaktuell.net\/wordpress\/wp-content\/uploads\/2020\/10\/Bentayga-Speed-1.jpg\",\"contentUrl\":\"https:\/\/spanienaktuell.net\/wordpress\/wp-content\/uploads\/2020\/10\/Bentayga-Speed-1.jpg\",\"width\":1440,\"height\":960,\"caption\":\"Photo: James Lipman\"},{\"@type\":\"BreadcrumbList\",\"@id\":\"https:\/\/spanienaktuell.net\/wordpress\/bentley-neuer-bentayga-speed-der-ultimative-bentayga\/#breadcrumb\",\"itemListElement\":[{\"@type\":\"ListItem\",\"position\":1,\"name\":\"Portada\",\"item\":\"https:\/\/spanienaktuell.net\/wordpress\/\"},{\"@type\":\"ListItem\",\"position\":2,\"name\":\"Bentley | Neuer BENTAYGA SPEED \u2013 der ultimative BENTAYGA\"}]},{\"@type\":\"WebSite\",\"@id\":\"https:\/\/spanienaktuell.net\/wordpress\/#website\",\"url\":\"https:\/\/spanienaktuell.net\/wordpress\/\",\"name\":\"Spanien aktuell\",\"description\":\"The German magazine number 1 on the Costa del Sol\",\"publisher\":{\"@id\":\"https:\/\/spanienaktuell.net\/wordpress\/#organization\"},\"potentialAction\":[{\"@type\":\"SearchAction\",\"target\":{\"@type\":\"EntryPoint\",\"urlTemplate\":\"https:\/\/spanienaktuell.net\/wordpress\/?s={search_term_string}\"},\"query-input\":{\"@type\":\"PropertyValueSpecification\",\"valueRequired\":true,\"valueName\":\"search_term_string\"}}],\"inLanguage\":\"es\"},{\"@type\":\"Organization\",\"@id\":\"https:\/\/spanienaktuell.net\/wordpress\/#organization\",\"name\":\"Spanien aktuell\",\"url\":\"https:\/\/spanienaktuell.net\/wordpress\/\",\"logo\":{\"@type\":\"ImageObject\",\"inLanguage\":\"es\",\"@id\":\"https:\/\/spanienaktuell.net\/wordpress\/#\/schema\/logo\/image\/\",\"url\":\"https:\/\/spanienaktuell.net\/wordpress\/wp-content\/uploads\/2019\/06\/cropped-Logo-spanien-aktuell-png-web-e1561631085388.png\",\"contentUrl\":\"https:\/\/spanienaktuell.net\/wordpress\/wp-content\/uploads\/2019\/06\/cropped-Logo-spanien-aktuell-png-web-e1561631085388.png\",\"width\":512,\"height\":110,\"caption\":\"Spanien aktuell\"},\"image\":{\"@id\":\"https:\/\/spanienaktuell.net\/wordpress\/#\/schema\/logo\/image\/\"}},{\"@type\":\"Person\",\"@id\":\"https:\/\/spanienaktuell.net\/wordpress\/#\/schema\/person\/bc410cfae0161b201d837ebfeeba7fd0\",\"name\":\"Spanien Aktuell\",\"image\":{\"@type\":\"ImageObject\",\"inLanguage\":\"es\",\"@id\":\"https:\/\/spanienaktuell.net\/wordpress\/#\/schema\/person\/image\/\",\"url\":\"https:\/\/spanienaktuell.net\/wordpress\/wp-content\/uploads\/2019\/06\/cropped-Logo-spanien-aktuell-png-fav2-100x100.png\",\"contentUrl\":\"https:\/\/spanienaktuell.net\/wordpress\/wp-content\/uploads\/2019\/06\/cropped-Logo-spanien-aktuell-png-fav2-100x100.png\",\"caption\":\"Spanien Aktuell\"},\"url\":\"https:\/\/spanienaktuell.net\/wordpress\/author\/koalum\/\"}]}<\/script>\n<!-- \/ Yoast SEO plugin. -->","yoast_head_json":{"title":"Bentley | Neuer BENTAYGA SPEED \u2013 der ultimative BENTAYGA - Spanien aktuell","robots":{"index":"index","follow":"follow","max-snippet":"max-snippet:-1","max-image-preview":"max-image-preview:large","max-video-preview":"max-video-preview:-1"},"canonical":"https:\/\/spanienaktuell.net\/wordpress\/bentley-neuer-bentayga-speed-der-ultimative-bentayga\/","og_locale":"es_ES","og_type":"article","og_title":"Bentley | Neuer BENTAYGA SPEED \u2013 der ultimative BENTAYGA - Spanien aktuell","og_description":"M\u00fchelose Leistung trifft auf unvergleichliche Handwerkskunst 6,0-Liter-W12-Motor mit 635 PS und 900 Nm Drehmoment H\u00f6chstgeschwindigkeit: 306 km\/h; 0-100 km\/h in [&hellip;]","og_url":"https:\/\/spanienaktuell.net\/wordpress\/bentley-neuer-bentayga-speed-der-ultimative-bentayga\/","og_site_name":"Spanien aktuell","article_published_time":"2020-10-01T09:22:50+00:00","article_modified_time":"2020-10-05T09:28:06+00:00","og_image":[{"width":1440,"height":960,"url":"https:\/\/spanienaktuell.net\/wordpress\/wp-content\/uploads\/2020\/10\/Bentayga-Speed-1.jpg","type":"image\/jpeg"}],"author":"Spanien Aktuell","twitter_card":"summary_large_image","twitter_misc":{"Escrito por":"Spanien Aktuell","Tiempo de lectura":"6 minutos"},"schema":{"@context":"https:\/\/schema.org","@graph":[{"@type":"Article","@id":"https:\/\/spanienaktuell.net\/wordpress\/bentley-neuer-bentayga-speed-der-ultimative-bentayga\/#article","isPartOf":{"@id":"https:\/\/spanienaktuell.net\/wordpress\/bentley-neuer-bentayga-speed-der-ultimative-bentayga\/"},"author":{"name":"Spanien Aktuell","@id":"https:\/\/spanienaktuell.net\/wordpress\/#\/schema\/person\/bc410cfae0161b201d837ebfeeba7fd0"},"headline":"Bentley | Neuer BENTAYGA SPEED \u2013 der ultimative BENTAYGA","datePublished":"2020-10-01T09:22:50+00:00","dateModified":"2020-10-05T09:28:06+00:00","mainEntityOfPage":{"@id":"https:\/\/spanienaktuell.net\/wordpress\/bentley-neuer-bentayga-speed-der-ultimative-bentayga\/"},"wordCount":1243,"publisher":{"@id":"https:\/\/spanienaktuell.net\/wordpress\/#organization"},"image":{"@id":"https:\/\/spanienaktuell.net\/wordpress\/bentley-neuer-bentayga-speed-der-ultimative-bentayga\/#primaryimage"},"thumbnailUrl":"https:\/\/spanienaktuell.net\/wordpress\/wp-content\/uploads\/2020\/10\/Bentayga-Speed-1.jpg","articleSection":["Recht"],"inLanguage":"es"},{"@type":"WebPage","@id":"https:\/\/spanienaktuell.net\/wordpress\/bentley-neuer-bentayga-speed-der-ultimative-bentayga\/","url":"https:\/\/spanienaktuell.net\/wordpress\/bentley-neuer-bentayga-speed-der-ultimative-bentayga\/","name":"Bentley | Neuer BENTAYGA SPEED \u2013 der ultimative BENTAYGA - Spanien aktuell","isPartOf":{"@id":"https:\/\/spanienaktuell.net\/wordpress\/#website"},"primaryImageOfPage":{"@id":"https:\/\/spanienaktuell.net\/wordpress\/bentley-neuer-bentayga-speed-der-ultimative-bentayga\/#primaryimage"},"image":{"@id":"https:\/\/spanienaktuell.net\/wordpress\/bentley-neuer-bentayga-speed-der-ultimative-bentayga\/#primaryimage"},"thumbnailUrl":"https:\/\/spanienaktuell.net\/wordpress\/wp-content\/uploads\/2020\/10\/Bentayga-Speed-1.jpg","datePublished":"2020-10-01T09:22:50+00:00","dateModified":"2020-10-05T09:28:06+00:00","breadcrumb":{"@id":"https:\/\/spanienaktuell.net\/wordpress\/bentley-neuer-bentayga-speed-der-ultimative-bentayga\/#breadcrumb"},"inLanguage":"es","potentialAction":[{"@type":"ReadAction","target":["https:\/\/spanienaktuell.net\/wordpress\/bentley-neuer-bentayga-speed-der-ultimative-bentayga\/"]}]},{"@type":"ImageObject","inLanguage":"es","@id":"https:\/\/spanienaktuell.net\/wordpress\/bentley-neuer-bentayga-speed-der-ultimative-bentayga\/#primaryimage","url":"https:\/\/spanienaktuell.net\/wordpress\/wp-content\/uploads\/2020\/10\/Bentayga-Speed-1.jpg","contentUrl":"https:\/\/spanienaktuell.net\/wordpress\/wp-content\/uploads\/2020\/10\/Bentayga-Speed-1.jpg","width":1440,"height":960,"caption":"Photo: James Lipman"},{"@type":"BreadcrumbList","@id":"https:\/\/spanienaktuell.net\/wordpress\/bentley-neuer-bentayga-speed-der-ultimative-bentayga\/#breadcrumb","itemListElement":[{"@type":"ListItem","position":1,"name":"Portada","item":"https:\/\/spanienaktuell.net\/wordpress\/"},{"@type":"ListItem","position":2,"name":"Bentley | Neuer BENTAYGA SPEED \u2013 der ultimative BENTAYGA"}]},{"@type":"WebSite","@id":"https:\/\/spanienaktuell.net\/wordpress\/#website","url":"https:\/\/spanienaktuell.net\/wordpress\/","name":"Spanien aktuell","description":"The German magazine number 1 on the Costa del Sol","publisher":{"@id":"https:\/\/spanienaktuell.net\/wordpress\/#organization"},"potentialAction":[{"@type":"SearchAction","target":{"@type":"EntryPoint","urlTemplate":"https:\/\/spanienaktuell.net\/wordpress\/?s={search_term_string}"},"query-input":{"@type":"PropertyValueSpecification","valueRequired":true,"valueName":"search_term_string"}}],"inLanguage":"es"},{"@type":"Organization","@id":"https:\/\/spanienaktuell.net\/wordpress\/#organization","name":"Spanien aktuell","url":"https:\/\/spanienaktuell.net\/wordpress\/","logo":{"@type":"ImageObject","inLanguage":"es","@id":"https:\/\/spanienaktuell.net\/wordpress\/#\/schema\/logo\/image\/","url":"https:\/\/spanienaktuell.net\/wordpress\/wp-content\/uploads\/2019\/06\/cropped-Logo-spanien-aktuell-png-web-e1561631085388.png","contentUrl":"https:\/\/spanienaktuell.net\/wordpress\/wp-content\/uploads\/2019\/06\/cropped-Logo-spanien-aktuell-png-web-e1561631085388.png","width":512,"height":110,"caption":"Spanien aktuell"},"image":{"@id":"https:\/\/spanienaktuell.net\/wordpress\/#\/schema\/logo\/image\/"}},{"@type":"Person","@id":"https:\/\/spanienaktuell.net\/wordpress\/#\/schema\/person\/bc410cfae0161b201d837ebfeeba7fd0","name":"Spanien Aktuell","image":{"@type":"ImageObject","inLanguage":"es","@id":"https:\/\/spanienaktuell.net\/wordpress\/#\/schema\/person\/image\/","url":"https:\/\/spanienaktuell.net\/wordpress\/wp-content\/uploads\/2019\/06\/cropped-Logo-spanien-aktuell-png-fav2-100x100.png","contentUrl":"https:\/\/spanienaktuell.net\/wordpress\/wp-content\/uploads\/2019\/06\/cropped-Logo-spanien-aktuell-png-fav2-100x100.png","caption":"Spanien Aktuell"},"url":"https:\/\/spanienaktuell.net\/wordpress\/author\/koalum\/"}]}},"_links":{"self":[{"href":"https:\/\/spanienaktuell.net\/wordpress\/wp-json\/wp\/v2\/posts\/90134","targetHints":{"allow":["GET"]}}],"collection":[{"href":"https:\/\/spanienaktuell.net\/wordpress\/wp-json\/wp\/v2\/posts"}],"about":[{"href":"https:\/\/spanienaktuell.net\/wordpress\/wp-json\/wp\/v2\/types\/post"}],"author":[{"embeddable":true,"href":"https:\/\/spanienaktuell.net\/wordpress\/wp-json\/wp\/v2\/users\/3"}],"replies":[{"embeddable":true,"href":"https:\/\/spanienaktuell.net\/wordpress\/wp-json\/wp\/v2\/comments?post=90134"}],"version-history":[{"count":1,"href":"https:\/\/spanienaktuell.net\/wordpress\/wp-json\/wp\/v2\/posts\/90134\/revisions"}],"predecessor-version":[{"id":90148,"href":"https:\/\/spanienaktuell.net\/wordpress\/wp-json\/wp\/v2\/posts\/90134\/revisions\/90148"}],"wp:featuredmedia":[{"embeddable":true,"href":"https:\/\/spanienaktuell.net\/wordpress\/wp-json\/wp\/v2\/media\/90135"}],"wp:attachment":[{"href":"https:\/\/spanienaktuell.net\/wordpress\/wp-json\/wp\/v2\/media?parent=90134"}],"wp:term":[{"taxonomy":"category","embeddable":true,"href":"https:\/\/spanienaktuell.net\/wordpress\/wp-json\/wp\/v2\/categories?post=90134"},{"taxonomy":"post_tag","embeddable":true,"href":"https:\/\/spanienaktuell.net\/wordpress\/wp-json\/wp\/v2\/tags?post=90134"}],"curies":[{"name":"wp","href":"https:\/\/api.w.org\/{rel}","templated":true}]}}