{"id":90162,"date":"2020-10-01T09:33:35","date_gmt":"2020-10-01T09:33:35","guid":{"rendered":"https:\/\/spanienaktuell.net\/wordpress\/?p=90162"},"modified":"2020-10-05T09:41:09","modified_gmt":"2020-10-05T09:41:09","slug":"hallenschwimmbad-war-gestern-elf-beeindruckende-naturpools-auf-den-kanarischen-inseln","status":"publish","type":"post","link":"https:\/\/spanienaktuell.net\/wordpress\/hallenschwimmbad-war-gestern-elf-beeindruckende-naturpools-auf-den-kanarischen-inseln\/","title":{"rendered":"Hallenschwimmbad war gestern: Elf beeindruckende Naturpools auf den Kanarischen Inseln"},"content":{"rendered":"<p><em>Foto: \u00a9\u00a0 Playa Risco del Paso Fuerteventura-BrandCentre Islas Canarias<\/em><\/p>\n<p><strong>Alle Kanaren-Fans k\u00f6nnen sich jetzt schon Urlaubsinspirationen f\u00fcr den n\u00e4chsten Inseltrip holen.<\/strong><\/p>\n<p>Subtropisches Klima, einzigartige Natur und der tosende Ozean schaffen ein ganzheitliches Urlaubserlebnis. Was auf keinen Fall fehlen darf bei der Reiseplanung: Ein Besuch der ikonischen Lagunen und Naturbuchten \u2013 wild oder romantisch, f\u00fcr Familien oder Individualisten, naturbelassen oder k\u00fcnstlich angelegt \u2013 hier sind die elf sch\u00f6nsten Naturpools der Kanarischen Inseln virtuell f\u00fcr die deutschen Wohnzimmer.<\/p>\n<p><strong>Charco Azul, El Hierro \u2013 der Sch\u00f6ne<\/strong><\/p>\n<figure id=\"attachment_90174\" aria-describedby=\"caption-attachment-90174\" style=\"width: 1440px\" class=\"wp-caption aligncenter\"><img decoding=\"async\" class=\"size-full wp-image-90174\" src=\"https:\/\/spanienaktuell.net\/wordpress\/wp-content\/uploads\/2020\/10\/Charco-Azul-El-Hierro-\u00a9-BrandCentre-Islas-Canarias-PH13052-2.jpg\" alt=\"\" width=\"1440\" height=\"960\" srcset=\"https:\/\/spanienaktuell.net\/wordpress\/wp-content\/uploads\/2020\/10\/Charco-Azul-El-Hierro-\u00a9-BrandCentre-Islas-Canarias-PH13052-2.jpg 1440w, https:\/\/spanienaktuell.net\/wordpress\/wp-content\/uploads\/2020\/10\/Charco-Azul-El-Hierro-\u00a9-BrandCentre-Islas-Canarias-PH13052-2-300x200.jpg 300w, https:\/\/spanienaktuell.net\/wordpress\/wp-content\/uploads\/2020\/10\/Charco-Azul-El-Hierro-\u00a9-BrandCentre-Islas-Canarias-PH13052-2-768x512.jpg 768w, https:\/\/spanienaktuell.net\/wordpress\/wp-content\/uploads\/2020\/10\/Charco-Azul-El-Hierro-\u00a9-BrandCentre-Islas-Canarias-PH13052-2-1024x683.jpg 1024w\" sizes=\"(max-width: 1440px) 100vw, 1440px\" \/><figcaption id=\"caption-attachment-90174\" class=\"wp-caption-text\">Foto: \u00a9 Charco Azul-BrandCentre Islas Canarias<\/figcaption><\/figure>\n<p>Vor Millionen von Jahren formten Vulkaneruptionen die ausgedehnte Poollandschaft entlang der zerkl\u00fcfteten K\u00fcsten von El Golfo auf der kleinen Kanareninsel El Hierro. Das Becken l\u00e4sst sich \u00fcber eine Steintreppe von dem nahen Parkplatz aus gut erreichen. Steinerne Liegefl\u00e4chen bieten Platz zum Ausruhen und Tr\u00e4umen. Besonders in den warmen Sommermonaten sind die azurblauen Becken eine angenehme Erfrischung f\u00fcr Wasserfreunde jeglichen Alters. Wer mit seinem Besuch bis zum Abend wartet, entdeckt eine surreale Schattenwelt, die den Naturpool in ein Gem\u00e4lde voller Blau- und Grau T\u00f6ne f\u00fcr das perfekte Urlaubsfoto verwandelt.<\/p>\n<p><strong>Aguas Verdes, Fuerteventura \u2013 die Juwelen<\/strong><\/p>\n<figure id=\"attachment_90169\" aria-describedby=\"caption-attachment-90169\" style=\"width: 1440px\" class=\"wp-caption aligncenter\"><img decoding=\"async\" class=\"size-full wp-image-90169\" src=\"https:\/\/spanienaktuell.net\/wordpress\/wp-content\/uploads\/2020\/10\/Foto-\u00a9-Lobos-BrandCentre-Islas-Canarias-Fuerteventura-.jpg\" alt=\"\" width=\"1440\" height=\"960\" srcset=\"https:\/\/spanienaktuell.net\/wordpress\/wp-content\/uploads\/2020\/10\/Foto-\u00a9-Lobos-BrandCentre-Islas-Canarias-Fuerteventura-.jpg 1440w, https:\/\/spanienaktuell.net\/wordpress\/wp-content\/uploads\/2020\/10\/Foto-\u00a9-Lobos-BrandCentre-Islas-Canarias-Fuerteventura--300x200.jpg 300w, https:\/\/spanienaktuell.net\/wordpress\/wp-content\/uploads\/2020\/10\/Foto-\u00a9-Lobos-BrandCentre-Islas-Canarias-Fuerteventura--768x512.jpg 768w, https:\/\/spanienaktuell.net\/wordpress\/wp-content\/uploads\/2020\/10\/Foto-\u00a9-Lobos-BrandCentre-Islas-Canarias-Fuerteventura--1024x683.jpg 1024w\" sizes=\"(max-width: 1440px) 100vw, 1440px\" \/><figcaption id=\"caption-attachment-90169\" class=\"wp-caption-text\">Foto: \u00a9 BrandCentre Islas Canarias<\/figcaption><\/figure>\n<p>Die Aguas Verdes sind Synonym f\u00fcr die Besonderheit der kanarischen Naturschwimmbecken: Der knapp sechs Kilometer lange K\u00fcstenabschnitt liegt in den Ausl\u00e4ufern des Naturparks Betancuria und l\u00e4sst sich \u00fcber eine gem\u00fctliche Wanderung durch den Park erreichen. Am Ende der asphaltierten Stra\u00dfe tummeln sich gesch\u00e4ftige Krebse und flinke Eichh\u00f6rnchen rund um die Naturlagune. Durchzogen von dutzenden kleinen Buchten und einsamen Becken sind die Aguas Verdes die perfekte Enklave f\u00fcr alle Ruhesuchenden, die sich Entspannung und Badevergn\u00fcgen fernab des Alltags w\u00fcnschen.<\/p>\n<p><strong>El Calet\u00f3n de Garachico, Teneriffa \u2013 die Vielseitigen<\/strong><\/p>\n<figure id=\"attachment_90172\" aria-describedby=\"caption-attachment-90172\" style=\"width: 940px\" class=\"wp-caption aligncenter\"><img decoding=\"async\" class=\"size-full wp-image-90172\" src=\"https:\/\/spanienaktuell.net\/wordpress\/wp-content\/uploads\/2020\/10\/Foto-\u00a9\u00a9-El-Calet\u00f3n-de-Garachico-Tenneriffa-Turismo-de-Canarias-BrandCentre-Islas-Canarias.jpg\" alt=\"\" width=\"940\" height=\"430\" srcset=\"https:\/\/spanienaktuell.net\/wordpress\/wp-content\/uploads\/2020\/10\/Foto-\u00a9\u00a9-El-Calet\u00f3n-de-Garachico-Tenneriffa-Turismo-de-Canarias-BrandCentre-Islas-Canarias.jpg 940w, https:\/\/spanienaktuell.net\/wordpress\/wp-content\/uploads\/2020\/10\/Foto-\u00a9\u00a9-El-Calet\u00f3n-de-Garachico-Tenneriffa-Turismo-de-Canarias-BrandCentre-Islas-Canarias-300x137.jpg 300w, https:\/\/spanienaktuell.net\/wordpress\/wp-content\/uploads\/2020\/10\/Foto-\u00a9\u00a9-El-Calet\u00f3n-de-Garachico-Tenneriffa-Turismo-de-Canarias-BrandCentre-Islas-Canarias-768x351.jpg 768w\" sizes=\"(max-width: 940px) 100vw, 940px\" \/><figcaption id=\"caption-attachment-90172\" class=\"wp-caption-text\">Foto: \u00a9 El Calet\u00f3n de Garachico-Turismo de Canarias-BrandCentre Islas Canarias<\/figcaption><\/figure>\n<p>Wie w\u00e4re es mit Pool-Hopping im t\u00fcrkis-blauen Meerwasser? Im Nordwesten Teneriffas liegt der bequem mit Auto oder Bus erreichbare, k\u00fcnstliche Naturpool von Garachico. Durch seinen direkten Meerzugang verwandelt sich das Becken bei Ebbe in eine faszinierende Badelandschaft mit mehr als 20 unterschiedlich gro\u00dfen, salzigen Naturpools. Sie lassen sich am besten bei einer k\u00fchlen Sangria aus einer der kleinen, umliegenden Bars erkunden.<\/p>\n<p><strong>Charco Azul, La Palma \u2013 der Preisgekr\u00f6nte<\/strong><\/p>\n<figure id=\"attachment_90173\" aria-describedby=\"caption-attachment-90173\" style=\"width: 1440px\" class=\"wp-caption aligncenter\"><img decoding=\"async\" class=\"size-full wp-image-90173\" src=\"https:\/\/spanienaktuell.net\/wordpress\/wp-content\/uploads\/2020\/10\/Charco-Azul-La-Palma-\u00a9BrandCentre-Islas-Canarias-PH3827.jpg\" alt=\"\" width=\"1440\" height=\"960\" srcset=\"https:\/\/spanienaktuell.net\/wordpress\/wp-content\/uploads\/2020\/10\/Charco-Azul-La-Palma-\u00a9BrandCentre-Islas-Canarias-PH3827.jpg 1440w, https:\/\/spanienaktuell.net\/wordpress\/wp-content\/uploads\/2020\/10\/Charco-Azul-La-Palma-\u00a9BrandCentre-Islas-Canarias-PH3827-300x200.jpg 300w, https:\/\/spanienaktuell.net\/wordpress\/wp-content\/uploads\/2020\/10\/Charco-Azul-La-Palma-\u00a9BrandCentre-Islas-Canarias-PH3827-768x512.jpg 768w, https:\/\/spanienaktuell.net\/wordpress\/wp-content\/uploads\/2020\/10\/Charco-Azul-La-Palma-\u00a9BrandCentre-Islas-Canarias-PH3827-1024x683.jpg 1024w\" sizes=\"(max-width: 1440px) 100vw, 1440px\" \/><figcaption id=\"caption-attachment-90173\" class=\"wp-caption-text\">Foto: \u00a9 Charco Azul-BrandCentre Islas Canarias<\/figcaption><\/figure>\n<p>Das Naturbecken ist eine preisgekr\u00f6nte, k\u00fcnstlich angelegte Landschaft im Nord-Osten der gr\u00fcnen Kanareninsel La Palma. In 2013 erhielt das Becken die begehrte Auszeichnung \u201eEcoplaya\u201c f\u00fcr besonders nachhaltige und umweltfreundliche Str\u00e4nde. Treppen, Gel\u00e4nder, Umkleider\u00e4ume, Parkpl\u00e4tze und jede Menge Gr\u00fcnfl\u00e4chen zum Relaxen, D\u00f6sen und Spielen locken vor allem Familien einen Tag zwischen Meer und Sonne zu genie\u00dfen. Wenn die angehnehme K\u00fchle der Naturpools nicht ausreicht: Der nahe gelegene Lorbeerwald verspricht unter seinen m\u00e4chtigen Bl\u00e4tterkronen nicht nur herrlich k\u00fchlen Schatten, sondern \u00fcberzeugt mit einem ausgedehnten Netz an familienfreundlichen Wanderwegen.<\/p>\n<p><strong>Punta Mujeres, Lanzarote \u2013 die Traditionellen<\/strong><\/p>\n<figure id=\"attachment_90170\" aria-describedby=\"caption-attachment-90170\" style=\"width: 940px\" class=\"wp-caption aligncenter\"><img decoding=\"async\" class=\"size-full wp-image-90170\" src=\"https:\/\/spanienaktuell.net\/wordpress\/wp-content\/uploads\/2020\/10\/Foto-\u00a9-Piscinas-de-Punta-Mujeres-Turismo-de-Canarias.jpg\" alt=\"\" width=\"940\" height=\"430\" srcset=\"https:\/\/spanienaktuell.net\/wordpress\/wp-content\/uploads\/2020\/10\/Foto-\u00a9-Piscinas-de-Punta-Mujeres-Turismo-de-Canarias.jpg 940w, https:\/\/spanienaktuell.net\/wordpress\/wp-content\/uploads\/2020\/10\/Foto-\u00a9-Piscinas-de-Punta-Mujeres-Turismo-de-Canarias-300x137.jpg 300w, https:\/\/spanienaktuell.net\/wordpress\/wp-content\/uploads\/2020\/10\/Foto-\u00a9-Piscinas-de-Punta-Mujeres-Turismo-de-Canarias-768x351.jpg 768w\" sizes=\"(max-width: 940px) 100vw, 940px\" \/><figcaption id=\"caption-attachment-90170\" class=\"wp-caption-text\">Foto: \u00a9 Piscinas de Punta Mujeres-Turismo de Canarias<\/figcaption><\/figure>\n<p>Punta Mujeres, im Nordosten von Lanzarote, ist mit seinen zwei Kilometern abwechslungsreicher Naturschwimmb\u00e4der der Hotspot der Vulkaninsel. Sonne, erkaltete Lavaformen und die salzige Meeresluft lassen sich bei einem Spaziergang durch das authentische Fischerdorf in idealer Form genie\u00dfen. Empfehlenswert ist ein Besuch der kleinen Dorfkneipe.<\/p>\n<figure id=\"attachment_90175\" aria-describedby=\"caption-attachment-90175\" style=\"width: 1440px\" class=\"wp-caption aligncenter\"><img decoding=\"async\" class=\"size-full wp-image-90175\" src=\"https:\/\/spanienaktuell.net\/wordpress\/wp-content\/uploads\/2020\/10\/Foto-\u00a9-Los-Jameos-del-Agua-BrandCentre-Islas-Canarias.jpg\" alt=\"\" width=\"1440\" height=\"956\" srcset=\"https:\/\/spanienaktuell.net\/wordpress\/wp-content\/uploads\/2020\/10\/Foto-\u00a9-Los-Jameos-del-Agua-BrandCentre-Islas-Canarias.jpg 1440w, https:\/\/spanienaktuell.net\/wordpress\/wp-content\/uploads\/2020\/10\/Foto-\u00a9-Los-Jameos-del-Agua-BrandCentre-Islas-Canarias-300x199.jpg 300w, https:\/\/spanienaktuell.net\/wordpress\/wp-content\/uploads\/2020\/10\/Foto-\u00a9-Los-Jameos-del-Agua-BrandCentre-Islas-Canarias-768x510.jpg 768w, https:\/\/spanienaktuell.net\/wordpress\/wp-content\/uploads\/2020\/10\/Foto-\u00a9-Los-Jameos-del-Agua-BrandCentre-Islas-Canarias-1024x680.jpg 1024w\" sizes=\"(max-width: 1440px) 100vw, 1440px\" \/><figcaption id=\"caption-attachment-90175\" class=\"wp-caption-text\">Foto: \u00a9 Los Jameos del Agua-BrandCentre Islas Canarias<\/figcaption><\/figure>\n<p>Bei einem k\u00fchlen Drink offenbart sich ein fantastischer Kontrast zwischen den traditionell wei\u00df gestrichenen H\u00e4usern und dem kr\u00e4ftigen Blau der Naturpools. Ganz in der N\u00e4he erg\u00e4nzen touristische Attraktionen wie die James del Agua und die Cueva de los Verdes, einzigartige Vulkantunnel und H\u00f6hlen, die von nat\u00fcrlichen Schwimmbecken durchzogene Landschaft.<\/p>\n<p><strong>Calet\u00f3n Blanco<\/strong><strong>, Lanzarote \u2013 der Einsame<\/strong><\/p>\n<figure id=\"attachment_90165\" aria-describedby=\"caption-attachment-90165\" style=\"width: 940px\" class=\"wp-caption aligncenter\"><img decoding=\"async\" class=\"size-full wp-image-90165\" src=\"https:\/\/spanienaktuell.net\/wordpress\/wp-content\/uploads\/2020\/10\/Foto-\u00a9-Calet\u00f3n-Blanco-Lanzarote-Turismo-de-Canarias-caleton_blanco-lanzarote_5.jpg\" alt=\"\" width=\"940\" height=\"430\" srcset=\"https:\/\/spanienaktuell.net\/wordpress\/wp-content\/uploads\/2020\/10\/Foto-\u00a9-Calet\u00f3n-Blanco-Lanzarote-Turismo-de-Canarias-caleton_blanco-lanzarote_5.jpg 940w, https:\/\/spanienaktuell.net\/wordpress\/wp-content\/uploads\/2020\/10\/Foto-\u00a9-Calet\u00f3n-Blanco-Lanzarote-Turismo-de-Canarias-caleton_blanco-lanzarote_5-300x137.jpg 300w, https:\/\/spanienaktuell.net\/wordpress\/wp-content\/uploads\/2020\/10\/Foto-\u00a9-Calet\u00f3n-Blanco-Lanzarote-Turismo-de-Canarias-caleton_blanco-lanzarote_5-768x351.jpg 768w\" sizes=\"(max-width: 940px) 100vw, 940px\" \/><figcaption id=\"caption-attachment-90165\" class=\"wp-caption-text\">Foto: \u00a9 Calet\u00f3n Blanco-Turismo de Canarias<\/figcaption><\/figure>\n<p>Wer hierher kommt, findet seinen pers\u00f6nlichen R\u00fcckzugsort: Statt \u00fcberlaufenen Touristen-Hochburgen entdecken Besucher mit dem Calet\u00f3n Blanco im Norden von Lanzarote eine Reihe von einsamen, naturbelassenen Becken. Der Strandabschnitt mit Naturbecken ist eine ruhige Alternative zu den bekannten gold-gelben Papageienbuchten im S\u00fcden der Insel. Mit seinem hellen, feinen Sand bildet Calet\u00f3n Blanco au\u00dferdem einen starken Kontrast zu der felsigen Vulkaninsel. Das Wasser ist klar und seicht und eignet sich f\u00fcr ausgedehnte Spazierg\u00e4nge.<\/p>\n<p><strong>Roque Prieto, Gran Canaria \u2013 die Abgeschotteten<\/strong><\/p>\n<figure id=\"attachment_90171\" aria-describedby=\"caption-attachment-90171\" style=\"width: 1440px\" class=\"wp-caption aligncenter\"><img decoding=\"async\" class=\"wp-image-90171 size-full\" src=\"https:\/\/spanienaktuell.net\/wordpress\/wp-content\/uploads\/2020\/10\/Foto-\u00a9-Roque-Prieto-BrandCentre-Islas-Canarias-PH12624.jpg\" alt=\"\" width=\"1440\" height=\"854\" srcset=\"https:\/\/spanienaktuell.net\/wordpress\/wp-content\/uploads\/2020\/10\/Foto-\u00a9-Roque-Prieto-BrandCentre-Islas-Canarias-PH12624.jpg 1440w, https:\/\/spanienaktuell.net\/wordpress\/wp-content\/uploads\/2020\/10\/Foto-\u00a9-Roque-Prieto-BrandCentre-Islas-Canarias-PH12624-300x178.jpg 300w, https:\/\/spanienaktuell.net\/wordpress\/wp-content\/uploads\/2020\/10\/Foto-\u00a9-Roque-Prieto-BrandCentre-Islas-Canarias-PH12624-768x456.jpg 768w, https:\/\/spanienaktuell.net\/wordpress\/wp-content\/uploads\/2020\/10\/Foto-\u00a9-Roque-Prieto-BrandCentre-Islas-Canarias-PH12624-1024x608.jpg 1024w\" sizes=\"(max-width: 1440px) 100vw, 1440px\" \/><figcaption id=\"caption-attachment-90171\" class=\"wp-caption-text\">Foto: \u00a9 Roque Priet-BrandCentre Islas Canarias<\/figcaption><\/figure>\n<p>Der Begriff \u201eAbschalten\u201c bekommt eine ganz neue Dimension in den Naturschwimmb\u00e4dern von Roque Prieto im Norden von Gran Canaria. Hektik und L\u00e4rm der Gro\u00dfstadt sind weit entfernt. Stattdessen sind die beiden k\u00fcnstlichen Naturpools in der N\u00e4he von Santa Mar\u00eda de Gu\u00eda Anlaufstelle f\u00fcr Naturliebhaber und Erholungssuchende: Das Wasser der Pools ist so klar, dass sich die Details des felsigen Bodens deutlich abzeichnen. Hier l\u00e4sst sich der Sprung in das k\u00fchle Nass wagen \u2013 bis zu drei Meter ist das Becken an manchen Stellen tief. Ein Muss f\u00fcr Naturpool-Fans!<\/p>\n<p><strong>Playa de Alojera, La Gomera \u2013 der Versteckte<\/strong><\/p>\n<figure id=\"attachment_90164\" aria-describedby=\"caption-attachment-90164\" style=\"width: 1440px\" class=\"wp-caption aligncenter\"><img decoding=\"async\" class=\"size-full wp-image-90164\" src=\"https:\/\/spanienaktuell.net\/wordpress\/wp-content\/uploads\/2020\/10\/Foto-\u00a9-BrandCentre-Islas-Canarias-PH649.jpg\" alt=\"\" width=\"1440\" height=\"960\" srcset=\"https:\/\/spanienaktuell.net\/wordpress\/wp-content\/uploads\/2020\/10\/Foto-\u00a9-BrandCentre-Islas-Canarias-PH649.jpg 1440w, https:\/\/spanienaktuell.net\/wordpress\/wp-content\/uploads\/2020\/10\/Foto-\u00a9-BrandCentre-Islas-Canarias-PH649-300x200.jpg 300w, https:\/\/spanienaktuell.net\/wordpress\/wp-content\/uploads\/2020\/10\/Foto-\u00a9-BrandCentre-Islas-Canarias-PH649-768x512.jpg 768w, https:\/\/spanienaktuell.net\/wordpress\/wp-content\/uploads\/2020\/10\/Foto-\u00a9-BrandCentre-Islas-Canarias-PH649-1024x683.jpg 1024w\" sizes=\"(max-width: 1440px) 100vw, 1440px\" \/><figcaption id=\"caption-attachment-90164\" class=\"wp-caption-text\">Foto: \u00a9 BrandCentre Islas Canarias<\/figcaption><\/figure>\n<p>Bekannt als Wanderinsel mit dichtem Lorbeerwald, scheint La Gomera nicht die erste Wahl f\u00fcr einen Badeurlaub. Wer jedoch auf urspr\u00fcngliche und einsame Buchten Wert legt, wird an der Playa de Alojera, am Fu\u00dfe des gleichnamigen Dorfs, f\u00fcndig. Streng genommen ist der Strandabschnitt zwar kein Naturpool. Die Brandung zwischen den umgebenden Felszungen erzeugt allerdings das Gef\u00fchl, in einem nat\u00fcrlichen Wellenbecken zu schwimmen. Am Abend harmoniert der Sonnenuntergang hervorragend mit einem Glas Wein und Tapas in einem der zwei kleinen Strandrestaurants.<\/p>\n<p><strong>Charco del Viento, Teneriffa \u2013 der Spielerische<\/strong><\/p>\n<figure id=\"attachment_90166\" aria-describedby=\"caption-attachment-90166\" style=\"width: 940px\" class=\"wp-caption aligncenter\"><img decoding=\"async\" class=\"size-full wp-image-90166\" src=\"https:\/\/spanienaktuell.net\/wordpress\/wp-content\/uploads\/2020\/10\/Foto-\u00a9-Charco-del-Viento-Turismo-de-Canarias.jpg\" alt=\"\" width=\"940\" height=\"430\" srcset=\"https:\/\/spanienaktuell.net\/wordpress\/wp-content\/uploads\/2020\/10\/Foto-\u00a9-Charco-del-Viento-Turismo-de-Canarias.jpg 940w, https:\/\/spanienaktuell.net\/wordpress\/wp-content\/uploads\/2020\/10\/Foto-\u00a9-Charco-del-Viento-Turismo-de-Canarias-300x137.jpg 300w, https:\/\/spanienaktuell.net\/wordpress\/wp-content\/uploads\/2020\/10\/Foto-\u00a9-Charco-del-Viento-Turismo-de-Canarias-768x351.jpg 768w\" sizes=\"(max-width: 940px) 100vw, 940px\" \/><figcaption id=\"caption-attachment-90166\" class=\"wp-caption-text\">Foto: \u00a9 Charco del Viento-Turismo de Canarias<\/figcaption><\/figure>\n<p>\u201eCharco\u201c steht im Spanischen f\u00fcr kleine Pf\u00fctzen. Dies ist allerdings keine angemessene Bezeichnung f\u00fcr die bunte Vielfalt des Charco del Viento Naturpools in La Guancha: Wer gerne vom Ozean umsp\u00fclte Lavastr\u00f6me bewundert und gleichzeitig den herrlichen Blick auf den Gipfel des Teide Vulkans genie\u00dft, ist hier richtig. Ausgestattet mit Schnorchel und Taucherbrille geht es auf Erkundungstour durch das klare Blau des Ozeans. Kleine Sand- und Felsenabschnitte\u00a0\u00a0 bieten Platz f\u00fcr das anschlie\u00dfende Sonnenbad. Das Highlight: Bei Flut spritzt die Gischt \u00fcber die felsige Abgrenzung der Becken und verwandelt sie in einen von der Natur geschaffenen Wasserpark.<\/p>\n<p><strong>La Fajana, La Palma \u2013 die Vielseitigen<\/strong><\/p>\n<figure id=\"attachment_90168\" aria-describedby=\"caption-attachment-90168\" style=\"width: 940px\" class=\"wp-caption aligncenter\"><img decoding=\"async\" class=\"size-full wp-image-90168\" src=\"https:\/\/spanienaktuell.net\/wordpress\/wp-content\/uploads\/2020\/10\/Foto-\u00a9-La-Fajana-La-Palma-Turismo-de-Canarias.jpg\" alt=\"\" width=\"940\" height=\"430\" srcset=\"https:\/\/spanienaktuell.net\/wordpress\/wp-content\/uploads\/2020\/10\/Foto-\u00a9-La-Fajana-La-Palma-Turismo-de-Canarias.jpg 940w, https:\/\/spanienaktuell.net\/wordpress\/wp-content\/uploads\/2020\/10\/Foto-\u00a9-La-Fajana-La-Palma-Turismo-de-Canarias-300x137.jpg 300w, https:\/\/spanienaktuell.net\/wordpress\/wp-content\/uploads\/2020\/10\/Foto-\u00a9-La-Fajana-La-Palma-Turismo-de-Canarias-768x351.jpg 768w\" sizes=\"(max-width: 940px) 100vw, 940px\" \/><figcaption id=\"caption-attachment-90168\" class=\"wp-caption-text\">Foto: \u00a9 La Fajana-Turismo de Canarias<\/figcaption><\/figure>\n<p>In Barlovento, im Nordosten von La Palma, liegen die drei beispiellosen Naturschwimmbecken La Fajana. \u00dcber Stege sind sie miteinander verbunden \u2013 blitzschnell wird zwischen den Becken der faszinierenden Badelandschaft gewechselt. Nat\u00fcrliche Barrieren sch\u00fctzen die Badenden vor der Meeresstr\u00f6mung und erm\u00f6glichen eine wohltuende Erfrischung. Die leicht zug\u00e4nglichen Meerb\u00e4der bieten Parkpl\u00e4tze, Sonnenterrassen und angeschlossene Restaurants und sind ein beliebter Ausflugsort f\u00fcr die ganze Familie.<\/p>\n<p><strong>Puertito de Lobos \u2013 Die Unglaublichen<\/strong><\/p>\n<figure id=\"attachment_90167\" aria-describedby=\"caption-attachment-90167\" style=\"width: 1440px\" class=\"wp-caption aligncenter\"><img decoding=\"async\" class=\"size-full wp-image-90167\" src=\"https:\/\/spanienaktuell.net\/wordpress\/wp-content\/uploads\/2020\/10\/Foto-\u00a9-Islote-de-Lobos-BrandCentre-Islas-Canarias-PH8675.jpg\" alt=\"\" width=\"1440\" height=\"674\" srcset=\"https:\/\/spanienaktuell.net\/wordpress\/wp-content\/uploads\/2020\/10\/Foto-\u00a9-Islote-de-Lobos-BrandCentre-Islas-Canarias-PH8675.jpg 1440w, https:\/\/spanienaktuell.net\/wordpress\/wp-content\/uploads\/2020\/10\/Foto-\u00a9-Islote-de-Lobos-BrandCentre-Islas-Canarias-PH8675-300x141.jpg 300w, https:\/\/spanienaktuell.net\/wordpress\/wp-content\/uploads\/2020\/10\/Foto-\u00a9-Islote-de-Lobos-BrandCentre-Islas-Canarias-PH8675-768x360.jpg 768w, https:\/\/spanienaktuell.net\/wordpress\/wp-content\/uploads\/2020\/10\/Foto-\u00a9-Islote-de-Lobos-BrandCentre-Islas-Canarias-PH8675-1024x480.jpg 1024w\" sizes=\"(max-width: 1440px) 100vw, 1440px\" \/><figcaption id=\"caption-attachment-90167\" class=\"wp-caption-text\">Foto: \u00a9 Islote de Lobos-BrandCentre Islas Canarias<\/figcaption><\/figure>\n<p>Was einst ein Luxusrefugium f\u00fcr M\u00f6nchsrobben war, ist heute ein attraktiver Ausflug f\u00fcr Naturliebhaber, Paare und Familien: Nur 20 Minuten mit dem Boot entfernt, erstreckt sich das Naturreservat Lobos vor den Toren Fuerteventuras. Das helle Blau der Naturbecken ist weit \u00fcber die Insel hinweg bekannt und steht in dramatischem Kontrast zum dunklen, vulkanischen Gestein. Bei Schwimmen durch die einmalige Beckenlandschaft vermittelt der feine Meeresboden die Illusion wei\u00dfer Sandstr\u00e4nde in der Karibik.<\/p>\n<p>Weitere Informationen zu den Kanarischen Inseln unter <a href=\"http:\/\/www.hallokanarischeinseln.com\">www.hallokanarischeinseln.com<\/a><\/p>\n<p>Quelle: \u00a9Turismo de Canarias<\/p>\n","protected":false},"excerpt":{"rendered":"<p>Foto: \u00a9\u00a0 Playa Risco del Paso Fuerteventura-BrandCentre Islas Canarias Alle Kanaren-Fans k\u00f6nnen sich jetzt schon Urlaubsinspirationen f\u00fcr den n\u00e4chsten Inseltrip [&hellip;]<\/p>\n","protected":false},"author":3,"featured_media":90163,"comment_status":"closed","ping_status":"closed","sticky":false,"template":"","format":"standard","meta":{"footnotes":""},"categories":[31],"tags":[],"class_list":["post-90162","post","type-post","status-publish","format-standard","has-post-thumbnail","hentry","category-reise"],"yoast_head":"<!-- This site is optimized with the Yoast SEO plugin v27.1.1 - https:\/\/yoast.com\/product\/yoast-seo-wordpress\/ -->\n<title>Hallenschwimmbad war gestern: Elf beeindruckende Naturpools auf den Kanarischen Inseln - Spanien aktuell<\/title>\n<meta name=\"robots\" content=\"index, follow, max-snippet:-1, max-image-preview:large, max-video-preview:-1\" \/>\n<link rel=\"canonical\" href=\"https:\/\/spanienaktuell.net\/wordpress\/hallenschwimmbad-war-gestern-elf-beeindruckende-naturpools-auf-den-kanarischen-inseln\/\" \/>\n<meta property=\"og:locale\" content=\"es_ES\" \/>\n<meta property=\"og:type\" content=\"article\" \/>\n<meta property=\"og:title\" content=\"Hallenschwimmbad war gestern: Elf beeindruckende Naturpools auf den Kanarischen Inseln - Spanien aktuell\" \/>\n<meta property=\"og:description\" content=\"Foto: \u00a9\u00a0 Playa Risco del Paso Fuerteventura-BrandCentre Islas Canarias Alle Kanaren-Fans k\u00f6nnen sich jetzt schon Urlaubsinspirationen f\u00fcr den n\u00e4chsten Inseltrip [&hellip;]\" \/>\n<meta property=\"og:url\" content=\"https:\/\/spanienaktuell.net\/wordpress\/hallenschwimmbad-war-gestern-elf-beeindruckende-naturpools-auf-den-kanarischen-inseln\/\" \/>\n<meta property=\"og:site_name\" content=\"Spanien aktuell\" \/>\n<meta property=\"article:published_time\" content=\"2020-10-01T09:33:35+00:00\" \/>\n<meta property=\"article:modified_time\" content=\"2020-10-05T09:41:09+00:00\" \/>\n<meta property=\"og:image\" content=\"https:\/\/spanienaktuell.net\/wordpress\/wp-content\/uploads\/2020\/10\/Foto-\u00a9-Playa-Risco-del-Paso-Fuerteventura-BrandCentre-Islas-Canarias.jpg\" \/>\n\t<meta property=\"og:image:width\" content=\"1440\" \/>\n\t<meta property=\"og:image:height\" content=\"1080\" \/>\n\t<meta property=\"og:image:type\" content=\"image\/jpeg\" \/>\n<meta name=\"author\" content=\"Spanien Aktuell\" \/>\n<meta name=\"twitter:card\" content=\"summary_large_image\" \/>\n<meta name=\"twitter:label1\" content=\"Escrito por\" \/>\n\t<meta name=\"twitter:data1\" content=\"Spanien Aktuell\" \/>\n\t<meta name=\"twitter:label2\" content=\"Tiempo de lectura\" \/>\n\t<meta name=\"twitter:data2\" content=\"6 minutos\" \/>\n<script type=\"application\/ld+json\" class=\"yoast-schema-graph\">{\"@context\":\"https:\/\/schema.org\",\"@graph\":[{\"@type\":\"Article\",\"@id\":\"https:\/\/spanienaktuell.net\/wordpress\/hallenschwimmbad-war-gestern-elf-beeindruckende-naturpools-auf-den-kanarischen-inseln\/#article\",\"isPartOf\":{\"@id\":\"https:\/\/spanienaktuell.net\/wordpress\/hallenschwimmbad-war-gestern-elf-beeindruckende-naturpools-auf-den-kanarischen-inseln\/\"},\"author\":{\"name\":\"Spanien Aktuell\",\"@id\":\"https:\/\/spanienaktuell.net\/wordpress\/#\/schema\/person\/bc410cfae0161b201d837ebfeeba7fd0\"},\"headline\":\"Hallenschwimmbad war gestern: Elf beeindruckende Naturpools auf den Kanarischen Inseln\",\"datePublished\":\"2020-10-01T09:33:35+00:00\",\"dateModified\":\"2020-10-05T09:41:09+00:00\",\"mainEntityOfPage\":{\"@id\":\"https:\/\/spanienaktuell.net\/wordpress\/hallenschwimmbad-war-gestern-elf-beeindruckende-naturpools-auf-den-kanarischen-inseln\/\"},\"wordCount\":1289,\"publisher\":{\"@id\":\"https:\/\/spanienaktuell.net\/wordpress\/#organization\"},\"image\":{\"@id\":\"https:\/\/spanienaktuell.net\/wordpress\/hallenschwimmbad-war-gestern-elf-beeindruckende-naturpools-auf-den-kanarischen-inseln\/#primaryimage\"},\"thumbnailUrl\":\"https:\/\/spanienaktuell.net\/wordpress\/wp-content\/uploads\/2020\/10\/Foto-\u00a9-Playa-Risco-del-Paso-Fuerteventura-BrandCentre-Islas-Canarias.jpg\",\"articleSection\":[\"Reise\"],\"inLanguage\":\"es\"},{\"@type\":\"WebPage\",\"@id\":\"https:\/\/spanienaktuell.net\/wordpress\/hallenschwimmbad-war-gestern-elf-beeindruckende-naturpools-auf-den-kanarischen-inseln\/\",\"url\":\"https:\/\/spanienaktuell.net\/wordpress\/hallenschwimmbad-war-gestern-elf-beeindruckende-naturpools-auf-den-kanarischen-inseln\/\",\"name\":\"Hallenschwimmbad war gestern: Elf beeindruckende Naturpools auf den Kanarischen Inseln - Spanien aktuell\",\"isPartOf\":{\"@id\":\"https:\/\/spanienaktuell.net\/wordpress\/#website\"},\"primaryImageOfPage\":{\"@id\":\"https:\/\/spanienaktuell.net\/wordpress\/hallenschwimmbad-war-gestern-elf-beeindruckende-naturpools-auf-den-kanarischen-inseln\/#primaryimage\"},\"image\":{\"@id\":\"https:\/\/spanienaktuell.net\/wordpress\/hallenschwimmbad-war-gestern-elf-beeindruckende-naturpools-auf-den-kanarischen-inseln\/#primaryimage\"},\"thumbnailUrl\":\"https:\/\/spanienaktuell.net\/wordpress\/wp-content\/uploads\/2020\/10\/Foto-\u00a9-Playa-Risco-del-Paso-Fuerteventura-BrandCentre-Islas-Canarias.jpg\",\"datePublished\":\"2020-10-01T09:33:35+00:00\",\"dateModified\":\"2020-10-05T09:41:09+00:00\",\"breadcrumb\":{\"@id\":\"https:\/\/spanienaktuell.net\/wordpress\/hallenschwimmbad-war-gestern-elf-beeindruckende-naturpools-auf-den-kanarischen-inseln\/#breadcrumb\"},\"inLanguage\":\"es\",\"potentialAction\":[{\"@type\":\"ReadAction\",\"target\":[\"https:\/\/spanienaktuell.net\/wordpress\/hallenschwimmbad-war-gestern-elf-beeindruckende-naturpools-auf-den-kanarischen-inseln\/\"]}]},{\"@type\":\"ImageObject\",\"inLanguage\":\"es\",\"@id\":\"https:\/\/spanienaktuell.net\/wordpress\/hallenschwimmbad-war-gestern-elf-beeindruckende-naturpools-auf-den-kanarischen-inseln\/#primaryimage\",\"url\":\"https:\/\/spanienaktuell.net\/wordpress\/wp-content\/uploads\/2020\/10\/Foto-\u00a9-Playa-Risco-del-Paso-Fuerteventura-BrandCentre-Islas-Canarias.jpg\",\"contentUrl\":\"https:\/\/spanienaktuell.net\/wordpress\/wp-content\/uploads\/2020\/10\/Foto-\u00a9-Playa-Risco-del-Paso-Fuerteventura-BrandCentre-Islas-Canarias.jpg\",\"width\":1440,\"height\":1080},{\"@type\":\"BreadcrumbList\",\"@id\":\"https:\/\/spanienaktuell.net\/wordpress\/hallenschwimmbad-war-gestern-elf-beeindruckende-naturpools-auf-den-kanarischen-inseln\/#breadcrumb\",\"itemListElement\":[{\"@type\":\"ListItem\",\"position\":1,\"name\":\"Portada\",\"item\":\"https:\/\/spanienaktuell.net\/wordpress\/\"},{\"@type\":\"ListItem\",\"position\":2,\"name\":\"Hallenschwimmbad war gestern: Elf beeindruckende Naturpools auf den Kanarischen Inseln\"}]},{\"@type\":\"WebSite\",\"@id\":\"https:\/\/spanienaktuell.net\/wordpress\/#website\",\"url\":\"https:\/\/spanienaktuell.net\/wordpress\/\",\"name\":\"Spanien aktuell\",\"description\":\"The German magazine number 1 on the Costa del Sol\",\"publisher\":{\"@id\":\"https:\/\/spanienaktuell.net\/wordpress\/#organization\"},\"potentialAction\":[{\"@type\":\"SearchAction\",\"target\":{\"@type\":\"EntryPoint\",\"urlTemplate\":\"https:\/\/spanienaktuell.net\/wordpress\/?s={search_term_string}\"},\"query-input\":{\"@type\":\"PropertyValueSpecification\",\"valueRequired\":true,\"valueName\":\"search_term_string\"}}],\"inLanguage\":\"es\"},{\"@type\":\"Organization\",\"@id\":\"https:\/\/spanienaktuell.net\/wordpress\/#organization\",\"name\":\"Spanien aktuell\",\"url\":\"https:\/\/spanienaktuell.net\/wordpress\/\",\"logo\":{\"@type\":\"ImageObject\",\"inLanguage\":\"es\",\"@id\":\"https:\/\/spanienaktuell.net\/wordpress\/#\/schema\/logo\/image\/\",\"url\":\"https:\/\/spanienaktuell.net\/wordpress\/wp-content\/uploads\/2019\/06\/cropped-Logo-spanien-aktuell-png-web-e1561631085388.png\",\"contentUrl\":\"https:\/\/spanienaktuell.net\/wordpress\/wp-content\/uploads\/2019\/06\/cropped-Logo-spanien-aktuell-png-web-e1561631085388.png\",\"width\":512,\"height\":110,\"caption\":\"Spanien aktuell\"},\"image\":{\"@id\":\"https:\/\/spanienaktuell.net\/wordpress\/#\/schema\/logo\/image\/\"}},{\"@type\":\"Person\",\"@id\":\"https:\/\/spanienaktuell.net\/wordpress\/#\/schema\/person\/bc410cfae0161b201d837ebfeeba7fd0\",\"name\":\"Spanien Aktuell\",\"image\":{\"@type\":\"ImageObject\",\"inLanguage\":\"es\",\"@id\":\"https:\/\/spanienaktuell.net\/wordpress\/#\/schema\/person\/image\/\",\"url\":\"https:\/\/spanienaktuell.net\/wordpress\/wp-content\/uploads\/2019\/06\/cropped-Logo-spanien-aktuell-png-fav2-100x100.png\",\"contentUrl\":\"https:\/\/spanienaktuell.net\/wordpress\/wp-content\/uploads\/2019\/06\/cropped-Logo-spanien-aktuell-png-fav2-100x100.png\",\"caption\":\"Spanien Aktuell\"},\"url\":\"https:\/\/spanienaktuell.net\/wordpress\/author\/koalum\/\"}]}<\/script>\n<!-- \/ Yoast SEO plugin. -->","yoast_head_json":{"title":"Hallenschwimmbad war gestern: Elf beeindruckende Naturpools auf den Kanarischen Inseln - Spanien aktuell","robots":{"index":"index","follow":"follow","max-snippet":"max-snippet:-1","max-image-preview":"max-image-preview:large","max-video-preview":"max-video-preview:-1"},"canonical":"https:\/\/spanienaktuell.net\/wordpress\/hallenschwimmbad-war-gestern-elf-beeindruckende-naturpools-auf-den-kanarischen-inseln\/","og_locale":"es_ES","og_type":"article","og_title":"Hallenschwimmbad war gestern: Elf beeindruckende Naturpools auf den Kanarischen Inseln - Spanien aktuell","og_description":"Foto: \u00a9\u00a0 Playa Risco del Paso Fuerteventura-BrandCentre Islas Canarias Alle Kanaren-Fans k\u00f6nnen sich jetzt schon Urlaubsinspirationen f\u00fcr den n\u00e4chsten Inseltrip [&hellip;]","og_url":"https:\/\/spanienaktuell.net\/wordpress\/hallenschwimmbad-war-gestern-elf-beeindruckende-naturpools-auf-den-kanarischen-inseln\/","og_site_name":"Spanien aktuell","article_published_time":"2020-10-01T09:33:35+00:00","article_modified_time":"2020-10-05T09:41:09+00:00","og_image":[{"width":1440,"height":1080,"url":"https:\/\/spanienaktuell.net\/wordpress\/wp-content\/uploads\/2020\/10\/Foto-\u00a9-Playa-Risco-del-Paso-Fuerteventura-BrandCentre-Islas-Canarias.jpg","type":"image\/jpeg"}],"author":"Spanien Aktuell","twitter_card":"summary_large_image","twitter_misc":{"Escrito por":"Spanien Aktuell","Tiempo de lectura":"6 minutos"},"schema":{"@context":"https:\/\/schema.org","@graph":[{"@type":"Article","@id":"https:\/\/spanienaktuell.net\/wordpress\/hallenschwimmbad-war-gestern-elf-beeindruckende-naturpools-auf-den-kanarischen-inseln\/#article","isPartOf":{"@id":"https:\/\/spanienaktuell.net\/wordpress\/hallenschwimmbad-war-gestern-elf-beeindruckende-naturpools-auf-den-kanarischen-inseln\/"},"author":{"name":"Spanien Aktuell","@id":"https:\/\/spanienaktuell.net\/wordpress\/#\/schema\/person\/bc410cfae0161b201d837ebfeeba7fd0"},"headline":"Hallenschwimmbad war gestern: Elf beeindruckende Naturpools auf den Kanarischen Inseln","datePublished":"2020-10-01T09:33:35+00:00","dateModified":"2020-10-05T09:41:09+00:00","mainEntityOfPage":{"@id":"https:\/\/spanienaktuell.net\/wordpress\/hallenschwimmbad-war-gestern-elf-beeindruckende-naturpools-auf-den-kanarischen-inseln\/"},"wordCount":1289,"publisher":{"@id":"https:\/\/spanienaktuell.net\/wordpress\/#organization"},"image":{"@id":"https:\/\/spanienaktuell.net\/wordpress\/hallenschwimmbad-war-gestern-elf-beeindruckende-naturpools-auf-den-kanarischen-inseln\/#primaryimage"},"thumbnailUrl":"https:\/\/spanienaktuell.net\/wordpress\/wp-content\/uploads\/2020\/10\/Foto-\u00a9-Playa-Risco-del-Paso-Fuerteventura-BrandCentre-Islas-Canarias.jpg","articleSection":["Reise"],"inLanguage":"es"},{"@type":"WebPage","@id":"https:\/\/spanienaktuell.net\/wordpress\/hallenschwimmbad-war-gestern-elf-beeindruckende-naturpools-auf-den-kanarischen-inseln\/","url":"https:\/\/spanienaktuell.net\/wordpress\/hallenschwimmbad-war-gestern-elf-beeindruckende-naturpools-auf-den-kanarischen-inseln\/","name":"Hallenschwimmbad war gestern: Elf beeindruckende Naturpools auf den Kanarischen Inseln - Spanien aktuell","isPartOf":{"@id":"https:\/\/spanienaktuell.net\/wordpress\/#website"},"primaryImageOfPage":{"@id":"https:\/\/spanienaktuell.net\/wordpress\/hallenschwimmbad-war-gestern-elf-beeindruckende-naturpools-auf-den-kanarischen-inseln\/#primaryimage"},"image":{"@id":"https:\/\/spanienaktuell.net\/wordpress\/hallenschwimmbad-war-gestern-elf-beeindruckende-naturpools-auf-den-kanarischen-inseln\/#primaryimage"},"thumbnailUrl":"https:\/\/spanienaktuell.net\/wordpress\/wp-content\/uploads\/2020\/10\/Foto-\u00a9-Playa-Risco-del-Paso-Fuerteventura-BrandCentre-Islas-Canarias.jpg","datePublished":"2020-10-01T09:33:35+00:00","dateModified":"2020-10-05T09:41:09+00:00","breadcrumb":{"@id":"https:\/\/spanienaktuell.net\/wordpress\/hallenschwimmbad-war-gestern-elf-beeindruckende-naturpools-auf-den-kanarischen-inseln\/#breadcrumb"},"inLanguage":"es","potentialAction":[{"@type":"ReadAction","target":["https:\/\/spanienaktuell.net\/wordpress\/hallenschwimmbad-war-gestern-elf-beeindruckende-naturpools-auf-den-kanarischen-inseln\/"]}]},{"@type":"ImageObject","inLanguage":"es","@id":"https:\/\/spanienaktuell.net\/wordpress\/hallenschwimmbad-war-gestern-elf-beeindruckende-naturpools-auf-den-kanarischen-inseln\/#primaryimage","url":"https:\/\/spanienaktuell.net\/wordpress\/wp-content\/uploads\/2020\/10\/Foto-\u00a9-Playa-Risco-del-Paso-Fuerteventura-BrandCentre-Islas-Canarias.jpg","contentUrl":"https:\/\/spanienaktuell.net\/wordpress\/wp-content\/uploads\/2020\/10\/Foto-\u00a9-Playa-Risco-del-Paso-Fuerteventura-BrandCentre-Islas-Canarias.jpg","width":1440,"height":1080},{"@type":"BreadcrumbList","@id":"https:\/\/spanienaktuell.net\/wordpress\/hallenschwimmbad-war-gestern-elf-beeindruckende-naturpools-auf-den-kanarischen-inseln\/#breadcrumb","itemListElement":[{"@type":"ListItem","position":1,"name":"Portada","item":"https:\/\/spanienaktuell.net\/wordpress\/"},{"@type":"ListItem","position":2,"name":"Hallenschwimmbad war gestern: Elf beeindruckende Naturpools auf den Kanarischen Inseln"}]},{"@type":"WebSite","@id":"https:\/\/spanienaktuell.net\/wordpress\/#website","url":"https:\/\/spanienaktuell.net\/wordpress\/","name":"Spanien aktuell","description":"The German magazine number 1 on the Costa del Sol","publisher":{"@id":"https:\/\/spanienaktuell.net\/wordpress\/#organization"},"potentialAction":[{"@type":"SearchAction","target":{"@type":"EntryPoint","urlTemplate":"https:\/\/spanienaktuell.net\/wordpress\/?s={search_term_string}"},"query-input":{"@type":"PropertyValueSpecification","valueRequired":true,"valueName":"search_term_string"}}],"inLanguage":"es"},{"@type":"Organization","@id":"https:\/\/spanienaktuell.net\/wordpress\/#organization","name":"Spanien aktuell","url":"https:\/\/spanienaktuell.net\/wordpress\/","logo":{"@type":"ImageObject","inLanguage":"es","@id":"https:\/\/spanienaktuell.net\/wordpress\/#\/schema\/logo\/image\/","url":"https:\/\/spanienaktuell.net\/wordpress\/wp-content\/uploads\/2019\/06\/cropped-Logo-spanien-aktuell-png-web-e1561631085388.png","contentUrl":"https:\/\/spanienaktuell.net\/wordpress\/wp-content\/uploads\/2019\/06\/cropped-Logo-spanien-aktuell-png-web-e1561631085388.png","width":512,"height":110,"caption":"Spanien aktuell"},"image":{"@id":"https:\/\/spanienaktuell.net\/wordpress\/#\/schema\/logo\/image\/"}},{"@type":"Person","@id":"https:\/\/spanienaktuell.net\/wordpress\/#\/schema\/person\/bc410cfae0161b201d837ebfeeba7fd0","name":"Spanien Aktuell","image":{"@type":"ImageObject","inLanguage":"es","@id":"https:\/\/spanienaktuell.net\/wordpress\/#\/schema\/person\/image\/","url":"https:\/\/spanienaktuell.net\/wordpress\/wp-content\/uploads\/2019\/06\/cropped-Logo-spanien-aktuell-png-fav2-100x100.png","contentUrl":"https:\/\/spanienaktuell.net\/wordpress\/wp-content\/uploads\/2019\/06\/cropped-Logo-spanien-aktuell-png-fav2-100x100.png","caption":"Spanien Aktuell"},"url":"https:\/\/spanienaktuell.net\/wordpress\/author\/koalum\/"}]}},"_links":{"self":[{"href":"https:\/\/spanienaktuell.net\/wordpress\/wp-json\/wp\/v2\/posts\/90162","targetHints":{"allow":["GET"]}}],"collection":[{"href":"https:\/\/spanienaktuell.net\/wordpress\/wp-json\/wp\/v2\/posts"}],"about":[{"href":"https:\/\/spanienaktuell.net\/wordpress\/wp-json\/wp\/v2\/types\/post"}],"author":[{"embeddable":true,"href":"https:\/\/spanienaktuell.net\/wordpress\/wp-json\/wp\/v2\/users\/3"}],"replies":[{"embeddable":true,"href":"https:\/\/spanienaktuell.net\/wordpress\/wp-json\/wp\/v2\/comments?post=90162"}],"version-history":[{"count":1,"href":"https:\/\/spanienaktuell.net\/wordpress\/wp-json\/wp\/v2\/posts\/90162\/revisions"}],"predecessor-version":[{"id":90179,"href":"https:\/\/spanienaktuell.net\/wordpress\/wp-json\/wp\/v2\/posts\/90162\/revisions\/90179"}],"wp:featuredmedia":[{"embeddable":true,"href":"https:\/\/spanienaktuell.net\/wordpress\/wp-json\/wp\/v2\/media\/90163"}],"wp:attachment":[{"href":"https:\/\/spanienaktuell.net\/wordpress\/wp-json\/wp\/v2\/media?parent=90162"}],"wp:term":[{"taxonomy":"category","embeddable":true,"href":"https:\/\/spanienaktuell.net\/wordpress\/wp-json\/wp\/v2\/categories?post=90162"},{"taxonomy":"post_tag","embeddable":true,"href":"https:\/\/spanienaktuell.net\/wordpress\/wp-json\/wp\/v2\/tags?post=90162"}],"curies":[{"name":"wp","href":"https:\/\/api.w.org\/{rel}","templated":true}]}}