{"id":90180,"date":"2020-10-01T10:06:53","date_gmt":"2020-10-01T10:06:53","guid":{"rendered":"https:\/\/spanienaktuell.net\/wordpress\/?p=90180"},"modified":"2020-10-05T10:29:15","modified_gmt":"2020-10-05T10:29:15","slug":"jordis-weinempfehlung-oktober-bad-man-2018-tempranillo","status":"publish","type":"post","link":"https:\/\/spanienaktuell.net\/wordpress\/jordis-weinempfehlung-oktober-bad-man-2018-tempranillo\/","title":{"rendered":"Jordis Weinempfehlung Oktober \u201eBad Man 2018 Tempranillo\u201c"},"content":{"rendered":"<p>Hallo liebe Freunde des guten Weines, ein Gast hat mir f\u00fcr den Oktober diese alte deutsche Bauernweisheit ans Herz gelegt: <strong><em>\u201eOktobersonne \u2013 Winzers Wonne\u201c<\/em><\/strong>,\u00a0 die\u00a0 hervorragend auf den Wein, den ich f\u00fcr Sie ausgew\u00e4hlt habe, passt. Es ist ein Rotwein aus den <strong><em>Sierras de M\u00e1laga<\/em><\/strong>; um genauer zu sein: aus <strong><em>Ronda<\/em><\/strong>. Der Name des k\u00f6stlichen Tropfens ist <strong><em>\u201eBad Man 2018 Tempranillo\u201c<\/em><\/strong> und er ist zu 100 % aus der Tempranillo Traube gekeltert.<\/p>\n<figure id=\"attachment_90181\" aria-describedby=\"caption-attachment-90181\" style=\"width: 1440px\" class=\"wp-caption aligncenter\"><img decoding=\"async\" class=\"size-full wp-image-90181\" src=\"https:\/\/spanienaktuell.net\/wordpress\/wp-content\/uploads\/2020\/10\/Portada-Bad-Man-Wines.jpg\" alt=\"\" width=\"1440\" height=\"810\" srcset=\"https:\/\/spanienaktuell.net\/wordpress\/wp-content\/uploads\/2020\/10\/Portada-Bad-Man-Wines.jpg 1440w, https:\/\/spanienaktuell.net\/wordpress\/wp-content\/uploads\/2020\/10\/Portada-Bad-Man-Wines-300x169.jpg 300w, https:\/\/spanienaktuell.net\/wordpress\/wp-content\/uploads\/2020\/10\/Portada-Bad-Man-Wines-768x432.jpg 768w, https:\/\/spanienaktuell.net\/wordpress\/wp-content\/uploads\/2020\/10\/Portada-Bad-Man-Wines-1024x576.jpg 1024w\" sizes=\"(max-width: 1440px) 100vw, 1440px\" \/><figcaption id=\"caption-attachment-90181\" class=\"wp-caption-text\">Foto: Bad Man-Wines<\/figcaption><\/figure>\n<p>Wenn Sie sich jetzt \u00fcber den ungew\u00f6hnlichen Namen f\u00fcr diesen ausgezeichneten Wein wundern,\u00a0 kommt hier prompt die Erkl\u00e4rung. Der Name kommt von <strong><em>SimBAD <\/em><\/strong>und <strong><em>MANu<\/em><\/strong>el, den beiden Besitzern und Winzern der Marke. Sie sind Freunde, seit sie 5 Jahre alt waren und haben zusammen studiert.<\/p>\n<p><img decoding=\"async\" class=\"aligncenter size-full wp-image-90182\" src=\"https:\/\/spanienaktuell.net\/wordpress\/wp-content\/uploads\/2020\/10\/images.png\" alt=\"\" width=\"225\" height=\"225\" srcset=\"https:\/\/spanienaktuell.net\/wordpress\/wp-content\/uploads\/2020\/10\/images.png 225w, https:\/\/spanienaktuell.net\/wordpress\/wp-content\/uploads\/2020\/10\/images-150x150.png 150w\" sizes=\"(max-width: 225px) 100vw, 225px\" \/><\/p>\n<p>Nach dem Weinbau-Studium begannen sie in den verschiedenen Bodegas der Welt zu arbeiten. Nachdem sie jahrelang in Argentinien, Italien, Australien, Neuseeland, USA und Spanien umfangreiche Erfahrung gemacht hatten, beschlossen sie, ihre eigene Bodega zu gr\u00fcnden.<\/p>\n<p><img decoding=\"async\" class=\"aligncenter size-full wp-image-90183\" src=\"https:\/\/spanienaktuell.net\/wordpress\/wp-content\/uploads\/2020\/10\/IMG_20200918_141221-002.png\" alt=\"\" width=\"610\" height=\"1080\" srcset=\"https:\/\/spanienaktuell.net\/wordpress\/wp-content\/uploads\/2020\/10\/IMG_20200918_141221-002.png 610w, https:\/\/spanienaktuell.net\/wordpress\/wp-content\/uploads\/2020\/10\/IMG_20200918_141221-002-169x300.png 169w, https:\/\/spanienaktuell.net\/wordpress\/wp-content\/uploads\/2020\/10\/IMG_20200918_141221-002-768x1360.png 768w, https:\/\/spanienaktuell.net\/wordpress\/wp-content\/uploads\/2020\/10\/IMG_20200918_141221-002-578x1024.png 578w\" sizes=\"(max-width: 610px) 100vw, 610px\" \/><\/p>\n<p>Der <strong><em>\u201eBad Man 2018 Tempranillo\u201c<\/em><\/strong> ist ein\u00a0 gelungenes Ergebnis von <strong>Simbad<\/strong> und <strong>Manuel<\/strong>;\u00a0 ein Wein mit guter Struktur, intensiv und elegant sowohl im Mund als auch in der Nase. Mit einer violett roten Farbe, Aromen von roten Fr\u00fcchten, Lakritz und\u00a0 Balsamico. Ein leichter, seidiger Wein mit einem angenehmen mittleren Gaumen und sehr frisch.<\/p>\n<p>Mehr m\u00f6chte ich Ihnen zu diesem hervorragenden Wein nicht verraten, w\u00fcrde mich aber sehr freuen, wenn Sie diesen Wein bei mir in der Meson probieren und mir nachher Ihre Eindr\u00fccke zu Geschmack und Aroma mitteilen.<\/p>\n<p style=\"text-align: center;\"><strong>Hasta pronto!!<\/strong><\/p>\n<p style=\"text-align: center;\"><img decoding=\"async\" class=\"aligncenter  wp-image-89950\" src=\"https:\/\/spanienaktuell.net\/wordpress\/wp-content\/uploads\/2020\/09\/Jordis-Weinempfehlungen-Spanien-aktuell-copia.jpg\" alt=\"\" width=\"237\" height=\"344\" srcset=\"https:\/\/spanienaktuell.net\/wordpress\/wp-content\/uploads\/2020\/09\/Jordis-Weinempfehlungen-Spanien-aktuell-copia.jpg 690w, https:\/\/spanienaktuell.net\/wordpress\/wp-content\/uploads\/2020\/09\/Jordis-Weinempfehlungen-Spanien-aktuell-copia-206x300.jpg 206w\" sizes=\"(max-width: 237px) 100vw, 237px\" \/><\/p>\n<p style=\"text-align: center;\">Jordi<\/p>\n<p style=\"text-align: center;\"><strong>Jordi Meson &amp; Tapas<\/strong><\/p>\n<p style=\"text-align: center;\">Pueblo Rocio\/ Calle Azucarera 10<\/p>\n<p style=\"text-align: center;\">29740 Torre del Mar (Malaga)<\/p>\n<p style=\"text-align: center;\"><strong>Tel.: +34 952 540 811<\/strong><\/p>\n<p style=\"text-align: center;\"><strong>Sonntag Ruhetag<\/strong><\/p>\n<p>&nbsp;<\/p>\n","protected":false},"excerpt":{"rendered":"<p>Hallo liebe Freunde des guten Weines, ein Gast hat mir f\u00fcr den Oktober diese alte deutsche Bauernweisheit ans Herz gelegt: [&hellip;]<\/p>\n","protected":false},"author":3,"featured_media":4387,"comment_status":"closed","ping_status":"closed","sticky":false,"template":"","format":"standard","meta":{"footnotes":""},"categories":[24],"tags":[],"class_list":["post-90180","post","type-post","status-publish","format-standard","has-post-thumbnail","hentry","category-kulinarisch"],"yoast_head":"<!-- This site is optimized with the Yoast SEO plugin v27.1.1 - https:\/\/yoast.com\/product\/yoast-seo-wordpress\/ -->\n<title>Jordis Weinempfehlung Oktober \u201eBad Man 2018 Tempranillo\u201c - Spanien aktuell<\/title>\n<meta name=\"robots\" content=\"index, follow, max-snippet:-1, max-image-preview:large, max-video-preview:-1\" \/>\n<link rel=\"canonical\" href=\"https:\/\/spanienaktuell.net\/wordpress\/jordis-weinempfehlung-oktober-bad-man-2018-tempranillo\/\" \/>\n<meta property=\"og:locale\" content=\"es_ES\" \/>\n<meta property=\"og:type\" content=\"article\" \/>\n<meta property=\"og:title\" content=\"Jordis Weinempfehlung Oktober \u201eBad Man 2018 Tempranillo\u201c - Spanien aktuell\" \/>\n<meta property=\"og:description\" content=\"Hallo liebe Freunde des guten Weines, ein Gast hat mir f\u00fcr den Oktober diese alte deutsche Bauernweisheit ans Herz gelegt: [&hellip;]\" \/>\n<meta property=\"og:url\" content=\"https:\/\/spanienaktuell.net\/wordpress\/jordis-weinempfehlung-oktober-bad-man-2018-tempranillo\/\" \/>\n<meta property=\"og:site_name\" content=\"Spanien aktuell\" \/>\n<meta property=\"article:published_time\" content=\"2020-10-01T10:06:53+00:00\" \/>\n<meta property=\"article:modified_time\" content=\"2020-10-05T10:29:15+00:00\" \/>\n<meta property=\"og:image\" content=\"https:\/\/spanienaktuell.net\/wordpress\/wp-content\/uploads\/2018\/02\/jordilogo-1476713353-2.jpg\" \/>\n\t<meta property=\"og:image:width\" content=\"800\" \/>\n\t<meta property=\"og:image:height\" content=\"548\" \/>\n\t<meta property=\"og:image:type\" content=\"image\/jpeg\" \/>\n<meta name=\"author\" content=\"Spanien Aktuell\" \/>\n<meta name=\"twitter:card\" content=\"summary_large_image\" \/>\n<meta name=\"twitter:label1\" content=\"Escrito por\" \/>\n\t<meta name=\"twitter:data1\" content=\"Spanien Aktuell\" \/>\n\t<meta name=\"twitter:label2\" content=\"Tiempo de lectura\" \/>\n\t<meta name=\"twitter:data2\" content=\"1 minuto\" \/>\n<script type=\"application\/ld+json\" class=\"yoast-schema-graph\">{\"@context\":\"https:\/\/schema.org\",\"@graph\":[{\"@type\":\"Article\",\"@id\":\"https:\/\/spanienaktuell.net\/wordpress\/jordis-weinempfehlung-oktober-bad-man-2018-tempranillo\/#article\",\"isPartOf\":{\"@id\":\"https:\/\/spanienaktuell.net\/wordpress\/jordis-weinempfehlung-oktober-bad-man-2018-tempranillo\/\"},\"author\":{\"name\":\"Spanien Aktuell\",\"@id\":\"https:\/\/spanienaktuell.net\/wordpress\/#\/schema\/person\/bc410cfae0161b201d837ebfeeba7fd0\"},\"headline\":\"Jordis Weinempfehlung Oktober \u201eBad Man 2018 Tempranillo\u201c\",\"datePublished\":\"2020-10-01T10:06:53+00:00\",\"dateModified\":\"2020-10-05T10:29:15+00:00\",\"mainEntityOfPage\":{\"@id\":\"https:\/\/spanienaktuell.net\/wordpress\/jordis-weinempfehlung-oktober-bad-man-2018-tempranillo\/\"},\"wordCount\":283,\"publisher\":{\"@id\":\"https:\/\/spanienaktuell.net\/wordpress\/#organization\"},\"image\":{\"@id\":\"https:\/\/spanienaktuell.net\/wordpress\/jordis-weinempfehlung-oktober-bad-man-2018-tempranillo\/#primaryimage\"},\"thumbnailUrl\":\"https:\/\/spanienaktuell.net\/wordpress\/wp-content\/uploads\/2018\/02\/jordilogo-1476713353-2.jpg\",\"articleSection\":[\"Kulinarisch\"],\"inLanguage\":\"es\"},{\"@type\":\"WebPage\",\"@id\":\"https:\/\/spanienaktuell.net\/wordpress\/jordis-weinempfehlung-oktober-bad-man-2018-tempranillo\/\",\"url\":\"https:\/\/spanienaktuell.net\/wordpress\/jordis-weinempfehlung-oktober-bad-man-2018-tempranillo\/\",\"name\":\"Jordis Weinempfehlung Oktober \u201eBad Man 2018 Tempranillo\u201c - Spanien aktuell\",\"isPartOf\":{\"@id\":\"https:\/\/spanienaktuell.net\/wordpress\/#website\"},\"primaryImageOfPage\":{\"@id\":\"https:\/\/spanienaktuell.net\/wordpress\/jordis-weinempfehlung-oktober-bad-man-2018-tempranillo\/#primaryimage\"},\"image\":{\"@id\":\"https:\/\/spanienaktuell.net\/wordpress\/jordis-weinempfehlung-oktober-bad-man-2018-tempranillo\/#primaryimage\"},\"thumbnailUrl\":\"https:\/\/spanienaktuell.net\/wordpress\/wp-content\/uploads\/2018\/02\/jordilogo-1476713353-2.jpg\",\"datePublished\":\"2020-10-01T10:06:53+00:00\",\"dateModified\":\"2020-10-05T10:29:15+00:00\",\"breadcrumb\":{\"@id\":\"https:\/\/spanienaktuell.net\/wordpress\/jordis-weinempfehlung-oktober-bad-man-2018-tempranillo\/#breadcrumb\"},\"inLanguage\":\"es\",\"potentialAction\":[{\"@type\":\"ReadAction\",\"target\":[\"https:\/\/spanienaktuell.net\/wordpress\/jordis-weinempfehlung-oktober-bad-man-2018-tempranillo\/\"]}]},{\"@type\":\"ImageObject\",\"inLanguage\":\"es\",\"@id\":\"https:\/\/spanienaktuell.net\/wordpress\/jordis-weinempfehlung-oktober-bad-man-2018-tempranillo\/#primaryimage\",\"url\":\"https:\/\/spanienaktuell.net\/wordpress\/wp-content\/uploads\/2018\/02\/jordilogo-1476713353-2.jpg\",\"contentUrl\":\"https:\/\/spanienaktuell.net\/wordpress\/wp-content\/uploads\/2018\/02\/jordilogo-1476713353-2.jpg\",\"width\":800,\"height\":548},{\"@type\":\"BreadcrumbList\",\"@id\":\"https:\/\/spanienaktuell.net\/wordpress\/jordis-weinempfehlung-oktober-bad-man-2018-tempranillo\/#breadcrumb\",\"itemListElement\":[{\"@type\":\"ListItem\",\"position\":1,\"name\":\"Portada\",\"item\":\"https:\/\/spanienaktuell.net\/wordpress\/\"},{\"@type\":\"ListItem\",\"position\":2,\"name\":\"Jordis Weinempfehlung Oktober \u201eBad Man 2018 Tempranillo\u201c\"}]},{\"@type\":\"WebSite\",\"@id\":\"https:\/\/spanienaktuell.net\/wordpress\/#website\",\"url\":\"https:\/\/spanienaktuell.net\/wordpress\/\",\"name\":\"Spanien aktuell\",\"description\":\"The German magazine number 1 on the Costa del Sol\",\"publisher\":{\"@id\":\"https:\/\/spanienaktuell.net\/wordpress\/#organization\"},\"potentialAction\":[{\"@type\":\"SearchAction\",\"target\":{\"@type\":\"EntryPoint\",\"urlTemplate\":\"https:\/\/spanienaktuell.net\/wordpress\/?s={search_term_string}\"},\"query-input\":{\"@type\":\"PropertyValueSpecification\",\"valueRequired\":true,\"valueName\":\"search_term_string\"}}],\"inLanguage\":\"es\"},{\"@type\":\"Organization\",\"@id\":\"https:\/\/spanienaktuell.net\/wordpress\/#organization\",\"name\":\"Spanien aktuell\",\"url\":\"https:\/\/spanienaktuell.net\/wordpress\/\",\"logo\":{\"@type\":\"ImageObject\",\"inLanguage\":\"es\",\"@id\":\"https:\/\/spanienaktuell.net\/wordpress\/#\/schema\/logo\/image\/\",\"url\":\"https:\/\/spanienaktuell.net\/wordpress\/wp-content\/uploads\/2019\/06\/cropped-Logo-spanien-aktuell-png-web-e1561631085388.png\",\"contentUrl\":\"https:\/\/spanienaktuell.net\/wordpress\/wp-content\/uploads\/2019\/06\/cropped-Logo-spanien-aktuell-png-web-e1561631085388.png\",\"width\":512,\"height\":110,\"caption\":\"Spanien aktuell\"},\"image\":{\"@id\":\"https:\/\/spanienaktuell.net\/wordpress\/#\/schema\/logo\/image\/\"}},{\"@type\":\"Person\",\"@id\":\"https:\/\/spanienaktuell.net\/wordpress\/#\/schema\/person\/bc410cfae0161b201d837ebfeeba7fd0\",\"name\":\"Spanien Aktuell\",\"image\":{\"@type\":\"ImageObject\",\"inLanguage\":\"es\",\"@id\":\"https:\/\/spanienaktuell.net\/wordpress\/#\/schema\/person\/image\/\",\"url\":\"https:\/\/spanienaktuell.net\/wordpress\/wp-content\/uploads\/2019\/06\/cropped-Logo-spanien-aktuell-png-fav2-100x100.png\",\"contentUrl\":\"https:\/\/spanienaktuell.net\/wordpress\/wp-content\/uploads\/2019\/06\/cropped-Logo-spanien-aktuell-png-fav2-100x100.png\",\"caption\":\"Spanien Aktuell\"},\"url\":\"https:\/\/spanienaktuell.net\/wordpress\/author\/koalum\/\"}]}<\/script>\n<!-- \/ Yoast SEO plugin. -->","yoast_head_json":{"title":"Jordis Weinempfehlung Oktober \u201eBad Man 2018 Tempranillo\u201c - Spanien aktuell","robots":{"index":"index","follow":"follow","max-snippet":"max-snippet:-1","max-image-preview":"max-image-preview:large","max-video-preview":"max-video-preview:-1"},"canonical":"https:\/\/spanienaktuell.net\/wordpress\/jordis-weinempfehlung-oktober-bad-man-2018-tempranillo\/","og_locale":"es_ES","og_type":"article","og_title":"Jordis Weinempfehlung Oktober \u201eBad Man 2018 Tempranillo\u201c - Spanien aktuell","og_description":"Hallo liebe Freunde des guten Weines, ein Gast hat mir f\u00fcr den Oktober diese alte deutsche Bauernweisheit ans Herz gelegt: [&hellip;]","og_url":"https:\/\/spanienaktuell.net\/wordpress\/jordis-weinempfehlung-oktober-bad-man-2018-tempranillo\/","og_site_name":"Spanien aktuell","article_published_time":"2020-10-01T10:06:53+00:00","article_modified_time":"2020-10-05T10:29:15+00:00","og_image":[{"width":800,"height":548,"url":"https:\/\/spanienaktuell.net\/wordpress\/wp-content\/uploads\/2018\/02\/jordilogo-1476713353-2.jpg","type":"image\/jpeg"}],"author":"Spanien Aktuell","twitter_card":"summary_large_image","twitter_misc":{"Escrito por":"Spanien Aktuell","Tiempo de lectura":"1 minuto"},"schema":{"@context":"https:\/\/schema.org","@graph":[{"@type":"Article","@id":"https:\/\/spanienaktuell.net\/wordpress\/jordis-weinempfehlung-oktober-bad-man-2018-tempranillo\/#article","isPartOf":{"@id":"https:\/\/spanienaktuell.net\/wordpress\/jordis-weinempfehlung-oktober-bad-man-2018-tempranillo\/"},"author":{"name":"Spanien Aktuell","@id":"https:\/\/spanienaktuell.net\/wordpress\/#\/schema\/person\/bc410cfae0161b201d837ebfeeba7fd0"},"headline":"Jordis Weinempfehlung Oktober \u201eBad Man 2018 Tempranillo\u201c","datePublished":"2020-10-01T10:06:53+00:00","dateModified":"2020-10-05T10:29:15+00:00","mainEntityOfPage":{"@id":"https:\/\/spanienaktuell.net\/wordpress\/jordis-weinempfehlung-oktober-bad-man-2018-tempranillo\/"},"wordCount":283,"publisher":{"@id":"https:\/\/spanienaktuell.net\/wordpress\/#organization"},"image":{"@id":"https:\/\/spanienaktuell.net\/wordpress\/jordis-weinempfehlung-oktober-bad-man-2018-tempranillo\/#primaryimage"},"thumbnailUrl":"https:\/\/spanienaktuell.net\/wordpress\/wp-content\/uploads\/2018\/02\/jordilogo-1476713353-2.jpg","articleSection":["Kulinarisch"],"inLanguage":"es"},{"@type":"WebPage","@id":"https:\/\/spanienaktuell.net\/wordpress\/jordis-weinempfehlung-oktober-bad-man-2018-tempranillo\/","url":"https:\/\/spanienaktuell.net\/wordpress\/jordis-weinempfehlung-oktober-bad-man-2018-tempranillo\/","name":"Jordis Weinempfehlung Oktober \u201eBad Man 2018 Tempranillo\u201c - Spanien aktuell","isPartOf":{"@id":"https:\/\/spanienaktuell.net\/wordpress\/#website"},"primaryImageOfPage":{"@id":"https:\/\/spanienaktuell.net\/wordpress\/jordis-weinempfehlung-oktober-bad-man-2018-tempranillo\/#primaryimage"},"image":{"@id":"https:\/\/spanienaktuell.net\/wordpress\/jordis-weinempfehlung-oktober-bad-man-2018-tempranillo\/#primaryimage"},"thumbnailUrl":"https:\/\/spanienaktuell.net\/wordpress\/wp-content\/uploads\/2018\/02\/jordilogo-1476713353-2.jpg","datePublished":"2020-10-01T10:06:53+00:00","dateModified":"2020-10-05T10:29:15+00:00","breadcrumb":{"@id":"https:\/\/spanienaktuell.net\/wordpress\/jordis-weinempfehlung-oktober-bad-man-2018-tempranillo\/#breadcrumb"},"inLanguage":"es","potentialAction":[{"@type":"ReadAction","target":["https:\/\/spanienaktuell.net\/wordpress\/jordis-weinempfehlung-oktober-bad-man-2018-tempranillo\/"]}]},{"@type":"ImageObject","inLanguage":"es","@id":"https:\/\/spanienaktuell.net\/wordpress\/jordis-weinempfehlung-oktober-bad-man-2018-tempranillo\/#primaryimage","url":"https:\/\/spanienaktuell.net\/wordpress\/wp-content\/uploads\/2018\/02\/jordilogo-1476713353-2.jpg","contentUrl":"https:\/\/spanienaktuell.net\/wordpress\/wp-content\/uploads\/2018\/02\/jordilogo-1476713353-2.jpg","width":800,"height":548},{"@type":"BreadcrumbList","@id":"https:\/\/spanienaktuell.net\/wordpress\/jordis-weinempfehlung-oktober-bad-man-2018-tempranillo\/#breadcrumb","itemListElement":[{"@type":"ListItem","position":1,"name":"Portada","item":"https:\/\/spanienaktuell.net\/wordpress\/"},{"@type":"ListItem","position":2,"name":"Jordis Weinempfehlung Oktober \u201eBad Man 2018 Tempranillo\u201c"}]},{"@type":"WebSite","@id":"https:\/\/spanienaktuell.net\/wordpress\/#website","url":"https:\/\/spanienaktuell.net\/wordpress\/","name":"Spanien aktuell","description":"The German magazine number 1 on the Costa del Sol","publisher":{"@id":"https:\/\/spanienaktuell.net\/wordpress\/#organization"},"potentialAction":[{"@type":"SearchAction","target":{"@type":"EntryPoint","urlTemplate":"https:\/\/spanienaktuell.net\/wordpress\/?s={search_term_string}"},"query-input":{"@type":"PropertyValueSpecification","valueRequired":true,"valueName":"search_term_string"}}],"inLanguage":"es"},{"@type":"Organization","@id":"https:\/\/spanienaktuell.net\/wordpress\/#organization","name":"Spanien aktuell","url":"https:\/\/spanienaktuell.net\/wordpress\/","logo":{"@type":"ImageObject","inLanguage":"es","@id":"https:\/\/spanienaktuell.net\/wordpress\/#\/schema\/logo\/image\/","url":"https:\/\/spanienaktuell.net\/wordpress\/wp-content\/uploads\/2019\/06\/cropped-Logo-spanien-aktuell-png-web-e1561631085388.png","contentUrl":"https:\/\/spanienaktuell.net\/wordpress\/wp-content\/uploads\/2019\/06\/cropped-Logo-spanien-aktuell-png-web-e1561631085388.png","width":512,"height":110,"caption":"Spanien aktuell"},"image":{"@id":"https:\/\/spanienaktuell.net\/wordpress\/#\/schema\/logo\/image\/"}},{"@type":"Person","@id":"https:\/\/spanienaktuell.net\/wordpress\/#\/schema\/person\/bc410cfae0161b201d837ebfeeba7fd0","name":"Spanien Aktuell","image":{"@type":"ImageObject","inLanguage":"es","@id":"https:\/\/spanienaktuell.net\/wordpress\/#\/schema\/person\/image\/","url":"https:\/\/spanienaktuell.net\/wordpress\/wp-content\/uploads\/2019\/06\/cropped-Logo-spanien-aktuell-png-fav2-100x100.png","contentUrl":"https:\/\/spanienaktuell.net\/wordpress\/wp-content\/uploads\/2019\/06\/cropped-Logo-spanien-aktuell-png-fav2-100x100.png","caption":"Spanien Aktuell"},"url":"https:\/\/spanienaktuell.net\/wordpress\/author\/koalum\/"}]}},"_links":{"self":[{"href":"https:\/\/spanienaktuell.net\/wordpress\/wp-json\/wp\/v2\/posts\/90180","targetHints":{"allow":["GET"]}}],"collection":[{"href":"https:\/\/spanienaktuell.net\/wordpress\/wp-json\/wp\/v2\/posts"}],"about":[{"href":"https:\/\/spanienaktuell.net\/wordpress\/wp-json\/wp\/v2\/types\/post"}],"author":[{"embeddable":true,"href":"https:\/\/spanienaktuell.net\/wordpress\/wp-json\/wp\/v2\/users\/3"}],"replies":[{"embeddable":true,"href":"https:\/\/spanienaktuell.net\/wordpress\/wp-json\/wp\/v2\/comments?post=90180"}],"version-history":[{"count":1,"href":"https:\/\/spanienaktuell.net\/wordpress\/wp-json\/wp\/v2\/posts\/90180\/revisions"}],"predecessor-version":[{"id":90187,"href":"https:\/\/spanienaktuell.net\/wordpress\/wp-json\/wp\/v2\/posts\/90180\/revisions\/90187"}],"wp:featuredmedia":[{"embeddable":true,"href":"https:\/\/spanienaktuell.net\/wordpress\/wp-json\/wp\/v2\/media\/4387"}],"wp:attachment":[{"href":"https:\/\/spanienaktuell.net\/wordpress\/wp-json\/wp\/v2\/media?parent=90180"}],"wp:term":[{"taxonomy":"category","embeddable":true,"href":"https:\/\/spanienaktuell.net\/wordpress\/wp-json\/wp\/v2\/categories?post=90180"},{"taxonomy":"post_tag","embeddable":true,"href":"https:\/\/spanienaktuell.net\/wordpress\/wp-json\/wp\/v2\/tags?post=90180"}],"curies":[{"name":"wp","href":"https:\/\/api.w.org\/{rel}","templated":true}]}}