{"id":90188,"date":"2020-10-01T10:30:28","date_gmt":"2020-10-01T10:30:28","guid":{"rendered":"https:\/\/spanienaktuell.net\/wordpress\/?p=90188"},"modified":"2020-10-05T10:30:45","modified_gmt":"2020-10-05T10:30:45","slug":"buchtipp-fur-die-wurze-im-leben-krauter-und-gewurze-das-neue-kochbuch","status":"publish","type":"post","link":"https:\/\/spanienaktuell.net\/wordpress\/buchtipp-fur-die-wurze-im-leben-krauter-und-gewurze-das-neue-kochbuch\/","title":{"rendered":"Buchtipp: F\u00fcr die W\u00fcrze im Leben \u2013 \u201eKr\u00e4uter und Gew\u00fcrze\u201c \u2013 das Neue Kochbuch"},"content":{"rendered":"<p>Ob Home Cooking oder lang ersehnter Restaurantbesuch \u2013 Kr\u00e4uter und Gew\u00fcrze bringen Pep in jedes Gericht. Gekonnt eingesetzt sind sie die besten Langeweile-Killer und sorgen f\u00fcr ein \u201eWow\u201c-Gef\u00fchl am Gaumen.<\/p>\n<p>Sie sind Finesse und Feuer, mit Vorsicht zu genie\u00dfen und mit Sachverstand zu dosieren.<\/p>\n<p>Wen wundert\u2019s, dass sie weltweit gehandelt werden und dass rare Gew\u00fcrze fr\u00fcher sogar wie Geld und Gold als Zahlungsmittel galten. Auch dar\u00fcber berichtet Mirko Reehs neues Kochbuch \u201eKr\u00e4uter und Gew\u00fcrze\u201c, das er zusammen mit der Journalistin Barbara Stromberg als \u201eBook on Demand\u201c herausgebracht hat.<\/p>\n<p>Die beiden sind seit vielen Jahren ein Dream-Team. Er schwingt den Kochl\u00f6ffel und sie z\u00fcckt die Feder. So entstehen informative wie unterhaltsame Koch- und Leseb\u00fccher f\u00fcr Menschen, die Lust auf eine muntere Schreibe und Rezepte mitten aus dem Leben haben.<\/p>\n<p>Auf 144 Seiten erf\u00e4hrt man N\u00fctzliches und Wissenswertes, Spannendes und manchmal fast Unglaubliches \u00fcber Heil-, Wild- und K\u00fcchen-Kr\u00e4uter, \u00fcber das magische Wissen der Kr\u00e4uterhexen und die ber\u00fchmtesten Kr\u00e4utermischungen der Welt.<\/p>\n<figure id=\"attachment_90190\" aria-describedby=\"caption-attachment-90190\" style=\"width: 1080px\" class=\"wp-caption aligncenter\"><img decoding=\"async\" class=\"size-full wp-image-90190\" src=\"https:\/\/spanienaktuell.net\/wordpress\/wp-content\/uploads\/2020\/10\/Bild-von-Mirko-Reeh-Michael-Palzer.jpeg\" alt=\"\" width=\"1080\" height=\"1080\" srcset=\"https:\/\/spanienaktuell.net\/wordpress\/wp-content\/uploads\/2020\/10\/Bild-von-Mirko-Reeh-Michael-Palzer.jpeg 1080w, https:\/\/spanienaktuell.net\/wordpress\/wp-content\/uploads\/2020\/10\/Bild-von-Mirko-Reeh-Michael-Palzer-150x150.jpeg 150w, https:\/\/spanienaktuell.net\/wordpress\/wp-content\/uploads\/2020\/10\/Bild-von-Mirko-Reeh-Michael-Palzer-300x300.jpeg 300w, https:\/\/spanienaktuell.net\/wordpress\/wp-content\/uploads\/2020\/10\/Bild-von-Mirko-Reeh-Michael-Palzer-768x768.jpeg 768w, https:\/\/spanienaktuell.net\/wordpress\/wp-content\/uploads\/2020\/10\/Bild-von-Mirko-Reeh-Michael-Palzer-1024x1024.jpeg 1024w\" sizes=\"(max-width: 1080px) 100vw, 1080px\" \/><figcaption id=\"caption-attachment-90190\" class=\"wp-caption-text\">Bild von Mirko Reeh &gt; Michael Palzer<\/figcaption><\/figure>\n<p>Beim Thema Home Growing gibt\u2019s praktische Tipps f\u00fcr den Anbau in Topf und Garten.<\/p>\n<p>Gew\u00fcrzmischungen selber machen? Kein Problem f\u00fcr Mirko. Er kennt sich aus mit Ras El Hanut und Caf\u00e9 de Paris und wei\u00df, was in Sambal Olek und in Lebkuchengew\u00fcrz nicht fehlen darf.<\/p>\n<p>Eine spannende Angelegenheit \u2013 nicht nur f\u00fcr Allergiker. Doch vor allem ist das neue Buch eins: Eine Sammlung von erprobten Rezepten f\u00fcr leckere Gerichte aus dem riesigen Fundus von Mirko Reeh.<\/p>\n<p>Der Bogen ist weit gespannt und reicht von Mamas legend\u00e4rer Bohnensuppe \u00fcber die Sauerampfertarte mit Birnen Chutney bis hin zur original \u201eFrankfurter Grie So\u00df\u2018\u201c. Ob seligmachende \u201eGumbo\u201c aus Louisiana, Glasnudelsalat mit Kokos-Erdnuss-Dressing als exotischer Gru\u00df aus Fernost oder Muskatnuss-Eis mit s\u00fc\u00dfem Pesto zum Dahinschmelzen \u2013 Mirko gehen die Ideen einfach nicht aus \u2013 und die Rezepte schon gar nicht.<\/p>\n<p><strong>Bezugsquelle:<\/strong> Mirko Reeh\/Barbara Stromberg: Kr\u00e4uter und Gew\u00fcrze, 144 Seiten, mit vielen Farbfotos, Verlag BOD &#8211; Books on Demand, Norderstedt, ISBN 9783751920612; EUR 14,90. Erh\u00e4ltlich \u00fcberall, wo es B\u00fccher gibt.<\/p>\n","protected":false},"excerpt":{"rendered":"<p>Ob Home Cooking oder lang ersehnter Restaurantbesuch \u2013 Kr\u00e4uter und Gew\u00fcrze bringen Pep in jedes Gericht. Gekonnt eingesetzt sind sie [&hellip;]<\/p>\n","protected":false},"author":3,"featured_media":90189,"comment_status":"closed","ping_status":"closed","sticky":false,"template":"","format":"standard","meta":{"footnotes":""},"categories":[24],"tags":[],"class_list":["post-90188","post","type-post","status-publish","format-standard","has-post-thumbnail","hentry","category-kulinarisch"],"yoast_head":"<!-- This site is optimized with the Yoast SEO plugin v27.1.1 - https:\/\/yoast.com\/product\/yoast-seo-wordpress\/ -->\n<title>Buchtipp: F\u00fcr die W\u00fcrze im Leben \u2013 \u201eKr\u00e4uter und Gew\u00fcrze\u201c \u2013 das Neue Kochbuch - Spanien aktuell<\/title>\n<meta name=\"robots\" content=\"index, follow, max-snippet:-1, max-image-preview:large, max-video-preview:-1\" \/>\n<link rel=\"canonical\" href=\"https:\/\/spanienaktuell.net\/wordpress\/buchtipp-fur-die-wurze-im-leben-krauter-und-gewurze-das-neue-kochbuch\/\" \/>\n<meta property=\"og:locale\" content=\"es_ES\" \/>\n<meta property=\"og:type\" content=\"article\" \/>\n<meta property=\"og:title\" content=\"Buchtipp: F\u00fcr die W\u00fcrze im Leben \u2013 \u201eKr\u00e4uter und Gew\u00fcrze\u201c \u2013 das Neue Kochbuch - Spanien aktuell\" \/>\n<meta property=\"og:description\" content=\"Ob Home Cooking oder lang ersehnter Restaurantbesuch \u2013 Kr\u00e4uter und Gew\u00fcrze bringen Pep in jedes Gericht. Gekonnt eingesetzt sind sie [&hellip;]\" \/>\n<meta property=\"og:url\" content=\"https:\/\/spanienaktuell.net\/wordpress\/buchtipp-fur-die-wurze-im-leben-krauter-und-gewurze-das-neue-kochbuch\/\" \/>\n<meta property=\"og:site_name\" content=\"Spanien aktuell\" \/>\n<meta property=\"article:published_time\" content=\"2020-10-01T10:30:28+00:00\" \/>\n<meta property=\"article:modified_time\" content=\"2020-10-05T10:30:45+00:00\" \/>\n<meta property=\"og:image\" content=\"https:\/\/spanienaktuell.net\/wordpress\/wp-content\/uploads\/2020\/10\/Cover-Kr\u00e4uter-und-Gew\u00fcrze-beleg-trendxpress_0.jpeg\" \/>\n\t<meta property=\"og:image:width\" content=\"831\" \/>\n\t<meta property=\"og:image:height\" content=\"1080\" \/>\n\t<meta property=\"og:image:type\" content=\"image\/jpeg\" \/>\n<meta name=\"author\" content=\"Spanien Aktuell\" \/>\n<meta name=\"twitter:card\" content=\"summary_large_image\" \/>\n<meta name=\"twitter:label1\" content=\"Escrito por\" \/>\n\t<meta name=\"twitter:data1\" content=\"Spanien Aktuell\" \/>\n\t<meta name=\"twitter:label2\" content=\"Tiempo de lectura\" \/>\n\t<meta name=\"twitter:data2\" content=\"2 minutos\" \/>\n<script type=\"application\/ld+json\" class=\"yoast-schema-graph\">{\"@context\":\"https:\/\/schema.org\",\"@graph\":[{\"@type\":\"Article\",\"@id\":\"https:\/\/spanienaktuell.net\/wordpress\/buchtipp-fur-die-wurze-im-leben-krauter-und-gewurze-das-neue-kochbuch\/#article\",\"isPartOf\":{\"@id\":\"https:\/\/spanienaktuell.net\/wordpress\/buchtipp-fur-die-wurze-im-leben-krauter-und-gewurze-das-neue-kochbuch\/\"},\"author\":{\"name\":\"Spanien Aktuell\",\"@id\":\"https:\/\/spanienaktuell.net\/wordpress\/#\/schema\/person\/bc410cfae0161b201d837ebfeeba7fd0\"},\"headline\":\"Buchtipp: F\u00fcr die W\u00fcrze im Leben \u2013 \u201eKr\u00e4uter und Gew\u00fcrze\u201c \u2013 das Neue Kochbuch\",\"datePublished\":\"2020-10-01T10:30:28+00:00\",\"dateModified\":\"2020-10-05T10:30:45+00:00\",\"mainEntityOfPage\":{\"@id\":\"https:\/\/spanienaktuell.net\/wordpress\/buchtipp-fur-die-wurze-im-leben-krauter-und-gewurze-das-neue-kochbuch\/\"},\"wordCount\":381,\"publisher\":{\"@id\":\"https:\/\/spanienaktuell.net\/wordpress\/#organization\"},\"image\":{\"@id\":\"https:\/\/spanienaktuell.net\/wordpress\/buchtipp-fur-die-wurze-im-leben-krauter-und-gewurze-das-neue-kochbuch\/#primaryimage\"},\"thumbnailUrl\":\"https:\/\/spanienaktuell.net\/wordpress\/wp-content\/uploads\/2020\/10\/Cover-Kr\u00e4uter-und-Gew\u00fcrze-beleg-trendxpress_0.jpeg\",\"articleSection\":[\"Kulinarisch\"],\"inLanguage\":\"es\"},{\"@type\":\"WebPage\",\"@id\":\"https:\/\/spanienaktuell.net\/wordpress\/buchtipp-fur-die-wurze-im-leben-krauter-und-gewurze-das-neue-kochbuch\/\",\"url\":\"https:\/\/spanienaktuell.net\/wordpress\/buchtipp-fur-die-wurze-im-leben-krauter-und-gewurze-das-neue-kochbuch\/\",\"name\":\"Buchtipp: F\u00fcr die W\u00fcrze im Leben \u2013 \u201eKr\u00e4uter und Gew\u00fcrze\u201c \u2013 das Neue Kochbuch - Spanien aktuell\",\"isPartOf\":{\"@id\":\"https:\/\/spanienaktuell.net\/wordpress\/#website\"},\"primaryImageOfPage\":{\"@id\":\"https:\/\/spanienaktuell.net\/wordpress\/buchtipp-fur-die-wurze-im-leben-krauter-und-gewurze-das-neue-kochbuch\/#primaryimage\"},\"image\":{\"@id\":\"https:\/\/spanienaktuell.net\/wordpress\/buchtipp-fur-die-wurze-im-leben-krauter-und-gewurze-das-neue-kochbuch\/#primaryimage\"},\"thumbnailUrl\":\"https:\/\/spanienaktuell.net\/wordpress\/wp-content\/uploads\/2020\/10\/Cover-Kr\u00e4uter-und-Gew\u00fcrze-beleg-trendxpress_0.jpeg\",\"datePublished\":\"2020-10-01T10:30:28+00:00\",\"dateModified\":\"2020-10-05T10:30:45+00:00\",\"breadcrumb\":{\"@id\":\"https:\/\/spanienaktuell.net\/wordpress\/buchtipp-fur-die-wurze-im-leben-krauter-und-gewurze-das-neue-kochbuch\/#breadcrumb\"},\"inLanguage\":\"es\",\"potentialAction\":[{\"@type\":\"ReadAction\",\"target\":[\"https:\/\/spanienaktuell.net\/wordpress\/buchtipp-fur-die-wurze-im-leben-krauter-und-gewurze-das-neue-kochbuch\/\"]}]},{\"@type\":\"ImageObject\",\"inLanguage\":\"es\",\"@id\":\"https:\/\/spanienaktuell.net\/wordpress\/buchtipp-fur-die-wurze-im-leben-krauter-und-gewurze-das-neue-kochbuch\/#primaryimage\",\"url\":\"https:\/\/spanienaktuell.net\/wordpress\/wp-content\/uploads\/2020\/10\/Cover-Kr\u00e4uter-und-Gew\u00fcrze-beleg-trendxpress_0.jpeg\",\"contentUrl\":\"https:\/\/spanienaktuell.net\/wordpress\/wp-content\/uploads\/2020\/10\/Cover-Kr\u00e4uter-und-Gew\u00fcrze-beleg-trendxpress_0.jpeg\",\"width\":831,\"height\":1080},{\"@type\":\"BreadcrumbList\",\"@id\":\"https:\/\/spanienaktuell.net\/wordpress\/buchtipp-fur-die-wurze-im-leben-krauter-und-gewurze-das-neue-kochbuch\/#breadcrumb\",\"itemListElement\":[{\"@type\":\"ListItem\",\"position\":1,\"name\":\"Portada\",\"item\":\"https:\/\/spanienaktuell.net\/wordpress\/\"},{\"@type\":\"ListItem\",\"position\":2,\"name\":\"Buchtipp: F\u00fcr die W\u00fcrze im Leben \u2013 \u201eKr\u00e4uter und Gew\u00fcrze\u201c \u2013 das Neue Kochbuch\"}]},{\"@type\":\"WebSite\",\"@id\":\"https:\/\/spanienaktuell.net\/wordpress\/#website\",\"url\":\"https:\/\/spanienaktuell.net\/wordpress\/\",\"name\":\"Spanien aktuell\",\"description\":\"The German magazine number 1 on the Costa del Sol\",\"publisher\":{\"@id\":\"https:\/\/spanienaktuell.net\/wordpress\/#organization\"},\"potentialAction\":[{\"@type\":\"SearchAction\",\"target\":{\"@type\":\"EntryPoint\",\"urlTemplate\":\"https:\/\/spanienaktuell.net\/wordpress\/?s={search_term_string}\"},\"query-input\":{\"@type\":\"PropertyValueSpecification\",\"valueRequired\":true,\"valueName\":\"search_term_string\"}}],\"inLanguage\":\"es\"},{\"@type\":\"Organization\",\"@id\":\"https:\/\/spanienaktuell.net\/wordpress\/#organization\",\"name\":\"Spanien aktuell\",\"url\":\"https:\/\/spanienaktuell.net\/wordpress\/\",\"logo\":{\"@type\":\"ImageObject\",\"inLanguage\":\"es\",\"@id\":\"https:\/\/spanienaktuell.net\/wordpress\/#\/schema\/logo\/image\/\",\"url\":\"https:\/\/spanienaktuell.net\/wordpress\/wp-content\/uploads\/2019\/06\/cropped-Logo-spanien-aktuell-png-web-e1561631085388.png\",\"contentUrl\":\"https:\/\/spanienaktuell.net\/wordpress\/wp-content\/uploads\/2019\/06\/cropped-Logo-spanien-aktuell-png-web-e1561631085388.png\",\"width\":512,\"height\":110,\"caption\":\"Spanien aktuell\"},\"image\":{\"@id\":\"https:\/\/spanienaktuell.net\/wordpress\/#\/schema\/logo\/image\/\"}},{\"@type\":\"Person\",\"@id\":\"https:\/\/spanienaktuell.net\/wordpress\/#\/schema\/person\/bc410cfae0161b201d837ebfeeba7fd0\",\"name\":\"Spanien Aktuell\",\"image\":{\"@type\":\"ImageObject\",\"inLanguage\":\"es\",\"@id\":\"https:\/\/spanienaktuell.net\/wordpress\/#\/schema\/person\/image\/\",\"url\":\"https:\/\/spanienaktuell.net\/wordpress\/wp-content\/uploads\/2019\/06\/cropped-Logo-spanien-aktuell-png-fav2-100x100.png\",\"contentUrl\":\"https:\/\/spanienaktuell.net\/wordpress\/wp-content\/uploads\/2019\/06\/cropped-Logo-spanien-aktuell-png-fav2-100x100.png\",\"caption\":\"Spanien Aktuell\"},\"url\":\"https:\/\/spanienaktuell.net\/wordpress\/author\/koalum\/\"}]}<\/script>\n<!-- \/ Yoast SEO plugin. -->","yoast_head_json":{"title":"Buchtipp: F\u00fcr die W\u00fcrze im Leben \u2013 \u201eKr\u00e4uter und Gew\u00fcrze\u201c \u2013 das Neue Kochbuch - Spanien aktuell","robots":{"index":"index","follow":"follow","max-snippet":"max-snippet:-1","max-image-preview":"max-image-preview:large","max-video-preview":"max-video-preview:-1"},"canonical":"https:\/\/spanienaktuell.net\/wordpress\/buchtipp-fur-die-wurze-im-leben-krauter-und-gewurze-das-neue-kochbuch\/","og_locale":"es_ES","og_type":"article","og_title":"Buchtipp: F\u00fcr die W\u00fcrze im Leben \u2013 \u201eKr\u00e4uter und Gew\u00fcrze\u201c \u2013 das Neue Kochbuch - Spanien aktuell","og_description":"Ob Home Cooking oder lang ersehnter Restaurantbesuch \u2013 Kr\u00e4uter und Gew\u00fcrze bringen Pep in jedes Gericht. Gekonnt eingesetzt sind sie [&hellip;]","og_url":"https:\/\/spanienaktuell.net\/wordpress\/buchtipp-fur-die-wurze-im-leben-krauter-und-gewurze-das-neue-kochbuch\/","og_site_name":"Spanien aktuell","article_published_time":"2020-10-01T10:30:28+00:00","article_modified_time":"2020-10-05T10:30:45+00:00","og_image":[{"width":831,"height":1080,"url":"https:\/\/spanienaktuell.net\/wordpress\/wp-content\/uploads\/2020\/10\/Cover-Kr\u00e4uter-und-Gew\u00fcrze-beleg-trendxpress_0.jpeg","type":"image\/jpeg"}],"author":"Spanien Aktuell","twitter_card":"summary_large_image","twitter_misc":{"Escrito por":"Spanien Aktuell","Tiempo de lectura":"2 minutos"},"schema":{"@context":"https:\/\/schema.org","@graph":[{"@type":"Article","@id":"https:\/\/spanienaktuell.net\/wordpress\/buchtipp-fur-die-wurze-im-leben-krauter-und-gewurze-das-neue-kochbuch\/#article","isPartOf":{"@id":"https:\/\/spanienaktuell.net\/wordpress\/buchtipp-fur-die-wurze-im-leben-krauter-und-gewurze-das-neue-kochbuch\/"},"author":{"name":"Spanien Aktuell","@id":"https:\/\/spanienaktuell.net\/wordpress\/#\/schema\/person\/bc410cfae0161b201d837ebfeeba7fd0"},"headline":"Buchtipp: F\u00fcr die W\u00fcrze im Leben \u2013 \u201eKr\u00e4uter und Gew\u00fcrze\u201c \u2013 das Neue Kochbuch","datePublished":"2020-10-01T10:30:28+00:00","dateModified":"2020-10-05T10:30:45+00:00","mainEntityOfPage":{"@id":"https:\/\/spanienaktuell.net\/wordpress\/buchtipp-fur-die-wurze-im-leben-krauter-und-gewurze-das-neue-kochbuch\/"},"wordCount":381,"publisher":{"@id":"https:\/\/spanienaktuell.net\/wordpress\/#organization"},"image":{"@id":"https:\/\/spanienaktuell.net\/wordpress\/buchtipp-fur-die-wurze-im-leben-krauter-und-gewurze-das-neue-kochbuch\/#primaryimage"},"thumbnailUrl":"https:\/\/spanienaktuell.net\/wordpress\/wp-content\/uploads\/2020\/10\/Cover-Kr\u00e4uter-und-Gew\u00fcrze-beleg-trendxpress_0.jpeg","articleSection":["Kulinarisch"],"inLanguage":"es"},{"@type":"WebPage","@id":"https:\/\/spanienaktuell.net\/wordpress\/buchtipp-fur-die-wurze-im-leben-krauter-und-gewurze-das-neue-kochbuch\/","url":"https:\/\/spanienaktuell.net\/wordpress\/buchtipp-fur-die-wurze-im-leben-krauter-und-gewurze-das-neue-kochbuch\/","name":"Buchtipp: F\u00fcr die W\u00fcrze im Leben \u2013 \u201eKr\u00e4uter und Gew\u00fcrze\u201c \u2013 das Neue Kochbuch - Spanien aktuell","isPartOf":{"@id":"https:\/\/spanienaktuell.net\/wordpress\/#website"},"primaryImageOfPage":{"@id":"https:\/\/spanienaktuell.net\/wordpress\/buchtipp-fur-die-wurze-im-leben-krauter-und-gewurze-das-neue-kochbuch\/#primaryimage"},"image":{"@id":"https:\/\/spanienaktuell.net\/wordpress\/buchtipp-fur-die-wurze-im-leben-krauter-und-gewurze-das-neue-kochbuch\/#primaryimage"},"thumbnailUrl":"https:\/\/spanienaktuell.net\/wordpress\/wp-content\/uploads\/2020\/10\/Cover-Kr\u00e4uter-und-Gew\u00fcrze-beleg-trendxpress_0.jpeg","datePublished":"2020-10-01T10:30:28+00:00","dateModified":"2020-10-05T10:30:45+00:00","breadcrumb":{"@id":"https:\/\/spanienaktuell.net\/wordpress\/buchtipp-fur-die-wurze-im-leben-krauter-und-gewurze-das-neue-kochbuch\/#breadcrumb"},"inLanguage":"es","potentialAction":[{"@type":"ReadAction","target":["https:\/\/spanienaktuell.net\/wordpress\/buchtipp-fur-die-wurze-im-leben-krauter-und-gewurze-das-neue-kochbuch\/"]}]},{"@type":"ImageObject","inLanguage":"es","@id":"https:\/\/spanienaktuell.net\/wordpress\/buchtipp-fur-die-wurze-im-leben-krauter-und-gewurze-das-neue-kochbuch\/#primaryimage","url":"https:\/\/spanienaktuell.net\/wordpress\/wp-content\/uploads\/2020\/10\/Cover-Kr\u00e4uter-und-Gew\u00fcrze-beleg-trendxpress_0.jpeg","contentUrl":"https:\/\/spanienaktuell.net\/wordpress\/wp-content\/uploads\/2020\/10\/Cover-Kr\u00e4uter-und-Gew\u00fcrze-beleg-trendxpress_0.jpeg","width":831,"height":1080},{"@type":"BreadcrumbList","@id":"https:\/\/spanienaktuell.net\/wordpress\/buchtipp-fur-die-wurze-im-leben-krauter-und-gewurze-das-neue-kochbuch\/#breadcrumb","itemListElement":[{"@type":"ListItem","position":1,"name":"Portada","item":"https:\/\/spanienaktuell.net\/wordpress\/"},{"@type":"ListItem","position":2,"name":"Buchtipp: F\u00fcr die W\u00fcrze im Leben \u2013 \u201eKr\u00e4uter und Gew\u00fcrze\u201c \u2013 das Neue Kochbuch"}]},{"@type":"WebSite","@id":"https:\/\/spanienaktuell.net\/wordpress\/#website","url":"https:\/\/spanienaktuell.net\/wordpress\/","name":"Spanien aktuell","description":"The German magazine number 1 on the Costa del Sol","publisher":{"@id":"https:\/\/spanienaktuell.net\/wordpress\/#organization"},"potentialAction":[{"@type":"SearchAction","target":{"@type":"EntryPoint","urlTemplate":"https:\/\/spanienaktuell.net\/wordpress\/?s={search_term_string}"},"query-input":{"@type":"PropertyValueSpecification","valueRequired":true,"valueName":"search_term_string"}}],"inLanguage":"es"},{"@type":"Organization","@id":"https:\/\/spanienaktuell.net\/wordpress\/#organization","name":"Spanien aktuell","url":"https:\/\/spanienaktuell.net\/wordpress\/","logo":{"@type":"ImageObject","inLanguage":"es","@id":"https:\/\/spanienaktuell.net\/wordpress\/#\/schema\/logo\/image\/","url":"https:\/\/spanienaktuell.net\/wordpress\/wp-content\/uploads\/2019\/06\/cropped-Logo-spanien-aktuell-png-web-e1561631085388.png","contentUrl":"https:\/\/spanienaktuell.net\/wordpress\/wp-content\/uploads\/2019\/06\/cropped-Logo-spanien-aktuell-png-web-e1561631085388.png","width":512,"height":110,"caption":"Spanien aktuell"},"image":{"@id":"https:\/\/spanienaktuell.net\/wordpress\/#\/schema\/logo\/image\/"}},{"@type":"Person","@id":"https:\/\/spanienaktuell.net\/wordpress\/#\/schema\/person\/bc410cfae0161b201d837ebfeeba7fd0","name":"Spanien Aktuell","image":{"@type":"ImageObject","inLanguage":"es","@id":"https:\/\/spanienaktuell.net\/wordpress\/#\/schema\/person\/image\/","url":"https:\/\/spanienaktuell.net\/wordpress\/wp-content\/uploads\/2019\/06\/cropped-Logo-spanien-aktuell-png-fav2-100x100.png","contentUrl":"https:\/\/spanienaktuell.net\/wordpress\/wp-content\/uploads\/2019\/06\/cropped-Logo-spanien-aktuell-png-fav2-100x100.png","caption":"Spanien Aktuell"},"url":"https:\/\/spanienaktuell.net\/wordpress\/author\/koalum\/"}]}},"_links":{"self":[{"href":"https:\/\/spanienaktuell.net\/wordpress\/wp-json\/wp\/v2\/posts\/90188","targetHints":{"allow":["GET"]}}],"collection":[{"href":"https:\/\/spanienaktuell.net\/wordpress\/wp-json\/wp\/v2\/posts"}],"about":[{"href":"https:\/\/spanienaktuell.net\/wordpress\/wp-json\/wp\/v2\/types\/post"}],"author":[{"embeddable":true,"href":"https:\/\/spanienaktuell.net\/wordpress\/wp-json\/wp\/v2\/users\/3"}],"replies":[{"embeddable":true,"href":"https:\/\/spanienaktuell.net\/wordpress\/wp-json\/wp\/v2\/comments?post=90188"}],"version-history":[{"count":1,"href":"https:\/\/spanienaktuell.net\/wordpress\/wp-json\/wp\/v2\/posts\/90188\/revisions"}],"predecessor-version":[{"id":90194,"href":"https:\/\/spanienaktuell.net\/wordpress\/wp-json\/wp\/v2\/posts\/90188\/revisions\/90194"}],"wp:featuredmedia":[{"embeddable":true,"href":"https:\/\/spanienaktuell.net\/wordpress\/wp-json\/wp\/v2\/media\/90189"}],"wp:attachment":[{"href":"https:\/\/spanienaktuell.net\/wordpress\/wp-json\/wp\/v2\/media?parent=90188"}],"wp:term":[{"taxonomy":"category","embeddable":true,"href":"https:\/\/spanienaktuell.net\/wordpress\/wp-json\/wp\/v2\/categories?post=90188"},{"taxonomy":"post_tag","embeddable":true,"href":"https:\/\/spanienaktuell.net\/wordpress\/wp-json\/wp\/v2\/tags?post=90188"}],"curies":[{"name":"wp","href":"https:\/\/api.w.org\/{rel}","templated":true}]}}