{"id":90231,"date":"2020-10-01T10:42:43","date_gmt":"2020-10-01T10:42:43","guid":{"rendered":"https:\/\/spanienaktuell.net\/wordpress\/?p=90231"},"modified":"2020-10-05T10:44:29","modified_gmt":"2020-10-05T10:44:29","slug":"mit-guten-abwehrkraften-durch-herbst-und-winter","status":"publish","type":"post","link":"https:\/\/spanienaktuell.net\/wordpress\/mit-guten-abwehrkraften-durch-herbst-und-winter\/","title":{"rendered":"Mit guten Abwehrkr\u00e4ften durch Herbst und Winter"},"content":{"rendered":"<p><em>Foto: Malaga, Pixabay-Robert Kary\u015b<\/em><\/p>\n<p>Wenn die sonnigen Tage im Herbst vorbei sind und nasskaltes Schmuddelwetter einsetzt, f\u00e4hrt oft nicht nur die Laune, sondern auch das Immunsystem herunter. Wie wir unseren K\u00f6rper und seine Abwehrkr\u00e4fte in der dunklen Jahreszeit st\u00e4rken k\u00f6nnen, wissen die Experten von WetterOnline.<\/p>\n<p><strong>Mit Sonnenlicht das Immunsystem st\u00e4rken<\/strong><\/p>\n<p>Ab dem Herbst, wenn erster Frost einsetzt und die Tage wieder k\u00fcrzer werden, f\u00fchlen sich viele Menschen m\u00fcde und geschw\u00e4cht. Birgit Heck, Sprecherin der Unternehmenskommunikation bei WetterOnline, erkl\u00e4rt: \u201eAb dem Herbst wendet sich die n\u00f6rdliche Erdhalbkugel immer weiter von der Sonne ab. Dadurch wird die Luft k\u00e4lter und unsere N\u00e4chte werden l\u00e4nger. Zur Wintersonnenwende am 21. Dezember haben wir in Deutschland gerade einmal acht Stunden Licht.\u201c Das Sonnenlicht ist jedoch wichtig f\u00fcr den Aufbau unserer k\u00f6rpereigenen Abwehrkr\u00e4fte \u2013 erhalten wir nicht genug davon, kann das Immunsystem geschw\u00e4cht werden. Um auch in der dunklen Jahreszeit die n\u00f6tige Portion an Sonnenlicht zu bekommen, sollten freie Minuten f\u00fcr Spazierg\u00e4nge oder Aktivit\u00e4ten im Tageslicht genutzt werden. Erg\u00e4nzend kann eine Vitamin-D-reiche Ern\u00e4hrung dabei helfen, sich fitter und ges\u00fcnder zu f\u00fchlen.<\/p>\n<p><strong>Richtiges L\u00fcften f\u00fcr gutes Raumklima<\/strong><\/p>\n<p>Auch ein gutes Raumklima ist wichtig, um den K\u00f6rper fit zu halten. Vor allem im Herbst und Winter herrscht in vielen Innenr\u00e4umen jedoch durch Heizungen und L\u00fcftungen eine besonders trockene Luft. Diese f\u00f6rdert auch die Trockenheit der Haut und Schleimh\u00e4ute, die dann beispielsweise Erk\u00e4ltungsviren ein leichteres Eindringen erm\u00f6glicht. Birgit Heck von WetterOnline wei\u00df: \u201eL\u00fcften ist wichtig, aber es hilft nicht grunds\u00e4tzlich, die Luftfeuchtigkeit im Raum zu steigern. Denn je nachdem, welche Wetterlage drau\u00dfen herrscht, wird die Luft drau\u00dfen nicht feuchter, sondern trockener. Kalte Luft nimmt weniger Feuchtigkeit auf als warme.\u201c Das ge\u00f6ffnete Fenster kann also daf\u00fcr sorgen, dass auch die Luft in den Innenr\u00e4umen trockener wird. Feuchte T\u00fccher oder eine Sch\u00fcssel mit Wasser \u00fcber der Heizung k\u00f6nnen dabei helfen, die Luftfeuchtigkeit zu erh\u00f6hen.<\/p>\n<p><strong>Viel trinken und gesund essen<\/strong><\/p>\n<p>F\u00fcr eine gute k\u00f6rpereigene Abwehrkraft sollte man im Herbst und Winter darauf achten, genug zu trinken. Denn auf feuchten Schleimh\u00e4uten und Atemwegen f\u00e4llt es Krankheitserregern schwerer, sich einzunisten. Auch festsitzende Sekrete in Nase und Nasennebenh\u00f6hlen verfl\u00fcssigen sich durch ausreichendes Trinken besser und werden schneller abtransportiert. Neben Wasser bieten sich vor allem warme Kr\u00e4utertees als Getr\u00e4nk an. Ebenso kann eine ausgewogene Ern\u00e4hrung dabei helfen, fit zu bleiben. Denn frische und vitaminreiche Kost gibt Kraft und versorgt den K\u00f6rper mit wichtigen N\u00e4hrstoffen, die das Immunsystem st\u00e4rken.<\/p>\n<p><strong>Ruhe f\u00fcr ein starkes Immunsystem<\/strong><\/p>\n<figure id=\"attachment_90233\" aria-describedby=\"caption-attachment-90233\" style=\"width: 1440px\" class=\"wp-caption aligncenter\"><img decoding=\"async\" class=\"size-full wp-image-90233\" src=\"https:\/\/spanienaktuell.net\/wordpress\/wp-content\/uploads\/2020\/10\/Foto-Malaga-Pixabay-Robert-Kary\u015b-malaga-3960442_1920.jpg\" alt=\"\" width=\"1440\" height=\"960\" srcset=\"https:\/\/spanienaktuell.net\/wordpress\/wp-content\/uploads\/2020\/10\/Foto-Malaga-Pixabay-Robert-Kary\u015b-malaga-3960442_1920.jpg 1440w, https:\/\/spanienaktuell.net\/wordpress\/wp-content\/uploads\/2020\/10\/Foto-Malaga-Pixabay-Robert-Kary\u015b-malaga-3960442_1920-300x200.jpg 300w, https:\/\/spanienaktuell.net\/wordpress\/wp-content\/uploads\/2020\/10\/Foto-Malaga-Pixabay-Robert-Kary\u015b-malaga-3960442_1920-768x512.jpg 768w, https:\/\/spanienaktuell.net\/wordpress\/wp-content\/uploads\/2020\/10\/Foto-Malaga-Pixabay-Robert-Kary\u015b-malaga-3960442_1920-1024x683.jpg 1024w\" sizes=\"(max-width: 1440px) 100vw, 1440px\" \/><figcaption id=\"caption-attachment-90233\" class=\"wp-caption-text\">Foto: Malaga, Pixabay-Robert Kary\u015b<\/figcaption><\/figure>\n<p>Ausreichende Ruhephasen sind ebenso f\u00fcr die St\u00e4rkung des K\u00f6rpers wichtig. Denn Stress wirkt sich nicht selten auf die k\u00f6rperliche Gesundheit aus. Entspannte Zeit zu Hause oder Aktivit\u00e4ten, die Herz und Seele guttun, helfen, die Abwehr zu unterst\u00fctzen und mit einem gest\u00e4rkten Immunsystem durch die dunkle Jahreszeit zu kommen.<\/p>\n<p>Wann sich das Wetter besonders gut f\u00fcr Herbst- und Winterspazierg\u00e4nge eignet, erf\u00e4hrt man auf www.wetteronline.de, mit der WetterOnline App oder durch einen Blick auf die neue, mit dem \u201eGerman Design Award 2020\u201c pr\u00e4mierte Wetterstation wetteronline home. Mit dem WetterOnline Skill f\u00fcr Amazon Alexa sowie der WetterOnline Action f\u00fcr den Google Assistant k\u00f6nnen Wetterinfos auch \u00fcber die digitalen Helfer abgefragt werden. Weitere Informationen bekommen Sie auf <a href=\"http:\/\/www.wetteronline.de\">www.wetteronline.de<\/a><\/p>\n<p>Quelle: WetterOnline Meteorologische Dienstleistungen GmbH<\/p>\n","protected":false},"excerpt":{"rendered":"<p>Foto: Malaga, Pixabay-Robert Kary\u015b Wenn die sonnigen Tage im Herbst vorbei sind und nasskaltes Schmuddelwetter einsetzt, f\u00e4hrt oft nicht nur [&hellip;]<\/p>\n","protected":false},"author":3,"featured_media":90232,"comment_status":"closed","ping_status":"closed","sticky":false,"template":"","format":"standard","meta":{"footnotes":""},"categories":[20],"tags":[],"class_list":["post-90231","post","type-post","status-publish","format-standard","has-post-thumbnail","hentry","category-beauty-gesundheit"],"yoast_head":"<!-- This site is optimized with the Yoast SEO plugin v27.1.1 - https:\/\/yoast.com\/product\/yoast-seo-wordpress\/ -->\n<title>Mit guten Abwehrkr\u00e4ften durch Herbst und Winter - Spanien aktuell<\/title>\n<meta name=\"robots\" content=\"index, follow, max-snippet:-1, max-image-preview:large, max-video-preview:-1\" \/>\n<link rel=\"canonical\" href=\"https:\/\/spanienaktuell.net\/wordpress\/mit-guten-abwehrkraften-durch-herbst-und-winter\/\" \/>\n<meta property=\"og:locale\" content=\"es_ES\" \/>\n<meta property=\"og:type\" content=\"article\" \/>\n<meta property=\"og:title\" content=\"Mit guten Abwehrkr\u00e4ften durch Herbst und Winter - Spanien aktuell\" \/>\n<meta property=\"og:description\" content=\"Foto: Malaga, Pixabay-Robert Kary\u015b Wenn die sonnigen Tage im Herbst vorbei sind und nasskaltes Schmuddelwetter einsetzt, f\u00e4hrt oft nicht nur [&hellip;]\" \/>\n<meta property=\"og:url\" content=\"https:\/\/spanienaktuell.net\/wordpress\/mit-guten-abwehrkraften-durch-herbst-und-winter\/\" \/>\n<meta property=\"og:site_name\" content=\"Spanien aktuell\" \/>\n<meta property=\"article:published_time\" content=\"2020-10-01T10:42:43+00:00\" \/>\n<meta property=\"article:modified_time\" content=\"2020-10-05T10:44:29+00:00\" \/>\n<meta property=\"og:image\" content=\"https:\/\/spanienaktuell.net\/wordpress\/wp-content\/uploads\/2020\/10\/Foto-Malaga-Pixabay-Robert-Kary\u015b-malaga-3960443_1920.jpg\" \/>\n\t<meta property=\"og:image:width\" content=\"1440\" \/>\n\t<meta property=\"og:image:height\" content=\"960\" \/>\n\t<meta property=\"og:image:type\" content=\"image\/jpeg\" \/>\n<meta name=\"author\" content=\"Spanien Aktuell\" \/>\n<meta name=\"twitter:card\" content=\"summary_large_image\" \/>\n<meta name=\"twitter:label1\" content=\"Escrito por\" \/>\n\t<meta name=\"twitter:data1\" content=\"Spanien Aktuell\" \/>\n\t<meta name=\"twitter:label2\" content=\"Tiempo de lectura\" \/>\n\t<meta name=\"twitter:data2\" content=\"3 minutos\" \/>\n<script type=\"application\/ld+json\" class=\"yoast-schema-graph\">{\"@context\":\"https:\/\/schema.org\",\"@graph\":[{\"@type\":\"Article\",\"@id\":\"https:\/\/spanienaktuell.net\/wordpress\/mit-guten-abwehrkraften-durch-herbst-und-winter\/#article\",\"isPartOf\":{\"@id\":\"https:\/\/spanienaktuell.net\/wordpress\/mit-guten-abwehrkraften-durch-herbst-und-winter\/\"},\"author\":{\"name\":\"Spanien Aktuell\",\"@id\":\"https:\/\/spanienaktuell.net\/wordpress\/#\/schema\/person\/bc410cfae0161b201d837ebfeeba7fd0\"},\"headline\":\"Mit guten Abwehrkr\u00e4ften durch Herbst und Winter\",\"datePublished\":\"2020-10-01T10:42:43+00:00\",\"dateModified\":\"2020-10-05T10:44:29+00:00\",\"mainEntityOfPage\":{\"@id\":\"https:\/\/spanienaktuell.net\/wordpress\/mit-guten-abwehrkraften-durch-herbst-und-winter\/\"},\"wordCount\":610,\"publisher\":{\"@id\":\"https:\/\/spanienaktuell.net\/wordpress\/#organization\"},\"image\":{\"@id\":\"https:\/\/spanienaktuell.net\/wordpress\/mit-guten-abwehrkraften-durch-herbst-und-winter\/#primaryimage\"},\"thumbnailUrl\":\"https:\/\/spanienaktuell.net\/wordpress\/wp-content\/uploads\/2020\/10\/Foto-Malaga-Pixabay-Robert-Kary\u015b-malaga-3960443_1920.jpg\",\"articleSection\":[\"Gesundheit\"],\"inLanguage\":\"es\"},{\"@type\":\"WebPage\",\"@id\":\"https:\/\/spanienaktuell.net\/wordpress\/mit-guten-abwehrkraften-durch-herbst-und-winter\/\",\"url\":\"https:\/\/spanienaktuell.net\/wordpress\/mit-guten-abwehrkraften-durch-herbst-und-winter\/\",\"name\":\"Mit guten Abwehrkr\u00e4ften durch Herbst und Winter - Spanien aktuell\",\"isPartOf\":{\"@id\":\"https:\/\/spanienaktuell.net\/wordpress\/#website\"},\"primaryImageOfPage\":{\"@id\":\"https:\/\/spanienaktuell.net\/wordpress\/mit-guten-abwehrkraften-durch-herbst-und-winter\/#primaryimage\"},\"image\":{\"@id\":\"https:\/\/spanienaktuell.net\/wordpress\/mit-guten-abwehrkraften-durch-herbst-und-winter\/#primaryimage\"},\"thumbnailUrl\":\"https:\/\/spanienaktuell.net\/wordpress\/wp-content\/uploads\/2020\/10\/Foto-Malaga-Pixabay-Robert-Kary\u015b-malaga-3960443_1920.jpg\",\"datePublished\":\"2020-10-01T10:42:43+00:00\",\"dateModified\":\"2020-10-05T10:44:29+00:00\",\"breadcrumb\":{\"@id\":\"https:\/\/spanienaktuell.net\/wordpress\/mit-guten-abwehrkraften-durch-herbst-und-winter\/#breadcrumb\"},\"inLanguage\":\"es\",\"potentialAction\":[{\"@type\":\"ReadAction\",\"target\":[\"https:\/\/spanienaktuell.net\/wordpress\/mit-guten-abwehrkraften-durch-herbst-und-winter\/\"]}]},{\"@type\":\"ImageObject\",\"inLanguage\":\"es\",\"@id\":\"https:\/\/spanienaktuell.net\/wordpress\/mit-guten-abwehrkraften-durch-herbst-und-winter\/#primaryimage\",\"url\":\"https:\/\/spanienaktuell.net\/wordpress\/wp-content\/uploads\/2020\/10\/Foto-Malaga-Pixabay-Robert-Kary\u015b-malaga-3960443_1920.jpg\",\"contentUrl\":\"https:\/\/spanienaktuell.net\/wordpress\/wp-content\/uploads\/2020\/10\/Foto-Malaga-Pixabay-Robert-Kary\u015b-malaga-3960443_1920.jpg\",\"width\":1440,\"height\":960},{\"@type\":\"BreadcrumbList\",\"@id\":\"https:\/\/spanienaktuell.net\/wordpress\/mit-guten-abwehrkraften-durch-herbst-und-winter\/#breadcrumb\",\"itemListElement\":[{\"@type\":\"ListItem\",\"position\":1,\"name\":\"Portada\",\"item\":\"https:\/\/spanienaktuell.net\/wordpress\/\"},{\"@type\":\"ListItem\",\"position\":2,\"name\":\"Mit guten Abwehrkr\u00e4ften durch Herbst und Winter\"}]},{\"@type\":\"WebSite\",\"@id\":\"https:\/\/spanienaktuell.net\/wordpress\/#website\",\"url\":\"https:\/\/spanienaktuell.net\/wordpress\/\",\"name\":\"Spanien aktuell\",\"description\":\"The German magazine number 1 on the Costa del Sol\",\"publisher\":{\"@id\":\"https:\/\/spanienaktuell.net\/wordpress\/#organization\"},\"potentialAction\":[{\"@type\":\"SearchAction\",\"target\":{\"@type\":\"EntryPoint\",\"urlTemplate\":\"https:\/\/spanienaktuell.net\/wordpress\/?s={search_term_string}\"},\"query-input\":{\"@type\":\"PropertyValueSpecification\",\"valueRequired\":true,\"valueName\":\"search_term_string\"}}],\"inLanguage\":\"es\"},{\"@type\":\"Organization\",\"@id\":\"https:\/\/spanienaktuell.net\/wordpress\/#organization\",\"name\":\"Spanien aktuell\",\"url\":\"https:\/\/spanienaktuell.net\/wordpress\/\",\"logo\":{\"@type\":\"ImageObject\",\"inLanguage\":\"es\",\"@id\":\"https:\/\/spanienaktuell.net\/wordpress\/#\/schema\/logo\/image\/\",\"url\":\"https:\/\/spanienaktuell.net\/wordpress\/wp-content\/uploads\/2019\/06\/cropped-Logo-spanien-aktuell-png-web-e1561631085388.png\",\"contentUrl\":\"https:\/\/spanienaktuell.net\/wordpress\/wp-content\/uploads\/2019\/06\/cropped-Logo-spanien-aktuell-png-web-e1561631085388.png\",\"width\":512,\"height\":110,\"caption\":\"Spanien aktuell\"},\"image\":{\"@id\":\"https:\/\/spanienaktuell.net\/wordpress\/#\/schema\/logo\/image\/\"}},{\"@type\":\"Person\",\"@id\":\"https:\/\/spanienaktuell.net\/wordpress\/#\/schema\/person\/bc410cfae0161b201d837ebfeeba7fd0\",\"name\":\"Spanien Aktuell\",\"image\":{\"@type\":\"ImageObject\",\"inLanguage\":\"es\",\"@id\":\"https:\/\/spanienaktuell.net\/wordpress\/#\/schema\/person\/image\/\",\"url\":\"https:\/\/spanienaktuell.net\/wordpress\/wp-content\/uploads\/2019\/06\/cropped-Logo-spanien-aktuell-png-fav2-100x100.png\",\"contentUrl\":\"https:\/\/spanienaktuell.net\/wordpress\/wp-content\/uploads\/2019\/06\/cropped-Logo-spanien-aktuell-png-fav2-100x100.png\",\"caption\":\"Spanien Aktuell\"},\"url\":\"https:\/\/spanienaktuell.net\/wordpress\/author\/koalum\/\"}]}<\/script>\n<!-- \/ Yoast SEO plugin. -->","yoast_head_json":{"title":"Mit guten Abwehrkr\u00e4ften durch Herbst und Winter - Spanien aktuell","robots":{"index":"index","follow":"follow","max-snippet":"max-snippet:-1","max-image-preview":"max-image-preview:large","max-video-preview":"max-video-preview:-1"},"canonical":"https:\/\/spanienaktuell.net\/wordpress\/mit-guten-abwehrkraften-durch-herbst-und-winter\/","og_locale":"es_ES","og_type":"article","og_title":"Mit guten Abwehrkr\u00e4ften durch Herbst und Winter - Spanien aktuell","og_description":"Foto: Malaga, Pixabay-Robert Kary\u015b Wenn die sonnigen Tage im Herbst vorbei sind und nasskaltes Schmuddelwetter einsetzt, f\u00e4hrt oft nicht nur [&hellip;]","og_url":"https:\/\/spanienaktuell.net\/wordpress\/mit-guten-abwehrkraften-durch-herbst-und-winter\/","og_site_name":"Spanien aktuell","article_published_time":"2020-10-01T10:42:43+00:00","article_modified_time":"2020-10-05T10:44:29+00:00","og_image":[{"width":1440,"height":960,"url":"https:\/\/spanienaktuell.net\/wordpress\/wp-content\/uploads\/2020\/10\/Foto-Malaga-Pixabay-Robert-Kary\u015b-malaga-3960443_1920.jpg","type":"image\/jpeg"}],"author":"Spanien Aktuell","twitter_card":"summary_large_image","twitter_misc":{"Escrito por":"Spanien Aktuell","Tiempo de lectura":"3 minutos"},"schema":{"@context":"https:\/\/schema.org","@graph":[{"@type":"Article","@id":"https:\/\/spanienaktuell.net\/wordpress\/mit-guten-abwehrkraften-durch-herbst-und-winter\/#article","isPartOf":{"@id":"https:\/\/spanienaktuell.net\/wordpress\/mit-guten-abwehrkraften-durch-herbst-und-winter\/"},"author":{"name":"Spanien Aktuell","@id":"https:\/\/spanienaktuell.net\/wordpress\/#\/schema\/person\/bc410cfae0161b201d837ebfeeba7fd0"},"headline":"Mit guten Abwehrkr\u00e4ften durch Herbst und Winter","datePublished":"2020-10-01T10:42:43+00:00","dateModified":"2020-10-05T10:44:29+00:00","mainEntityOfPage":{"@id":"https:\/\/spanienaktuell.net\/wordpress\/mit-guten-abwehrkraften-durch-herbst-und-winter\/"},"wordCount":610,"publisher":{"@id":"https:\/\/spanienaktuell.net\/wordpress\/#organization"},"image":{"@id":"https:\/\/spanienaktuell.net\/wordpress\/mit-guten-abwehrkraften-durch-herbst-und-winter\/#primaryimage"},"thumbnailUrl":"https:\/\/spanienaktuell.net\/wordpress\/wp-content\/uploads\/2020\/10\/Foto-Malaga-Pixabay-Robert-Kary\u015b-malaga-3960443_1920.jpg","articleSection":["Gesundheit"],"inLanguage":"es"},{"@type":"WebPage","@id":"https:\/\/spanienaktuell.net\/wordpress\/mit-guten-abwehrkraften-durch-herbst-und-winter\/","url":"https:\/\/spanienaktuell.net\/wordpress\/mit-guten-abwehrkraften-durch-herbst-und-winter\/","name":"Mit guten Abwehrkr\u00e4ften durch Herbst und Winter - Spanien aktuell","isPartOf":{"@id":"https:\/\/spanienaktuell.net\/wordpress\/#website"},"primaryImageOfPage":{"@id":"https:\/\/spanienaktuell.net\/wordpress\/mit-guten-abwehrkraften-durch-herbst-und-winter\/#primaryimage"},"image":{"@id":"https:\/\/spanienaktuell.net\/wordpress\/mit-guten-abwehrkraften-durch-herbst-und-winter\/#primaryimage"},"thumbnailUrl":"https:\/\/spanienaktuell.net\/wordpress\/wp-content\/uploads\/2020\/10\/Foto-Malaga-Pixabay-Robert-Kary\u015b-malaga-3960443_1920.jpg","datePublished":"2020-10-01T10:42:43+00:00","dateModified":"2020-10-05T10:44:29+00:00","breadcrumb":{"@id":"https:\/\/spanienaktuell.net\/wordpress\/mit-guten-abwehrkraften-durch-herbst-und-winter\/#breadcrumb"},"inLanguage":"es","potentialAction":[{"@type":"ReadAction","target":["https:\/\/spanienaktuell.net\/wordpress\/mit-guten-abwehrkraften-durch-herbst-und-winter\/"]}]},{"@type":"ImageObject","inLanguage":"es","@id":"https:\/\/spanienaktuell.net\/wordpress\/mit-guten-abwehrkraften-durch-herbst-und-winter\/#primaryimage","url":"https:\/\/spanienaktuell.net\/wordpress\/wp-content\/uploads\/2020\/10\/Foto-Malaga-Pixabay-Robert-Kary\u015b-malaga-3960443_1920.jpg","contentUrl":"https:\/\/spanienaktuell.net\/wordpress\/wp-content\/uploads\/2020\/10\/Foto-Malaga-Pixabay-Robert-Kary\u015b-malaga-3960443_1920.jpg","width":1440,"height":960},{"@type":"BreadcrumbList","@id":"https:\/\/spanienaktuell.net\/wordpress\/mit-guten-abwehrkraften-durch-herbst-und-winter\/#breadcrumb","itemListElement":[{"@type":"ListItem","position":1,"name":"Portada","item":"https:\/\/spanienaktuell.net\/wordpress\/"},{"@type":"ListItem","position":2,"name":"Mit guten Abwehrkr\u00e4ften durch Herbst und Winter"}]},{"@type":"WebSite","@id":"https:\/\/spanienaktuell.net\/wordpress\/#website","url":"https:\/\/spanienaktuell.net\/wordpress\/","name":"Spanien aktuell","description":"The German magazine number 1 on the Costa del Sol","publisher":{"@id":"https:\/\/spanienaktuell.net\/wordpress\/#organization"},"potentialAction":[{"@type":"SearchAction","target":{"@type":"EntryPoint","urlTemplate":"https:\/\/spanienaktuell.net\/wordpress\/?s={search_term_string}"},"query-input":{"@type":"PropertyValueSpecification","valueRequired":true,"valueName":"search_term_string"}}],"inLanguage":"es"},{"@type":"Organization","@id":"https:\/\/spanienaktuell.net\/wordpress\/#organization","name":"Spanien aktuell","url":"https:\/\/spanienaktuell.net\/wordpress\/","logo":{"@type":"ImageObject","inLanguage":"es","@id":"https:\/\/spanienaktuell.net\/wordpress\/#\/schema\/logo\/image\/","url":"https:\/\/spanienaktuell.net\/wordpress\/wp-content\/uploads\/2019\/06\/cropped-Logo-spanien-aktuell-png-web-e1561631085388.png","contentUrl":"https:\/\/spanienaktuell.net\/wordpress\/wp-content\/uploads\/2019\/06\/cropped-Logo-spanien-aktuell-png-web-e1561631085388.png","width":512,"height":110,"caption":"Spanien aktuell"},"image":{"@id":"https:\/\/spanienaktuell.net\/wordpress\/#\/schema\/logo\/image\/"}},{"@type":"Person","@id":"https:\/\/spanienaktuell.net\/wordpress\/#\/schema\/person\/bc410cfae0161b201d837ebfeeba7fd0","name":"Spanien Aktuell","image":{"@type":"ImageObject","inLanguage":"es","@id":"https:\/\/spanienaktuell.net\/wordpress\/#\/schema\/person\/image\/","url":"https:\/\/spanienaktuell.net\/wordpress\/wp-content\/uploads\/2019\/06\/cropped-Logo-spanien-aktuell-png-fav2-100x100.png","contentUrl":"https:\/\/spanienaktuell.net\/wordpress\/wp-content\/uploads\/2019\/06\/cropped-Logo-spanien-aktuell-png-fav2-100x100.png","caption":"Spanien Aktuell"},"url":"https:\/\/spanienaktuell.net\/wordpress\/author\/koalum\/"}]}},"_links":{"self":[{"href":"https:\/\/spanienaktuell.net\/wordpress\/wp-json\/wp\/v2\/posts\/90231","targetHints":{"allow":["GET"]}}],"collection":[{"href":"https:\/\/spanienaktuell.net\/wordpress\/wp-json\/wp\/v2\/posts"}],"about":[{"href":"https:\/\/spanienaktuell.net\/wordpress\/wp-json\/wp\/v2\/types\/post"}],"author":[{"embeddable":true,"href":"https:\/\/spanienaktuell.net\/wordpress\/wp-json\/wp\/v2\/users\/3"}],"replies":[{"embeddable":true,"href":"https:\/\/spanienaktuell.net\/wordpress\/wp-json\/wp\/v2\/comments?post=90231"}],"version-history":[{"count":1,"href":"https:\/\/spanienaktuell.net\/wordpress\/wp-json\/wp\/v2\/posts\/90231\/revisions"}],"predecessor-version":[{"id":90237,"href":"https:\/\/spanienaktuell.net\/wordpress\/wp-json\/wp\/v2\/posts\/90231\/revisions\/90237"}],"wp:featuredmedia":[{"embeddable":true,"href":"https:\/\/spanienaktuell.net\/wordpress\/wp-json\/wp\/v2\/media\/90232"}],"wp:attachment":[{"href":"https:\/\/spanienaktuell.net\/wordpress\/wp-json\/wp\/v2\/media?parent=90231"}],"wp:term":[{"taxonomy":"category","embeddable":true,"href":"https:\/\/spanienaktuell.net\/wordpress\/wp-json\/wp\/v2\/categories?post=90231"},{"taxonomy":"post_tag","embeddable":true,"href":"https:\/\/spanienaktuell.net\/wordpress\/wp-json\/wp\/v2\/tags?post=90231"}],"curies":[{"name":"wp","href":"https:\/\/api.w.org\/{rel}","templated":true}]}}