{"id":90251,"date":"2020-10-01T10:49:37","date_gmt":"2020-10-01T10:49:37","guid":{"rendered":"https:\/\/spanienaktuell.net\/wordpress\/?p=90251"},"modified":"2020-10-05T10:52:00","modified_gmt":"2020-10-05T10:52:00","slug":"outdoortrends-oktober-3","status":"publish","type":"post","link":"https:\/\/spanienaktuell.net\/wordpress\/outdoortrends-oktober-3\/","title":{"rendered":"Outdoortrends Oktober"},"content":{"rendered":"<p><strong>Kuberg Ranger<\/strong><\/p>\n<p>Die Firma Kuberg bringt mit dem \u00a0Ranger ein Gel\u00e4ndemotorrad das einen Elektroantrieb auf den Markt, optional kann ein Anh\u00e4nger dazu geordert werden. Die Kuberg Ranger ist mit einem je nach Modell 8 bzw. \u00a014 kW Elektromotor ausgestattet und erreicht eine H\u00f6chstgeschwindigkeit von 80 km\/h. Der Doppelakku soll eine Reichweite von 100 km haben und eine Gesamtkapazit\u00e4t von 2,3 kWh.<\/p>\n<p><strong>Weitere Informationen finden Sie unter <a href=\"http:\/\/www.kuberg.com\">www.kuberg.com<\/a> <\/strong><\/p>\n<p>&nbsp;<\/p>\n<p><strong>SCOUT-CAMPER KENAI <\/strong><\/p>\n<p><img decoding=\"async\" class=\"aligncenter size-full wp-image-90254\" src=\"https:\/\/spanienaktuell.net\/wordpress\/wp-content\/uploads\/2020\/10\/Scout-Kenai.jpg\" alt=\"\" width=\"1440\" height=\"828\" srcset=\"https:\/\/spanienaktuell.net\/wordpress\/wp-content\/uploads\/2020\/10\/Scout-Kenai.jpg 1440w, https:\/\/spanienaktuell.net\/wordpress\/wp-content\/uploads\/2020\/10\/Scout-Kenai-300x172.jpg 300w, https:\/\/spanienaktuell.net\/wordpress\/wp-content\/uploads\/2020\/10\/Scout-Kenai-768x441.jpg 768w, https:\/\/spanienaktuell.net\/wordpress\/wp-content\/uploads\/2020\/10\/Scout-Kenai-1024x589.jpg 1024w\" sizes=\"(max-width: 1440px) 100vw, 1440px\" \/><\/p>\n<p>Der Kenai bietet Platz f\u00fcr bis zu 6 Personen dies machen die \u00a0zus\u00e4tzlichen Schlafpl\u00e4tze \u00fcber der Kabine m\u00f6glich und der umbaubare \u00a0Essbereich. Es gibt jede Menge internen Stauraum inklusive einem durchgehenden Schrank, einem Schlie\u00dffach mit reichlich Platz, mit Kleiderb\u00fcgeln f\u00fcr Aufbewahrungstaschen und diversen Regalen. Als Highlight ist der praktische Ladelaster mit einem vollwertigen Bad und Toilette best\u00fcckt.<\/p>\n<p><strong>Weitere Informationen finden Sie unter<\/strong> <a href=\"http:\/\/www.scoutcampers.com\">www.scoutcampers.com<\/a><\/p>\n<p><strong>\u00a0<\/strong><\/p>\n<p><strong>Surfboard von Shawn Stussy &amp; Dior<\/strong><\/p>\n<p><img decoding=\"async\" class=\"aligncenter size-full wp-image-90258\" src=\"https:\/\/spanienaktuell.net\/wordpress\/wp-content\/uploads\/2020\/10\/DIOR-ANDSHAWN-STUSSY2.jpg\" alt=\"\" width=\"268\" height=\"1071\" srcset=\"https:\/\/spanienaktuell.net\/wordpress\/wp-content\/uploads\/2020\/10\/DIOR-ANDSHAWN-STUSSY2.jpg 268w, https:\/\/spanienaktuell.net\/wordpress\/wp-content\/uploads\/2020\/10\/DIOR-ANDSHAWN-STUSSY2-75x300.jpg 75w, https:\/\/spanienaktuell.net\/wordpress\/wp-content\/uploads\/2020\/10\/DIOR-ANDSHAWN-STUSSY2-256x1024.jpg 256w\" sizes=\"(max-width: 268px) 100vw, 268px\" \/><\/p>\n<p>Der legend\u00e4re Brettbauer Shawn Stussy und die Luxusmarke Dior sorgen jetzt f\u00fcr noch mehr Style als beim Wellenreiten ohnehin schon \u00fcblich. Das Board verf\u00fcgt \u00fcber eine stromlinienf\u00f6rmige Silhouette und eine spezielle Finne, um eine glattere und einfachere Fahrt zu erzielen. Es ist in Grau und Blau mit wei\u00dfer Basis erh\u00e4ltlich. Das Board ist auf 100 St\u00fcck limitiert.<\/p>\n<p><img decoding=\"async\" class=\"aligncenter size-full wp-image-90253\" src=\"https:\/\/spanienaktuell.net\/wordpress\/wp-content\/uploads\/2020\/10\/Los-DosFotosDIORSHAWNSTUSSY1.jpg\" alt=\"\" width=\"321\" height=\"1080\" srcset=\"https:\/\/spanienaktuell.net\/wordpress\/wp-content\/uploads\/2020\/10\/Los-DosFotosDIORSHAWNSTUSSY1.jpg 321w, https:\/\/spanienaktuell.net\/wordpress\/wp-content\/uploads\/2020\/10\/Los-DosFotosDIORSHAWNSTUSSY1-89x300.jpg 89w, https:\/\/spanienaktuell.net\/wordpress\/wp-content\/uploads\/2020\/10\/Los-DosFotosDIORSHAWNSTUSSY1-768x2587.jpg 768w, https:\/\/spanienaktuell.net\/wordpress\/wp-content\/uploads\/2020\/10\/Los-DosFotosDIORSHAWNSTUSSY1-304x1024.jpg 304w\" sizes=\"(max-width: 321px) 100vw, 321px\" \/><\/p>\n<p><strong>Weitere Informationen finden Sie unter <a href=\"http:\/\/www.dior.com\">www.dior.com<\/a> <\/strong><\/p>\n<p>&nbsp;<\/p>\n<p><strong>BIANCHI T-TRONIK SPORT 9.1<\/strong><\/p>\n<p><img decoding=\"async\" class=\"aligncenter size-full wp-image-90255\" src=\"https:\/\/spanienaktuell.net\/wordpress\/wp-content\/uploads\/2020\/10\/YPBU2IE9_4.jpg\" alt=\"\" width=\"700\" height=\"432\" srcset=\"https:\/\/spanienaktuell.net\/wordpress\/wp-content\/uploads\/2020\/10\/YPBU2IE9_4.jpg 700w, https:\/\/spanienaktuell.net\/wordpress\/wp-content\/uploads\/2020\/10\/YPBU2IE9_4-300x185.jpg 300w\" sizes=\"(max-width: 700px) 100vw, 700px\" \/><\/p>\n<p>Das T-Tronik Sport 9.1, ist ein tolles \u00a0E-Bike f\u00fcr Abenteuerlustige. Der Aluminium Rahmen, ist super geeignet f\u00fcr ein MTB. Das T-Tronik Sport wird durch den Bianchi Motor mit 250W und einer 504Wh Batterie, bis zu 25km\/h unterst\u00fctzt. Ein digitales Display erm\u00f6glicht, das einfache Einstellen des Unterst\u00fctzungslevels und die Geschwindigkeit zu beobachten.<\/p>\n<p><strong>Weitere Informationen finden Sie unter <\/strong><strong>\u00a0<\/strong><a href=\"http:\/\/www.bianchi.com\"><strong>www.bianchi.com<\/strong><\/a><strong> \u00a0oder auf\u00a0 <\/strong><a href=\"http:\/\/www.biciterraneo.com\"><strong>www.biciterraneo.com<\/strong><\/a><\/p>\n<p><strong>in <\/strong><strong>Torre del Mar-Malaga<\/strong><\/p>\n<p>&nbsp;<\/p>\n<p><strong>Zelt Qaou Beluga aus recyceltem Kunststoff<\/strong><\/p>\n<p><strong><img decoding=\"async\" class=\"aligncenter size-full wp-image-90257\" src=\"https:\/\/spanienaktuell.net\/wordpress\/wp-content\/uploads\/2020\/10\/Beluga-presentation.jpeg\" alt=\"\" width=\"1080\" height=\"1080\" srcset=\"https:\/\/spanienaktuell.net\/wordpress\/wp-content\/uploads\/2020\/10\/Beluga-presentation.jpeg 1080w, https:\/\/spanienaktuell.net\/wordpress\/wp-content\/uploads\/2020\/10\/Beluga-presentation-150x150.jpeg 150w, https:\/\/spanienaktuell.net\/wordpress\/wp-content\/uploads\/2020\/10\/Beluga-presentation-300x300.jpeg 300w, https:\/\/spanienaktuell.net\/wordpress\/wp-content\/uploads\/2020\/10\/Beluga-presentation-768x768.jpeg 768w, https:\/\/spanienaktuell.net\/wordpress\/wp-content\/uploads\/2020\/10\/Beluga-presentation-1024x1024.jpeg 1024w\" sizes=\"(max-width: 1080px) 100vw, 1080px\" \/>\u00a0<\/strong><\/p>\n<p>Das Qaou Beluga ist vollst\u00e4ndig umweltfreundlich und basiert auf recyceltem Kunststoff und bietet 2 Personen ausreichend Platz. Das Zelt ist ungef\u00e4rbt und ungebleicht, um toxische Produkte zu vermeiden, die mit der Verwendung des Farbstoffs verbunden sind.\u00a0 Das Dach des Zeltes verwandelt sich in eine H\u00e4ngematte oder Plane, sodass Sie die Verwendung Ihres Qaou an Ihre Bed\u00fcrfnisse anpassen k\u00f6nnen. Im Lieferumfang sind 2 H\u00e4ngematten enthalten, mit denen Sie mehrere verschiedene Konfigurationen vornehmen k\u00f6nnen.<\/p>\n<p><strong>Weitere Informationen finden Sie unter <\/strong><strong><a href=\"http:\/\/www.qaou-outdoor.com\">www.qaou-outdoor.com<\/a> <\/strong><\/p>\n<p><strong>\u00a0<\/strong><\/p>\n<p><strong>Inmotion V11 Einrad<\/strong><\/p>\n<p><img decoding=\"async\" class=\"aligncenter size-full wp-image-90259\" src=\"https:\/\/spanienaktuell.net\/wordpress\/wp-content\/uploads\/2020\/10\/INMOTION-V11.png\" alt=\"\" width=\"1000\" height=\"1000\" srcset=\"https:\/\/spanienaktuell.net\/wordpress\/wp-content\/uploads\/2020\/10\/INMOTION-V11.png 1000w, https:\/\/spanienaktuell.net\/wordpress\/wp-content\/uploads\/2020\/10\/INMOTION-V11-150x150.png 150w, https:\/\/spanienaktuell.net\/wordpress\/wp-content\/uploads\/2020\/10\/INMOTION-V11-300x300.png 300w, https:\/\/spanienaktuell.net\/wordpress\/wp-content\/uploads\/2020\/10\/INMOTION-V11-768x768.png 768w\" sizes=\"(max-width: 1000px) 100vw, 1000px\" \/><\/p>\n<p>Maximale Geschwindigkeit, Leistung und vor allem Reichweite, es gibt keine Alternative zum INMOTION V11. Das Einrad ist \u00a0als Offroad und Long Distance Einrad entwickelt worden.<\/p>\n<p>Highlights: drei Zoll breiter Profilreifen, Luftfedersystem, LED-Beleuchtung und Bremslicht hinten, 2200-Watt-Motor, H\u00f6chstgeschwindigkeit ca. 50 km\/h, Reichweite ca. 120 km, Ladezeit bei zwei Ladeanschl\u00fcssen 5 Std.<\/p>\n<p><strong>Weitere Informationen finden Sie unter <a href=\"http:\/\/www.myinmotion.com\">www.myinmotion.com<\/a> <\/strong><\/p>\n","protected":false},"excerpt":{"rendered":"<p>Kuberg Ranger Die Firma Kuberg bringt mit dem \u00a0Ranger ein Gel\u00e4ndemotorrad das einen Elektroantrieb auf den Markt, optional kann ein [&hellip;]<\/p>\n","protected":false},"author":3,"featured_media":90252,"comment_status":"closed","ping_status":"closed","sticky":false,"template":"","format":"standard","meta":{"footnotes":""},"categories":[33],"tags":[],"class_list":["post-90251","post","type-post","status-publish","format-standard","has-post-thumbnail","hentry","category-trends"],"yoast_head":"<!-- This site is optimized with the Yoast SEO plugin v27.1.1 - https:\/\/yoast.com\/product\/yoast-seo-wordpress\/ -->\n<title>Outdoortrends Oktober - Spanien aktuell<\/title>\n<meta name=\"robots\" content=\"index, follow, max-snippet:-1, max-image-preview:large, max-video-preview:-1\" \/>\n<link rel=\"canonical\" href=\"https:\/\/spanienaktuell.net\/wordpress\/outdoortrends-oktober-3\/\" \/>\n<meta property=\"og:locale\" content=\"es_ES\" \/>\n<meta property=\"og:type\" content=\"article\" \/>\n<meta property=\"og:title\" content=\"Outdoortrends Oktober - Spanien aktuell\" \/>\n<meta property=\"og:description\" content=\"Kuberg Ranger Die Firma Kuberg bringt mit dem \u00a0Ranger ein Gel\u00e4ndemotorrad das einen Elektroantrieb auf den Markt, optional kann ein [&hellip;]\" \/>\n<meta property=\"og:url\" content=\"https:\/\/spanienaktuell.net\/wordpress\/outdoortrends-oktober-3\/\" \/>\n<meta property=\"og:site_name\" content=\"Spanien aktuell\" \/>\n<meta property=\"article:published_time\" content=\"2020-10-01T10:49:37+00:00\" \/>\n<meta property=\"article:modified_time\" content=\"2020-10-05T10:52:00+00:00\" \/>\n<meta property=\"og:image\" content=\"https:\/\/spanienaktuell.net\/wordpress\/wp-content\/uploads\/2020\/10\/kuberg-ranger.jpg\" \/>\n\t<meta property=\"og:image:width\" content=\"1440\" \/>\n\t<meta property=\"og:image:height\" content=\"679\" \/>\n\t<meta property=\"og:image:type\" content=\"image\/jpeg\" \/>\n<meta name=\"author\" content=\"Spanien Aktuell\" \/>\n<meta name=\"twitter:card\" content=\"summary_large_image\" \/>\n<meta name=\"twitter:label1\" content=\"Escrito por\" \/>\n\t<meta name=\"twitter:data1\" content=\"Spanien Aktuell\" \/>\n\t<meta name=\"twitter:label2\" content=\"Tiempo de lectura\" \/>\n\t<meta name=\"twitter:data2\" content=\"2 minutos\" \/>\n<script type=\"application\/ld+json\" class=\"yoast-schema-graph\">{\"@context\":\"https:\/\/schema.org\",\"@graph\":[{\"@type\":\"Article\",\"@id\":\"https:\/\/spanienaktuell.net\/wordpress\/outdoortrends-oktober-3\/#article\",\"isPartOf\":{\"@id\":\"https:\/\/spanienaktuell.net\/wordpress\/outdoortrends-oktober-3\/\"},\"author\":{\"name\":\"Spanien Aktuell\",\"@id\":\"https:\/\/spanienaktuell.net\/wordpress\/#\/schema\/person\/bc410cfae0161b201d837ebfeeba7fd0\"},\"headline\":\"Outdoortrends Oktober\",\"datePublished\":\"2020-10-01T10:49:37+00:00\",\"dateModified\":\"2020-10-05T10:52:00+00:00\",\"mainEntityOfPage\":{\"@id\":\"https:\/\/spanienaktuell.net\/wordpress\/outdoortrends-oktober-3\/\"},\"wordCount\":453,\"publisher\":{\"@id\":\"https:\/\/spanienaktuell.net\/wordpress\/#organization\"},\"image\":{\"@id\":\"https:\/\/spanienaktuell.net\/wordpress\/outdoortrends-oktober-3\/#primaryimage\"},\"thumbnailUrl\":\"https:\/\/spanienaktuell.net\/wordpress\/wp-content\/uploads\/2020\/10\/kuberg-ranger.jpg\",\"articleSection\":[\"Trends\"],\"inLanguage\":\"es\"},{\"@type\":\"WebPage\",\"@id\":\"https:\/\/spanienaktuell.net\/wordpress\/outdoortrends-oktober-3\/\",\"url\":\"https:\/\/spanienaktuell.net\/wordpress\/outdoortrends-oktober-3\/\",\"name\":\"Outdoortrends Oktober - Spanien aktuell\",\"isPartOf\":{\"@id\":\"https:\/\/spanienaktuell.net\/wordpress\/#website\"},\"primaryImageOfPage\":{\"@id\":\"https:\/\/spanienaktuell.net\/wordpress\/outdoortrends-oktober-3\/#primaryimage\"},\"image\":{\"@id\":\"https:\/\/spanienaktuell.net\/wordpress\/outdoortrends-oktober-3\/#primaryimage\"},\"thumbnailUrl\":\"https:\/\/spanienaktuell.net\/wordpress\/wp-content\/uploads\/2020\/10\/kuberg-ranger.jpg\",\"datePublished\":\"2020-10-01T10:49:37+00:00\",\"dateModified\":\"2020-10-05T10:52:00+00:00\",\"breadcrumb\":{\"@id\":\"https:\/\/spanienaktuell.net\/wordpress\/outdoortrends-oktober-3\/#breadcrumb\"},\"inLanguage\":\"es\",\"potentialAction\":[{\"@type\":\"ReadAction\",\"target\":[\"https:\/\/spanienaktuell.net\/wordpress\/outdoortrends-oktober-3\/\"]}]},{\"@type\":\"ImageObject\",\"inLanguage\":\"es\",\"@id\":\"https:\/\/spanienaktuell.net\/wordpress\/outdoortrends-oktober-3\/#primaryimage\",\"url\":\"https:\/\/spanienaktuell.net\/wordpress\/wp-content\/uploads\/2020\/10\/kuberg-ranger.jpg\",\"contentUrl\":\"https:\/\/spanienaktuell.net\/wordpress\/wp-content\/uploads\/2020\/10\/kuberg-ranger.jpg\",\"width\":1440,\"height\":679},{\"@type\":\"BreadcrumbList\",\"@id\":\"https:\/\/spanienaktuell.net\/wordpress\/outdoortrends-oktober-3\/#breadcrumb\",\"itemListElement\":[{\"@type\":\"ListItem\",\"position\":1,\"name\":\"Portada\",\"item\":\"https:\/\/spanienaktuell.net\/wordpress\/\"},{\"@type\":\"ListItem\",\"position\":2,\"name\":\"Outdoortrends Oktober\"}]},{\"@type\":\"WebSite\",\"@id\":\"https:\/\/spanienaktuell.net\/wordpress\/#website\",\"url\":\"https:\/\/spanienaktuell.net\/wordpress\/\",\"name\":\"Spanien aktuell\",\"description\":\"The German magazine number 1 on the Costa del Sol\",\"publisher\":{\"@id\":\"https:\/\/spanienaktuell.net\/wordpress\/#organization\"},\"potentialAction\":[{\"@type\":\"SearchAction\",\"target\":{\"@type\":\"EntryPoint\",\"urlTemplate\":\"https:\/\/spanienaktuell.net\/wordpress\/?s={search_term_string}\"},\"query-input\":{\"@type\":\"PropertyValueSpecification\",\"valueRequired\":true,\"valueName\":\"search_term_string\"}}],\"inLanguage\":\"es\"},{\"@type\":\"Organization\",\"@id\":\"https:\/\/spanienaktuell.net\/wordpress\/#organization\",\"name\":\"Spanien aktuell\",\"url\":\"https:\/\/spanienaktuell.net\/wordpress\/\",\"logo\":{\"@type\":\"ImageObject\",\"inLanguage\":\"es\",\"@id\":\"https:\/\/spanienaktuell.net\/wordpress\/#\/schema\/logo\/image\/\",\"url\":\"https:\/\/spanienaktuell.net\/wordpress\/wp-content\/uploads\/2019\/06\/cropped-Logo-spanien-aktuell-png-web-e1561631085388.png\",\"contentUrl\":\"https:\/\/spanienaktuell.net\/wordpress\/wp-content\/uploads\/2019\/06\/cropped-Logo-spanien-aktuell-png-web-e1561631085388.png\",\"width\":512,\"height\":110,\"caption\":\"Spanien aktuell\"},\"image\":{\"@id\":\"https:\/\/spanienaktuell.net\/wordpress\/#\/schema\/logo\/image\/\"}},{\"@type\":\"Person\",\"@id\":\"https:\/\/spanienaktuell.net\/wordpress\/#\/schema\/person\/bc410cfae0161b201d837ebfeeba7fd0\",\"name\":\"Spanien Aktuell\",\"image\":{\"@type\":\"ImageObject\",\"inLanguage\":\"es\",\"@id\":\"https:\/\/spanienaktuell.net\/wordpress\/#\/schema\/person\/image\/\",\"url\":\"https:\/\/spanienaktuell.net\/wordpress\/wp-content\/uploads\/2019\/06\/cropped-Logo-spanien-aktuell-png-fav2-100x100.png\",\"contentUrl\":\"https:\/\/spanienaktuell.net\/wordpress\/wp-content\/uploads\/2019\/06\/cropped-Logo-spanien-aktuell-png-fav2-100x100.png\",\"caption\":\"Spanien Aktuell\"},\"url\":\"https:\/\/spanienaktuell.net\/wordpress\/author\/koalum\/\"}]}<\/script>\n<!-- \/ Yoast SEO plugin. -->","yoast_head_json":{"title":"Outdoortrends Oktober - Spanien aktuell","robots":{"index":"index","follow":"follow","max-snippet":"max-snippet:-1","max-image-preview":"max-image-preview:large","max-video-preview":"max-video-preview:-1"},"canonical":"https:\/\/spanienaktuell.net\/wordpress\/outdoortrends-oktober-3\/","og_locale":"es_ES","og_type":"article","og_title":"Outdoortrends Oktober - Spanien aktuell","og_description":"Kuberg Ranger Die Firma Kuberg bringt mit dem \u00a0Ranger ein Gel\u00e4ndemotorrad das einen Elektroantrieb auf den Markt, optional kann ein [&hellip;]","og_url":"https:\/\/spanienaktuell.net\/wordpress\/outdoortrends-oktober-3\/","og_site_name":"Spanien aktuell","article_published_time":"2020-10-01T10:49:37+00:00","article_modified_time":"2020-10-05T10:52:00+00:00","og_image":[{"width":1440,"height":679,"url":"https:\/\/spanienaktuell.net\/wordpress\/wp-content\/uploads\/2020\/10\/kuberg-ranger.jpg","type":"image\/jpeg"}],"author":"Spanien Aktuell","twitter_card":"summary_large_image","twitter_misc":{"Escrito por":"Spanien Aktuell","Tiempo de lectura":"2 minutos"},"schema":{"@context":"https:\/\/schema.org","@graph":[{"@type":"Article","@id":"https:\/\/spanienaktuell.net\/wordpress\/outdoortrends-oktober-3\/#article","isPartOf":{"@id":"https:\/\/spanienaktuell.net\/wordpress\/outdoortrends-oktober-3\/"},"author":{"name":"Spanien Aktuell","@id":"https:\/\/spanienaktuell.net\/wordpress\/#\/schema\/person\/bc410cfae0161b201d837ebfeeba7fd0"},"headline":"Outdoortrends Oktober","datePublished":"2020-10-01T10:49:37+00:00","dateModified":"2020-10-05T10:52:00+00:00","mainEntityOfPage":{"@id":"https:\/\/spanienaktuell.net\/wordpress\/outdoortrends-oktober-3\/"},"wordCount":453,"publisher":{"@id":"https:\/\/spanienaktuell.net\/wordpress\/#organization"},"image":{"@id":"https:\/\/spanienaktuell.net\/wordpress\/outdoortrends-oktober-3\/#primaryimage"},"thumbnailUrl":"https:\/\/spanienaktuell.net\/wordpress\/wp-content\/uploads\/2020\/10\/kuberg-ranger.jpg","articleSection":["Trends"],"inLanguage":"es"},{"@type":"WebPage","@id":"https:\/\/spanienaktuell.net\/wordpress\/outdoortrends-oktober-3\/","url":"https:\/\/spanienaktuell.net\/wordpress\/outdoortrends-oktober-3\/","name":"Outdoortrends Oktober - Spanien aktuell","isPartOf":{"@id":"https:\/\/spanienaktuell.net\/wordpress\/#website"},"primaryImageOfPage":{"@id":"https:\/\/spanienaktuell.net\/wordpress\/outdoortrends-oktober-3\/#primaryimage"},"image":{"@id":"https:\/\/spanienaktuell.net\/wordpress\/outdoortrends-oktober-3\/#primaryimage"},"thumbnailUrl":"https:\/\/spanienaktuell.net\/wordpress\/wp-content\/uploads\/2020\/10\/kuberg-ranger.jpg","datePublished":"2020-10-01T10:49:37+00:00","dateModified":"2020-10-05T10:52:00+00:00","breadcrumb":{"@id":"https:\/\/spanienaktuell.net\/wordpress\/outdoortrends-oktober-3\/#breadcrumb"},"inLanguage":"es","potentialAction":[{"@type":"ReadAction","target":["https:\/\/spanienaktuell.net\/wordpress\/outdoortrends-oktober-3\/"]}]},{"@type":"ImageObject","inLanguage":"es","@id":"https:\/\/spanienaktuell.net\/wordpress\/outdoortrends-oktober-3\/#primaryimage","url":"https:\/\/spanienaktuell.net\/wordpress\/wp-content\/uploads\/2020\/10\/kuberg-ranger.jpg","contentUrl":"https:\/\/spanienaktuell.net\/wordpress\/wp-content\/uploads\/2020\/10\/kuberg-ranger.jpg","width":1440,"height":679},{"@type":"BreadcrumbList","@id":"https:\/\/spanienaktuell.net\/wordpress\/outdoortrends-oktober-3\/#breadcrumb","itemListElement":[{"@type":"ListItem","position":1,"name":"Portada","item":"https:\/\/spanienaktuell.net\/wordpress\/"},{"@type":"ListItem","position":2,"name":"Outdoortrends Oktober"}]},{"@type":"WebSite","@id":"https:\/\/spanienaktuell.net\/wordpress\/#website","url":"https:\/\/spanienaktuell.net\/wordpress\/","name":"Spanien aktuell","description":"The German magazine number 1 on the Costa del Sol","publisher":{"@id":"https:\/\/spanienaktuell.net\/wordpress\/#organization"},"potentialAction":[{"@type":"SearchAction","target":{"@type":"EntryPoint","urlTemplate":"https:\/\/spanienaktuell.net\/wordpress\/?s={search_term_string}"},"query-input":{"@type":"PropertyValueSpecification","valueRequired":true,"valueName":"search_term_string"}}],"inLanguage":"es"},{"@type":"Organization","@id":"https:\/\/spanienaktuell.net\/wordpress\/#organization","name":"Spanien aktuell","url":"https:\/\/spanienaktuell.net\/wordpress\/","logo":{"@type":"ImageObject","inLanguage":"es","@id":"https:\/\/spanienaktuell.net\/wordpress\/#\/schema\/logo\/image\/","url":"https:\/\/spanienaktuell.net\/wordpress\/wp-content\/uploads\/2019\/06\/cropped-Logo-spanien-aktuell-png-web-e1561631085388.png","contentUrl":"https:\/\/spanienaktuell.net\/wordpress\/wp-content\/uploads\/2019\/06\/cropped-Logo-spanien-aktuell-png-web-e1561631085388.png","width":512,"height":110,"caption":"Spanien aktuell"},"image":{"@id":"https:\/\/spanienaktuell.net\/wordpress\/#\/schema\/logo\/image\/"}},{"@type":"Person","@id":"https:\/\/spanienaktuell.net\/wordpress\/#\/schema\/person\/bc410cfae0161b201d837ebfeeba7fd0","name":"Spanien Aktuell","image":{"@type":"ImageObject","inLanguage":"es","@id":"https:\/\/spanienaktuell.net\/wordpress\/#\/schema\/person\/image\/","url":"https:\/\/spanienaktuell.net\/wordpress\/wp-content\/uploads\/2019\/06\/cropped-Logo-spanien-aktuell-png-fav2-100x100.png","contentUrl":"https:\/\/spanienaktuell.net\/wordpress\/wp-content\/uploads\/2019\/06\/cropped-Logo-spanien-aktuell-png-fav2-100x100.png","caption":"Spanien Aktuell"},"url":"https:\/\/spanienaktuell.net\/wordpress\/author\/koalum\/"}]}},"_links":{"self":[{"href":"https:\/\/spanienaktuell.net\/wordpress\/wp-json\/wp\/v2\/posts\/90251","targetHints":{"allow":["GET"]}}],"collection":[{"href":"https:\/\/spanienaktuell.net\/wordpress\/wp-json\/wp\/v2\/posts"}],"about":[{"href":"https:\/\/spanienaktuell.net\/wordpress\/wp-json\/wp\/v2\/types\/post"}],"author":[{"embeddable":true,"href":"https:\/\/spanienaktuell.net\/wordpress\/wp-json\/wp\/v2\/users\/3"}],"replies":[{"embeddable":true,"href":"https:\/\/spanienaktuell.net\/wordpress\/wp-json\/wp\/v2\/comments?post=90251"}],"version-history":[{"count":1,"href":"https:\/\/spanienaktuell.net\/wordpress\/wp-json\/wp\/v2\/posts\/90251\/revisions"}],"predecessor-version":[{"id":90263,"href":"https:\/\/spanienaktuell.net\/wordpress\/wp-json\/wp\/v2\/posts\/90251\/revisions\/90263"}],"wp:featuredmedia":[{"embeddable":true,"href":"https:\/\/spanienaktuell.net\/wordpress\/wp-json\/wp\/v2\/media\/90252"}],"wp:attachment":[{"href":"https:\/\/spanienaktuell.net\/wordpress\/wp-json\/wp\/v2\/media?parent=90251"}],"wp:term":[{"taxonomy":"category","embeddable":true,"href":"https:\/\/spanienaktuell.net\/wordpress\/wp-json\/wp\/v2\/categories?post=90251"},{"taxonomy":"post_tag","embeddable":true,"href":"https:\/\/spanienaktuell.net\/wordpress\/wp-json\/wp\/v2\/tags?post=90251"}],"curies":[{"name":"wp","href":"https:\/\/api.w.org\/{rel}","templated":true}]}}