{"id":90266,"date":"2020-11-01T10:31:23","date_gmt":"2020-11-01T10:31:23","guid":{"rendered":"https:\/\/spanienaktuell.net\/wordpress\/?p=90266"},"modified":"2023-11-01T08:48:51","modified_gmt":"2023-11-01T07:48:51","slug":"kommentar-november-2020-whos-who","status":"publish","type":"post","link":"https:\/\/spanienaktuell.net\/wordpress\/kommentar-november-2020-whos-who\/","title":{"rendered":"Kommentar November 2020 \u2013 Who\u2019s WHO"},"content":{"rendered":"<p>Die 194 Mitgliedsstaaten zahlen feste Pflichtbeitr\u00e4ge an die <strong><em>WHO<\/em><\/strong>, deren H\u00f6he sich nach dem Wohlstand eines Landes richten. Daneben leisten viele L\u00e4nder, Stiftungen und Unternehmen freiwillige Zahlungen, die allerdings h\u00e4ufig zweckgebunden sind.<\/p>\n<p>Gr\u00f6\u00dfter Beitragszahler war bis vor kurzem die USA mit zuletzt 294,4 Millionen US-Dollar f\u00fcr den Zeitraum 2020\/21, dicht gefolgt von der Bill &amp; Melinda Gates Foundation mit 280,90 Millionen US-Dollar.<\/p>\n<p>Deutschland ist mit 135,7 Millionen US-Dollar f\u00fcnftgr\u00f6\u00dfter Beitragszahler. Aus dem privaten Sektor engagieren sich neben Gates unter anderem die Ikea Foundation mit 3,2 Millionen US-Dollar, aber auch Pharma-Unternehmen wie Bayer (2,1 Millionen) oder GSK (1,9 Millionen).<\/p>\n<p>In der Kritik steht die <strong><em>WHO<\/em><\/strong> vor allem wegen der zweckgebundenen Zahlungen. Ein Land oder auch ein Unternehmen kann also zum Beispiel bestimmen, f\u00fcr welche Impfungen seine F\u00f6rdersummen ausgegeben werden.<\/p>\n<p>Seit dem Jahr 1993 ist die H\u00f6he der Pflichtbeitr\u00e4ge eingefroren. Das hat dazu gef\u00fchrt, dass die Pflichtbeitr\u00e4ge heute nur noch etwa 20 Prozent des Gesamtbudgets der <strong><em>WHO<\/em><\/strong> ausmachen.<\/p>\n<p>Als 2009 die Schweinegrippe ausbrach und ein kleines Gremium innerhalb der WHO den globalen Notstand ausrief, produzierten im Hintergrund schon die Pharmariesen ihre Impfstoffe.<\/p>\n<p>Durch die von der WHO ausgel\u00f6ste weltweite Panik wurden die Regierungen unter Druck gesetzt, m\u00f6glichst rasch ihre Lager mit Impfstoffen und Medikamenten gegen die Schweinegrippe zu f\u00fcllen.<\/p>\n<p>Allein die Deutsche-Bundesregierung kaufte damals Impfstoffe und Grippemittel f\u00fcr 450 Millionen Euro. Als die von der <strong><em>WHO<\/em><\/strong> ausgerufene Pandemie ausblieb, mussten die Medikamente vernichtet werden.<\/p>\n<p>Big Pharma hatte Milliarden verdient, wenngleich eine Untersuchungskommission zu dem Schluss kam, die Pharmaindustrie habe die <strong><em>WHO<\/em><\/strong>-Entscheidungen zur Schweinegrippe nicht beeinflusst.<\/p>\n<p><strong>Big Food und Big Pharma finanzieren die <em>WHO<\/em> <\/strong><\/p>\n<p>Bill Gates erwirtschaftet seine Milliarden durch Kapitalanlagen in bestimmten Industriezweigen. Kritiker bem\u00e4ngeln, dass diese Branchen allesamt etwas mit krankmachenden Bedingungen zu tun haben. So h\u00e4lt die Gates Stiftung Aktien von Coca Cola im Wert von 500 Millionen Dollar und Aktien des weltgr\u00f6\u00dften Supermarktkonzerns Walmart im Wert von einer Milliarde Dollar.<\/p>\n<p>Hinzu kommen Beteiligungen an den Nahrungsmittelkonzernen Pepsi Co, Unilever, Kraft-Heinz, Mondelez und Tyson Foods; an den Alkoholkonzernen Anheuser-Busch und Pernod; an den Pharmakonzernen Glaxo Smith Kline, Novartis, Roche, Sanofi, Gilead und Pfizer.<\/p>\n<p>Die Stiftung h\u00e4lt au\u00dferdem Anteile im Wert von fast zw\u00f6lf Milliarden Dollar am Berkshire Hathaway Trust des Investors Warren Buffett. Der Trust wiederum besitzt Aktien von Coca Cola im Wert von 17 Milliarden Dollar und von Kraft-Heinz im Wert von 29 Milliarden Dollar.<\/p>\n<p>F\u00fcr die Gates Stiftung hei\u00dft das: Je mehr Profite die genannten Konzerne machen, desto mehr Geld kann sie f\u00fcr die <strong><em>WHO <\/em><\/strong>ausgeben.<\/p>\n<p>F\u00fcr die WHO bedeutet es: Mit jeder Ma\u00dfnahme gegen gesundheitssch\u00e4dliche Aktivit\u00e4ten der S\u00fc\u00dfgetr\u00e4nke-, Alkohol- und Pharmaindustrie w\u00fcrde die <strong><em>WHO<\/em><\/strong> die Gates Stiftung daran hindern, Spenden f\u00fcr die WHO zu erwirtschaften. Kurz, die Weltgesundheitsorganisation steckt in einem klassischen Interessenskonflikt, der sie in ihren Handlungsm\u00f6glichkeiten schw\u00e4cht und der angesichts ihrer finanziellen Abh\u00e4ngigkeit von der Gates Stiftung kaum aufzul\u00f6sen ist.<\/p>\n<p>Coca Cola lehnt \u00fcbrigens die ab November\u00a0 empfohlene Nutri-Score-Lebensmittelampel ab. Kann man aus Sicht des Konzerns nachvollziehen, denn w\u00fcrde Coca Cola sich f\u00fcr den Nutri-Score entscheiden, m\u00fcsste das Unternehmen die meisten Produkte aus dem eigenen Haus mit der schlechtesten Bewertung versehen, nicht gerade die beste Publicity.<\/p>\n<p>Aggressives Marketing von zucker-, fett- und salzreichem Junkfood hat dazu gef\u00fchrt, dass heute zwei Milliarden Menschen \u00fcbergewichtig sind; 2016 starben alleine in China 1,3 Millionen Menschen an Diabetes.<\/p>\n<p>Vom Einfluss der Nahrungsmittelindustrie auf die <strong><em>WHO<\/em><\/strong> und der weltweiten Pandemien- Fettleibigkeit und Diabetes profitiert derweil auch Big Pharma.<\/p>\n<p>Besonders gewinntr\u00e4chtig sind unter anderem Medikamente gegen Folgeerkrankungen falscher Ern\u00e4hrung. Der weltweite Umsatz mit Diabetes-Medikamenten lag 2017 bei rund 55 Milliarden US-Dollar.<\/p>\n<p>Gesundheitsexperte Thomas Gebauer von der Hilfsorganisation Medico International spricht von einer fast schon perversen Arbeitsteilung: Die Konzerne verdienen doppelt: zum einen mit der Verursachung und zum anderen mit der Behandlung des Problems.<\/p>\n<p><strong><em>WHO<\/em><\/strong><strong> knows what&#8217;s coming next !?! Stay strong !!!<\/strong><\/p>\n","protected":false},"excerpt":{"rendered":"<p>Die 194 Mitgliedsstaaten zahlen feste Pflichtbeitr\u00e4ge an die WHO, deren H\u00f6he sich nach dem Wohlstand eines Landes richten. Daneben leisten [&hellip;]<\/p>\n","protected":false},"author":4,"featured_media":2000,"comment_status":"closed","ping_status":"closed","sticky":false,"template":"","format":"standard","meta":{"footnotes":""},"categories":[23],"tags":[],"class_list":["post-90266","post","type-post","status-publish","format-standard","has-post-thumbnail","hentry","category-kommentar"],"yoast_head":"<!-- This site is optimized with the Yoast SEO plugin v27.1.1 - https:\/\/yoast.com\/product\/yoast-seo-wordpress\/ -->\n<title>Kommentar November 2020 \u2013 Who\u2019s WHO - Spanien aktuell<\/title>\n<meta name=\"robots\" content=\"index, follow, max-snippet:-1, max-image-preview:large, max-video-preview:-1\" \/>\n<link rel=\"canonical\" href=\"https:\/\/spanienaktuell.net\/wordpress\/kommentar-november-2020-whos-who\/\" \/>\n<meta property=\"og:locale\" content=\"es_ES\" \/>\n<meta property=\"og:type\" content=\"article\" \/>\n<meta property=\"og:title\" content=\"Kommentar November 2020 \u2013 Who\u2019s WHO - Spanien aktuell\" \/>\n<meta property=\"og:description\" content=\"Die 194 Mitgliedsstaaten zahlen feste Pflichtbeitr\u00e4ge an die WHO, deren H\u00f6he sich nach dem Wohlstand eines Landes richten. Daneben leisten [&hellip;]\" \/>\n<meta property=\"og:url\" content=\"https:\/\/spanienaktuell.net\/wordpress\/kommentar-november-2020-whos-who\/\" \/>\n<meta property=\"og:site_name\" content=\"Spanien aktuell\" \/>\n<meta property=\"article:published_time\" content=\"2020-11-01T10:31:23+00:00\" \/>\n<meta property=\"article:modified_time\" content=\"2023-11-01T07:48:51+00:00\" \/>\n<meta property=\"og:image\" content=\"https:\/\/spanienaktuell.net\/wordpress\/wp-content\/uploads\/2017\/06\/kommentar.png\" \/>\n\t<meta property=\"og:image:width\" content=\"1920\" \/>\n\t<meta property=\"og:image:height\" content=\"1280\" \/>\n\t<meta property=\"og:image:type\" content=\"image\/png\" \/>\n<meta name=\"author\" content=\"Kai Ertel\" \/>\n<meta name=\"twitter:card\" content=\"summary_large_image\" \/>\n<meta name=\"twitter:label1\" content=\"Escrito por\" \/>\n\t<meta name=\"twitter:data1\" content=\"Kai Ertel\" \/>\n\t<meta name=\"twitter:label2\" content=\"Tiempo de lectura\" \/>\n\t<meta name=\"twitter:data2\" content=\"3 minutos\" \/>\n<script type=\"application\/ld+json\" class=\"yoast-schema-graph\">{\"@context\":\"https:\/\/schema.org\",\"@graph\":[{\"@type\":\"Article\",\"@id\":\"https:\/\/spanienaktuell.net\/wordpress\/kommentar-november-2020-whos-who\/#article\",\"isPartOf\":{\"@id\":\"https:\/\/spanienaktuell.net\/wordpress\/kommentar-november-2020-whos-who\/\"},\"author\":{\"name\":\"Kai Ertel\",\"@id\":\"https:\/\/spanienaktuell.net\/wordpress\/#\/schema\/person\/0e64ea555b02455cc98b58590d99c815\"},\"headline\":\"Kommentar November 2020 \u2013 Who\u2019s WHO\",\"datePublished\":\"2020-11-01T10:31:23+00:00\",\"dateModified\":\"2023-11-01T07:48:51+00:00\",\"mainEntityOfPage\":{\"@id\":\"https:\/\/spanienaktuell.net\/wordpress\/kommentar-november-2020-whos-who\/\"},\"wordCount\":652,\"publisher\":{\"@id\":\"https:\/\/spanienaktuell.net\/wordpress\/#organization\"},\"image\":{\"@id\":\"https:\/\/spanienaktuell.net\/wordpress\/kommentar-november-2020-whos-who\/#primaryimage\"},\"thumbnailUrl\":\"https:\/\/spanienaktuell.net\/wordpress\/wp-content\/uploads\/2017\/06\/kommentar.png\",\"articleSection\":[\"Kommentar\"],\"inLanguage\":\"es\"},{\"@type\":\"WebPage\",\"@id\":\"https:\/\/spanienaktuell.net\/wordpress\/kommentar-november-2020-whos-who\/\",\"url\":\"https:\/\/spanienaktuell.net\/wordpress\/kommentar-november-2020-whos-who\/\",\"name\":\"Kommentar November 2020 \u2013 Who\u2019s WHO - Spanien aktuell\",\"isPartOf\":{\"@id\":\"https:\/\/spanienaktuell.net\/wordpress\/#website\"},\"primaryImageOfPage\":{\"@id\":\"https:\/\/spanienaktuell.net\/wordpress\/kommentar-november-2020-whos-who\/#primaryimage\"},\"image\":{\"@id\":\"https:\/\/spanienaktuell.net\/wordpress\/kommentar-november-2020-whos-who\/#primaryimage\"},\"thumbnailUrl\":\"https:\/\/spanienaktuell.net\/wordpress\/wp-content\/uploads\/2017\/06\/kommentar.png\",\"datePublished\":\"2020-11-01T10:31:23+00:00\",\"dateModified\":\"2023-11-01T07:48:51+00:00\",\"breadcrumb\":{\"@id\":\"https:\/\/spanienaktuell.net\/wordpress\/kommentar-november-2020-whos-who\/#breadcrumb\"},\"inLanguage\":\"es\",\"potentialAction\":[{\"@type\":\"ReadAction\",\"target\":[\"https:\/\/spanienaktuell.net\/wordpress\/kommentar-november-2020-whos-who\/\"]}]},{\"@type\":\"ImageObject\",\"inLanguage\":\"es\",\"@id\":\"https:\/\/spanienaktuell.net\/wordpress\/kommentar-november-2020-whos-who\/#primaryimage\",\"url\":\"https:\/\/spanienaktuell.net\/wordpress\/wp-content\/uploads\/2017\/06\/kommentar.png\",\"contentUrl\":\"https:\/\/spanienaktuell.net\/wordpress\/wp-content\/uploads\/2017\/06\/kommentar.png\",\"width\":1920,\"height\":1280},{\"@type\":\"BreadcrumbList\",\"@id\":\"https:\/\/spanienaktuell.net\/wordpress\/kommentar-november-2020-whos-who\/#breadcrumb\",\"itemListElement\":[{\"@type\":\"ListItem\",\"position\":1,\"name\":\"Portada\",\"item\":\"https:\/\/spanienaktuell.net\/wordpress\/\"},{\"@type\":\"ListItem\",\"position\":2,\"name\":\"Kommentar November 2020 \u2013 Who\u2019s WHO\"}]},{\"@type\":\"WebSite\",\"@id\":\"https:\/\/spanienaktuell.net\/wordpress\/#website\",\"url\":\"https:\/\/spanienaktuell.net\/wordpress\/\",\"name\":\"Spanien aktuell\",\"description\":\"The German magazine number 1 on the Costa del Sol\",\"publisher\":{\"@id\":\"https:\/\/spanienaktuell.net\/wordpress\/#organization\"},\"potentialAction\":[{\"@type\":\"SearchAction\",\"target\":{\"@type\":\"EntryPoint\",\"urlTemplate\":\"https:\/\/spanienaktuell.net\/wordpress\/?s={search_term_string}\"},\"query-input\":{\"@type\":\"PropertyValueSpecification\",\"valueRequired\":true,\"valueName\":\"search_term_string\"}}],\"inLanguage\":\"es\"},{\"@type\":\"Organization\",\"@id\":\"https:\/\/spanienaktuell.net\/wordpress\/#organization\",\"name\":\"Spanien aktuell\",\"url\":\"https:\/\/spanienaktuell.net\/wordpress\/\",\"logo\":{\"@type\":\"ImageObject\",\"inLanguage\":\"es\",\"@id\":\"https:\/\/spanienaktuell.net\/wordpress\/#\/schema\/logo\/image\/\",\"url\":\"https:\/\/spanienaktuell.net\/wordpress\/wp-content\/uploads\/2019\/06\/cropped-Logo-spanien-aktuell-png-web-e1561631085388.png\",\"contentUrl\":\"https:\/\/spanienaktuell.net\/wordpress\/wp-content\/uploads\/2019\/06\/cropped-Logo-spanien-aktuell-png-web-e1561631085388.png\",\"width\":512,\"height\":110,\"caption\":\"Spanien aktuell\"},\"image\":{\"@id\":\"https:\/\/spanienaktuell.net\/wordpress\/#\/schema\/logo\/image\/\"}},{\"@type\":\"Person\",\"@id\":\"https:\/\/spanienaktuell.net\/wordpress\/#\/schema\/person\/0e64ea555b02455cc98b58590d99c815\",\"name\":\"Kai Ertel\",\"image\":{\"@type\":\"ImageObject\",\"inLanguage\":\"es\",\"@id\":\"https:\/\/spanienaktuell.net\/wordpress\/#\/schema\/person\/image\/\",\"url\":\"https:\/\/spanienaktuell.net\/wordpress\/wp-content\/uploads\/2023\/11\/kai-ertel.png\",\"contentUrl\":\"https:\/\/spanienaktuell.net\/wordpress\/wp-content\/uploads\/2023\/11\/kai-ertel.png\",\"caption\":\"Kai Ertel\"},\"url\":\"https:\/\/spanienaktuell.net\/wordpress\/author\/kaiertel\/\"}]}<\/script>\n<!-- \/ Yoast SEO plugin. -->","yoast_head_json":{"title":"Kommentar November 2020 \u2013 Who\u2019s WHO - Spanien aktuell","robots":{"index":"index","follow":"follow","max-snippet":"max-snippet:-1","max-image-preview":"max-image-preview:large","max-video-preview":"max-video-preview:-1"},"canonical":"https:\/\/spanienaktuell.net\/wordpress\/kommentar-november-2020-whos-who\/","og_locale":"es_ES","og_type":"article","og_title":"Kommentar November 2020 \u2013 Who\u2019s WHO - Spanien aktuell","og_description":"Die 194 Mitgliedsstaaten zahlen feste Pflichtbeitr\u00e4ge an die WHO, deren H\u00f6he sich nach dem Wohlstand eines Landes richten. Daneben leisten [&hellip;]","og_url":"https:\/\/spanienaktuell.net\/wordpress\/kommentar-november-2020-whos-who\/","og_site_name":"Spanien aktuell","article_published_time":"2020-11-01T10:31:23+00:00","article_modified_time":"2023-11-01T07:48:51+00:00","og_image":[{"width":1920,"height":1280,"url":"https:\/\/spanienaktuell.net\/wordpress\/wp-content\/uploads\/2017\/06\/kommentar.png","type":"image\/png"}],"author":"Kai Ertel","twitter_card":"summary_large_image","twitter_misc":{"Escrito por":"Kai Ertel","Tiempo de lectura":"3 minutos"},"schema":{"@context":"https:\/\/schema.org","@graph":[{"@type":"Article","@id":"https:\/\/spanienaktuell.net\/wordpress\/kommentar-november-2020-whos-who\/#article","isPartOf":{"@id":"https:\/\/spanienaktuell.net\/wordpress\/kommentar-november-2020-whos-who\/"},"author":{"name":"Kai Ertel","@id":"https:\/\/spanienaktuell.net\/wordpress\/#\/schema\/person\/0e64ea555b02455cc98b58590d99c815"},"headline":"Kommentar November 2020 \u2013 Who\u2019s WHO","datePublished":"2020-11-01T10:31:23+00:00","dateModified":"2023-11-01T07:48:51+00:00","mainEntityOfPage":{"@id":"https:\/\/spanienaktuell.net\/wordpress\/kommentar-november-2020-whos-who\/"},"wordCount":652,"publisher":{"@id":"https:\/\/spanienaktuell.net\/wordpress\/#organization"},"image":{"@id":"https:\/\/spanienaktuell.net\/wordpress\/kommentar-november-2020-whos-who\/#primaryimage"},"thumbnailUrl":"https:\/\/spanienaktuell.net\/wordpress\/wp-content\/uploads\/2017\/06\/kommentar.png","articleSection":["Kommentar"],"inLanguage":"es"},{"@type":"WebPage","@id":"https:\/\/spanienaktuell.net\/wordpress\/kommentar-november-2020-whos-who\/","url":"https:\/\/spanienaktuell.net\/wordpress\/kommentar-november-2020-whos-who\/","name":"Kommentar November 2020 \u2013 Who\u2019s WHO - Spanien aktuell","isPartOf":{"@id":"https:\/\/spanienaktuell.net\/wordpress\/#website"},"primaryImageOfPage":{"@id":"https:\/\/spanienaktuell.net\/wordpress\/kommentar-november-2020-whos-who\/#primaryimage"},"image":{"@id":"https:\/\/spanienaktuell.net\/wordpress\/kommentar-november-2020-whos-who\/#primaryimage"},"thumbnailUrl":"https:\/\/spanienaktuell.net\/wordpress\/wp-content\/uploads\/2017\/06\/kommentar.png","datePublished":"2020-11-01T10:31:23+00:00","dateModified":"2023-11-01T07:48:51+00:00","breadcrumb":{"@id":"https:\/\/spanienaktuell.net\/wordpress\/kommentar-november-2020-whos-who\/#breadcrumb"},"inLanguage":"es","potentialAction":[{"@type":"ReadAction","target":["https:\/\/spanienaktuell.net\/wordpress\/kommentar-november-2020-whos-who\/"]}]},{"@type":"ImageObject","inLanguage":"es","@id":"https:\/\/spanienaktuell.net\/wordpress\/kommentar-november-2020-whos-who\/#primaryimage","url":"https:\/\/spanienaktuell.net\/wordpress\/wp-content\/uploads\/2017\/06\/kommentar.png","contentUrl":"https:\/\/spanienaktuell.net\/wordpress\/wp-content\/uploads\/2017\/06\/kommentar.png","width":1920,"height":1280},{"@type":"BreadcrumbList","@id":"https:\/\/spanienaktuell.net\/wordpress\/kommentar-november-2020-whos-who\/#breadcrumb","itemListElement":[{"@type":"ListItem","position":1,"name":"Portada","item":"https:\/\/spanienaktuell.net\/wordpress\/"},{"@type":"ListItem","position":2,"name":"Kommentar November 2020 \u2013 Who\u2019s WHO"}]},{"@type":"WebSite","@id":"https:\/\/spanienaktuell.net\/wordpress\/#website","url":"https:\/\/spanienaktuell.net\/wordpress\/","name":"Spanien aktuell","description":"The German magazine number 1 on the Costa del Sol","publisher":{"@id":"https:\/\/spanienaktuell.net\/wordpress\/#organization"},"potentialAction":[{"@type":"SearchAction","target":{"@type":"EntryPoint","urlTemplate":"https:\/\/spanienaktuell.net\/wordpress\/?s={search_term_string}"},"query-input":{"@type":"PropertyValueSpecification","valueRequired":true,"valueName":"search_term_string"}}],"inLanguage":"es"},{"@type":"Organization","@id":"https:\/\/spanienaktuell.net\/wordpress\/#organization","name":"Spanien aktuell","url":"https:\/\/spanienaktuell.net\/wordpress\/","logo":{"@type":"ImageObject","inLanguage":"es","@id":"https:\/\/spanienaktuell.net\/wordpress\/#\/schema\/logo\/image\/","url":"https:\/\/spanienaktuell.net\/wordpress\/wp-content\/uploads\/2019\/06\/cropped-Logo-spanien-aktuell-png-web-e1561631085388.png","contentUrl":"https:\/\/spanienaktuell.net\/wordpress\/wp-content\/uploads\/2019\/06\/cropped-Logo-spanien-aktuell-png-web-e1561631085388.png","width":512,"height":110,"caption":"Spanien aktuell"},"image":{"@id":"https:\/\/spanienaktuell.net\/wordpress\/#\/schema\/logo\/image\/"}},{"@type":"Person","@id":"https:\/\/spanienaktuell.net\/wordpress\/#\/schema\/person\/0e64ea555b02455cc98b58590d99c815","name":"Kai Ertel","image":{"@type":"ImageObject","inLanguage":"es","@id":"https:\/\/spanienaktuell.net\/wordpress\/#\/schema\/person\/image\/","url":"https:\/\/spanienaktuell.net\/wordpress\/wp-content\/uploads\/2023\/11\/kai-ertel.png","contentUrl":"https:\/\/spanienaktuell.net\/wordpress\/wp-content\/uploads\/2023\/11\/kai-ertel.png","caption":"Kai Ertel"},"url":"https:\/\/spanienaktuell.net\/wordpress\/author\/kaiertel\/"}]}},"_links":{"self":[{"href":"https:\/\/spanienaktuell.net\/wordpress\/wp-json\/wp\/v2\/posts\/90266","targetHints":{"allow":["GET"]}}],"collection":[{"href":"https:\/\/spanienaktuell.net\/wordpress\/wp-json\/wp\/v2\/posts"}],"about":[{"href":"https:\/\/spanienaktuell.net\/wordpress\/wp-json\/wp\/v2\/types\/post"}],"author":[{"embeddable":true,"href":"https:\/\/spanienaktuell.net\/wordpress\/wp-json\/wp\/v2\/users\/4"}],"replies":[{"embeddable":true,"href":"https:\/\/spanienaktuell.net\/wordpress\/wp-json\/wp\/v2\/comments?post=90266"}],"version-history":[{"count":2,"href":"https:\/\/spanienaktuell.net\/wordpress\/wp-json\/wp\/v2\/posts\/90266\/revisions"}],"predecessor-version":[{"id":90530,"href":"https:\/\/spanienaktuell.net\/wordpress\/wp-json\/wp\/v2\/posts\/90266\/revisions\/90530"}],"wp:featuredmedia":[{"embeddable":true,"href":"https:\/\/spanienaktuell.net\/wordpress\/wp-json\/wp\/v2\/media\/2000"}],"wp:attachment":[{"href":"https:\/\/spanienaktuell.net\/wordpress\/wp-json\/wp\/v2\/media?parent=90266"}],"wp:term":[{"taxonomy":"category","embeddable":true,"href":"https:\/\/spanienaktuell.net\/wordpress\/wp-json\/wp\/v2\/categories?post=90266"},{"taxonomy":"post_tag","embeddable":true,"href":"https:\/\/spanienaktuell.net\/wordpress\/wp-json\/wp\/v2\/tags?post=90266"}],"curies":[{"name":"wp","href":"https:\/\/api.w.org\/{rel}","templated":true}]}}