{"id":90483,"date":"2020-11-01T09:17:37","date_gmt":"2020-11-01T09:17:37","guid":{"rendered":"https:\/\/spanienaktuell.net\/wordpress\/?p=90483"},"modified":"2020-11-01T12:18:21","modified_gmt":"2020-11-01T12:18:21","slug":"fur-naschkatzen-raffinierte-kasekuchen-variationen","status":"publish","type":"post","link":"https:\/\/spanienaktuell.net\/wordpress\/fur-naschkatzen-raffinierte-kasekuchen-variationen\/","title":{"rendered":"F\u00fcr Naschkatzen &#8211; Raffinierte K\u00e4sekuchen-Variationen"},"content":{"rendered":"<p>Diese K\u00e4sekuchen ohne Backen lassen sich schnell und einfach zubereiten. Jedes Mini-Sch\u00e4lchen aus der Le Creuset Calm Collection wird mit einem Boden aus zersto\u00dfenen Weizenvollkornkeksen sowie einer k\u00f6stlichen K\u00e4sekuchenf\u00fcllung in einer Geschmacksrichtung Ihrer Wahl bef\u00fcllt.<\/p>\n<p><strong>\u00a0<\/strong><\/p>\n<p><strong>ZUTATEN<\/strong><\/p>\n<p><strong>F\u00fcr den Boden:<\/strong><\/p>\n<p>100 g Weizenvollkornkekse (Digestive-Kekse) oder Ingwerkekse, fein kr\u00fcmelig zersto\u00dfen<\/p>\n<p>60 g Butter, zerlassen<\/p>\n<p><strong>F\u00fcr die F\u00fcllung:<\/strong><\/p>\n<p><strong>340 g Frischk\u00e4se (Zimmertemperatur), 50 g Zucker, 1 EL Puderzucker, gesiebt, 150 ml Schlagsahne, gek\u00fchlt<\/strong><\/p>\n<p><strong>Zutaten f\u00fcr die Geschmacksrichtungen nach Wahl:<\/strong><\/p>\n<p>Lemoncurd, ca. 1 EL pro Mini-Sch\u00e4lchen nach Geschmack.<\/p>\n<p>Pfefferminzextrakt, 1\u20132 Tropfen nach Geschmack.<\/p>\n<p>30\u201350 g wei\u00dfe oder Ruby-Schokolade nach Geschmack, geschmolzen und gek\u00fchlt.<\/p>\n<p>Karamell- oder Toffee-Dessertsauce, 1 EL nach Geschmack.<\/p>\n<p><strong>\u00a0<\/strong><\/p>\n<p><strong>ZUBEREITUNG<\/strong><\/p>\n<p>Die zersto\u00dfenen Kekse mit der zerlassenen Butter vermengen. Je 2 TL der Keksmasse auf dem Boden der Mini-Sch\u00e4lchen aus der Le Creuset Calm Collection verteilen. Den Boden festdr\u00fccken und kalt stellen.<\/p>\n<p>Mit einem Handmixer Frischk\u00e4se, Zucker und Puderzucker zu einer homogenen, cremigen Masse verr\u00fchren. Die Sahne separat halbsteif schlagen. Die Frischk\u00e4semasse unter die Sahne heben, sodass eine homogene, fluffige Masse entsteht.<\/p>\n<p>Um den K\u00e4sekuchen unterschiedliche Geschmacksrichtungen zu verleihen, die Masse auf 4 Sch\u00e4lchen verteilen. Nach Geschmack in den einzelnen Mini-Sch\u00e4lchen jeweils die Zutat f\u00fcr die gew\u00fcnschte Geschmacksrichtung unterheben. Gleichm\u00e4\u00dfig auf den abgek\u00fchlten B\u00f6den in den Mini-Sch\u00e4lchen verteilen.<\/p>\n<p>4\u20136 Stunden im K\u00fchlschrank kalt stellen \u2013 bzw. bis die Masse fest ist. Mit ger\u00f6steten Kokosflocken, essbaren Veilchenbl\u00fcten, Ruby-Schokoladenst\u00fcckchen, Pistazien und\/oder Lemoncurd garniert servieren.<\/p>\n<p><strong>\u00a0Anmerkungen des Kochs:\u00a0 <\/strong>Wenn die K\u00e4sekuchen schneller fest werden sollen, lassen Sie 1 Blatt Gelatine in Eiswasser quellen, bis es vollst\u00e4ndig aufgeweicht ist. Gie\u00dfen Sie das Wasser anschlie\u00dfend ab und dr\u00fccken Sie die Gelatine leicht aus. L\u00f6sen Sie die Gelatine in 50 ml der erw\u00e4rmten Sahne aus der urspr\u00fcnglichen Masse auf und geben Sie alles ganz zum Schluss zur K\u00e4sekuchenmasse. Damit die Masse gleichm\u00e4\u00dfig fest wird, heben Sie die Sahne-Gelatine-Masse gr\u00fcndlich unter und verteilen Sie die Masse anschlie\u00dfend auf die Sch\u00e4lchen.<\/p>\n<p><em>www.lecreuset.com<\/em><\/p>\n<p>Copyright Bild\/Rezept \u00a9 2020 Le Creuset<\/p>\n","protected":false},"excerpt":{"rendered":"<p>Diese K\u00e4sekuchen ohne Backen lassen sich schnell und einfach zubereiten. Jedes Mini-Sch\u00e4lchen aus der Le Creuset Calm Collection wird mit [&hellip;]<\/p>\n","protected":false},"author":3,"featured_media":90484,"comment_status":"closed","ping_status":"closed","sticky":false,"template":"","format":"standard","meta":{"footnotes":""},"categories":[24],"tags":[],"class_list":["post-90483","post","type-post","status-publish","format-standard","has-post-thumbnail","hentry","category-kulinarisch"],"yoast_head":"<!-- This site is optimized with the Yoast SEO plugin v27.1.1 - https:\/\/yoast.com\/product\/yoast-seo-wordpress\/ -->\n<title>F\u00fcr Naschkatzen - Raffinierte K\u00e4sekuchen-Variationen - Spanien aktuell<\/title>\n<meta name=\"robots\" content=\"index, follow, max-snippet:-1, max-image-preview:large, max-video-preview:-1\" \/>\n<link rel=\"canonical\" href=\"https:\/\/spanienaktuell.net\/wordpress\/fur-naschkatzen-raffinierte-kasekuchen-variationen\/\" \/>\n<meta property=\"og:locale\" content=\"es_ES\" \/>\n<meta property=\"og:type\" content=\"article\" \/>\n<meta property=\"og:title\" content=\"F\u00fcr Naschkatzen - Raffinierte K\u00e4sekuchen-Variationen - Spanien aktuell\" \/>\n<meta property=\"og:description\" content=\"Diese K\u00e4sekuchen ohne Backen lassen sich schnell und einfach zubereiten. Jedes Mini-Sch\u00e4lchen aus der Le Creuset Calm Collection wird mit [&hellip;]\" \/>\n<meta property=\"og:url\" content=\"https:\/\/spanienaktuell.net\/wordpress\/fur-naschkatzen-raffinierte-kasekuchen-variationen\/\" \/>\n<meta property=\"og:site_name\" content=\"Spanien aktuell\" \/>\n<meta property=\"article:published_time\" content=\"2020-11-01T09:17:37+00:00\" \/>\n<meta property=\"article:modified_time\" content=\"2020-11-01T12:18:21+00:00\" \/>\n<meta property=\"og:image\" content=\"https:\/\/spanienaktuell.net\/wordpress\/wp-content\/uploads\/2020\/11\/calm-recipe-02-1.jpg\" \/>\n\t<meta property=\"og:image:width\" content=\"910\" \/>\n\t<meta property=\"og:image:height\" content=\"1080\" \/>\n\t<meta property=\"og:image:type\" content=\"image\/jpeg\" \/>\n<meta name=\"author\" content=\"Spanien Aktuell\" \/>\n<meta name=\"twitter:card\" content=\"summary_large_image\" \/>\n<meta name=\"twitter:label1\" content=\"Escrito por\" \/>\n\t<meta name=\"twitter:data1\" content=\"Spanien Aktuell\" \/>\n\t<meta name=\"twitter:label2\" content=\"Tiempo de lectura\" \/>\n\t<meta name=\"twitter:data2\" content=\"2 minutos\" \/>\n<script type=\"application\/ld+json\" class=\"yoast-schema-graph\">{\"@context\":\"https:\/\/schema.org\",\"@graph\":[{\"@type\":\"Article\",\"@id\":\"https:\/\/spanienaktuell.net\/wordpress\/fur-naschkatzen-raffinierte-kasekuchen-variationen\/#article\",\"isPartOf\":{\"@id\":\"https:\/\/spanienaktuell.net\/wordpress\/fur-naschkatzen-raffinierte-kasekuchen-variationen\/\"},\"author\":{\"name\":\"Spanien Aktuell\",\"@id\":\"https:\/\/spanienaktuell.net\/wordpress\/#\/schema\/person\/bc410cfae0161b201d837ebfeeba7fd0\"},\"headline\":\"F\u00fcr Naschkatzen &#8211; Raffinierte K\u00e4sekuchen-Variationen\",\"datePublished\":\"2020-11-01T09:17:37+00:00\",\"dateModified\":\"2020-11-01T12:18:21+00:00\",\"mainEntityOfPage\":{\"@id\":\"https:\/\/spanienaktuell.net\/wordpress\/fur-naschkatzen-raffinierte-kasekuchen-variationen\/\"},\"wordCount\":359,\"publisher\":{\"@id\":\"https:\/\/spanienaktuell.net\/wordpress\/#organization\"},\"image\":{\"@id\":\"https:\/\/spanienaktuell.net\/wordpress\/fur-naschkatzen-raffinierte-kasekuchen-variationen\/#primaryimage\"},\"thumbnailUrl\":\"https:\/\/spanienaktuell.net\/wordpress\/wp-content\/uploads\/2020\/11\/calm-recipe-02-1.jpg\",\"articleSection\":[\"Kulinarisch\"],\"inLanguage\":\"es\"},{\"@type\":\"WebPage\",\"@id\":\"https:\/\/spanienaktuell.net\/wordpress\/fur-naschkatzen-raffinierte-kasekuchen-variationen\/\",\"url\":\"https:\/\/spanienaktuell.net\/wordpress\/fur-naschkatzen-raffinierte-kasekuchen-variationen\/\",\"name\":\"F\u00fcr Naschkatzen - Raffinierte K\u00e4sekuchen-Variationen - Spanien aktuell\",\"isPartOf\":{\"@id\":\"https:\/\/spanienaktuell.net\/wordpress\/#website\"},\"primaryImageOfPage\":{\"@id\":\"https:\/\/spanienaktuell.net\/wordpress\/fur-naschkatzen-raffinierte-kasekuchen-variationen\/#primaryimage\"},\"image\":{\"@id\":\"https:\/\/spanienaktuell.net\/wordpress\/fur-naschkatzen-raffinierte-kasekuchen-variationen\/#primaryimage\"},\"thumbnailUrl\":\"https:\/\/spanienaktuell.net\/wordpress\/wp-content\/uploads\/2020\/11\/calm-recipe-02-1.jpg\",\"datePublished\":\"2020-11-01T09:17:37+00:00\",\"dateModified\":\"2020-11-01T12:18:21+00:00\",\"breadcrumb\":{\"@id\":\"https:\/\/spanienaktuell.net\/wordpress\/fur-naschkatzen-raffinierte-kasekuchen-variationen\/#breadcrumb\"},\"inLanguage\":\"es\",\"potentialAction\":[{\"@type\":\"ReadAction\",\"target\":[\"https:\/\/spanienaktuell.net\/wordpress\/fur-naschkatzen-raffinierte-kasekuchen-variationen\/\"]}]},{\"@type\":\"ImageObject\",\"inLanguage\":\"es\",\"@id\":\"https:\/\/spanienaktuell.net\/wordpress\/fur-naschkatzen-raffinierte-kasekuchen-variationen\/#primaryimage\",\"url\":\"https:\/\/spanienaktuell.net\/wordpress\/wp-content\/uploads\/2020\/11\/calm-recipe-02-1.jpg\",\"contentUrl\":\"https:\/\/spanienaktuell.net\/wordpress\/wp-content\/uploads\/2020\/11\/calm-recipe-02-1.jpg\",\"width\":910,\"height\":1080},{\"@type\":\"BreadcrumbList\",\"@id\":\"https:\/\/spanienaktuell.net\/wordpress\/fur-naschkatzen-raffinierte-kasekuchen-variationen\/#breadcrumb\",\"itemListElement\":[{\"@type\":\"ListItem\",\"position\":1,\"name\":\"Portada\",\"item\":\"https:\/\/spanienaktuell.net\/wordpress\/\"},{\"@type\":\"ListItem\",\"position\":2,\"name\":\"F\u00fcr Naschkatzen &#8211; Raffinierte K\u00e4sekuchen-Variationen\"}]},{\"@type\":\"WebSite\",\"@id\":\"https:\/\/spanienaktuell.net\/wordpress\/#website\",\"url\":\"https:\/\/spanienaktuell.net\/wordpress\/\",\"name\":\"Spanien aktuell\",\"description\":\"The German magazine number 1 on the Costa del Sol\",\"publisher\":{\"@id\":\"https:\/\/spanienaktuell.net\/wordpress\/#organization\"},\"potentialAction\":[{\"@type\":\"SearchAction\",\"target\":{\"@type\":\"EntryPoint\",\"urlTemplate\":\"https:\/\/spanienaktuell.net\/wordpress\/?s={search_term_string}\"},\"query-input\":{\"@type\":\"PropertyValueSpecification\",\"valueRequired\":true,\"valueName\":\"search_term_string\"}}],\"inLanguage\":\"es\"},{\"@type\":\"Organization\",\"@id\":\"https:\/\/spanienaktuell.net\/wordpress\/#organization\",\"name\":\"Spanien aktuell\",\"url\":\"https:\/\/spanienaktuell.net\/wordpress\/\",\"logo\":{\"@type\":\"ImageObject\",\"inLanguage\":\"es\",\"@id\":\"https:\/\/spanienaktuell.net\/wordpress\/#\/schema\/logo\/image\/\",\"url\":\"https:\/\/spanienaktuell.net\/wordpress\/wp-content\/uploads\/2019\/06\/cropped-Logo-spanien-aktuell-png-web-e1561631085388.png\",\"contentUrl\":\"https:\/\/spanienaktuell.net\/wordpress\/wp-content\/uploads\/2019\/06\/cropped-Logo-spanien-aktuell-png-web-e1561631085388.png\",\"width\":512,\"height\":110,\"caption\":\"Spanien aktuell\"},\"image\":{\"@id\":\"https:\/\/spanienaktuell.net\/wordpress\/#\/schema\/logo\/image\/\"}},{\"@type\":\"Person\",\"@id\":\"https:\/\/spanienaktuell.net\/wordpress\/#\/schema\/person\/bc410cfae0161b201d837ebfeeba7fd0\",\"name\":\"Spanien Aktuell\",\"image\":{\"@type\":\"ImageObject\",\"inLanguage\":\"es\",\"@id\":\"https:\/\/spanienaktuell.net\/wordpress\/#\/schema\/person\/image\/\",\"url\":\"https:\/\/spanienaktuell.net\/wordpress\/wp-content\/uploads\/2019\/06\/cropped-Logo-spanien-aktuell-png-fav2-100x100.png\",\"contentUrl\":\"https:\/\/spanienaktuell.net\/wordpress\/wp-content\/uploads\/2019\/06\/cropped-Logo-spanien-aktuell-png-fav2-100x100.png\",\"caption\":\"Spanien Aktuell\"},\"url\":\"https:\/\/spanienaktuell.net\/wordpress\/author\/koalum\/\"}]}<\/script>\n<!-- \/ Yoast SEO plugin. -->","yoast_head_json":{"title":"F\u00fcr Naschkatzen - Raffinierte K\u00e4sekuchen-Variationen - Spanien aktuell","robots":{"index":"index","follow":"follow","max-snippet":"max-snippet:-1","max-image-preview":"max-image-preview:large","max-video-preview":"max-video-preview:-1"},"canonical":"https:\/\/spanienaktuell.net\/wordpress\/fur-naschkatzen-raffinierte-kasekuchen-variationen\/","og_locale":"es_ES","og_type":"article","og_title":"F\u00fcr Naschkatzen - Raffinierte K\u00e4sekuchen-Variationen - Spanien aktuell","og_description":"Diese K\u00e4sekuchen ohne Backen lassen sich schnell und einfach zubereiten. Jedes Mini-Sch\u00e4lchen aus der Le Creuset Calm Collection wird mit [&hellip;]","og_url":"https:\/\/spanienaktuell.net\/wordpress\/fur-naschkatzen-raffinierte-kasekuchen-variationen\/","og_site_name":"Spanien aktuell","article_published_time":"2020-11-01T09:17:37+00:00","article_modified_time":"2020-11-01T12:18:21+00:00","og_image":[{"width":910,"height":1080,"url":"https:\/\/spanienaktuell.net\/wordpress\/wp-content\/uploads\/2020\/11\/calm-recipe-02-1.jpg","type":"image\/jpeg"}],"author":"Spanien Aktuell","twitter_card":"summary_large_image","twitter_misc":{"Escrito por":"Spanien Aktuell","Tiempo de lectura":"2 minutos"},"schema":{"@context":"https:\/\/schema.org","@graph":[{"@type":"Article","@id":"https:\/\/spanienaktuell.net\/wordpress\/fur-naschkatzen-raffinierte-kasekuchen-variationen\/#article","isPartOf":{"@id":"https:\/\/spanienaktuell.net\/wordpress\/fur-naschkatzen-raffinierte-kasekuchen-variationen\/"},"author":{"name":"Spanien Aktuell","@id":"https:\/\/spanienaktuell.net\/wordpress\/#\/schema\/person\/bc410cfae0161b201d837ebfeeba7fd0"},"headline":"F\u00fcr Naschkatzen &#8211; Raffinierte K\u00e4sekuchen-Variationen","datePublished":"2020-11-01T09:17:37+00:00","dateModified":"2020-11-01T12:18:21+00:00","mainEntityOfPage":{"@id":"https:\/\/spanienaktuell.net\/wordpress\/fur-naschkatzen-raffinierte-kasekuchen-variationen\/"},"wordCount":359,"publisher":{"@id":"https:\/\/spanienaktuell.net\/wordpress\/#organization"},"image":{"@id":"https:\/\/spanienaktuell.net\/wordpress\/fur-naschkatzen-raffinierte-kasekuchen-variationen\/#primaryimage"},"thumbnailUrl":"https:\/\/spanienaktuell.net\/wordpress\/wp-content\/uploads\/2020\/11\/calm-recipe-02-1.jpg","articleSection":["Kulinarisch"],"inLanguage":"es"},{"@type":"WebPage","@id":"https:\/\/spanienaktuell.net\/wordpress\/fur-naschkatzen-raffinierte-kasekuchen-variationen\/","url":"https:\/\/spanienaktuell.net\/wordpress\/fur-naschkatzen-raffinierte-kasekuchen-variationen\/","name":"F\u00fcr Naschkatzen - Raffinierte K\u00e4sekuchen-Variationen - Spanien aktuell","isPartOf":{"@id":"https:\/\/spanienaktuell.net\/wordpress\/#website"},"primaryImageOfPage":{"@id":"https:\/\/spanienaktuell.net\/wordpress\/fur-naschkatzen-raffinierte-kasekuchen-variationen\/#primaryimage"},"image":{"@id":"https:\/\/spanienaktuell.net\/wordpress\/fur-naschkatzen-raffinierte-kasekuchen-variationen\/#primaryimage"},"thumbnailUrl":"https:\/\/spanienaktuell.net\/wordpress\/wp-content\/uploads\/2020\/11\/calm-recipe-02-1.jpg","datePublished":"2020-11-01T09:17:37+00:00","dateModified":"2020-11-01T12:18:21+00:00","breadcrumb":{"@id":"https:\/\/spanienaktuell.net\/wordpress\/fur-naschkatzen-raffinierte-kasekuchen-variationen\/#breadcrumb"},"inLanguage":"es","potentialAction":[{"@type":"ReadAction","target":["https:\/\/spanienaktuell.net\/wordpress\/fur-naschkatzen-raffinierte-kasekuchen-variationen\/"]}]},{"@type":"ImageObject","inLanguage":"es","@id":"https:\/\/spanienaktuell.net\/wordpress\/fur-naschkatzen-raffinierte-kasekuchen-variationen\/#primaryimage","url":"https:\/\/spanienaktuell.net\/wordpress\/wp-content\/uploads\/2020\/11\/calm-recipe-02-1.jpg","contentUrl":"https:\/\/spanienaktuell.net\/wordpress\/wp-content\/uploads\/2020\/11\/calm-recipe-02-1.jpg","width":910,"height":1080},{"@type":"BreadcrumbList","@id":"https:\/\/spanienaktuell.net\/wordpress\/fur-naschkatzen-raffinierte-kasekuchen-variationen\/#breadcrumb","itemListElement":[{"@type":"ListItem","position":1,"name":"Portada","item":"https:\/\/spanienaktuell.net\/wordpress\/"},{"@type":"ListItem","position":2,"name":"F\u00fcr Naschkatzen &#8211; Raffinierte K\u00e4sekuchen-Variationen"}]},{"@type":"WebSite","@id":"https:\/\/spanienaktuell.net\/wordpress\/#website","url":"https:\/\/spanienaktuell.net\/wordpress\/","name":"Spanien aktuell","description":"The German magazine number 1 on the Costa del Sol","publisher":{"@id":"https:\/\/spanienaktuell.net\/wordpress\/#organization"},"potentialAction":[{"@type":"SearchAction","target":{"@type":"EntryPoint","urlTemplate":"https:\/\/spanienaktuell.net\/wordpress\/?s={search_term_string}"},"query-input":{"@type":"PropertyValueSpecification","valueRequired":true,"valueName":"search_term_string"}}],"inLanguage":"es"},{"@type":"Organization","@id":"https:\/\/spanienaktuell.net\/wordpress\/#organization","name":"Spanien aktuell","url":"https:\/\/spanienaktuell.net\/wordpress\/","logo":{"@type":"ImageObject","inLanguage":"es","@id":"https:\/\/spanienaktuell.net\/wordpress\/#\/schema\/logo\/image\/","url":"https:\/\/spanienaktuell.net\/wordpress\/wp-content\/uploads\/2019\/06\/cropped-Logo-spanien-aktuell-png-web-e1561631085388.png","contentUrl":"https:\/\/spanienaktuell.net\/wordpress\/wp-content\/uploads\/2019\/06\/cropped-Logo-spanien-aktuell-png-web-e1561631085388.png","width":512,"height":110,"caption":"Spanien aktuell"},"image":{"@id":"https:\/\/spanienaktuell.net\/wordpress\/#\/schema\/logo\/image\/"}},{"@type":"Person","@id":"https:\/\/spanienaktuell.net\/wordpress\/#\/schema\/person\/bc410cfae0161b201d837ebfeeba7fd0","name":"Spanien Aktuell","image":{"@type":"ImageObject","inLanguage":"es","@id":"https:\/\/spanienaktuell.net\/wordpress\/#\/schema\/person\/image\/","url":"https:\/\/spanienaktuell.net\/wordpress\/wp-content\/uploads\/2019\/06\/cropped-Logo-spanien-aktuell-png-fav2-100x100.png","contentUrl":"https:\/\/spanienaktuell.net\/wordpress\/wp-content\/uploads\/2019\/06\/cropped-Logo-spanien-aktuell-png-fav2-100x100.png","caption":"Spanien Aktuell"},"url":"https:\/\/spanienaktuell.net\/wordpress\/author\/koalum\/"}]}},"_links":{"self":[{"href":"https:\/\/spanienaktuell.net\/wordpress\/wp-json\/wp\/v2\/posts\/90483","targetHints":{"allow":["GET"]}}],"collection":[{"href":"https:\/\/spanienaktuell.net\/wordpress\/wp-json\/wp\/v2\/posts"}],"about":[{"href":"https:\/\/spanienaktuell.net\/wordpress\/wp-json\/wp\/v2\/types\/post"}],"author":[{"embeddable":true,"href":"https:\/\/spanienaktuell.net\/wordpress\/wp-json\/wp\/v2\/users\/3"}],"replies":[{"embeddable":true,"href":"https:\/\/spanienaktuell.net\/wordpress\/wp-json\/wp\/v2\/comments?post=90483"}],"version-history":[{"count":1,"href":"https:\/\/spanienaktuell.net\/wordpress\/wp-json\/wp\/v2\/posts\/90483\/revisions"}],"predecessor-version":[{"id":90488,"href":"https:\/\/spanienaktuell.net\/wordpress\/wp-json\/wp\/v2\/posts\/90483\/revisions\/90488"}],"wp:featuredmedia":[{"embeddable":true,"href":"https:\/\/spanienaktuell.net\/wordpress\/wp-json\/wp\/v2\/media\/90484"}],"wp:attachment":[{"href":"https:\/\/spanienaktuell.net\/wordpress\/wp-json\/wp\/v2\/media?parent=90483"}],"wp:term":[{"taxonomy":"category","embeddable":true,"href":"https:\/\/spanienaktuell.net\/wordpress\/wp-json\/wp\/v2\/categories?post=90483"},{"taxonomy":"post_tag","embeddable":true,"href":"https:\/\/spanienaktuell.net\/wordpress\/wp-json\/wp\/v2\/tags?post=90483"}],"curies":[{"name":"wp","href":"https:\/\/api.w.org\/{rel}","templated":true}]}}