{"id":90489,"date":"2020-11-01T12:21:08","date_gmt":"2020-11-01T12:21:08","guid":{"rendered":"https:\/\/spanienaktuell.net\/wordpress\/?p=90489"},"modified":"2020-11-01T12:21:08","modified_gmt":"2020-11-01T12:21:08","slug":"jordis-weinempfehlung-november-payoya-negra","status":"publish","type":"post","link":"https:\/\/spanienaktuell.net\/wordpress\/jordis-weinempfehlung-november-payoya-negra\/","title":{"rendered":"Jordis Weinempfehlung November &#8211; PAYOYA NEGRA"},"content":{"rendered":"<p>Hallo meine lieben Freunde des gekelterten Mosts, im November stelle ich Ihnen den exquisiten Rotwein\u00a0 <strong><em>\u201ePAYOYA NEGRA<\/em><\/strong>\u201c Jahrgang 2017 vor.<\/p>\n<p>Der <strong><em>PAYOYA NEGRA<\/em><\/strong> kommt aus den <strong><em>Sierras de M\u00e1laga<\/em><\/strong>; aus der Umgebung von <strong><em>Ronda<\/em><\/strong>.<\/p>\n<p>Verantwortlich f\u00fcr diesen exquisiten Tropfen ist die <strong><em>Bodega Finca La Melonera<\/em><\/strong>. Der Wein wurde nach der Payoya Negra benannt. Dies ist eine andalusische Ziegenrasse, die in der <strong><em>Serran\u00eda de Ronda<\/em><\/strong> lebt. Aus der Milch dieser Rasse wird der ber\u00fchmte Payoya Ziegenk\u00e4se hergestellt.<\/p>\n<p><img decoding=\"async\" class=\"aligncenter size-full wp-image-90491\" src=\"https:\/\/spanienaktuell.net\/wordpress\/wp-content\/uploads\/2020\/11\/payoya-negra-1.png\" alt=\"\" width=\"308\" height=\"1080\" srcset=\"https:\/\/spanienaktuell.net\/wordpress\/wp-content\/uploads\/2020\/11\/payoya-negra-1.png 308w, https:\/\/spanienaktuell.net\/wordpress\/wp-content\/uploads\/2020\/11\/payoya-negra-1-768x2696.png 768w, https:\/\/spanienaktuell.net\/wordpress\/wp-content\/uploads\/2020\/11\/payoya-negra-1-292x1024.png 292w\" sizes=\"(max-width: 308px) 100vw, 308px\" \/><\/p>\n<p>Der Rotwein\u00a0 \u201e<strong><em>PAYOYA NEGRA<\/em><\/strong><strong><em>\u201c<\/em><\/strong> ist ein Cuv\u00e9e aus Syrah, Cabernet Sauvignon und Tintilla de Rota, einer andalusischen Variante der noblen Rebsorte Graciano. Diese Traube wird nur in der Sierra de C\u00e1diz und in der Subzone <strong><em>Serran\u00eda de Ronda<\/em><\/strong> angebaut. Die Trauben f\u00fcr diesen Wein werden handgeerntet; in einen Korb passen nicht mehr als 7kg Lesegut. Somit ist sichergestellt, dass nur die besten Trauben geerntet werden .<\/p>\n<p>Der <strong><em>PAYOYA NEGRA<\/em><\/strong> zeigt sich mit einem intensiven Rubinrot im Weinglas. Komplexe und kr\u00e4ftigen Aromen von s\u00fc\u00dfen Gew\u00fcrzen, mit balsamischen Noten, sowie R\u00f6staromen im Hintergrund. Im Mund ist er rund, frisch und ausgewogen. Ein Wein mit einer deutlichen Pers\u00f6nlichkeit.<\/p>\n<p>Kraftvoll und elegant, von saftiger Frucht und w\u00fcrziger Finesse, erweist sich der <strong><em>PAYOYA NEGRA<\/em><\/strong>\u00a0 als echter Spitzenwein mit gro\u00dfer Zukunft.<\/p>\n<p>Ausbau: 12 Monate in franz\u00f6sischer Eiche, danach 1 Jahr in der Flasche<\/p>\n<p><img decoding=\"async\" class=\"aligncenter size-full wp-image-87262\" src=\"https:\/\/spanienaktuell.net\/wordpress\/wp-content\/uploads\/2020\/01\/FB_IMG_1571810609505.jpg\" alt=\"\" width=\"1109\" height=\"640\" srcset=\"https:\/\/spanienaktuell.net\/wordpress\/wp-content\/uploads\/2020\/01\/FB_IMG_1571810609505.jpg 1109w, https:\/\/spanienaktuell.net\/wordpress\/wp-content\/uploads\/2020\/01\/FB_IMG_1571810609505-300x173.jpg 300w, https:\/\/spanienaktuell.net\/wordpress\/wp-content\/uploads\/2020\/01\/FB_IMG_1571810609505-768x443.jpg 768w, https:\/\/spanienaktuell.net\/wordpress\/wp-content\/uploads\/2020\/01\/FB_IMG_1571810609505-1024x591.jpg 1024w\" sizes=\"(max-width: 1109px) 100vw, 1109px\" \/><\/p>\n<p>Nun sind Sie gut informiert und ich bin mir sicher, dass Sie nun gerne diesen exquisiten Rotwein bei mir in der Meson probieren m\u00f6chten. Und nat\u00fcrlich ist es mir ein besonderes Vergn\u00fcgen, Ihnen den <strong><em>PAYOYA NEGRA<\/em><\/strong>\u00a0\u00a0 pers\u00f6nlich bei Ihrem n\u00e4chsten Besuch im Restaurant einschenken zu d\u00fcrfen.<\/p>\n<p style=\"text-align: center;\"><strong>Hasta pronto!!<\/strong><\/p>\n<p style=\"text-align: center;\"><img decoding=\"async\" class=\"aligncenter wp-image-89950\" src=\"https:\/\/spanienaktuell.net\/wordpress\/wp-content\/uploads\/2020\/09\/Jordis-Weinempfehlungen-Spanien-aktuell-copia.jpg\" alt=\"\" width=\"237\" height=\"344\" srcset=\"https:\/\/spanienaktuell.net\/wordpress\/wp-content\/uploads\/2020\/09\/Jordis-Weinempfehlungen-Spanien-aktuell-copia.jpg 690w, https:\/\/spanienaktuell.net\/wordpress\/wp-content\/uploads\/2020\/09\/Jordis-Weinempfehlungen-Spanien-aktuell-copia-206x300.jpg 206w\" sizes=\"(max-width: 237px) 100vw, 237px\" \/><\/p>\n<p style=\"text-align: center;\">Jordi<\/p>\n<p style=\"text-align: center;\"><strong>Jordi Meson &amp; Tapas<\/strong><\/p>\n<p style=\"text-align: center;\">Pueblo Rocio\/ Calle Azucarera 10<\/p>\n<p style=\"text-align: center;\">29740 Torre del Mar (Malaga)<\/p>\n<p style=\"text-align: center;\"><strong>Tel.: +34 952 540 811<\/strong><\/p>\n<p style=\"text-align: center;\"><strong>Sonntag Ruhetag<\/strong><\/p>\n","protected":false},"excerpt":{"rendered":"<p>Hallo meine lieben Freunde des gekelterten Mosts, im November stelle ich Ihnen den exquisiten Rotwein\u00a0 \u201ePAYOYA NEGRA\u201c Jahrgang 2017 vor. [&hellip;]<\/p>\n","protected":false},"author":3,"featured_media":90490,"comment_status":"closed","ping_status":"closed","sticky":false,"template":"","format":"standard","meta":{"footnotes":""},"categories":[24],"tags":[],"class_list":["post-90489","post","type-post","status-publish","format-standard","has-post-thumbnail","hentry","category-kulinarisch"],"yoast_head":"<!-- This site is optimized with the Yoast SEO plugin v27.1.1 - https:\/\/yoast.com\/product\/yoast-seo-wordpress\/ -->\n<title>Jordis Weinempfehlung November - PAYOYA NEGRA - Spanien aktuell<\/title>\n<meta name=\"robots\" content=\"index, follow, max-snippet:-1, max-image-preview:large, max-video-preview:-1\" \/>\n<link rel=\"canonical\" href=\"https:\/\/spanienaktuell.net\/wordpress\/jordis-weinempfehlung-november-payoya-negra\/\" \/>\n<meta property=\"og:locale\" content=\"es_ES\" \/>\n<meta property=\"og:type\" content=\"article\" \/>\n<meta property=\"og:title\" content=\"Jordis Weinempfehlung November - PAYOYA NEGRA - Spanien aktuell\" \/>\n<meta property=\"og:description\" content=\"Hallo meine lieben Freunde des gekelterten Mosts, im November stelle ich Ihnen den exquisiten Rotwein\u00a0 \u201ePAYOYA NEGRA\u201c Jahrgang 2017 vor. [&hellip;]\" \/>\n<meta property=\"og:url\" content=\"https:\/\/spanienaktuell.net\/wordpress\/jordis-weinempfehlung-november-payoya-negra\/\" \/>\n<meta property=\"og:site_name\" content=\"Spanien aktuell\" \/>\n<meta property=\"article:published_time\" content=\"2020-11-01T12:21:08+00:00\" \/>\n<meta property=\"og:image\" content=\"https:\/\/spanienaktuell.net\/wordpress\/wp-content\/uploads\/2020\/11\/mel-TOCADO.jpg\" \/>\n\t<meta property=\"og:image:width\" content=\"915\" \/>\n\t<meta property=\"og:image:height\" content=\"626\" \/>\n\t<meta property=\"og:image:type\" content=\"image\/jpeg\" \/>\n<meta name=\"author\" content=\"Spanien Aktuell\" \/>\n<meta name=\"twitter:card\" content=\"summary_large_image\" \/>\n<meta name=\"twitter:label1\" content=\"Escrito por\" \/>\n\t<meta name=\"twitter:data1\" content=\"Spanien Aktuell\" \/>\n\t<meta name=\"twitter:label2\" content=\"Tiempo de lectura\" \/>\n\t<meta name=\"twitter:data2\" content=\"1 minuto\" \/>\n<script type=\"application\/ld+json\" class=\"yoast-schema-graph\">{\"@context\":\"https:\/\/schema.org\",\"@graph\":[{\"@type\":\"Article\",\"@id\":\"https:\/\/spanienaktuell.net\/wordpress\/jordis-weinempfehlung-november-payoya-negra\/#article\",\"isPartOf\":{\"@id\":\"https:\/\/spanienaktuell.net\/wordpress\/jordis-weinempfehlung-november-payoya-negra\/\"},\"author\":{\"name\":\"Spanien Aktuell\",\"@id\":\"https:\/\/spanienaktuell.net\/wordpress\/#\/schema\/person\/bc410cfae0161b201d837ebfeeba7fd0\"},\"headline\":\"Jordis Weinempfehlung November &#8211; PAYOYA NEGRA\",\"datePublished\":\"2020-11-01T12:21:08+00:00\",\"mainEntityOfPage\":{\"@id\":\"https:\/\/spanienaktuell.net\/wordpress\/jordis-weinempfehlung-november-payoya-negra\/\"},\"wordCount\":302,\"publisher\":{\"@id\":\"https:\/\/spanienaktuell.net\/wordpress\/#organization\"},\"image\":{\"@id\":\"https:\/\/spanienaktuell.net\/wordpress\/jordis-weinempfehlung-november-payoya-negra\/#primaryimage\"},\"thumbnailUrl\":\"https:\/\/spanienaktuell.net\/wordpress\/wp-content\/uploads\/2020\/11\/mel-TOCADO.jpg\",\"articleSection\":[\"Kulinarisch\"],\"inLanguage\":\"es\"},{\"@type\":\"WebPage\",\"@id\":\"https:\/\/spanienaktuell.net\/wordpress\/jordis-weinempfehlung-november-payoya-negra\/\",\"url\":\"https:\/\/spanienaktuell.net\/wordpress\/jordis-weinempfehlung-november-payoya-negra\/\",\"name\":\"Jordis Weinempfehlung November - PAYOYA NEGRA - Spanien aktuell\",\"isPartOf\":{\"@id\":\"https:\/\/spanienaktuell.net\/wordpress\/#website\"},\"primaryImageOfPage\":{\"@id\":\"https:\/\/spanienaktuell.net\/wordpress\/jordis-weinempfehlung-november-payoya-negra\/#primaryimage\"},\"image\":{\"@id\":\"https:\/\/spanienaktuell.net\/wordpress\/jordis-weinempfehlung-november-payoya-negra\/#primaryimage\"},\"thumbnailUrl\":\"https:\/\/spanienaktuell.net\/wordpress\/wp-content\/uploads\/2020\/11\/mel-TOCADO.jpg\",\"datePublished\":\"2020-11-01T12:21:08+00:00\",\"breadcrumb\":{\"@id\":\"https:\/\/spanienaktuell.net\/wordpress\/jordis-weinempfehlung-november-payoya-negra\/#breadcrumb\"},\"inLanguage\":\"es\",\"potentialAction\":[{\"@type\":\"ReadAction\",\"target\":[\"https:\/\/spanienaktuell.net\/wordpress\/jordis-weinempfehlung-november-payoya-negra\/\"]}]},{\"@type\":\"ImageObject\",\"inLanguage\":\"es\",\"@id\":\"https:\/\/spanienaktuell.net\/wordpress\/jordis-weinempfehlung-november-payoya-negra\/#primaryimage\",\"url\":\"https:\/\/spanienaktuell.net\/wordpress\/wp-content\/uploads\/2020\/11\/mel-TOCADO.jpg\",\"contentUrl\":\"https:\/\/spanienaktuell.net\/wordpress\/wp-content\/uploads\/2020\/11\/mel-TOCADO.jpg\",\"width\":915,\"height\":626},{\"@type\":\"BreadcrumbList\",\"@id\":\"https:\/\/spanienaktuell.net\/wordpress\/jordis-weinempfehlung-november-payoya-negra\/#breadcrumb\",\"itemListElement\":[{\"@type\":\"ListItem\",\"position\":1,\"name\":\"Portada\",\"item\":\"https:\/\/spanienaktuell.net\/wordpress\/\"},{\"@type\":\"ListItem\",\"position\":2,\"name\":\"Jordis Weinempfehlung November &#8211; PAYOYA NEGRA\"}]},{\"@type\":\"WebSite\",\"@id\":\"https:\/\/spanienaktuell.net\/wordpress\/#website\",\"url\":\"https:\/\/spanienaktuell.net\/wordpress\/\",\"name\":\"Spanien aktuell\",\"description\":\"The German magazine number 1 on the Costa del Sol\",\"publisher\":{\"@id\":\"https:\/\/spanienaktuell.net\/wordpress\/#organization\"},\"potentialAction\":[{\"@type\":\"SearchAction\",\"target\":{\"@type\":\"EntryPoint\",\"urlTemplate\":\"https:\/\/spanienaktuell.net\/wordpress\/?s={search_term_string}\"},\"query-input\":{\"@type\":\"PropertyValueSpecification\",\"valueRequired\":true,\"valueName\":\"search_term_string\"}}],\"inLanguage\":\"es\"},{\"@type\":\"Organization\",\"@id\":\"https:\/\/spanienaktuell.net\/wordpress\/#organization\",\"name\":\"Spanien aktuell\",\"url\":\"https:\/\/spanienaktuell.net\/wordpress\/\",\"logo\":{\"@type\":\"ImageObject\",\"inLanguage\":\"es\",\"@id\":\"https:\/\/spanienaktuell.net\/wordpress\/#\/schema\/logo\/image\/\",\"url\":\"https:\/\/spanienaktuell.net\/wordpress\/wp-content\/uploads\/2019\/06\/cropped-Logo-spanien-aktuell-png-web-e1561631085388.png\",\"contentUrl\":\"https:\/\/spanienaktuell.net\/wordpress\/wp-content\/uploads\/2019\/06\/cropped-Logo-spanien-aktuell-png-web-e1561631085388.png\",\"width\":512,\"height\":110,\"caption\":\"Spanien aktuell\"},\"image\":{\"@id\":\"https:\/\/spanienaktuell.net\/wordpress\/#\/schema\/logo\/image\/\"}},{\"@type\":\"Person\",\"@id\":\"https:\/\/spanienaktuell.net\/wordpress\/#\/schema\/person\/bc410cfae0161b201d837ebfeeba7fd0\",\"name\":\"Spanien Aktuell\",\"image\":{\"@type\":\"ImageObject\",\"inLanguage\":\"es\",\"@id\":\"https:\/\/spanienaktuell.net\/wordpress\/#\/schema\/person\/image\/\",\"url\":\"https:\/\/spanienaktuell.net\/wordpress\/wp-content\/uploads\/2019\/06\/cropped-Logo-spanien-aktuell-png-fav2-100x100.png\",\"contentUrl\":\"https:\/\/spanienaktuell.net\/wordpress\/wp-content\/uploads\/2019\/06\/cropped-Logo-spanien-aktuell-png-fav2-100x100.png\",\"caption\":\"Spanien Aktuell\"},\"url\":\"https:\/\/spanienaktuell.net\/wordpress\/author\/koalum\/\"}]}<\/script>\n<!-- \/ Yoast SEO plugin. -->","yoast_head_json":{"title":"Jordis Weinempfehlung November - PAYOYA NEGRA - Spanien aktuell","robots":{"index":"index","follow":"follow","max-snippet":"max-snippet:-1","max-image-preview":"max-image-preview:large","max-video-preview":"max-video-preview:-1"},"canonical":"https:\/\/spanienaktuell.net\/wordpress\/jordis-weinempfehlung-november-payoya-negra\/","og_locale":"es_ES","og_type":"article","og_title":"Jordis Weinempfehlung November - PAYOYA NEGRA - Spanien aktuell","og_description":"Hallo meine lieben Freunde des gekelterten Mosts, im November stelle ich Ihnen den exquisiten Rotwein\u00a0 \u201ePAYOYA NEGRA\u201c Jahrgang 2017 vor. [&hellip;]","og_url":"https:\/\/spanienaktuell.net\/wordpress\/jordis-weinempfehlung-november-payoya-negra\/","og_site_name":"Spanien aktuell","article_published_time":"2020-11-01T12:21:08+00:00","og_image":[{"width":915,"height":626,"url":"https:\/\/spanienaktuell.net\/wordpress\/wp-content\/uploads\/2020\/11\/mel-TOCADO.jpg","type":"image\/jpeg"}],"author":"Spanien Aktuell","twitter_card":"summary_large_image","twitter_misc":{"Escrito por":"Spanien Aktuell","Tiempo de lectura":"1 minuto"},"schema":{"@context":"https:\/\/schema.org","@graph":[{"@type":"Article","@id":"https:\/\/spanienaktuell.net\/wordpress\/jordis-weinempfehlung-november-payoya-negra\/#article","isPartOf":{"@id":"https:\/\/spanienaktuell.net\/wordpress\/jordis-weinempfehlung-november-payoya-negra\/"},"author":{"name":"Spanien Aktuell","@id":"https:\/\/spanienaktuell.net\/wordpress\/#\/schema\/person\/bc410cfae0161b201d837ebfeeba7fd0"},"headline":"Jordis Weinempfehlung November &#8211; PAYOYA NEGRA","datePublished":"2020-11-01T12:21:08+00:00","mainEntityOfPage":{"@id":"https:\/\/spanienaktuell.net\/wordpress\/jordis-weinempfehlung-november-payoya-negra\/"},"wordCount":302,"publisher":{"@id":"https:\/\/spanienaktuell.net\/wordpress\/#organization"},"image":{"@id":"https:\/\/spanienaktuell.net\/wordpress\/jordis-weinempfehlung-november-payoya-negra\/#primaryimage"},"thumbnailUrl":"https:\/\/spanienaktuell.net\/wordpress\/wp-content\/uploads\/2020\/11\/mel-TOCADO.jpg","articleSection":["Kulinarisch"],"inLanguage":"es"},{"@type":"WebPage","@id":"https:\/\/spanienaktuell.net\/wordpress\/jordis-weinempfehlung-november-payoya-negra\/","url":"https:\/\/spanienaktuell.net\/wordpress\/jordis-weinempfehlung-november-payoya-negra\/","name":"Jordis Weinempfehlung November - PAYOYA NEGRA - Spanien aktuell","isPartOf":{"@id":"https:\/\/spanienaktuell.net\/wordpress\/#website"},"primaryImageOfPage":{"@id":"https:\/\/spanienaktuell.net\/wordpress\/jordis-weinempfehlung-november-payoya-negra\/#primaryimage"},"image":{"@id":"https:\/\/spanienaktuell.net\/wordpress\/jordis-weinempfehlung-november-payoya-negra\/#primaryimage"},"thumbnailUrl":"https:\/\/spanienaktuell.net\/wordpress\/wp-content\/uploads\/2020\/11\/mel-TOCADO.jpg","datePublished":"2020-11-01T12:21:08+00:00","breadcrumb":{"@id":"https:\/\/spanienaktuell.net\/wordpress\/jordis-weinempfehlung-november-payoya-negra\/#breadcrumb"},"inLanguage":"es","potentialAction":[{"@type":"ReadAction","target":["https:\/\/spanienaktuell.net\/wordpress\/jordis-weinempfehlung-november-payoya-negra\/"]}]},{"@type":"ImageObject","inLanguage":"es","@id":"https:\/\/spanienaktuell.net\/wordpress\/jordis-weinempfehlung-november-payoya-negra\/#primaryimage","url":"https:\/\/spanienaktuell.net\/wordpress\/wp-content\/uploads\/2020\/11\/mel-TOCADO.jpg","contentUrl":"https:\/\/spanienaktuell.net\/wordpress\/wp-content\/uploads\/2020\/11\/mel-TOCADO.jpg","width":915,"height":626},{"@type":"BreadcrumbList","@id":"https:\/\/spanienaktuell.net\/wordpress\/jordis-weinempfehlung-november-payoya-negra\/#breadcrumb","itemListElement":[{"@type":"ListItem","position":1,"name":"Portada","item":"https:\/\/spanienaktuell.net\/wordpress\/"},{"@type":"ListItem","position":2,"name":"Jordis Weinempfehlung November &#8211; PAYOYA NEGRA"}]},{"@type":"WebSite","@id":"https:\/\/spanienaktuell.net\/wordpress\/#website","url":"https:\/\/spanienaktuell.net\/wordpress\/","name":"Spanien aktuell","description":"The German magazine number 1 on the Costa del Sol","publisher":{"@id":"https:\/\/spanienaktuell.net\/wordpress\/#organization"},"potentialAction":[{"@type":"SearchAction","target":{"@type":"EntryPoint","urlTemplate":"https:\/\/spanienaktuell.net\/wordpress\/?s={search_term_string}"},"query-input":{"@type":"PropertyValueSpecification","valueRequired":true,"valueName":"search_term_string"}}],"inLanguage":"es"},{"@type":"Organization","@id":"https:\/\/spanienaktuell.net\/wordpress\/#organization","name":"Spanien aktuell","url":"https:\/\/spanienaktuell.net\/wordpress\/","logo":{"@type":"ImageObject","inLanguage":"es","@id":"https:\/\/spanienaktuell.net\/wordpress\/#\/schema\/logo\/image\/","url":"https:\/\/spanienaktuell.net\/wordpress\/wp-content\/uploads\/2019\/06\/cropped-Logo-spanien-aktuell-png-web-e1561631085388.png","contentUrl":"https:\/\/spanienaktuell.net\/wordpress\/wp-content\/uploads\/2019\/06\/cropped-Logo-spanien-aktuell-png-web-e1561631085388.png","width":512,"height":110,"caption":"Spanien aktuell"},"image":{"@id":"https:\/\/spanienaktuell.net\/wordpress\/#\/schema\/logo\/image\/"}},{"@type":"Person","@id":"https:\/\/spanienaktuell.net\/wordpress\/#\/schema\/person\/bc410cfae0161b201d837ebfeeba7fd0","name":"Spanien Aktuell","image":{"@type":"ImageObject","inLanguage":"es","@id":"https:\/\/spanienaktuell.net\/wordpress\/#\/schema\/person\/image\/","url":"https:\/\/spanienaktuell.net\/wordpress\/wp-content\/uploads\/2019\/06\/cropped-Logo-spanien-aktuell-png-fav2-100x100.png","contentUrl":"https:\/\/spanienaktuell.net\/wordpress\/wp-content\/uploads\/2019\/06\/cropped-Logo-spanien-aktuell-png-fav2-100x100.png","caption":"Spanien Aktuell"},"url":"https:\/\/spanienaktuell.net\/wordpress\/author\/koalum\/"}]}},"_links":{"self":[{"href":"https:\/\/spanienaktuell.net\/wordpress\/wp-json\/wp\/v2\/posts\/90489","targetHints":{"allow":["GET"]}}],"collection":[{"href":"https:\/\/spanienaktuell.net\/wordpress\/wp-json\/wp\/v2\/posts"}],"about":[{"href":"https:\/\/spanienaktuell.net\/wordpress\/wp-json\/wp\/v2\/types\/post"}],"author":[{"embeddable":true,"href":"https:\/\/spanienaktuell.net\/wordpress\/wp-json\/wp\/v2\/users\/3"}],"replies":[{"embeddable":true,"href":"https:\/\/spanienaktuell.net\/wordpress\/wp-json\/wp\/v2\/comments?post=90489"}],"version-history":[{"count":1,"href":"https:\/\/spanienaktuell.net\/wordpress\/wp-json\/wp\/v2\/posts\/90489\/revisions"}],"predecessor-version":[{"id":90495,"href":"https:\/\/spanienaktuell.net\/wordpress\/wp-json\/wp\/v2\/posts\/90489\/revisions\/90495"}],"wp:featuredmedia":[{"embeddable":true,"href":"https:\/\/spanienaktuell.net\/wordpress\/wp-json\/wp\/v2\/media\/90490"}],"wp:attachment":[{"href":"https:\/\/spanienaktuell.net\/wordpress\/wp-json\/wp\/v2\/media?parent=90489"}],"wp:term":[{"taxonomy":"category","embeddable":true,"href":"https:\/\/spanienaktuell.net\/wordpress\/wp-json\/wp\/v2\/categories?post=90489"},{"taxonomy":"post_tag","embeddable":true,"href":"https:\/\/spanienaktuell.net\/wordpress\/wp-json\/wp\/v2\/tags?post=90489"}],"curies":[{"name":"wp","href":"https:\/\/api.w.org\/{rel}","templated":true}]}}