{"id":91774,"date":"2021-03-31T10:53:21","date_gmt":"2021-03-31T10:53:21","guid":{"rendered":"https:\/\/spanienaktuell.net\/wordpress\/?p=91774"},"modified":"2021-03-31T10:53:21","modified_gmt":"2021-03-31T10:53:21","slug":"weinempfehlung-april-von-vinomar-aus-der-weinregion-do-navarra-pago-de-cirsus","status":"publish","type":"post","link":"https:\/\/spanienaktuell.net\/wordpress\/weinempfehlung-april-von-vinomar-aus-der-weinregion-do-navarra-pago-de-cirsus\/","title":{"rendered":"Weinempfehlung April von \u201eVinomar\u201c aus der Weinregion DO. Navarra \u201ePago de Cirsus\u201c"},"content":{"rendered":"<p><img decoding=\"async\" class=\"aligncenter size-full wp-image-91775\" src=\"https:\/\/spanienaktuell.net\/wordpress\/wp-content\/uploads\/2021\/03\/logo-social.jpg\" alt=\"\" width=\"900\" height=\"500\" srcset=\"https:\/\/spanienaktuell.net\/wordpress\/wp-content\/uploads\/2021\/03\/logo-social.jpg 900w, https:\/\/spanienaktuell.net\/wordpress\/wp-content\/uploads\/2021\/03\/logo-social-300x167.jpg 300w, https:\/\/spanienaktuell.net\/wordpress\/wp-content\/uploads\/2021\/03\/logo-social-768x427.jpg 768w\" sizes=\"(max-width: 900px) 100vw, 900px\" \/><\/p>\n<p>Kurz vorab eine kurze Erl\u00e4uterung \u00a0was ein <strong><em>\u201eVino de Pago\u201c<\/em><\/strong> ist. \u201e<strong>Vino de Pago\u201c<\/strong> ist eine im Jahr 2003 eingef\u00fchrte Wein-Klassifikation, die qualitativ noch \u00fcber der <strong><em>DO<\/em><\/strong>&#8211; und<strong><em> DOCa<\/em><\/strong>-Einstufung angesiedelt ist und gilt als <strong><em>h\u00f6chste Qualit\u00e4tsstufe<\/em><\/strong> f\u00fcr Weine aus Einzellagen.<\/p>\n<p><strong>Die Bodega: Pago de Cirsus<\/strong><\/p>\n<p>Die <strong><em>Bodega Pago de Cirsus<\/em><\/strong> ist das zweite Lebenswerk des spanischen Regisseurs und Produzenten <strong><em>I\u00f1aki Nu\u00f1ez<\/em><\/strong>. Vor der Jahrtausendwende entschloss sich der rege Filmemacher, dem Filmgesch\u00e4ft den R\u00fccken zu kehren und sich k\u00fcnftig seiner zweiten gro\u00dfen Leidenschaft zu widmen: Dem Wein. In der Region <strong>Navarra <\/strong>erwarb er eine alte Bodega und machte diese innerhalb weniger Jahre zu einem der renommiertesten Weing\u00fcter Spaniens. Das Magazin <strong>Decanter<\/strong> w\u00e4hlte <strong>Pago de Cirsus<\/strong> bereits zum zweiten Mal in die Liga der <strong><em>100 besten Weing\u00fcter der Welt <\/em><\/strong>\u2013 eine von vielen gro\u00dfen Auszeichnungen, die der Kellerei bis heute verliehen wurden. Die <strong><em>Bodega Pago de Cirsus<\/em><\/strong> ist au\u00dferdem prominentes Mitglied der Winzergemeinschaft <strong><em>ARAEX Grands Spanish Fine Wines<\/em><\/strong>, die <strong>2019 beim Weinwettbewerb<\/strong> <strong><em>Mundus Vini<\/em><\/strong> zum besten Erzeuger Spaniens gek\u00fcrt wurde.<\/p>\n<p><strong><em>I\u00f1aki Nu\u00f1ez<\/em><\/strong> kaufte das Weingut mit dem charakteristischen wei\u00dfen iberischen Turm Ende der 1990er Jahre und begann umgehend mit dem Anbau seiner Rebst\u00f6cke. Ab dem Jahr 2002 baute er seine moderne <strong><em>Bodega Pago de Cirsus<\/em><\/strong>. Sie befindet sich auf dem h\u00f6chsten Punkt des Gutes, von dem aus ein Gro\u00dfteil des Weinbergs zu sehen ist. Der unterirdische Keller mit modernsten Produktions- und Abf\u00fcllanlagen sorgt das ganze Jahr \u00fcber f\u00fcr stabile Temperatur- und Feuchtigkeitswerte.<\/p>\n<p><img decoding=\"async\" class=\"aligncenter size-full wp-image-91777\" src=\"https:\/\/spanienaktuell.net\/wordpress\/wp-content\/uploads\/2021\/03\/101372303.jpg\" alt=\"\" width=\"984\" height=\"651\" srcset=\"https:\/\/spanienaktuell.net\/wordpress\/wp-content\/uploads\/2021\/03\/101372303.jpg 984w, https:\/\/spanienaktuell.net\/wordpress\/wp-content\/uploads\/2021\/03\/101372303-300x198.jpg 300w, https:\/\/spanienaktuell.net\/wordpress\/wp-content\/uploads\/2021\/03\/101372303-768x508.jpg 768w\" sizes=\"(max-width: 984px) 100vw, 984px\" \/><\/p>\n<p>Die Bodega liegt im S\u00fcden der Region <strong>Navarra<\/strong> auf rund 400 Metern \u00fcber dem Meeresspiegel. Hier sind die Winter kalt und die Sommer lang und trocken. Mehr als 75 Prozent der Niederschl\u00e4ge fallen zwischen November und April, so dass der Boden im Winter sehr feucht und im Hochsommer vollkommen trocken wird. Um die Rebst\u00f6cke in der hei\u00dfen Jahreszeit vital zu halten, kommt auf dem Weingut ein ausgefeiltes Bew\u00e4sserungssystem zum Einsatz.<\/p>\n<p>Das Terrain, das Mikroklima, die angebauten Rebsorten und die Handwerkskunst im Keller verleihen den Weinen von <strong>Pago de Cirsus<\/strong> ihren unverwechselbaren Charakter. In der Bodega werden Weine der Qualit\u00e4tsstufe <strong><em>\u201eVino de Pago\u201c <\/em><\/strong>erzeugt. Im Weinberg gelten die Grunds\u00e4tze des integrierten Weinbaus, bei dem die Winzer ein sich selbst regulierendes \u00d6kosystem f\u00f6rdern, das ohne chemische Pflanzenschutzmittel und leichtl\u00f6sliche Stickstoffd\u00fcnger auskommt.<\/p>\n<p>Geographisch gliedert sich die Weinbauregion\u00a0 Navarra in f\u00fcnf Teilbereiche. Zu 60 Prozent werden hier Rotweine und zu 30 Prozent Ros\u00e9weine gekeltert. F\u00fcr den kleinen Anteil an Wei\u00dfweinen sind die Sorten Viura, Garnacha Blanca, Malvasia und Moscatel de Gran Menudo, Chardonnay und Sauvignon Blanc zugelassen.<\/p>\n<p><strong>Der Wein: <\/strong><\/p>\n<p><img decoding=\"async\" class=\"aligncenter size-full wp-image-91776\" src=\"https:\/\/spanienaktuell.net\/wordpress\/wp-content\/uploads\/2021\/03\/16_l_vendimia_seleccionada.png\" alt=\"\" width=\"1296\" height=\"387\" srcset=\"https:\/\/spanienaktuell.net\/wordpress\/wp-content\/uploads\/2021\/03\/16_l_vendimia_seleccionada.png 1296w, https:\/\/spanienaktuell.net\/wordpress\/wp-content\/uploads\/2021\/03\/16_l_vendimia_seleccionada-300x90.png 300w, https:\/\/spanienaktuell.net\/wordpress\/wp-content\/uploads\/2021\/03\/16_l_vendimia_seleccionada-1024x306.png 1024w, https:\/\/spanienaktuell.net\/wordpress\/wp-content\/uploads\/2021\/03\/16_l_vendimia_seleccionada-768x229.png 768w\" sizes=\"(max-width: 1296px) 100vw, 1296px\" \/><\/p>\n<p><strong>Pago de Cirsus Vendimia Seleccionada 2018 <\/strong><\/p>\n<p>Pago de Cirsus Vendimia Seleccionada &#8211; die Jahrgangs Selektion &#8211; ist ein intensiver und fruchtbetonter Wein. Es finden sich allerlei rote und schwarze Beerenfr\u00fcchte und auch einige balsamische Noten. Aus der interessanten Kombination von Tempranillo, Merlot und Syrah ist ein kr\u00e4ftiger, aromatischer Wein entstanden, der am Gaumen auch eine gewisse W\u00fcrze an den Tag legt. Die Tannine sind gut eingebunden und betonen den langen Nachgeschmack. 14 Monate verbringt der Wein in neuen franz\u00f6sischen Barrique-F\u00e4ssern, bevor er die Abf\u00fcllung erf\u00e4hrt.<\/p>\n<p><strong>Der Pago de Cirsus Vendimia Seleccionada 2018 hat unter anderem\u00a0 Auszeichnungen erhalten von\u00a0 Mundus Vini 2018: Goldmedaille, Concours Mondial de Bruxelles 2018: Silbermedaille.<\/strong><\/p>\n<p><strong>\u00dcber Vinomar :<\/strong><\/p>\n<p><img decoding=\"async\" class=\"size-full wp-image-91779\" src=\"https:\/\/spanienaktuell.net\/wordpress\/wp-content\/uploads\/2021\/03\/IMG-20201110-WA0031-scaled.jpeg\" alt=\"\" width=\"1440\" height=\"813\" srcset=\"https:\/\/spanienaktuell.net\/wordpress\/wp-content\/uploads\/2021\/03\/IMG-20201110-WA0031-scaled.jpeg 1440w, https:\/\/spanienaktuell.net\/wordpress\/wp-content\/uploads\/2021\/03\/IMG-20201110-WA0031-300x169.jpeg 300w, https:\/\/spanienaktuell.net\/wordpress\/wp-content\/uploads\/2021\/03\/IMG-20201110-WA0031-1024x578.jpeg 1024w, https:\/\/spanienaktuell.net\/wordpress\/wp-content\/uploads\/2021\/03\/IMG-20201110-WA0031-768x434.jpeg 768w, https:\/\/spanienaktuell.net\/wordpress\/wp-content\/uploads\/2021\/03\/IMG-20201110-WA0031-1536x867.jpeg 1536w, https:\/\/spanienaktuell.net\/wordpress\/wp-content\/uploads\/2021\/03\/IMG-20201110-WA0031-2048x1156.jpeg 2048w\" sizes=\"(max-width: 1440px) 100vw, 1440px\" \/><\/p>\n<p><strong><em>Carmen, die Inhaberin\u00a0 von Vinomar hat mit viel Liebe und Engagement eine individuelle Auswahl spanischer Spitzenweine zusammen getragen:<\/em><\/strong><em> Von renommierten Markenweinen bis zu hochklassigen Exoten ein qualifizierter Ausschnitt dessen, was Spanien in Sachen Wein aktuell zu bieten hat.<\/em><\/p>\n<p><strong><em>Bei VINOMAR bekommen Sie auch\u00a0 spanische Delikatessen wie z. B. Schinken, Oliven\u00f6le, K\u00e4se<\/em><\/strong><em> und\u00a0 ausgew\u00e4hlte hochprozentige Premium Spirituosen wie <strong>Whisky, Rum,<\/strong> <strong>Gin<\/strong>, <strong>Lik\u00f6re-Underberg, Weine aus Deutschland u. 30 Internationale Weine.<\/strong> F\u00fcr Feiern, Geburtstage, Jubil\u00e4en k\u00f6nnen auch <strong>Pr\u00e4sentk\u00f6rbe u. Geschenke<\/strong> verpackt werden. <\/em><\/p>\n<p><strong><em>Wenn Sie m\u00f6chten sendet Vinomar Ihnen auch Wein, Delikatessen und Spirituosen,\u00a0 z.B.\u00a0 direkt nach Deutschland<\/em><\/strong><em> (erfragen Sie bitte die Versandkosten). <\/em><\/p>\n<p><img decoding=\"async\" class=\"aligncenter size-full wp-image-91778\" src=\"https:\/\/spanienaktuell.net\/wordpress\/wp-content\/uploads\/2021\/03\/IMG_20200619_184837-scaled.jpg\" alt=\"\" width=\"1440\" height=\"973\" srcset=\"https:\/\/spanienaktuell.net\/wordpress\/wp-content\/uploads\/2021\/03\/IMG_20200619_184837-scaled.jpg 1440w, https:\/\/spanienaktuell.net\/wordpress\/wp-content\/uploads\/2021\/03\/IMG_20200619_184837-300x203.jpg 300w, https:\/\/spanienaktuell.net\/wordpress\/wp-content\/uploads\/2021\/03\/IMG_20200619_184837-1024x692.jpg 1024w, https:\/\/spanienaktuell.net\/wordpress\/wp-content\/uploads\/2021\/03\/IMG_20200619_184837-768x519.jpg 768w, https:\/\/spanienaktuell.net\/wordpress\/wp-content\/uploads\/2021\/03\/IMG_20200619_184837-1536x1038.jpg 1536w, https:\/\/spanienaktuell.net\/wordpress\/wp-content\/uploads\/2021\/03\/IMG_20200619_184837-2048x1384.jpg 2048w\" sizes=\"(max-width: 1440px) 100vw, 1440px\" \/><\/p>\n<p><strong>Vinomar <\/strong><\/p>\n<p><strong>Telefon: (+34) 952 54 58 04 + (34) 654 977 629\u00a0 WhatsApp <\/strong><\/p>\n<p><strong>Calle Piscis, 1 (gegen\u00fcber der \u201eantigua Azucarera\u201d)<\/strong><\/p>\n<p><strong>\u00a029740 Torre del Mar (M\u00e1laga)<\/strong><\/p>\n<p><a href=\"http:\/\/www.vinomartorredelmar.es\"><strong>www.vinomartorredelmar.es<\/strong><\/a><\/p>\n","protected":false},"excerpt":{"rendered":"<p>Kurz vorab eine kurze Erl\u00e4uterung \u00a0was ein \u201eVino de Pago\u201c ist. \u201eVino de Pago\u201c ist eine im Jahr 2003 eingef\u00fchrte [&hellip;]<\/p>\n","protected":false},"author":3,"featured_media":91775,"comment_status":"closed","ping_status":"closed","sticky":false,"template":"","format":"standard","meta":{"footnotes":""},"categories":[24],"tags":[],"class_list":["post-91774","post","type-post","status-publish","format-standard","has-post-thumbnail","hentry","category-kulinarisch"],"yoast_head":"<!-- This site is optimized with the Yoast SEO plugin v27.1.1 - https:\/\/yoast.com\/product\/yoast-seo-wordpress\/ -->\n<title>Weinempfehlung April von \u201eVinomar\u201c aus der Weinregion DO. Navarra \u201ePago de Cirsus\u201c - Spanien aktuell<\/title>\n<meta name=\"robots\" content=\"index, follow, max-snippet:-1, max-image-preview:large, max-video-preview:-1\" \/>\n<link rel=\"canonical\" href=\"https:\/\/spanienaktuell.net\/wordpress\/weinempfehlung-april-von-vinomar-aus-der-weinregion-do-navarra-pago-de-cirsus\/\" \/>\n<meta property=\"og:locale\" content=\"es_ES\" \/>\n<meta property=\"og:type\" content=\"article\" \/>\n<meta property=\"og:title\" content=\"Weinempfehlung April von \u201eVinomar\u201c aus der Weinregion DO. Navarra \u201ePago de Cirsus\u201c - Spanien aktuell\" \/>\n<meta property=\"og:description\" content=\"Kurz vorab eine kurze Erl\u00e4uterung \u00a0was ein \u201eVino de Pago\u201c ist. \u201eVino de Pago\u201c ist eine im Jahr 2003 eingef\u00fchrte [&hellip;]\" \/>\n<meta property=\"og:url\" content=\"https:\/\/spanienaktuell.net\/wordpress\/weinempfehlung-april-von-vinomar-aus-der-weinregion-do-navarra-pago-de-cirsus\/\" \/>\n<meta property=\"og:site_name\" content=\"Spanien aktuell\" \/>\n<meta property=\"article:published_time\" content=\"2021-03-31T10:53:21+00:00\" \/>\n<meta property=\"og:image\" content=\"https:\/\/spanienaktuell.net\/wordpress\/wp-content\/uploads\/2021\/03\/logo-social.jpg\" \/>\n\t<meta property=\"og:image:width\" content=\"900\" \/>\n\t<meta property=\"og:image:height\" content=\"500\" \/>\n\t<meta property=\"og:image:type\" content=\"image\/jpeg\" \/>\n<meta name=\"author\" content=\"Spanien Aktuell\" \/>\n<meta name=\"twitter:card\" content=\"summary_large_image\" \/>\n<meta name=\"twitter:label1\" content=\"Escrito por\" \/>\n\t<meta name=\"twitter:data1\" content=\"Spanien Aktuell\" \/>\n\t<meta name=\"twitter:label2\" content=\"Tiempo de lectura\" \/>\n\t<meta name=\"twitter:data2\" content=\"4 minutos\" \/>\n<script type=\"application\/ld+json\" class=\"yoast-schema-graph\">{\"@context\":\"https:\/\/schema.org\",\"@graph\":[{\"@type\":\"Article\",\"@id\":\"https:\/\/spanienaktuell.net\/wordpress\/weinempfehlung-april-von-vinomar-aus-der-weinregion-do-navarra-pago-de-cirsus\/#article\",\"isPartOf\":{\"@id\":\"https:\/\/spanienaktuell.net\/wordpress\/weinempfehlung-april-von-vinomar-aus-der-weinregion-do-navarra-pago-de-cirsus\/\"},\"author\":{\"name\":\"Spanien Aktuell\",\"@id\":\"https:\/\/spanienaktuell.net\/wordpress\/#\/schema\/person\/bc410cfae0161b201d837ebfeeba7fd0\"},\"headline\":\"Weinempfehlung April von \u201eVinomar\u201c aus der Weinregion DO. Navarra \u201ePago de Cirsus\u201c\",\"datePublished\":\"2021-03-31T10:53:21+00:00\",\"mainEntityOfPage\":{\"@id\":\"https:\/\/spanienaktuell.net\/wordpress\/weinempfehlung-april-von-vinomar-aus-der-weinregion-do-navarra-pago-de-cirsus\/\"},\"wordCount\":698,\"publisher\":{\"@id\":\"https:\/\/spanienaktuell.net\/wordpress\/#organization\"},\"image\":{\"@id\":\"https:\/\/spanienaktuell.net\/wordpress\/weinempfehlung-april-von-vinomar-aus-der-weinregion-do-navarra-pago-de-cirsus\/#primaryimage\"},\"thumbnailUrl\":\"https:\/\/spanienaktuell.net\/wordpress\/wp-content\/uploads\/2021\/03\/logo-social.jpg\",\"articleSection\":[\"Kulinarisch\"],\"inLanguage\":\"es\"},{\"@type\":\"WebPage\",\"@id\":\"https:\/\/spanienaktuell.net\/wordpress\/weinempfehlung-april-von-vinomar-aus-der-weinregion-do-navarra-pago-de-cirsus\/\",\"url\":\"https:\/\/spanienaktuell.net\/wordpress\/weinempfehlung-april-von-vinomar-aus-der-weinregion-do-navarra-pago-de-cirsus\/\",\"name\":\"Weinempfehlung April von \u201eVinomar\u201c aus der Weinregion DO. Navarra \u201ePago de Cirsus\u201c - Spanien aktuell\",\"isPartOf\":{\"@id\":\"https:\/\/spanienaktuell.net\/wordpress\/#website\"},\"primaryImageOfPage\":{\"@id\":\"https:\/\/spanienaktuell.net\/wordpress\/weinempfehlung-april-von-vinomar-aus-der-weinregion-do-navarra-pago-de-cirsus\/#primaryimage\"},\"image\":{\"@id\":\"https:\/\/spanienaktuell.net\/wordpress\/weinempfehlung-april-von-vinomar-aus-der-weinregion-do-navarra-pago-de-cirsus\/#primaryimage\"},\"thumbnailUrl\":\"https:\/\/spanienaktuell.net\/wordpress\/wp-content\/uploads\/2021\/03\/logo-social.jpg\",\"datePublished\":\"2021-03-31T10:53:21+00:00\",\"breadcrumb\":{\"@id\":\"https:\/\/spanienaktuell.net\/wordpress\/weinempfehlung-april-von-vinomar-aus-der-weinregion-do-navarra-pago-de-cirsus\/#breadcrumb\"},\"inLanguage\":\"es\",\"potentialAction\":[{\"@type\":\"ReadAction\",\"target\":[\"https:\/\/spanienaktuell.net\/wordpress\/weinempfehlung-april-von-vinomar-aus-der-weinregion-do-navarra-pago-de-cirsus\/\"]}]},{\"@type\":\"ImageObject\",\"inLanguage\":\"es\",\"@id\":\"https:\/\/spanienaktuell.net\/wordpress\/weinempfehlung-april-von-vinomar-aus-der-weinregion-do-navarra-pago-de-cirsus\/#primaryimage\",\"url\":\"https:\/\/spanienaktuell.net\/wordpress\/wp-content\/uploads\/2021\/03\/logo-social.jpg\",\"contentUrl\":\"https:\/\/spanienaktuell.net\/wordpress\/wp-content\/uploads\/2021\/03\/logo-social.jpg\",\"width\":900,\"height\":500},{\"@type\":\"BreadcrumbList\",\"@id\":\"https:\/\/spanienaktuell.net\/wordpress\/weinempfehlung-april-von-vinomar-aus-der-weinregion-do-navarra-pago-de-cirsus\/#breadcrumb\",\"itemListElement\":[{\"@type\":\"ListItem\",\"position\":1,\"name\":\"Portada\",\"item\":\"https:\/\/spanienaktuell.net\/wordpress\/\"},{\"@type\":\"ListItem\",\"position\":2,\"name\":\"Weinempfehlung April von \u201eVinomar\u201c aus der Weinregion DO. Navarra \u201ePago de Cirsus\u201c\"}]},{\"@type\":\"WebSite\",\"@id\":\"https:\/\/spanienaktuell.net\/wordpress\/#website\",\"url\":\"https:\/\/spanienaktuell.net\/wordpress\/\",\"name\":\"Spanien aktuell\",\"description\":\"The German magazine number 1 on the Costa del Sol\",\"publisher\":{\"@id\":\"https:\/\/spanienaktuell.net\/wordpress\/#organization\"},\"potentialAction\":[{\"@type\":\"SearchAction\",\"target\":{\"@type\":\"EntryPoint\",\"urlTemplate\":\"https:\/\/spanienaktuell.net\/wordpress\/?s={search_term_string}\"},\"query-input\":{\"@type\":\"PropertyValueSpecification\",\"valueRequired\":true,\"valueName\":\"search_term_string\"}}],\"inLanguage\":\"es\"},{\"@type\":\"Organization\",\"@id\":\"https:\/\/spanienaktuell.net\/wordpress\/#organization\",\"name\":\"Spanien aktuell\",\"url\":\"https:\/\/spanienaktuell.net\/wordpress\/\",\"logo\":{\"@type\":\"ImageObject\",\"inLanguage\":\"es\",\"@id\":\"https:\/\/spanienaktuell.net\/wordpress\/#\/schema\/logo\/image\/\",\"url\":\"https:\/\/spanienaktuell.net\/wordpress\/wp-content\/uploads\/2019\/06\/cropped-Logo-spanien-aktuell-png-web-e1561631085388.png\",\"contentUrl\":\"https:\/\/spanienaktuell.net\/wordpress\/wp-content\/uploads\/2019\/06\/cropped-Logo-spanien-aktuell-png-web-e1561631085388.png\",\"width\":512,\"height\":110,\"caption\":\"Spanien aktuell\"},\"image\":{\"@id\":\"https:\/\/spanienaktuell.net\/wordpress\/#\/schema\/logo\/image\/\"}},{\"@type\":\"Person\",\"@id\":\"https:\/\/spanienaktuell.net\/wordpress\/#\/schema\/person\/bc410cfae0161b201d837ebfeeba7fd0\",\"name\":\"Spanien Aktuell\",\"image\":{\"@type\":\"ImageObject\",\"inLanguage\":\"es\",\"@id\":\"https:\/\/spanienaktuell.net\/wordpress\/#\/schema\/person\/image\/\",\"url\":\"https:\/\/spanienaktuell.net\/wordpress\/wp-content\/uploads\/2019\/06\/cropped-Logo-spanien-aktuell-png-fav2-100x100.png\",\"contentUrl\":\"https:\/\/spanienaktuell.net\/wordpress\/wp-content\/uploads\/2019\/06\/cropped-Logo-spanien-aktuell-png-fav2-100x100.png\",\"caption\":\"Spanien Aktuell\"},\"url\":\"https:\/\/spanienaktuell.net\/wordpress\/author\/koalum\/\"}]}<\/script>\n<!-- \/ Yoast SEO plugin. -->","yoast_head_json":{"title":"Weinempfehlung April von \u201eVinomar\u201c aus der Weinregion DO. Navarra \u201ePago de Cirsus\u201c - Spanien aktuell","robots":{"index":"index","follow":"follow","max-snippet":"max-snippet:-1","max-image-preview":"max-image-preview:large","max-video-preview":"max-video-preview:-1"},"canonical":"https:\/\/spanienaktuell.net\/wordpress\/weinempfehlung-april-von-vinomar-aus-der-weinregion-do-navarra-pago-de-cirsus\/","og_locale":"es_ES","og_type":"article","og_title":"Weinempfehlung April von \u201eVinomar\u201c aus der Weinregion DO. Navarra \u201ePago de Cirsus\u201c - Spanien aktuell","og_description":"Kurz vorab eine kurze Erl\u00e4uterung \u00a0was ein \u201eVino de Pago\u201c ist. \u201eVino de Pago\u201c ist eine im Jahr 2003 eingef\u00fchrte [&hellip;]","og_url":"https:\/\/spanienaktuell.net\/wordpress\/weinempfehlung-april-von-vinomar-aus-der-weinregion-do-navarra-pago-de-cirsus\/","og_site_name":"Spanien aktuell","article_published_time":"2021-03-31T10:53:21+00:00","og_image":[{"width":900,"height":500,"url":"https:\/\/spanienaktuell.net\/wordpress\/wp-content\/uploads\/2021\/03\/logo-social.jpg","type":"image\/jpeg"}],"author":"Spanien Aktuell","twitter_card":"summary_large_image","twitter_misc":{"Escrito por":"Spanien Aktuell","Tiempo de lectura":"4 minutos"},"schema":{"@context":"https:\/\/schema.org","@graph":[{"@type":"Article","@id":"https:\/\/spanienaktuell.net\/wordpress\/weinempfehlung-april-von-vinomar-aus-der-weinregion-do-navarra-pago-de-cirsus\/#article","isPartOf":{"@id":"https:\/\/spanienaktuell.net\/wordpress\/weinempfehlung-april-von-vinomar-aus-der-weinregion-do-navarra-pago-de-cirsus\/"},"author":{"name":"Spanien Aktuell","@id":"https:\/\/spanienaktuell.net\/wordpress\/#\/schema\/person\/bc410cfae0161b201d837ebfeeba7fd0"},"headline":"Weinempfehlung April von \u201eVinomar\u201c aus der Weinregion DO. Navarra \u201ePago de Cirsus\u201c","datePublished":"2021-03-31T10:53:21+00:00","mainEntityOfPage":{"@id":"https:\/\/spanienaktuell.net\/wordpress\/weinempfehlung-april-von-vinomar-aus-der-weinregion-do-navarra-pago-de-cirsus\/"},"wordCount":698,"publisher":{"@id":"https:\/\/spanienaktuell.net\/wordpress\/#organization"},"image":{"@id":"https:\/\/spanienaktuell.net\/wordpress\/weinempfehlung-april-von-vinomar-aus-der-weinregion-do-navarra-pago-de-cirsus\/#primaryimage"},"thumbnailUrl":"https:\/\/spanienaktuell.net\/wordpress\/wp-content\/uploads\/2021\/03\/logo-social.jpg","articleSection":["Kulinarisch"],"inLanguage":"es"},{"@type":"WebPage","@id":"https:\/\/spanienaktuell.net\/wordpress\/weinempfehlung-april-von-vinomar-aus-der-weinregion-do-navarra-pago-de-cirsus\/","url":"https:\/\/spanienaktuell.net\/wordpress\/weinempfehlung-april-von-vinomar-aus-der-weinregion-do-navarra-pago-de-cirsus\/","name":"Weinempfehlung April von \u201eVinomar\u201c aus der Weinregion DO. Navarra \u201ePago de Cirsus\u201c - Spanien aktuell","isPartOf":{"@id":"https:\/\/spanienaktuell.net\/wordpress\/#website"},"primaryImageOfPage":{"@id":"https:\/\/spanienaktuell.net\/wordpress\/weinempfehlung-april-von-vinomar-aus-der-weinregion-do-navarra-pago-de-cirsus\/#primaryimage"},"image":{"@id":"https:\/\/spanienaktuell.net\/wordpress\/weinempfehlung-april-von-vinomar-aus-der-weinregion-do-navarra-pago-de-cirsus\/#primaryimage"},"thumbnailUrl":"https:\/\/spanienaktuell.net\/wordpress\/wp-content\/uploads\/2021\/03\/logo-social.jpg","datePublished":"2021-03-31T10:53:21+00:00","breadcrumb":{"@id":"https:\/\/spanienaktuell.net\/wordpress\/weinempfehlung-april-von-vinomar-aus-der-weinregion-do-navarra-pago-de-cirsus\/#breadcrumb"},"inLanguage":"es","potentialAction":[{"@type":"ReadAction","target":["https:\/\/spanienaktuell.net\/wordpress\/weinempfehlung-april-von-vinomar-aus-der-weinregion-do-navarra-pago-de-cirsus\/"]}]},{"@type":"ImageObject","inLanguage":"es","@id":"https:\/\/spanienaktuell.net\/wordpress\/weinempfehlung-april-von-vinomar-aus-der-weinregion-do-navarra-pago-de-cirsus\/#primaryimage","url":"https:\/\/spanienaktuell.net\/wordpress\/wp-content\/uploads\/2021\/03\/logo-social.jpg","contentUrl":"https:\/\/spanienaktuell.net\/wordpress\/wp-content\/uploads\/2021\/03\/logo-social.jpg","width":900,"height":500},{"@type":"BreadcrumbList","@id":"https:\/\/spanienaktuell.net\/wordpress\/weinempfehlung-april-von-vinomar-aus-der-weinregion-do-navarra-pago-de-cirsus\/#breadcrumb","itemListElement":[{"@type":"ListItem","position":1,"name":"Portada","item":"https:\/\/spanienaktuell.net\/wordpress\/"},{"@type":"ListItem","position":2,"name":"Weinempfehlung April von \u201eVinomar\u201c aus der Weinregion DO. Navarra \u201ePago de Cirsus\u201c"}]},{"@type":"WebSite","@id":"https:\/\/spanienaktuell.net\/wordpress\/#website","url":"https:\/\/spanienaktuell.net\/wordpress\/","name":"Spanien aktuell","description":"The German magazine number 1 on the Costa del Sol","publisher":{"@id":"https:\/\/spanienaktuell.net\/wordpress\/#organization"},"potentialAction":[{"@type":"SearchAction","target":{"@type":"EntryPoint","urlTemplate":"https:\/\/spanienaktuell.net\/wordpress\/?s={search_term_string}"},"query-input":{"@type":"PropertyValueSpecification","valueRequired":true,"valueName":"search_term_string"}}],"inLanguage":"es"},{"@type":"Organization","@id":"https:\/\/spanienaktuell.net\/wordpress\/#organization","name":"Spanien aktuell","url":"https:\/\/spanienaktuell.net\/wordpress\/","logo":{"@type":"ImageObject","inLanguage":"es","@id":"https:\/\/spanienaktuell.net\/wordpress\/#\/schema\/logo\/image\/","url":"https:\/\/spanienaktuell.net\/wordpress\/wp-content\/uploads\/2019\/06\/cropped-Logo-spanien-aktuell-png-web-e1561631085388.png","contentUrl":"https:\/\/spanienaktuell.net\/wordpress\/wp-content\/uploads\/2019\/06\/cropped-Logo-spanien-aktuell-png-web-e1561631085388.png","width":512,"height":110,"caption":"Spanien aktuell"},"image":{"@id":"https:\/\/spanienaktuell.net\/wordpress\/#\/schema\/logo\/image\/"}},{"@type":"Person","@id":"https:\/\/spanienaktuell.net\/wordpress\/#\/schema\/person\/bc410cfae0161b201d837ebfeeba7fd0","name":"Spanien Aktuell","image":{"@type":"ImageObject","inLanguage":"es","@id":"https:\/\/spanienaktuell.net\/wordpress\/#\/schema\/person\/image\/","url":"https:\/\/spanienaktuell.net\/wordpress\/wp-content\/uploads\/2019\/06\/cropped-Logo-spanien-aktuell-png-fav2-100x100.png","contentUrl":"https:\/\/spanienaktuell.net\/wordpress\/wp-content\/uploads\/2019\/06\/cropped-Logo-spanien-aktuell-png-fav2-100x100.png","caption":"Spanien Aktuell"},"url":"https:\/\/spanienaktuell.net\/wordpress\/author\/koalum\/"}]}},"_links":{"self":[{"href":"https:\/\/spanienaktuell.net\/wordpress\/wp-json\/wp\/v2\/posts\/91774","targetHints":{"allow":["GET"]}}],"collection":[{"href":"https:\/\/spanienaktuell.net\/wordpress\/wp-json\/wp\/v2\/posts"}],"about":[{"href":"https:\/\/spanienaktuell.net\/wordpress\/wp-json\/wp\/v2\/types\/post"}],"author":[{"embeddable":true,"href":"https:\/\/spanienaktuell.net\/wordpress\/wp-json\/wp\/v2\/users\/3"}],"replies":[{"embeddable":true,"href":"https:\/\/spanienaktuell.net\/wordpress\/wp-json\/wp\/v2\/comments?post=91774"}],"version-history":[{"count":1,"href":"https:\/\/spanienaktuell.net\/wordpress\/wp-json\/wp\/v2\/posts\/91774\/revisions"}],"predecessor-version":[{"id":91783,"href":"https:\/\/spanienaktuell.net\/wordpress\/wp-json\/wp\/v2\/posts\/91774\/revisions\/91783"}],"wp:featuredmedia":[{"embeddable":true,"href":"https:\/\/spanienaktuell.net\/wordpress\/wp-json\/wp\/v2\/media\/91775"}],"wp:attachment":[{"href":"https:\/\/spanienaktuell.net\/wordpress\/wp-json\/wp\/v2\/media?parent=91774"}],"wp:term":[{"taxonomy":"category","embeddable":true,"href":"https:\/\/spanienaktuell.net\/wordpress\/wp-json\/wp\/v2\/categories?post=91774"},{"taxonomy":"post_tag","embeddable":true,"href":"https:\/\/spanienaktuell.net\/wordpress\/wp-json\/wp\/v2\/tags?post=91774"}],"curies":[{"name":"wp","href":"https:\/\/api.w.org\/{rel}","templated":true}]}}