{"id":91784,"date":"2021-03-31T10:54:54","date_gmt":"2021-03-31T10:54:54","guid":{"rendered":"https:\/\/spanienaktuell.net\/wordpress\/?p=91784"},"modified":"2021-03-31T10:54:54","modified_gmt":"2021-03-31T10:54:54","slug":"fur-naschkatzen-schoko-birnen-clafoutis-mit-karamellsauce-von-le-creuset","status":"publish","type":"post","link":"https:\/\/spanienaktuell.net\/wordpress\/fur-naschkatzen-schoko-birnen-clafoutis-mit-karamellsauce-von-le-creuset\/","title":{"rendered":"F\u00fcr Naschkatzen &#8211; Schoko-Birnen-Clafoutis mit Karamellsauce von Le Creuset"},"content":{"rendered":"<p><img decoding=\"async\" class=\"aligncenter size-full wp-image-91785\" src=\"https:\/\/spanienaktuell.net\/wordpress\/wp-content\/uploads\/2021\/03\/Le_Creuset_Food_is_love_Rezeptfoto_Schoko-Birnen-Clafoutis_1_Beleg_TrendXpress-scaled.jpg\" alt=\"\" width=\"1440\" height=\"960\" srcset=\"https:\/\/spanienaktuell.net\/wordpress\/wp-content\/uploads\/2021\/03\/Le_Creuset_Food_is_love_Rezeptfoto_Schoko-Birnen-Clafoutis_1_Beleg_TrendXpress-scaled.jpg 1440w, https:\/\/spanienaktuell.net\/wordpress\/wp-content\/uploads\/2021\/03\/Le_Creuset_Food_is_love_Rezeptfoto_Schoko-Birnen-Clafoutis_1_Beleg_TrendXpress-300x200.jpg 300w, https:\/\/spanienaktuell.net\/wordpress\/wp-content\/uploads\/2021\/03\/Le_Creuset_Food_is_love_Rezeptfoto_Schoko-Birnen-Clafoutis_1_Beleg_TrendXpress-1024x683.jpg 1024w, https:\/\/spanienaktuell.net\/wordpress\/wp-content\/uploads\/2021\/03\/Le_Creuset_Food_is_love_Rezeptfoto_Schoko-Birnen-Clafoutis_1_Beleg_TrendXpress-768x512.jpg 768w, https:\/\/spanienaktuell.net\/wordpress\/wp-content\/uploads\/2021\/03\/Le_Creuset_Food_is_love_Rezeptfoto_Schoko-Birnen-Clafoutis_1_Beleg_TrendXpress-1536x1024.jpg 1536w, https:\/\/spanienaktuell.net\/wordpress\/wp-content\/uploads\/2021\/03\/Le_Creuset_Food_is_love_Rezeptfoto_Schoko-Birnen-Clafoutis_1_Beleg_TrendXpress-2048x1366.jpg 2048w\" sizes=\"(max-width: 1440px) 100vw, 1440px\" \/><\/p>\n<p><strong>\u00dcBERBLICK<\/strong><\/p>\n<p>Der Clafoutis ist ein typisch franz\u00f6sischer Kuchen, der mit einfachsten Zutaten gebacken werden kann.<\/p>\n<p>Hier ergeben der schokoladige Teig und der s\u00fc\u00dfe Geschmack der Birne die perfekte Kombination.<\/p>\n<p><strong>ZUBEREITUNGSZEIT: Unter 1 Stunde<\/strong><\/p>\n<p><strong>PORTIONEN: 6<\/strong><\/p>\n<p><strong>ZUTATEN<\/strong><\/p>\n<p>4 Eier, 100 g Zucker, 150 g Mehl, 1 Prise Salz, 3 Essl\u00f6ffel Backkakao,<\/p>\n<p>100 g Butter, geschmolzen, 200 ml Milch, 3 reife Birnen<\/p>\n<p><strong>F\u00fcr die Karamellsauce:<\/strong><\/p>\n<p>250 g Puderzucker, 2 Teel\u00f6ffel Wasser, 200 ml Sahne (Doppelrahmstufe),<\/p>\n<p>1 Teel\u00f6ffel Salz<\/p>\n<p><strong>ZUBEREITUNG<\/strong><\/p>\n<ol>\n<li>F\u00fcr den Clafoutis-Teig zun\u00e4chst die Eier und den Zucker in einer Sch\u00fcssel schaumig r\u00fchren. Dann das Mehl, das Salz und den Kakao schrittweise unterr\u00fchren, bis ein homogener Teig entsteht. Zum Schluss die geschmolzene Butter und die Milch einr\u00fchren und beiseitestellen.<\/li>\n<li>Den Ofen auf 200 \u00b0C (Umluft: 280 \u00b0C, Gasherd Stufe: 6) vorheizen.<\/li>\n<li>Die Birnen sch\u00e4len, das Kernhaus entfernen und halbieren.<\/li>\n<li>Nun eine Auflaufform mit Butter einfetten und mit Mehl best\u00e4uben. Dann den Clafoutis-Teig hineingeben und die Birnen mit der Schnittfl\u00e4che nach oben auf den Teig legen. Im vorgeheizten Backofen f\u00fcr ca. 40 Minuten backen.<\/li>\n<li>W\u00e4hrend der Clafoutis im Ofen ist, wird die Karamellsauce zubereitet. Dazu Zucker und Wasser in einem kleinen Topf auf mittlerer Hitze zum K\u00f6cheln bringen. F\u00fcr ca. 5 Minuten karamellisieren lassen. Sobald der Zucker eine goldbraune F\u00e4rbung annimmt, den Topf vom Herd nehmen und die Sahne vorsichtig mit einem Kochl\u00f6ffel unterr\u00fchren. Nun noch das Salz dazugeben und vermengen, in ein Einmachglas f\u00fcllen und abk\u00fchlen lassen.<\/li>\n<li>Den Clafoutis zum Servieren mit ein wenig Karamellsauce betr\u00e4ufeln oder die Sauce zum Clafoutis reichen.<\/li>\n<\/ol>\n<p><strong>Tipp des Kochs:<\/strong> Die \u00fcbriggebliebene Karamellsauce kann in einem Einmachglas an einem trockenen Ort aufbewahrt werden. Sie schmeckt nicht nur zu Clafoutis, sondern auch als Brotbelag oder warm auf Cr\u00eapes.<\/p>\n<p><strong>Rezept und Foto:<\/strong> <a href=\"http:\/\/www.lecreuset.com\">www.lecreuset.com<\/a><\/p>\n","protected":false},"excerpt":{"rendered":"<p>\u00dcBERBLICK Der Clafoutis ist ein typisch franz\u00f6sischer Kuchen, der mit einfachsten Zutaten gebacken werden kann. Hier ergeben der schokoladige Teig [&hellip;]<\/p>\n","protected":false},"author":3,"featured_media":91785,"comment_status":"closed","ping_status":"closed","sticky":false,"template":"","format":"standard","meta":{"footnotes":""},"categories":[24],"tags":[],"class_list":["post-91784","post","type-post","status-publish","format-standard","has-post-thumbnail","hentry","category-kulinarisch"],"yoast_head":"<!-- This site is optimized with the Yoast SEO plugin v27.1.1 - https:\/\/yoast.com\/product\/yoast-seo-wordpress\/ -->\n<title>F\u00fcr Naschkatzen - Schoko-Birnen-Clafoutis mit Karamellsauce von Le Creuset - Spanien aktuell<\/title>\n<meta name=\"robots\" content=\"index, follow, max-snippet:-1, max-image-preview:large, max-video-preview:-1\" \/>\n<link rel=\"canonical\" href=\"https:\/\/spanienaktuell.net\/wordpress\/fur-naschkatzen-schoko-birnen-clafoutis-mit-karamellsauce-von-le-creuset\/\" \/>\n<meta property=\"og:locale\" content=\"es_ES\" \/>\n<meta property=\"og:type\" content=\"article\" \/>\n<meta property=\"og:title\" content=\"F\u00fcr Naschkatzen - Schoko-Birnen-Clafoutis mit Karamellsauce von Le Creuset - Spanien aktuell\" \/>\n<meta property=\"og:description\" content=\"\u00dcBERBLICK Der Clafoutis ist ein typisch franz\u00f6sischer Kuchen, der mit einfachsten Zutaten gebacken werden kann. Hier ergeben der schokoladige Teig [&hellip;]\" \/>\n<meta property=\"og:url\" content=\"https:\/\/spanienaktuell.net\/wordpress\/fur-naschkatzen-schoko-birnen-clafoutis-mit-karamellsauce-von-le-creuset\/\" \/>\n<meta property=\"og:site_name\" content=\"Spanien aktuell\" \/>\n<meta property=\"article:published_time\" content=\"2021-03-31T10:54:54+00:00\" \/>\n<meta property=\"og:image\" content=\"https:\/\/spanienaktuell.net\/wordpress\/wp-content\/uploads\/2021\/03\/Le_Creuset_Food_is_love_Rezeptfoto_Schoko-Birnen-Clafoutis_1_Beleg_TrendXpress-scaled.jpg\" \/>\n\t<meta property=\"og:image:width\" content=\"1440\" \/>\n\t<meta property=\"og:image:height\" content=\"960\" \/>\n\t<meta property=\"og:image:type\" content=\"image\/jpeg\" \/>\n<meta name=\"author\" content=\"Spanien Aktuell\" \/>\n<meta name=\"twitter:card\" content=\"summary_large_image\" \/>\n<meta name=\"twitter:label1\" content=\"Escrito por\" \/>\n\t<meta name=\"twitter:data1\" content=\"Spanien Aktuell\" \/>\n\t<meta name=\"twitter:label2\" content=\"Tiempo de lectura\" \/>\n\t<meta name=\"twitter:data2\" content=\"2 minutos\" \/>\n<script type=\"application\/ld+json\" class=\"yoast-schema-graph\">{\"@context\":\"https:\/\/schema.org\",\"@graph\":[{\"@type\":\"Article\",\"@id\":\"https:\/\/spanienaktuell.net\/wordpress\/fur-naschkatzen-schoko-birnen-clafoutis-mit-karamellsauce-von-le-creuset\/#article\",\"isPartOf\":{\"@id\":\"https:\/\/spanienaktuell.net\/wordpress\/fur-naschkatzen-schoko-birnen-clafoutis-mit-karamellsauce-von-le-creuset\/\"},\"author\":{\"name\":\"Spanien Aktuell\",\"@id\":\"https:\/\/spanienaktuell.net\/wordpress\/#\/schema\/person\/bc410cfae0161b201d837ebfeeba7fd0\"},\"headline\":\"F\u00fcr Naschkatzen &#8211; Schoko-Birnen-Clafoutis mit Karamellsauce von Le Creuset\",\"datePublished\":\"2021-03-31T10:54:54+00:00\",\"mainEntityOfPage\":{\"@id\":\"https:\/\/spanienaktuell.net\/wordpress\/fur-naschkatzen-schoko-birnen-clafoutis-mit-karamellsauce-von-le-creuset\/\"},\"wordCount\":303,\"publisher\":{\"@id\":\"https:\/\/spanienaktuell.net\/wordpress\/#organization\"},\"image\":{\"@id\":\"https:\/\/spanienaktuell.net\/wordpress\/fur-naschkatzen-schoko-birnen-clafoutis-mit-karamellsauce-von-le-creuset\/#primaryimage\"},\"thumbnailUrl\":\"https:\/\/spanienaktuell.net\/wordpress\/wp-content\/uploads\/2021\/03\/Le_Creuset_Food_is_love_Rezeptfoto_Schoko-Birnen-Clafoutis_1_Beleg_TrendXpress-scaled.jpg\",\"articleSection\":[\"Kulinarisch\"],\"inLanguage\":\"es\"},{\"@type\":\"WebPage\",\"@id\":\"https:\/\/spanienaktuell.net\/wordpress\/fur-naschkatzen-schoko-birnen-clafoutis-mit-karamellsauce-von-le-creuset\/\",\"url\":\"https:\/\/spanienaktuell.net\/wordpress\/fur-naschkatzen-schoko-birnen-clafoutis-mit-karamellsauce-von-le-creuset\/\",\"name\":\"F\u00fcr Naschkatzen - Schoko-Birnen-Clafoutis mit Karamellsauce von Le Creuset - Spanien aktuell\",\"isPartOf\":{\"@id\":\"https:\/\/spanienaktuell.net\/wordpress\/#website\"},\"primaryImageOfPage\":{\"@id\":\"https:\/\/spanienaktuell.net\/wordpress\/fur-naschkatzen-schoko-birnen-clafoutis-mit-karamellsauce-von-le-creuset\/#primaryimage\"},\"image\":{\"@id\":\"https:\/\/spanienaktuell.net\/wordpress\/fur-naschkatzen-schoko-birnen-clafoutis-mit-karamellsauce-von-le-creuset\/#primaryimage\"},\"thumbnailUrl\":\"https:\/\/spanienaktuell.net\/wordpress\/wp-content\/uploads\/2021\/03\/Le_Creuset_Food_is_love_Rezeptfoto_Schoko-Birnen-Clafoutis_1_Beleg_TrendXpress-scaled.jpg\",\"datePublished\":\"2021-03-31T10:54:54+00:00\",\"breadcrumb\":{\"@id\":\"https:\/\/spanienaktuell.net\/wordpress\/fur-naschkatzen-schoko-birnen-clafoutis-mit-karamellsauce-von-le-creuset\/#breadcrumb\"},\"inLanguage\":\"es\",\"potentialAction\":[{\"@type\":\"ReadAction\",\"target\":[\"https:\/\/spanienaktuell.net\/wordpress\/fur-naschkatzen-schoko-birnen-clafoutis-mit-karamellsauce-von-le-creuset\/\"]}]},{\"@type\":\"ImageObject\",\"inLanguage\":\"es\",\"@id\":\"https:\/\/spanienaktuell.net\/wordpress\/fur-naschkatzen-schoko-birnen-clafoutis-mit-karamellsauce-von-le-creuset\/#primaryimage\",\"url\":\"https:\/\/spanienaktuell.net\/wordpress\/wp-content\/uploads\/2021\/03\/Le_Creuset_Food_is_love_Rezeptfoto_Schoko-Birnen-Clafoutis_1_Beleg_TrendXpress-scaled.jpg\",\"contentUrl\":\"https:\/\/spanienaktuell.net\/wordpress\/wp-content\/uploads\/2021\/03\/Le_Creuset_Food_is_love_Rezeptfoto_Schoko-Birnen-Clafoutis_1_Beleg_TrendXpress-scaled.jpg\",\"width\":1440,\"height\":960},{\"@type\":\"BreadcrumbList\",\"@id\":\"https:\/\/spanienaktuell.net\/wordpress\/fur-naschkatzen-schoko-birnen-clafoutis-mit-karamellsauce-von-le-creuset\/#breadcrumb\",\"itemListElement\":[{\"@type\":\"ListItem\",\"position\":1,\"name\":\"Portada\",\"item\":\"https:\/\/spanienaktuell.net\/wordpress\/\"},{\"@type\":\"ListItem\",\"position\":2,\"name\":\"F\u00fcr Naschkatzen &#8211; Schoko-Birnen-Clafoutis mit Karamellsauce von Le Creuset\"}]},{\"@type\":\"WebSite\",\"@id\":\"https:\/\/spanienaktuell.net\/wordpress\/#website\",\"url\":\"https:\/\/spanienaktuell.net\/wordpress\/\",\"name\":\"Spanien aktuell\",\"description\":\"The German magazine number 1 on the Costa del Sol\",\"publisher\":{\"@id\":\"https:\/\/spanienaktuell.net\/wordpress\/#organization\"},\"potentialAction\":[{\"@type\":\"SearchAction\",\"target\":{\"@type\":\"EntryPoint\",\"urlTemplate\":\"https:\/\/spanienaktuell.net\/wordpress\/?s={search_term_string}\"},\"query-input\":{\"@type\":\"PropertyValueSpecification\",\"valueRequired\":true,\"valueName\":\"search_term_string\"}}],\"inLanguage\":\"es\"},{\"@type\":\"Organization\",\"@id\":\"https:\/\/spanienaktuell.net\/wordpress\/#organization\",\"name\":\"Spanien aktuell\",\"url\":\"https:\/\/spanienaktuell.net\/wordpress\/\",\"logo\":{\"@type\":\"ImageObject\",\"inLanguage\":\"es\",\"@id\":\"https:\/\/spanienaktuell.net\/wordpress\/#\/schema\/logo\/image\/\",\"url\":\"https:\/\/spanienaktuell.net\/wordpress\/wp-content\/uploads\/2019\/06\/cropped-Logo-spanien-aktuell-png-web-e1561631085388.png\",\"contentUrl\":\"https:\/\/spanienaktuell.net\/wordpress\/wp-content\/uploads\/2019\/06\/cropped-Logo-spanien-aktuell-png-web-e1561631085388.png\",\"width\":512,\"height\":110,\"caption\":\"Spanien aktuell\"},\"image\":{\"@id\":\"https:\/\/spanienaktuell.net\/wordpress\/#\/schema\/logo\/image\/\"}},{\"@type\":\"Person\",\"@id\":\"https:\/\/spanienaktuell.net\/wordpress\/#\/schema\/person\/bc410cfae0161b201d837ebfeeba7fd0\",\"name\":\"Spanien Aktuell\",\"image\":{\"@type\":\"ImageObject\",\"inLanguage\":\"es\",\"@id\":\"https:\/\/spanienaktuell.net\/wordpress\/#\/schema\/person\/image\/\",\"url\":\"https:\/\/spanienaktuell.net\/wordpress\/wp-content\/uploads\/2019\/06\/cropped-Logo-spanien-aktuell-png-fav2-100x100.png\",\"contentUrl\":\"https:\/\/spanienaktuell.net\/wordpress\/wp-content\/uploads\/2019\/06\/cropped-Logo-spanien-aktuell-png-fav2-100x100.png\",\"caption\":\"Spanien Aktuell\"},\"url\":\"https:\/\/spanienaktuell.net\/wordpress\/author\/koalum\/\"}]}<\/script>\n<!-- \/ Yoast SEO plugin. -->","yoast_head_json":{"title":"F\u00fcr Naschkatzen - Schoko-Birnen-Clafoutis mit Karamellsauce von Le Creuset - Spanien aktuell","robots":{"index":"index","follow":"follow","max-snippet":"max-snippet:-1","max-image-preview":"max-image-preview:large","max-video-preview":"max-video-preview:-1"},"canonical":"https:\/\/spanienaktuell.net\/wordpress\/fur-naschkatzen-schoko-birnen-clafoutis-mit-karamellsauce-von-le-creuset\/","og_locale":"es_ES","og_type":"article","og_title":"F\u00fcr Naschkatzen - Schoko-Birnen-Clafoutis mit Karamellsauce von Le Creuset - Spanien aktuell","og_description":"\u00dcBERBLICK Der Clafoutis ist ein typisch franz\u00f6sischer Kuchen, der mit einfachsten Zutaten gebacken werden kann. Hier ergeben der schokoladige Teig [&hellip;]","og_url":"https:\/\/spanienaktuell.net\/wordpress\/fur-naschkatzen-schoko-birnen-clafoutis-mit-karamellsauce-von-le-creuset\/","og_site_name":"Spanien aktuell","article_published_time":"2021-03-31T10:54:54+00:00","og_image":[{"width":1440,"height":960,"url":"https:\/\/spanienaktuell.net\/wordpress\/wp-content\/uploads\/2021\/03\/Le_Creuset_Food_is_love_Rezeptfoto_Schoko-Birnen-Clafoutis_1_Beleg_TrendXpress-scaled.jpg","type":"image\/jpeg"}],"author":"Spanien Aktuell","twitter_card":"summary_large_image","twitter_misc":{"Escrito por":"Spanien Aktuell","Tiempo de lectura":"2 minutos"},"schema":{"@context":"https:\/\/schema.org","@graph":[{"@type":"Article","@id":"https:\/\/spanienaktuell.net\/wordpress\/fur-naschkatzen-schoko-birnen-clafoutis-mit-karamellsauce-von-le-creuset\/#article","isPartOf":{"@id":"https:\/\/spanienaktuell.net\/wordpress\/fur-naschkatzen-schoko-birnen-clafoutis-mit-karamellsauce-von-le-creuset\/"},"author":{"name":"Spanien Aktuell","@id":"https:\/\/spanienaktuell.net\/wordpress\/#\/schema\/person\/bc410cfae0161b201d837ebfeeba7fd0"},"headline":"F\u00fcr Naschkatzen &#8211; Schoko-Birnen-Clafoutis mit Karamellsauce von Le Creuset","datePublished":"2021-03-31T10:54:54+00:00","mainEntityOfPage":{"@id":"https:\/\/spanienaktuell.net\/wordpress\/fur-naschkatzen-schoko-birnen-clafoutis-mit-karamellsauce-von-le-creuset\/"},"wordCount":303,"publisher":{"@id":"https:\/\/spanienaktuell.net\/wordpress\/#organization"},"image":{"@id":"https:\/\/spanienaktuell.net\/wordpress\/fur-naschkatzen-schoko-birnen-clafoutis-mit-karamellsauce-von-le-creuset\/#primaryimage"},"thumbnailUrl":"https:\/\/spanienaktuell.net\/wordpress\/wp-content\/uploads\/2021\/03\/Le_Creuset_Food_is_love_Rezeptfoto_Schoko-Birnen-Clafoutis_1_Beleg_TrendXpress-scaled.jpg","articleSection":["Kulinarisch"],"inLanguage":"es"},{"@type":"WebPage","@id":"https:\/\/spanienaktuell.net\/wordpress\/fur-naschkatzen-schoko-birnen-clafoutis-mit-karamellsauce-von-le-creuset\/","url":"https:\/\/spanienaktuell.net\/wordpress\/fur-naschkatzen-schoko-birnen-clafoutis-mit-karamellsauce-von-le-creuset\/","name":"F\u00fcr Naschkatzen - Schoko-Birnen-Clafoutis mit Karamellsauce von Le Creuset - Spanien aktuell","isPartOf":{"@id":"https:\/\/spanienaktuell.net\/wordpress\/#website"},"primaryImageOfPage":{"@id":"https:\/\/spanienaktuell.net\/wordpress\/fur-naschkatzen-schoko-birnen-clafoutis-mit-karamellsauce-von-le-creuset\/#primaryimage"},"image":{"@id":"https:\/\/spanienaktuell.net\/wordpress\/fur-naschkatzen-schoko-birnen-clafoutis-mit-karamellsauce-von-le-creuset\/#primaryimage"},"thumbnailUrl":"https:\/\/spanienaktuell.net\/wordpress\/wp-content\/uploads\/2021\/03\/Le_Creuset_Food_is_love_Rezeptfoto_Schoko-Birnen-Clafoutis_1_Beleg_TrendXpress-scaled.jpg","datePublished":"2021-03-31T10:54:54+00:00","breadcrumb":{"@id":"https:\/\/spanienaktuell.net\/wordpress\/fur-naschkatzen-schoko-birnen-clafoutis-mit-karamellsauce-von-le-creuset\/#breadcrumb"},"inLanguage":"es","potentialAction":[{"@type":"ReadAction","target":["https:\/\/spanienaktuell.net\/wordpress\/fur-naschkatzen-schoko-birnen-clafoutis-mit-karamellsauce-von-le-creuset\/"]}]},{"@type":"ImageObject","inLanguage":"es","@id":"https:\/\/spanienaktuell.net\/wordpress\/fur-naschkatzen-schoko-birnen-clafoutis-mit-karamellsauce-von-le-creuset\/#primaryimage","url":"https:\/\/spanienaktuell.net\/wordpress\/wp-content\/uploads\/2021\/03\/Le_Creuset_Food_is_love_Rezeptfoto_Schoko-Birnen-Clafoutis_1_Beleg_TrendXpress-scaled.jpg","contentUrl":"https:\/\/spanienaktuell.net\/wordpress\/wp-content\/uploads\/2021\/03\/Le_Creuset_Food_is_love_Rezeptfoto_Schoko-Birnen-Clafoutis_1_Beleg_TrendXpress-scaled.jpg","width":1440,"height":960},{"@type":"BreadcrumbList","@id":"https:\/\/spanienaktuell.net\/wordpress\/fur-naschkatzen-schoko-birnen-clafoutis-mit-karamellsauce-von-le-creuset\/#breadcrumb","itemListElement":[{"@type":"ListItem","position":1,"name":"Portada","item":"https:\/\/spanienaktuell.net\/wordpress\/"},{"@type":"ListItem","position":2,"name":"F\u00fcr Naschkatzen &#8211; Schoko-Birnen-Clafoutis mit Karamellsauce von Le Creuset"}]},{"@type":"WebSite","@id":"https:\/\/spanienaktuell.net\/wordpress\/#website","url":"https:\/\/spanienaktuell.net\/wordpress\/","name":"Spanien aktuell","description":"The German magazine number 1 on the Costa del Sol","publisher":{"@id":"https:\/\/spanienaktuell.net\/wordpress\/#organization"},"potentialAction":[{"@type":"SearchAction","target":{"@type":"EntryPoint","urlTemplate":"https:\/\/spanienaktuell.net\/wordpress\/?s={search_term_string}"},"query-input":{"@type":"PropertyValueSpecification","valueRequired":true,"valueName":"search_term_string"}}],"inLanguage":"es"},{"@type":"Organization","@id":"https:\/\/spanienaktuell.net\/wordpress\/#organization","name":"Spanien aktuell","url":"https:\/\/spanienaktuell.net\/wordpress\/","logo":{"@type":"ImageObject","inLanguage":"es","@id":"https:\/\/spanienaktuell.net\/wordpress\/#\/schema\/logo\/image\/","url":"https:\/\/spanienaktuell.net\/wordpress\/wp-content\/uploads\/2019\/06\/cropped-Logo-spanien-aktuell-png-web-e1561631085388.png","contentUrl":"https:\/\/spanienaktuell.net\/wordpress\/wp-content\/uploads\/2019\/06\/cropped-Logo-spanien-aktuell-png-web-e1561631085388.png","width":512,"height":110,"caption":"Spanien aktuell"},"image":{"@id":"https:\/\/spanienaktuell.net\/wordpress\/#\/schema\/logo\/image\/"}},{"@type":"Person","@id":"https:\/\/spanienaktuell.net\/wordpress\/#\/schema\/person\/bc410cfae0161b201d837ebfeeba7fd0","name":"Spanien Aktuell","image":{"@type":"ImageObject","inLanguage":"es","@id":"https:\/\/spanienaktuell.net\/wordpress\/#\/schema\/person\/image\/","url":"https:\/\/spanienaktuell.net\/wordpress\/wp-content\/uploads\/2019\/06\/cropped-Logo-spanien-aktuell-png-fav2-100x100.png","contentUrl":"https:\/\/spanienaktuell.net\/wordpress\/wp-content\/uploads\/2019\/06\/cropped-Logo-spanien-aktuell-png-fav2-100x100.png","caption":"Spanien Aktuell"},"url":"https:\/\/spanienaktuell.net\/wordpress\/author\/koalum\/"}]}},"_links":{"self":[{"href":"https:\/\/spanienaktuell.net\/wordpress\/wp-json\/wp\/v2\/posts\/91784","targetHints":{"allow":["GET"]}}],"collection":[{"href":"https:\/\/spanienaktuell.net\/wordpress\/wp-json\/wp\/v2\/posts"}],"about":[{"href":"https:\/\/spanienaktuell.net\/wordpress\/wp-json\/wp\/v2\/types\/post"}],"author":[{"embeddable":true,"href":"https:\/\/spanienaktuell.net\/wordpress\/wp-json\/wp\/v2\/users\/3"}],"replies":[{"embeddable":true,"href":"https:\/\/spanienaktuell.net\/wordpress\/wp-json\/wp\/v2\/comments?post=91784"}],"version-history":[{"count":1,"href":"https:\/\/spanienaktuell.net\/wordpress\/wp-json\/wp\/v2\/posts\/91784\/revisions"}],"predecessor-version":[{"id":91789,"href":"https:\/\/spanienaktuell.net\/wordpress\/wp-json\/wp\/v2\/posts\/91784\/revisions\/91789"}],"wp:featuredmedia":[{"embeddable":true,"href":"https:\/\/spanienaktuell.net\/wordpress\/wp-json\/wp\/v2\/media\/91785"}],"wp:attachment":[{"href":"https:\/\/spanienaktuell.net\/wordpress\/wp-json\/wp\/v2\/media?parent=91784"}],"wp:term":[{"taxonomy":"category","embeddable":true,"href":"https:\/\/spanienaktuell.net\/wordpress\/wp-json\/wp\/v2\/categories?post=91784"},{"taxonomy":"post_tag","embeddable":true,"href":"https:\/\/spanienaktuell.net\/wordpress\/wp-json\/wp\/v2\/tags?post=91784"}],"curies":[{"name":"wp","href":"https:\/\/api.w.org\/{rel}","templated":true}]}}