{"id":91819,"date":"2021-03-31T11:09:13","date_gmt":"2021-03-31T11:09:13","guid":{"rendered":"https:\/\/spanienaktuell.net\/wordpress\/?p=91819"},"modified":"2021-03-31T11:21:04","modified_gmt":"2021-03-31T11:21:04","slug":"outdooortrends-april","status":"publish","type":"post","link":"https:\/\/spanienaktuell.net\/wordpress\/outdooortrends-april\/","title":{"rendered":"OUTDOOORTRENDS April"},"content":{"rendered":"<p><strong>Daycruiser SARVO37 von SARVO-MARINE<\/strong><\/p>\n<p><img decoding=\"async\" class=\"aligncenter size-full wp-image-91820\" src=\"https:\/\/spanienaktuell.net\/wordpress\/wp-content\/uploads\/2021\/03\/Sarvo.jpg\" alt=\"\" width=\"773\" height=\"550\" srcset=\"https:\/\/spanienaktuell.net\/wordpress\/wp-content\/uploads\/2021\/03\/Sarvo.jpg 773w, https:\/\/spanienaktuell.net\/wordpress\/wp-content\/uploads\/2021\/03\/Sarvo-300x213.jpg 300w, https:\/\/spanienaktuell.net\/wordpress\/wp-content\/uploads\/2021\/03\/Sarvo-768x546.jpg 768w\" sizes=\"(max-width: 773px) 100vw, 773px\" \/><\/p>\n<p>Ein Daycruiser, der von den Klassikern inspiriert und mit Blick auf die Zukunft aus recyceltem Aluminium und Kunststoff gebaut wurde. Elf Meter stille, strahlende Pracht mit einem rasiermesserscharfen Bogen, der m\u00fchelos mit einer Geschwindigkeit von bis zu 70 Knoten durch die Wellen schneidet, wenn Geschwindigkeit Ihr Ding ist. Zu der komfortablen Innenausstattung des Bootes geh\u00f6rt auch ein gro\u00dfes Doppelbett.<\/p>\n<p><strong>Weitere Informationen finden Sie unter <\/strong><a href=\"http:\/\/www.sarvo-marine.com\"><strong>www.sarvo-marine.com<\/strong><\/a><\/p>\n<p><strong>\u00a0<\/strong><\/p>\n<p><strong>\u00a0<\/strong><\/p>\n<p><strong>Riese &amp; M\u00fcller E-Bike \u00a0Homage GT Rohloff. Legt die Stadt zu Ihren F\u00fc\u00dfen<\/strong><\/p>\n<p><img decoding=\"async\" class=\"aligncenter size-full wp-image-91821\" src=\"https:\/\/spanienaktuell.net\/wordpress\/wp-content\/uploads\/2021\/03\/11438698_big.jpg\" alt=\"\" width=\"1440\" height=\"920\" srcset=\"https:\/\/spanienaktuell.net\/wordpress\/wp-content\/uploads\/2021\/03\/11438698_big.jpg 1440w, https:\/\/spanienaktuell.net\/wordpress\/wp-content\/uploads\/2021\/03\/11438698_big-300x192.jpg 300w, https:\/\/spanienaktuell.net\/wordpress\/wp-content\/uploads\/2021\/03\/11438698_big-1024x654.jpg 1024w, https:\/\/spanienaktuell.net\/wordpress\/wp-content\/uploads\/2021\/03\/11438698_big-768x491.jpg 768w\" sizes=\"(max-width: 1440px) 100vw, 1440px\" \/><\/p>\n<p>Markante Linienf\u00fchrung bis zum Gep\u00e4cktr\u00e4ger und vollst\u00e4ndige Integration von Akku und Motor \u2013 das Homage besticht auf den ersten Blick mit seinem einzigartigen Design. Die Riese &amp; M\u00fcller Control Technology mit Vollfederung sorgt f\u00fcr herausragenden Fahrkomfort bei h\u00f6chster Sicherheit. Der tiefe Einstieg erm\u00f6glicht die bequeme Handhabung im Stadtverkehr \u2013 und wer weiter weg oder hoch hinaus m\u00f6chte, dem bietet die DualBattery Option mit 1.250 Wh eine Reichweite von bis zu 160 Kilometern und mehr.<\/p>\n<p><strong>Weitere Informationen finden Sie unter <\/strong><a href=\"http:\/\/www.r-m.de\"><strong>www.r-m.de<\/strong><\/a><strong> oder auf\u00a0 <\/strong><a href=\"http:\/\/www.biciterraneo.com\"><strong>www.biciterraneo.com<\/strong><\/a><\/p>\n<p><strong>\u00a0in Torre del Mar-Malaga<\/strong><\/p>\n<p><strong>\u00a0<\/strong><\/p>\n<p><strong>\u00a0<\/strong><\/p>\n<p><strong>Casper Camper von Flowcamper<\/strong><\/p>\n<p><img decoding=\"async\" class=\"aligncenter size-full wp-image-91822\" src=\"https:\/\/spanienaktuell.net\/wordpress\/wp-content\/uploads\/2021\/03\/Flowcamper-scaled.jpg\" alt=\"\" width=\"1440\" height=\"1080\" srcset=\"https:\/\/spanienaktuell.net\/wordpress\/wp-content\/uploads\/2021\/03\/Flowcamper-scaled.jpg 1440w, https:\/\/spanienaktuell.net\/wordpress\/wp-content\/uploads\/2021\/03\/Flowcamper-300x225.jpg 300w, https:\/\/spanienaktuell.net\/wordpress\/wp-content\/uploads\/2021\/03\/Flowcamper-1024x768.jpg 1024w, https:\/\/spanienaktuell.net\/wordpress\/wp-content\/uploads\/2021\/03\/Flowcamper-768x576.jpg 768w, https:\/\/spanienaktuell.net\/wordpress\/wp-content\/uploads\/2021\/03\/Flowcamper-1536x1152.jpg 1536w, https:\/\/spanienaktuell.net\/wordpress\/wp-content\/uploads\/2021\/03\/Flowcamper-2048x1537.jpg 2048w\" sizes=\"(max-width: 1440px) 100vw, 1440px\" \/><\/p>\n<p>Der Casper Camper basiert auf einem VW T6.1.Im Innenraum befindet sich eine fest installierter K\u00fcchenzeile und Einzelsitze. Er bietet\u00a0 Platz f\u00fcr vier Personen sowie eine\u00a0 30Liter Kompressork\u00fchlbox, Druckwasseranlage inkl. Aussendusche und ein Bett. \u00a0F\u00fcr zus\u00e4tzlichen Platz gibt es ein optionales Dachzelt.\u00a0 <strong>Weitere Informationen finden Sie unter <\/strong><strong><a href=\"http:\/\/www.flowcamper.de\">www.flowcamper.de<\/a><\/strong><\/p>\n<p><strong>\u00a0<\/strong><\/p>\n<p><strong>Jetsurf Adventure DFI 2021<\/strong><\/p>\n<p><img decoding=\"async\" class=\"aligncenter size-full wp-image-91824\" src=\"https:\/\/spanienaktuell.net\/wordpress\/wp-content\/uploads\/2021\/03\/Jetsurf-Adventure-scaled.jpg\" alt=\"\" width=\"1423\" height=\"1080\" srcset=\"https:\/\/spanienaktuell.net\/wordpress\/wp-content\/uploads\/2021\/03\/Jetsurf-Adventure-scaled.jpg 1423w, https:\/\/spanienaktuell.net\/wordpress\/wp-content\/uploads\/2021\/03\/Jetsurf-Adventure-300x228.jpg 300w, https:\/\/spanienaktuell.net\/wordpress\/wp-content\/uploads\/2021\/03\/Jetsurf-Adventure-1024x777.jpg 1024w, https:\/\/spanienaktuell.net\/wordpress\/wp-content\/uploads\/2021\/03\/Jetsurf-Adventure-768x583.jpg 768w, https:\/\/spanienaktuell.net\/wordpress\/wp-content\/uploads\/2021\/03\/Jetsurf-Adventure-1536x1166.jpg 1536w\" sizes=\"(max-width: 1423px) 100vw, 1423px\" \/><\/p>\n<p>Das Adventure DFI-Jetboard wurde speziell f\u00fcr Langstreckenfahrten entwickelt. Das Board ist mit einem leistungsstarken 100-cm\u00b3-Motor ausgestattet der das Board bis auf eine Geschwindigkeit von 55 km\/h \u00a0bringt Die Steuerung erfolgt \u00fcber einen bequemen Griff mit Gashebel und Lenkkabel. Das Board ist f\u00fcr alle Arten von Gew\u00e4ssern geeignet.<\/p>\n<p><strong>Weitere Informationen finden Sie unter <\/strong><a href=\"http:\/\/www.jetsurf.com\"><strong>www.jetsurf.com<\/strong><\/a><\/p>\n<p>&nbsp;<\/p>\n<p><strong>Reevo E-Bike ein echter Hingucker<\/strong><\/p>\n<p><img decoding=\"async\" class=\"aligncenter size-full wp-image-91825\" src=\"https:\/\/spanienaktuell.net\/wordpress\/wp-content\/uploads\/2021\/03\/Reevo-E-Bike.jpg-2.jpg\" alt=\"\" width=\"970\" height=\"660\" srcset=\"https:\/\/spanienaktuell.net\/wordpress\/wp-content\/uploads\/2021\/03\/Reevo-E-Bike.jpg-2.jpg 970w, https:\/\/spanienaktuell.net\/wordpress\/wp-content\/uploads\/2021\/03\/Reevo-E-Bike.jpg-2-300x204.jpg 300w, https:\/\/spanienaktuell.net\/wordpress\/wp-content\/uploads\/2021\/03\/Reevo-E-Bike.jpg-2-768x523.jpg 768w\" sizes=\"(max-width: 970px) 100vw, 970px\" \/><\/p>\n<p>Ein Fingerabdrucksensor als Schloss, R\u00e4der ohne Speichen. Dieses au\u00dfergew\u00f6hnliche E-Bike bietet 750 Watt Leistung in der US-Version, die EU-Version muss sich mit 250 Watt\u00a0 begn\u00fcgen, die 48-V-Batterie ist in drei Stunden aufladen, die Reichweite ist\u00a0 mit 60 km angegeben. Die LED-Beleuchtung verf\u00fcgt \u00fcber einen Umgebungslichtsensor der automatisch die Beleuchtung einschaltet.<\/p>\n<p><strong>Weitere Informationen finden Sie unter\u00a0 <\/strong><a href=\"http:\/\/www.reevobikes.com\"><strong>www.reevobikes.com<\/strong><\/a><\/p>\n<p><strong>\u00a0<\/strong><\/p>\n<p><strong>Hunter Board E-Skateboard <\/strong><\/p>\n<p><img decoding=\"async\" class=\"aligncenter size-full wp-image-91823\" src=\"https:\/\/spanienaktuell.net\/wordpress\/wp-content\/uploads\/2021\/03\/Hunter-Board.jpg\" alt=\"\" width=\"1024\" height=\"729\" srcset=\"https:\/\/spanienaktuell.net\/wordpress\/wp-content\/uploads\/2021\/03\/Hunter-Board.jpg 1024w, https:\/\/spanienaktuell.net\/wordpress\/wp-content\/uploads\/2021\/03\/Hunter-Board-300x214.jpg 300w, https:\/\/spanienaktuell.net\/wordpress\/wp-content\/uploads\/2021\/03\/Hunter-Board-768x547.jpg 768w\" sizes=\"(max-width: 1024px) 100vw, 1024px\" \/><\/p>\n<p><strong>Mit dem Hunter Board stellt das Unternehmen aus Portugal-Lissabon seine neueste Kreation vor. <\/strong>Als Antriebseinheit ist ein 3.600 Watt starker Motor verbaut. Dieser beschleunigt das Hunter Board auf maximale 55 km\/h, die Reichweite f\u00fcr das Board wird mit 38km angegeben. Satte 53 mm Federweg bringt dieses an jedem der 4 R\u00e4der mit sich. Schlagl\u00f6cher, Risse oder Steine auf der Strecke sind somit kein Problem. Auch Spr\u00fcnge, Kurven bei 25\u00b0 oder Steigungen von 30\u00b0 sind f\u00fcr den Fahrer und sein Board m\u00f6glich. Weitere Informationen finden Sie unter <a href=\"http:\/\/www.hunterboards.com\">www.hunterboards.com<\/a><\/p>\n","protected":false},"excerpt":{"rendered":"<p>Daycruiser SARVO37 von SARVO-MARINE Ein Daycruiser, der von den Klassikern inspiriert und mit Blick auf die Zukunft aus recyceltem Aluminium [&hellip;]<\/p>\n","protected":false},"author":3,"featured_media":91820,"comment_status":"closed","ping_status":"closed","sticky":false,"template":"","format":"standard","meta":{"footnotes":""},"categories":[33],"tags":[],"class_list":["post-91819","post","type-post","status-publish","format-standard","has-post-thumbnail","hentry","category-trends"],"yoast_head":"<!-- This site is optimized with the Yoast SEO plugin v27.1.1 - https:\/\/yoast.com\/product\/yoast-seo-wordpress\/ -->\n<title>OUTDOOORTRENDS April - Spanien aktuell<\/title>\n<meta name=\"robots\" content=\"index, follow, max-snippet:-1, max-image-preview:large, max-video-preview:-1\" \/>\n<link rel=\"canonical\" href=\"https:\/\/spanienaktuell.net\/wordpress\/outdooortrends-april\/\" \/>\n<meta property=\"og:locale\" content=\"es_ES\" \/>\n<meta property=\"og:type\" content=\"article\" \/>\n<meta property=\"og:title\" content=\"OUTDOOORTRENDS April - Spanien aktuell\" \/>\n<meta property=\"og:description\" content=\"Daycruiser SARVO37 von SARVO-MARINE Ein Daycruiser, der von den Klassikern inspiriert und mit Blick auf die Zukunft aus recyceltem Aluminium [&hellip;]\" \/>\n<meta property=\"og:url\" content=\"https:\/\/spanienaktuell.net\/wordpress\/outdooortrends-april\/\" \/>\n<meta property=\"og:site_name\" content=\"Spanien aktuell\" \/>\n<meta property=\"article:published_time\" content=\"2021-03-31T11:09:13+00:00\" \/>\n<meta property=\"article:modified_time\" content=\"2021-03-31T11:21:04+00:00\" \/>\n<meta property=\"og:image\" content=\"https:\/\/spanienaktuell.net\/wordpress\/wp-content\/uploads\/2021\/03\/Sarvo.jpg\" \/>\n\t<meta property=\"og:image:width\" content=\"773\" \/>\n\t<meta property=\"og:image:height\" content=\"550\" \/>\n\t<meta property=\"og:image:type\" content=\"image\/jpeg\" \/>\n<meta name=\"author\" content=\"Spanien Aktuell\" \/>\n<meta name=\"twitter:card\" content=\"summary_large_image\" \/>\n<meta name=\"twitter:label1\" content=\"Escrito por\" \/>\n\t<meta name=\"twitter:data1\" content=\"Spanien Aktuell\" \/>\n\t<meta name=\"twitter:label2\" content=\"Tiempo de lectura\" \/>\n\t<meta name=\"twitter:data2\" content=\"4 minutos\" \/>\n<script type=\"application\/ld+json\" class=\"yoast-schema-graph\">{\"@context\":\"https:\/\/schema.org\",\"@graph\":[{\"@type\":\"Article\",\"@id\":\"https:\/\/spanienaktuell.net\/wordpress\/outdooortrends-april\/#article\",\"isPartOf\":{\"@id\":\"https:\/\/spanienaktuell.net\/wordpress\/outdooortrends-april\/\"},\"author\":{\"name\":\"Spanien Aktuell\",\"@id\":\"https:\/\/spanienaktuell.net\/wordpress\/#\/schema\/person\/bc410cfae0161b201d837ebfeeba7fd0\"},\"headline\":\"OUTDOOORTRENDS April\",\"datePublished\":\"2021-03-31T11:09:13+00:00\",\"dateModified\":\"2021-03-31T11:21:04+00:00\",\"mainEntityOfPage\":{\"@id\":\"https:\/\/spanienaktuell.net\/wordpress\/outdooortrends-april\/\"},\"wordCount\":466,\"publisher\":{\"@id\":\"https:\/\/spanienaktuell.net\/wordpress\/#organization\"},\"image\":{\"@id\":\"https:\/\/spanienaktuell.net\/wordpress\/outdooortrends-april\/#primaryimage\"},\"thumbnailUrl\":\"https:\/\/spanienaktuell.net\/wordpress\/wp-content\/uploads\/2021\/03\/Sarvo.jpg\",\"articleSection\":[\"Trends\"],\"inLanguage\":\"es\"},{\"@type\":\"WebPage\",\"@id\":\"https:\/\/spanienaktuell.net\/wordpress\/outdooortrends-april\/\",\"url\":\"https:\/\/spanienaktuell.net\/wordpress\/outdooortrends-april\/\",\"name\":\"OUTDOOORTRENDS April - Spanien aktuell\",\"isPartOf\":{\"@id\":\"https:\/\/spanienaktuell.net\/wordpress\/#website\"},\"primaryImageOfPage\":{\"@id\":\"https:\/\/spanienaktuell.net\/wordpress\/outdooortrends-april\/#primaryimage\"},\"image\":{\"@id\":\"https:\/\/spanienaktuell.net\/wordpress\/outdooortrends-april\/#primaryimage\"},\"thumbnailUrl\":\"https:\/\/spanienaktuell.net\/wordpress\/wp-content\/uploads\/2021\/03\/Sarvo.jpg\",\"datePublished\":\"2021-03-31T11:09:13+00:00\",\"dateModified\":\"2021-03-31T11:21:04+00:00\",\"breadcrumb\":{\"@id\":\"https:\/\/spanienaktuell.net\/wordpress\/outdooortrends-april\/#breadcrumb\"},\"inLanguage\":\"es\",\"potentialAction\":[{\"@type\":\"ReadAction\",\"target\":[\"https:\/\/spanienaktuell.net\/wordpress\/outdooortrends-april\/\"]}]},{\"@type\":\"ImageObject\",\"inLanguage\":\"es\",\"@id\":\"https:\/\/spanienaktuell.net\/wordpress\/outdooortrends-april\/#primaryimage\",\"url\":\"https:\/\/spanienaktuell.net\/wordpress\/wp-content\/uploads\/2021\/03\/Sarvo.jpg\",\"contentUrl\":\"https:\/\/spanienaktuell.net\/wordpress\/wp-content\/uploads\/2021\/03\/Sarvo.jpg\",\"width\":773,\"height\":550},{\"@type\":\"BreadcrumbList\",\"@id\":\"https:\/\/spanienaktuell.net\/wordpress\/outdooortrends-april\/#breadcrumb\",\"itemListElement\":[{\"@type\":\"ListItem\",\"position\":1,\"name\":\"Portada\",\"item\":\"https:\/\/spanienaktuell.net\/wordpress\/\"},{\"@type\":\"ListItem\",\"position\":2,\"name\":\"OUTDOOORTRENDS April\"}]},{\"@type\":\"WebSite\",\"@id\":\"https:\/\/spanienaktuell.net\/wordpress\/#website\",\"url\":\"https:\/\/spanienaktuell.net\/wordpress\/\",\"name\":\"Spanien aktuell\",\"description\":\"The German magazine number 1 on the Costa del Sol\",\"publisher\":{\"@id\":\"https:\/\/spanienaktuell.net\/wordpress\/#organization\"},\"potentialAction\":[{\"@type\":\"SearchAction\",\"target\":{\"@type\":\"EntryPoint\",\"urlTemplate\":\"https:\/\/spanienaktuell.net\/wordpress\/?s={search_term_string}\"},\"query-input\":{\"@type\":\"PropertyValueSpecification\",\"valueRequired\":true,\"valueName\":\"search_term_string\"}}],\"inLanguage\":\"es\"},{\"@type\":\"Organization\",\"@id\":\"https:\/\/spanienaktuell.net\/wordpress\/#organization\",\"name\":\"Spanien aktuell\",\"url\":\"https:\/\/spanienaktuell.net\/wordpress\/\",\"logo\":{\"@type\":\"ImageObject\",\"inLanguage\":\"es\",\"@id\":\"https:\/\/spanienaktuell.net\/wordpress\/#\/schema\/logo\/image\/\",\"url\":\"https:\/\/spanienaktuell.net\/wordpress\/wp-content\/uploads\/2019\/06\/cropped-Logo-spanien-aktuell-png-web-e1561631085388.png\",\"contentUrl\":\"https:\/\/spanienaktuell.net\/wordpress\/wp-content\/uploads\/2019\/06\/cropped-Logo-spanien-aktuell-png-web-e1561631085388.png\",\"width\":512,\"height\":110,\"caption\":\"Spanien aktuell\"},\"image\":{\"@id\":\"https:\/\/spanienaktuell.net\/wordpress\/#\/schema\/logo\/image\/\"}},{\"@type\":\"Person\",\"@id\":\"https:\/\/spanienaktuell.net\/wordpress\/#\/schema\/person\/bc410cfae0161b201d837ebfeeba7fd0\",\"name\":\"Spanien Aktuell\",\"image\":{\"@type\":\"ImageObject\",\"inLanguage\":\"es\",\"@id\":\"https:\/\/spanienaktuell.net\/wordpress\/#\/schema\/person\/image\/\",\"url\":\"https:\/\/spanienaktuell.net\/wordpress\/wp-content\/uploads\/2019\/06\/cropped-Logo-spanien-aktuell-png-fav2-100x100.png\",\"contentUrl\":\"https:\/\/spanienaktuell.net\/wordpress\/wp-content\/uploads\/2019\/06\/cropped-Logo-spanien-aktuell-png-fav2-100x100.png\",\"caption\":\"Spanien Aktuell\"},\"url\":\"https:\/\/spanienaktuell.net\/wordpress\/author\/koalum\/\"}]}<\/script>\n<!-- \/ Yoast SEO plugin. -->","yoast_head_json":{"title":"OUTDOOORTRENDS April - Spanien aktuell","robots":{"index":"index","follow":"follow","max-snippet":"max-snippet:-1","max-image-preview":"max-image-preview:large","max-video-preview":"max-video-preview:-1"},"canonical":"https:\/\/spanienaktuell.net\/wordpress\/outdooortrends-april\/","og_locale":"es_ES","og_type":"article","og_title":"OUTDOOORTRENDS April - Spanien aktuell","og_description":"Daycruiser SARVO37 von SARVO-MARINE Ein Daycruiser, der von den Klassikern inspiriert und mit Blick auf die Zukunft aus recyceltem Aluminium [&hellip;]","og_url":"https:\/\/spanienaktuell.net\/wordpress\/outdooortrends-april\/","og_site_name":"Spanien aktuell","article_published_time":"2021-03-31T11:09:13+00:00","article_modified_time":"2021-03-31T11:21:04+00:00","og_image":[{"width":773,"height":550,"url":"https:\/\/spanienaktuell.net\/wordpress\/wp-content\/uploads\/2021\/03\/Sarvo.jpg","type":"image\/jpeg"}],"author":"Spanien Aktuell","twitter_card":"summary_large_image","twitter_misc":{"Escrito por":"Spanien Aktuell","Tiempo de lectura":"4 minutos"},"schema":{"@context":"https:\/\/schema.org","@graph":[{"@type":"Article","@id":"https:\/\/spanienaktuell.net\/wordpress\/outdooortrends-april\/#article","isPartOf":{"@id":"https:\/\/spanienaktuell.net\/wordpress\/outdooortrends-april\/"},"author":{"name":"Spanien Aktuell","@id":"https:\/\/spanienaktuell.net\/wordpress\/#\/schema\/person\/bc410cfae0161b201d837ebfeeba7fd0"},"headline":"OUTDOOORTRENDS April","datePublished":"2021-03-31T11:09:13+00:00","dateModified":"2021-03-31T11:21:04+00:00","mainEntityOfPage":{"@id":"https:\/\/spanienaktuell.net\/wordpress\/outdooortrends-april\/"},"wordCount":466,"publisher":{"@id":"https:\/\/spanienaktuell.net\/wordpress\/#organization"},"image":{"@id":"https:\/\/spanienaktuell.net\/wordpress\/outdooortrends-april\/#primaryimage"},"thumbnailUrl":"https:\/\/spanienaktuell.net\/wordpress\/wp-content\/uploads\/2021\/03\/Sarvo.jpg","articleSection":["Trends"],"inLanguage":"es"},{"@type":"WebPage","@id":"https:\/\/spanienaktuell.net\/wordpress\/outdooortrends-april\/","url":"https:\/\/spanienaktuell.net\/wordpress\/outdooortrends-april\/","name":"OUTDOOORTRENDS April - Spanien aktuell","isPartOf":{"@id":"https:\/\/spanienaktuell.net\/wordpress\/#website"},"primaryImageOfPage":{"@id":"https:\/\/spanienaktuell.net\/wordpress\/outdooortrends-april\/#primaryimage"},"image":{"@id":"https:\/\/spanienaktuell.net\/wordpress\/outdooortrends-april\/#primaryimage"},"thumbnailUrl":"https:\/\/spanienaktuell.net\/wordpress\/wp-content\/uploads\/2021\/03\/Sarvo.jpg","datePublished":"2021-03-31T11:09:13+00:00","dateModified":"2021-03-31T11:21:04+00:00","breadcrumb":{"@id":"https:\/\/spanienaktuell.net\/wordpress\/outdooortrends-april\/#breadcrumb"},"inLanguage":"es","potentialAction":[{"@type":"ReadAction","target":["https:\/\/spanienaktuell.net\/wordpress\/outdooortrends-april\/"]}]},{"@type":"ImageObject","inLanguage":"es","@id":"https:\/\/spanienaktuell.net\/wordpress\/outdooortrends-april\/#primaryimage","url":"https:\/\/spanienaktuell.net\/wordpress\/wp-content\/uploads\/2021\/03\/Sarvo.jpg","contentUrl":"https:\/\/spanienaktuell.net\/wordpress\/wp-content\/uploads\/2021\/03\/Sarvo.jpg","width":773,"height":550},{"@type":"BreadcrumbList","@id":"https:\/\/spanienaktuell.net\/wordpress\/outdooortrends-april\/#breadcrumb","itemListElement":[{"@type":"ListItem","position":1,"name":"Portada","item":"https:\/\/spanienaktuell.net\/wordpress\/"},{"@type":"ListItem","position":2,"name":"OUTDOOORTRENDS April"}]},{"@type":"WebSite","@id":"https:\/\/spanienaktuell.net\/wordpress\/#website","url":"https:\/\/spanienaktuell.net\/wordpress\/","name":"Spanien aktuell","description":"The German magazine number 1 on the Costa del Sol","publisher":{"@id":"https:\/\/spanienaktuell.net\/wordpress\/#organization"},"potentialAction":[{"@type":"SearchAction","target":{"@type":"EntryPoint","urlTemplate":"https:\/\/spanienaktuell.net\/wordpress\/?s={search_term_string}"},"query-input":{"@type":"PropertyValueSpecification","valueRequired":true,"valueName":"search_term_string"}}],"inLanguage":"es"},{"@type":"Organization","@id":"https:\/\/spanienaktuell.net\/wordpress\/#organization","name":"Spanien aktuell","url":"https:\/\/spanienaktuell.net\/wordpress\/","logo":{"@type":"ImageObject","inLanguage":"es","@id":"https:\/\/spanienaktuell.net\/wordpress\/#\/schema\/logo\/image\/","url":"https:\/\/spanienaktuell.net\/wordpress\/wp-content\/uploads\/2019\/06\/cropped-Logo-spanien-aktuell-png-web-e1561631085388.png","contentUrl":"https:\/\/spanienaktuell.net\/wordpress\/wp-content\/uploads\/2019\/06\/cropped-Logo-spanien-aktuell-png-web-e1561631085388.png","width":512,"height":110,"caption":"Spanien aktuell"},"image":{"@id":"https:\/\/spanienaktuell.net\/wordpress\/#\/schema\/logo\/image\/"}},{"@type":"Person","@id":"https:\/\/spanienaktuell.net\/wordpress\/#\/schema\/person\/bc410cfae0161b201d837ebfeeba7fd0","name":"Spanien Aktuell","image":{"@type":"ImageObject","inLanguage":"es","@id":"https:\/\/spanienaktuell.net\/wordpress\/#\/schema\/person\/image\/","url":"https:\/\/spanienaktuell.net\/wordpress\/wp-content\/uploads\/2019\/06\/cropped-Logo-spanien-aktuell-png-fav2-100x100.png","contentUrl":"https:\/\/spanienaktuell.net\/wordpress\/wp-content\/uploads\/2019\/06\/cropped-Logo-spanien-aktuell-png-fav2-100x100.png","caption":"Spanien Aktuell"},"url":"https:\/\/spanienaktuell.net\/wordpress\/author\/koalum\/"}]}},"_links":{"self":[{"href":"https:\/\/spanienaktuell.net\/wordpress\/wp-json\/wp\/v2\/posts\/91819","targetHints":{"allow":["GET"]}}],"collection":[{"href":"https:\/\/spanienaktuell.net\/wordpress\/wp-json\/wp\/v2\/posts"}],"about":[{"href":"https:\/\/spanienaktuell.net\/wordpress\/wp-json\/wp\/v2\/types\/post"}],"author":[{"embeddable":true,"href":"https:\/\/spanienaktuell.net\/wordpress\/wp-json\/wp\/v2\/users\/3"}],"replies":[{"embeddable":true,"href":"https:\/\/spanienaktuell.net\/wordpress\/wp-json\/wp\/v2\/comments?post=91819"}],"version-history":[{"count":1,"href":"https:\/\/spanienaktuell.net\/wordpress\/wp-json\/wp\/v2\/posts\/91819\/revisions"}],"predecessor-version":[{"id":91829,"href":"https:\/\/spanienaktuell.net\/wordpress\/wp-json\/wp\/v2\/posts\/91819\/revisions\/91829"}],"wp:featuredmedia":[{"embeddable":true,"href":"https:\/\/spanienaktuell.net\/wordpress\/wp-json\/wp\/v2\/media\/91820"}],"wp:attachment":[{"href":"https:\/\/spanienaktuell.net\/wordpress\/wp-json\/wp\/v2\/media?parent=91819"}],"wp:term":[{"taxonomy":"category","embeddable":true,"href":"https:\/\/spanienaktuell.net\/wordpress\/wp-json\/wp\/v2\/categories?post=91819"},{"taxonomy":"post_tag","embeddable":true,"href":"https:\/\/spanienaktuell.net\/wordpress\/wp-json\/wp\/v2\/tags?post=91819"}],"curies":[{"name":"wp","href":"https:\/\/api.w.org\/{rel}","templated":true}]}}