{"id":91935,"date":"2021-05-01T06:03:02","date_gmt":"2021-05-01T06:03:02","guid":{"rendered":"https:\/\/spanienaktuell.net\/wordpress\/?p=91935"},"modified":"2021-05-03T08:06:04","modified_gmt":"2021-05-03T08:06:04","slug":"auszug-aus-dem-buch-grundeigentum-in-spanien-von-a-z-fur-eigentumer-kaufer-und-verkaufer-vollstandige-neubearbeitung-7-auflage-16","status":"publish","type":"post","link":"https:\/\/spanienaktuell.net\/wordpress\/auszug-aus-dem-buch-grundeigentum-in-spanien-von-a-z-fur-eigentumer-kaufer-und-verkaufer-vollstandige-neubearbeitung-7-auflage-16\/","title":{"rendered":"Auszug aus dem Buch: Grundeigentum in Spanien von A \u2013 Z f\u00fcr Eigent\u00fcmer, K\u00e4ufer und Verk\u00e4ufer (Vollst\u00e4ndige Neubearbeitung 7. Auflage)."},"content":{"rendered":"<div class=\"wpb-content-wrapper\"><p>[vc_row][vc_column width=\u00bb1\/3&#8243;][vc_single_image media=\u00bb2809&#8243; media_width_percent=\u00bb60&#8243; alignment=\u00bbcenter\u00bb][\/vc_column][vc_column width=\u00bb1\/3&#8243;][vc_single_image media=\u00bb4501&#8243; media_width_percent=\u00bb60&#8243; alignment=\u00bbcenter\u00bb][\/vc_column][vc_column width=\u00bb1\/3&#8243;][vc_single_image media=\u00bb4030&#8243; media_width_percent=\u00bb72&#8243; alignment=\u00bbcenter\u00bb][\/vc_column][\/vc_row][vc_row][vc_column width=\u00bb1\/1&#8243;][vc_column_text]<\/p>\n<p style=\"text-align: center;\"><em><b>Von Dr. Burckhardt L\u00f6ber, Dr. Alexander Steinmetz &amp; Roc\u00edo Garc\u00eda Alc\u00e1zar<\/b><\/em><\/p>\n<p><b><img decoding=\"async\" class=\"aligncenter size-full wp-image-1296\" src=\"http:\/\/spanienaktuell.net\/wordpress\/wp-content\/uploads\/2017\/01\/Lober.png\" alt=\"\" width=\"592\" height=\"435\" srcset=\"https:\/\/spanienaktuell.net\/wordpress\/wp-content\/uploads\/2017\/01\/Lober.png 592w, https:\/\/spanienaktuell.net\/wordpress\/wp-content\/uploads\/2017\/01\/Lober-300x220.png 300w, https:\/\/spanienaktuell.net\/wordpress\/wp-content\/uploads\/2017\/01\/Lober-80x60.png 80w, https:\/\/spanienaktuell.net\/wordpress\/wp-content\/uploads\/2017\/01\/Lober-572x420.png 572w\" sizes=\"(max-width: 592px) 100vw, 592px\" \/><\/b><b><\/b><\/p>\n<h2><strong>Obligatorische Bauversicherung<\/strong><\/h2>\n<p>Weil die Einf\u00fchrung der obligatorischen Bauversicherung f\u00fcr alle drei M\u00e4ngelarten auf einmal die Baupreise \u00fcberm\u00e4\u00dfig in die H\u00f6he getrieben und die hei\u00df laufende Baukonjunktur weiter erhitzt h\u00e4tte, ist zun\u00e4chst nur die wichtigste Versicherung \u2013die f\u00fcr strukturelle Baum\u00e4ngel- mit ihrer zehnj\u00e4hrigen Dauer in Kraft getreten. Der Grundbuchf\u00fchrer darf eine Neubauerkl\u00e4rung ohne Vorlage der Versicherungspolice nicht in das Grundbuch eintragen.<\/p>\n<p>Eine einzige Ausnahme gilt f\u00fcr die sogenannten \u201eautopromotor\u201c einer einzigen Wohneinheit zur Selbstnutzung, d.h. f\u00fcr den Bauherrn, der zugleich Eigent\u00fcmer ist und das Objekt nach Fertigstellung selbst zu nutzen beabsichtigt. Wird jedoch das Objekt innerhalb der Zehnjahresfrist an einen Dritten verkauft, so ist die obligatorische Bauversicherung zwingend abzuschlie\u00dfen, es sei denn, der neue Eigent\u00fcmer verzichtet hierauf.<\/p>\n<p><u>Wer sind die am Bau Beteiligten und wie weit reicht deren Haftung?<\/u><\/p>\n<p><strong>Das Gesetz definiert die am Bau Beteiligten und ihre Funktion wie folgt:<\/strong><\/p>\n<p>&#8211; Bautr\u00e4ger &#8211; promotor<\/p>\n<p>&#8211; Architekt und Statiker &#8211; proyectista<\/p>\n<p>&#8211; Bauunternehmer \u2013 constructor. Dieser f\u00fchrt das Projekt gem\u00e4\u00df Plan durch.<\/p>\n<p>&#8211; Bauleiter \u2013 jefe de la obra. Der Bauleiter wacht \u00fcber die Bauarbeiten, auch in technischer, \u00e4sthetischer, urbanistischer und umweltrechtlicher Hinsicht gem\u00e4\u00df der Bauerlaubnis. Weitere Beteiligte sind die Laboratorien, die die Bauqualit\u00e4ts-pr\u00fcfungen vornehmen und \u00fcberwachen.<\/p>\n<p>&#8211; Die Zulieferer \u2013 suminstradores de productos sind weitere Beteiligte, also Lieferanten, Importeure, Baustoffgro\u00dfh\u00e4ndler. Deren Verpflichtung ist es, in jeder Hinsicht fehlerfreies Baumaterial zu liefern.<\/p>\n<p>Hauptanliegen des Gesetzgebers ist es, die Qualit\u00e4t der Neubauten auf ein hohes Niveau zu heben und Pfusch am Bau zu verhindern. Den Architekten und Statikern kommt aufgrund ihrer akademischen Ausbildung insbesondere die Aufgabe des Koordinators f\u00fcr Sicherheit und Gesundheit aufgrund des Kgl. Dekrets 1627\/1997 zu.<\/p>\n<p>Eine weitere Neuerung des Gesetzes war die Einf\u00fchrung des so genannten Geb\u00e4udebuchs, welches den Bautr\u00e4gern oder den Bauherren auszuh\u00e4ndigen ist.<\/p>\n<p><strong>Bauversicherung \u2013 Seguro de obra<\/strong><\/p>\n<p>Beim Bauen k\u00f6nnen verschiedene Versicherungen abgeschlossen werden. Obligatorisch ist nach den Bauordnungsgesetz (Ley de Ordenaci\u00f3n de la Edificaci\u00f3n) f\u00fcr Bautr\u00e4ger nur der Abschluss der \u201eDecenal\u201c, einer zehnj\u00e4hrigen Garantieabsicherung auf schwere Baum\u00e4ngel (gegen grobe Bausch\u00e4den), vgl. Rz 23.<\/p>\n<p><strong>Die wichtigsten sonstigen Versicherungen sind:<\/strong><\/p>\n<p><strong><u>Bauwesenversicherung<\/u><\/strong><\/p>\n<p>Versichert sind direkte, pl\u00f6tzliche und unverhoffte, von au\u00dfen auftretende Sch\u00e4den und Verluste, die w\u00e4hrend der Bauzeit am Objekt entstehen, Elementarsch\u00e4den sowie Diebstahl von Baumaterial.<\/p>\n<p><strong><u>Au\u00dfervertragliche Haftpflicht<\/u><\/strong><\/p>\n<p>Die Deckung greift ein, wenn w\u00e4hrend deren Baudurchf\u00fchrung Sch\u00e4den oder Unf\u00e4lle zu Lasten Dritter entstehen.<\/p>\n<p><strong><u>Unfall-Kollektiv-Versicherung<\/u><\/strong><\/p>\n<p>Das Gewerkschaftsabkommen f\u00fcr Bauarbeiter sieht eine Anzahl von Entsch\u00e4digungen f\u00fcr alle Arbeiter, die das Abkommen betrifft, vor.<\/p>\n<p><strong>\u00a0Vorstehender Beitrag wurde mit Erlaubnis des Verlags Edition f\u00fcr internationale Wirtschaft, Frankfurt am Main und deren Autoren der Neuauflage 2019 des Titels Grundeigentum in Spanien von A bis Z entnommen. <\/strong><\/p>\n<p><strong>Die Autoren Dr. Alexander Steinmetz und Roc\u00edo Garc\u00eda Alc\u00e1zar sind Partner der Rechtsanwaltskanzlei L\u00f6ber Steinmetz &amp; Garc\u00eda, Partnerschaft von Rechtsanw\u00e4lten mbB, Frankfurt, K\u00f6ln. E-Mail: <\/strong><a href=\"mailto:info@loeber-steinmetz.de\"><strong>info@loeber-steinmetz.de<\/strong><\/a><\/p>\n<p>Tel: +49-(0)69 96 22 11 23, +49-(0)221 82 82 97 09\u00a0\u00a0 www.loeber-steinmetz.de<\/p>\n<p>In Kooperation mit L\u00f6ber Steinmetz Garc\u00eda Rechtsanw\u00e4lte y Abogados S.L.P., Mallorca und Teneriffa, Tel. +34 971 72 03 72, Tel. +34 922 38 03 15<\/p>\n<p><strong>Buchbestellung:<\/strong><\/p>\n<p><strong><img decoding=\"async\" class=\" wp-image-87295 alignnone\" src=\"https:\/\/spanienaktuell.net\/wordpress\/wp-content\/uploads\/2020\/01\/Cover.png\" alt=\"\" width=\"289\" height=\"468\" srcset=\"https:\/\/spanienaktuell.net\/wordpress\/wp-content\/uploads\/2020\/01\/Cover.png 652w, https:\/\/spanienaktuell.net\/wordpress\/wp-content\/uploads\/2020\/01\/Cover-185x300.png 185w, https:\/\/spanienaktuell.net\/wordpress\/wp-content\/uploads\/2020\/01\/Cover-632x1024.png 632w\" sizes=\"(max-width: 289px) 100vw, 289px\" \/><\/strong><\/p>\n<p><strong>Grundeigentum in Spanien von A \u2013 Z f\u00fcr Eigent\u00fcmer, K\u00e4ufer und Verk\u00e4ufer (Vollst\u00e4ndige Neubearbeitung 7. Auflage) 216 Seiten , \u20ac 38,- . <\/strong><\/p>\n<p>edition f\u00fcr internationale Wirtschaft Verlagsauslieferung W. Jenior<\/p>\n<p>Marienstra\u00dfe 5, 34117 Kassel, Telefon: +49 (0) 561\/739 16 21, Fax: +49 (0)561\/774148<\/p>\n<p>E-Mail: service@jenior.de , www.edition-spanien.de[\/vc_column_text][\/vc_column][\/vc_row]<\/p>\n<\/div>","protected":false},"excerpt":{"rendered":"<p>[vc_row][vc_column width=\u00bb1\/3&#8243;][vc_single_image media=\u00bb2809&#8243; media_width_percent=\u00bb60&#8243; alignment=\u00bbcenter\u00bb][\/vc_column][vc_column width=\u00bb1\/3&#8243;][vc_single_image media=\u00bb4501&#8243; media_width_percent=\u00bb60&#8243; alignment=\u00bbcenter\u00bb][\/vc_column][vc_column width=\u00bb1\/3&#8243;][vc_single_image media=\u00bb4030&#8243; media_width_percent=\u00bb72&#8243; alignment=\u00bbcenter\u00bb][\/vc_column][\/vc_row][vc_row][vc_column width=\u00bb1\/1&#8243;][vc_column_text] Von Dr. Burckhardt L\u00f6ber, Dr. Alexander [&hellip;]<\/p>\n","protected":false},"author":3,"featured_media":1296,"comment_status":"closed","ping_status":"closed","sticky":false,"template":"","format":"standard","meta":{"footnotes":""},"categories":[30],"tags":[],"class_list":["post-91935","post","type-post","status-publish","format-standard","has-post-thumbnail","hentry","category-recht-gesellschaft"],"yoast_head":"<!-- This site is optimized with the Yoast SEO plugin v27.1.1 - https:\/\/yoast.com\/product\/yoast-seo-wordpress\/ -->\n<title>Auszug aus dem Buch: Grundeigentum in Spanien von A \u2013 Z f\u00fcr Eigent\u00fcmer, K\u00e4ufer und Verk\u00e4ufer (Vollst\u00e4ndige Neubearbeitung 7. Auflage). - Spanien aktuell<\/title>\n<meta name=\"robots\" content=\"index, follow, max-snippet:-1, max-image-preview:large, max-video-preview:-1\" \/>\n<link rel=\"canonical\" href=\"https:\/\/spanienaktuell.net\/wordpress\/auszug-aus-dem-buch-grundeigentum-in-spanien-von-a-z-fur-eigentumer-kaufer-und-verkaufer-vollstandige-neubearbeitung-7-auflage-16\/\" \/>\n<meta property=\"og:locale\" content=\"es_ES\" \/>\n<meta property=\"og:type\" content=\"article\" \/>\n<meta property=\"og:title\" content=\"Auszug aus dem Buch: Grundeigentum in Spanien von A \u2013 Z f\u00fcr Eigent\u00fcmer, K\u00e4ufer und Verk\u00e4ufer (Vollst\u00e4ndige Neubearbeitung 7. Auflage). - Spanien aktuell\" \/>\n<meta property=\"og:description\" content=\"[vc_row][vc_column width=\u00bb1\/3&#8243;][vc_single_image media=\u00bb2809&#8243; media_width_percent=\u00bb60&#8243; alignment=\u00bbcenter\u00bb][\/vc_column][vc_column width=\u00bb1\/3&#8243;][vc_single_image media=\u00bb4501&#8243; media_width_percent=\u00bb60&#8243; alignment=\u00bbcenter\u00bb][\/vc_column][vc_column width=\u00bb1\/3&#8243;][vc_single_image media=\u00bb4030&#8243; media_width_percent=\u00bb72&#8243; alignment=\u00bbcenter\u00bb][\/vc_column][\/vc_row][vc_row][vc_column width=\u00bb1\/1&#8243;][vc_column_text] Von Dr. Burckhardt L\u00f6ber, Dr. Alexander [&hellip;]\" \/>\n<meta property=\"og:url\" content=\"https:\/\/spanienaktuell.net\/wordpress\/auszug-aus-dem-buch-grundeigentum-in-spanien-von-a-z-fur-eigentumer-kaufer-und-verkaufer-vollstandige-neubearbeitung-7-auflage-16\/\" \/>\n<meta property=\"og:site_name\" content=\"Spanien aktuell\" \/>\n<meta property=\"article:published_time\" content=\"2021-05-01T06:03:02+00:00\" \/>\n<meta property=\"article:modified_time\" content=\"2021-05-03T08:06:04+00:00\" \/>\n<meta property=\"og:image\" content=\"https:\/\/spanienaktuell.net\/wordpress\/wp-content\/uploads\/2017\/01\/Lober.png\" \/>\n\t<meta property=\"og:image:width\" content=\"592\" \/>\n\t<meta property=\"og:image:height\" content=\"435\" \/>\n\t<meta property=\"og:image:type\" content=\"image\/png\" \/>\n<meta name=\"author\" content=\"Spanien Aktuell\" \/>\n<meta name=\"twitter:card\" content=\"summary_large_image\" \/>\n<meta name=\"twitter:label1\" content=\"Escrito por\" \/>\n\t<meta name=\"twitter:data1\" content=\"Spanien Aktuell\" \/>\n\t<meta name=\"twitter:label2\" content=\"Tiempo de lectura\" \/>\n\t<meta name=\"twitter:data2\" content=\"3 minutos\" \/>\n<script type=\"application\/ld+json\" class=\"yoast-schema-graph\">{\"@context\":\"https:\/\/schema.org\",\"@graph\":[{\"@type\":\"Article\",\"@id\":\"https:\/\/spanienaktuell.net\/wordpress\/auszug-aus-dem-buch-grundeigentum-in-spanien-von-a-z-fur-eigentumer-kaufer-und-verkaufer-vollstandige-neubearbeitung-7-auflage-16\/#article\",\"isPartOf\":{\"@id\":\"https:\/\/spanienaktuell.net\/wordpress\/auszug-aus-dem-buch-grundeigentum-in-spanien-von-a-z-fur-eigentumer-kaufer-und-verkaufer-vollstandige-neubearbeitung-7-auflage-16\/\"},\"author\":{\"name\":\"Spanien Aktuell\",\"@id\":\"https:\/\/spanienaktuell.net\/wordpress\/#\/schema\/person\/bc410cfae0161b201d837ebfeeba7fd0\"},\"headline\":\"Auszug aus dem Buch: Grundeigentum in Spanien von A \u2013 Z f\u00fcr Eigent\u00fcmer, K\u00e4ufer und Verk\u00e4ufer (Vollst\u00e4ndige Neubearbeitung 7. Auflage).\",\"datePublished\":\"2021-05-01T06:03:02+00:00\",\"dateModified\":\"2021-05-03T08:06:04+00:00\",\"mainEntityOfPage\":{\"@id\":\"https:\/\/spanienaktuell.net\/wordpress\/auszug-aus-dem-buch-grundeigentum-in-spanien-von-a-z-fur-eigentumer-kaufer-und-verkaufer-vollstandige-neubearbeitung-7-auflage-16\/\"},\"wordCount\":669,\"publisher\":{\"@id\":\"https:\/\/spanienaktuell.net\/wordpress\/#organization\"},\"image\":{\"@id\":\"https:\/\/spanienaktuell.net\/wordpress\/auszug-aus-dem-buch-grundeigentum-in-spanien-von-a-z-fur-eigentumer-kaufer-und-verkaufer-vollstandige-neubearbeitung-7-auflage-16\/#primaryimage\"},\"thumbnailUrl\":\"https:\/\/spanienaktuell.net\/wordpress\/wp-content\/uploads\/2017\/01\/Lober.png\",\"articleSection\":[\"Recht\"],\"inLanguage\":\"es\"},{\"@type\":\"WebPage\",\"@id\":\"https:\/\/spanienaktuell.net\/wordpress\/auszug-aus-dem-buch-grundeigentum-in-spanien-von-a-z-fur-eigentumer-kaufer-und-verkaufer-vollstandige-neubearbeitung-7-auflage-16\/\",\"url\":\"https:\/\/spanienaktuell.net\/wordpress\/auszug-aus-dem-buch-grundeigentum-in-spanien-von-a-z-fur-eigentumer-kaufer-und-verkaufer-vollstandige-neubearbeitung-7-auflage-16\/\",\"name\":\"Auszug aus dem Buch: Grundeigentum in Spanien von A \u2013 Z f\u00fcr Eigent\u00fcmer, K\u00e4ufer und Verk\u00e4ufer (Vollst\u00e4ndige Neubearbeitung 7. Auflage). - Spanien aktuell\",\"isPartOf\":{\"@id\":\"https:\/\/spanienaktuell.net\/wordpress\/#website\"},\"primaryImageOfPage\":{\"@id\":\"https:\/\/spanienaktuell.net\/wordpress\/auszug-aus-dem-buch-grundeigentum-in-spanien-von-a-z-fur-eigentumer-kaufer-und-verkaufer-vollstandige-neubearbeitung-7-auflage-16\/#primaryimage\"},\"image\":{\"@id\":\"https:\/\/spanienaktuell.net\/wordpress\/auszug-aus-dem-buch-grundeigentum-in-spanien-von-a-z-fur-eigentumer-kaufer-und-verkaufer-vollstandige-neubearbeitung-7-auflage-16\/#primaryimage\"},\"thumbnailUrl\":\"https:\/\/spanienaktuell.net\/wordpress\/wp-content\/uploads\/2017\/01\/Lober.png\",\"datePublished\":\"2021-05-01T06:03:02+00:00\",\"dateModified\":\"2021-05-03T08:06:04+00:00\",\"breadcrumb\":{\"@id\":\"https:\/\/spanienaktuell.net\/wordpress\/auszug-aus-dem-buch-grundeigentum-in-spanien-von-a-z-fur-eigentumer-kaufer-und-verkaufer-vollstandige-neubearbeitung-7-auflage-16\/#breadcrumb\"},\"inLanguage\":\"es\",\"potentialAction\":[{\"@type\":\"ReadAction\",\"target\":[\"https:\/\/spanienaktuell.net\/wordpress\/auszug-aus-dem-buch-grundeigentum-in-spanien-von-a-z-fur-eigentumer-kaufer-und-verkaufer-vollstandige-neubearbeitung-7-auflage-16\/\"]}]},{\"@type\":\"ImageObject\",\"inLanguage\":\"es\",\"@id\":\"https:\/\/spanienaktuell.net\/wordpress\/auszug-aus-dem-buch-grundeigentum-in-spanien-von-a-z-fur-eigentumer-kaufer-und-verkaufer-vollstandige-neubearbeitung-7-auflage-16\/#primaryimage\",\"url\":\"https:\/\/spanienaktuell.net\/wordpress\/wp-content\/uploads\/2017\/01\/Lober.png\",\"contentUrl\":\"https:\/\/spanienaktuell.net\/wordpress\/wp-content\/uploads\/2017\/01\/Lober.png\",\"width\":592,\"height\":435},{\"@type\":\"BreadcrumbList\",\"@id\":\"https:\/\/spanienaktuell.net\/wordpress\/auszug-aus-dem-buch-grundeigentum-in-spanien-von-a-z-fur-eigentumer-kaufer-und-verkaufer-vollstandige-neubearbeitung-7-auflage-16\/#breadcrumb\",\"itemListElement\":[{\"@type\":\"ListItem\",\"position\":1,\"name\":\"Portada\",\"item\":\"https:\/\/spanienaktuell.net\/wordpress\/\"},{\"@type\":\"ListItem\",\"position\":2,\"name\":\"Auszug aus dem Buch: Grundeigentum in Spanien von A \u2013 Z f\u00fcr Eigent\u00fcmer, K\u00e4ufer und Verk\u00e4ufer (Vollst\u00e4ndige Neubearbeitung 7. Auflage).\"}]},{\"@type\":\"WebSite\",\"@id\":\"https:\/\/spanienaktuell.net\/wordpress\/#website\",\"url\":\"https:\/\/spanienaktuell.net\/wordpress\/\",\"name\":\"Spanien aktuell\",\"description\":\"The German magazine number 1 on the Costa del Sol\",\"publisher\":{\"@id\":\"https:\/\/spanienaktuell.net\/wordpress\/#organization\"},\"potentialAction\":[{\"@type\":\"SearchAction\",\"target\":{\"@type\":\"EntryPoint\",\"urlTemplate\":\"https:\/\/spanienaktuell.net\/wordpress\/?s={search_term_string}\"},\"query-input\":{\"@type\":\"PropertyValueSpecification\",\"valueRequired\":true,\"valueName\":\"search_term_string\"}}],\"inLanguage\":\"es\"},{\"@type\":\"Organization\",\"@id\":\"https:\/\/spanienaktuell.net\/wordpress\/#organization\",\"name\":\"Spanien aktuell\",\"url\":\"https:\/\/spanienaktuell.net\/wordpress\/\",\"logo\":{\"@type\":\"ImageObject\",\"inLanguage\":\"es\",\"@id\":\"https:\/\/spanienaktuell.net\/wordpress\/#\/schema\/logo\/image\/\",\"url\":\"https:\/\/spanienaktuell.net\/wordpress\/wp-content\/uploads\/2019\/06\/cropped-Logo-spanien-aktuell-png-web-e1561631085388.png\",\"contentUrl\":\"https:\/\/spanienaktuell.net\/wordpress\/wp-content\/uploads\/2019\/06\/cropped-Logo-spanien-aktuell-png-web-e1561631085388.png\",\"width\":512,\"height\":110,\"caption\":\"Spanien aktuell\"},\"image\":{\"@id\":\"https:\/\/spanienaktuell.net\/wordpress\/#\/schema\/logo\/image\/\"}},{\"@type\":\"Person\",\"@id\":\"https:\/\/spanienaktuell.net\/wordpress\/#\/schema\/person\/bc410cfae0161b201d837ebfeeba7fd0\",\"name\":\"Spanien Aktuell\",\"image\":{\"@type\":\"ImageObject\",\"inLanguage\":\"es\",\"@id\":\"https:\/\/spanienaktuell.net\/wordpress\/#\/schema\/person\/image\/\",\"url\":\"https:\/\/spanienaktuell.net\/wordpress\/wp-content\/uploads\/2019\/06\/cropped-Logo-spanien-aktuell-png-fav2-100x100.png\",\"contentUrl\":\"https:\/\/spanienaktuell.net\/wordpress\/wp-content\/uploads\/2019\/06\/cropped-Logo-spanien-aktuell-png-fav2-100x100.png\",\"caption\":\"Spanien Aktuell\"},\"url\":\"https:\/\/spanienaktuell.net\/wordpress\/author\/koalum\/\"}]}<\/script>\n<!-- \/ Yoast SEO plugin. -->","yoast_head_json":{"title":"Auszug aus dem Buch: Grundeigentum in Spanien von A \u2013 Z f\u00fcr Eigent\u00fcmer, K\u00e4ufer und Verk\u00e4ufer (Vollst\u00e4ndige Neubearbeitung 7. Auflage). - Spanien aktuell","robots":{"index":"index","follow":"follow","max-snippet":"max-snippet:-1","max-image-preview":"max-image-preview:large","max-video-preview":"max-video-preview:-1"},"canonical":"https:\/\/spanienaktuell.net\/wordpress\/auszug-aus-dem-buch-grundeigentum-in-spanien-von-a-z-fur-eigentumer-kaufer-und-verkaufer-vollstandige-neubearbeitung-7-auflage-16\/","og_locale":"es_ES","og_type":"article","og_title":"Auszug aus dem Buch: Grundeigentum in Spanien von A \u2013 Z f\u00fcr Eigent\u00fcmer, K\u00e4ufer und Verk\u00e4ufer (Vollst\u00e4ndige Neubearbeitung 7. Auflage). - Spanien aktuell","og_description":"[vc_row][vc_column width=\u00bb1\/3&#8243;][vc_single_image media=\u00bb2809&#8243; media_width_percent=\u00bb60&#8243; alignment=\u00bbcenter\u00bb][\/vc_column][vc_column width=\u00bb1\/3&#8243;][vc_single_image media=\u00bb4501&#8243; media_width_percent=\u00bb60&#8243; alignment=\u00bbcenter\u00bb][\/vc_column][vc_column width=\u00bb1\/3&#8243;][vc_single_image media=\u00bb4030&#8243; media_width_percent=\u00bb72&#8243; alignment=\u00bbcenter\u00bb][\/vc_column][\/vc_row][vc_row][vc_column width=\u00bb1\/1&#8243;][vc_column_text] Von Dr. Burckhardt L\u00f6ber, Dr. Alexander [&hellip;]","og_url":"https:\/\/spanienaktuell.net\/wordpress\/auszug-aus-dem-buch-grundeigentum-in-spanien-von-a-z-fur-eigentumer-kaufer-und-verkaufer-vollstandige-neubearbeitung-7-auflage-16\/","og_site_name":"Spanien aktuell","article_published_time":"2021-05-01T06:03:02+00:00","article_modified_time":"2021-05-03T08:06:04+00:00","og_image":[{"width":592,"height":435,"url":"https:\/\/spanienaktuell.net\/wordpress\/wp-content\/uploads\/2017\/01\/Lober.png","type":"image\/png"}],"author":"Spanien Aktuell","twitter_card":"summary_large_image","twitter_misc":{"Escrito por":"Spanien Aktuell","Tiempo de lectura":"3 minutos"},"schema":{"@context":"https:\/\/schema.org","@graph":[{"@type":"Article","@id":"https:\/\/spanienaktuell.net\/wordpress\/auszug-aus-dem-buch-grundeigentum-in-spanien-von-a-z-fur-eigentumer-kaufer-und-verkaufer-vollstandige-neubearbeitung-7-auflage-16\/#article","isPartOf":{"@id":"https:\/\/spanienaktuell.net\/wordpress\/auszug-aus-dem-buch-grundeigentum-in-spanien-von-a-z-fur-eigentumer-kaufer-und-verkaufer-vollstandige-neubearbeitung-7-auflage-16\/"},"author":{"name":"Spanien Aktuell","@id":"https:\/\/spanienaktuell.net\/wordpress\/#\/schema\/person\/bc410cfae0161b201d837ebfeeba7fd0"},"headline":"Auszug aus dem Buch: Grundeigentum in Spanien von A \u2013 Z f\u00fcr Eigent\u00fcmer, K\u00e4ufer und Verk\u00e4ufer (Vollst\u00e4ndige Neubearbeitung 7. Auflage).","datePublished":"2021-05-01T06:03:02+00:00","dateModified":"2021-05-03T08:06:04+00:00","mainEntityOfPage":{"@id":"https:\/\/spanienaktuell.net\/wordpress\/auszug-aus-dem-buch-grundeigentum-in-spanien-von-a-z-fur-eigentumer-kaufer-und-verkaufer-vollstandige-neubearbeitung-7-auflage-16\/"},"wordCount":669,"publisher":{"@id":"https:\/\/spanienaktuell.net\/wordpress\/#organization"},"image":{"@id":"https:\/\/spanienaktuell.net\/wordpress\/auszug-aus-dem-buch-grundeigentum-in-spanien-von-a-z-fur-eigentumer-kaufer-und-verkaufer-vollstandige-neubearbeitung-7-auflage-16\/#primaryimage"},"thumbnailUrl":"https:\/\/spanienaktuell.net\/wordpress\/wp-content\/uploads\/2017\/01\/Lober.png","articleSection":["Recht"],"inLanguage":"es"},{"@type":"WebPage","@id":"https:\/\/spanienaktuell.net\/wordpress\/auszug-aus-dem-buch-grundeigentum-in-spanien-von-a-z-fur-eigentumer-kaufer-und-verkaufer-vollstandige-neubearbeitung-7-auflage-16\/","url":"https:\/\/spanienaktuell.net\/wordpress\/auszug-aus-dem-buch-grundeigentum-in-spanien-von-a-z-fur-eigentumer-kaufer-und-verkaufer-vollstandige-neubearbeitung-7-auflage-16\/","name":"Auszug aus dem Buch: Grundeigentum in Spanien von A \u2013 Z f\u00fcr Eigent\u00fcmer, K\u00e4ufer und Verk\u00e4ufer (Vollst\u00e4ndige Neubearbeitung 7. Auflage). - Spanien aktuell","isPartOf":{"@id":"https:\/\/spanienaktuell.net\/wordpress\/#website"},"primaryImageOfPage":{"@id":"https:\/\/spanienaktuell.net\/wordpress\/auszug-aus-dem-buch-grundeigentum-in-spanien-von-a-z-fur-eigentumer-kaufer-und-verkaufer-vollstandige-neubearbeitung-7-auflage-16\/#primaryimage"},"image":{"@id":"https:\/\/spanienaktuell.net\/wordpress\/auszug-aus-dem-buch-grundeigentum-in-spanien-von-a-z-fur-eigentumer-kaufer-und-verkaufer-vollstandige-neubearbeitung-7-auflage-16\/#primaryimage"},"thumbnailUrl":"https:\/\/spanienaktuell.net\/wordpress\/wp-content\/uploads\/2017\/01\/Lober.png","datePublished":"2021-05-01T06:03:02+00:00","dateModified":"2021-05-03T08:06:04+00:00","breadcrumb":{"@id":"https:\/\/spanienaktuell.net\/wordpress\/auszug-aus-dem-buch-grundeigentum-in-spanien-von-a-z-fur-eigentumer-kaufer-und-verkaufer-vollstandige-neubearbeitung-7-auflage-16\/#breadcrumb"},"inLanguage":"es","potentialAction":[{"@type":"ReadAction","target":["https:\/\/spanienaktuell.net\/wordpress\/auszug-aus-dem-buch-grundeigentum-in-spanien-von-a-z-fur-eigentumer-kaufer-und-verkaufer-vollstandige-neubearbeitung-7-auflage-16\/"]}]},{"@type":"ImageObject","inLanguage":"es","@id":"https:\/\/spanienaktuell.net\/wordpress\/auszug-aus-dem-buch-grundeigentum-in-spanien-von-a-z-fur-eigentumer-kaufer-und-verkaufer-vollstandige-neubearbeitung-7-auflage-16\/#primaryimage","url":"https:\/\/spanienaktuell.net\/wordpress\/wp-content\/uploads\/2017\/01\/Lober.png","contentUrl":"https:\/\/spanienaktuell.net\/wordpress\/wp-content\/uploads\/2017\/01\/Lober.png","width":592,"height":435},{"@type":"BreadcrumbList","@id":"https:\/\/spanienaktuell.net\/wordpress\/auszug-aus-dem-buch-grundeigentum-in-spanien-von-a-z-fur-eigentumer-kaufer-und-verkaufer-vollstandige-neubearbeitung-7-auflage-16\/#breadcrumb","itemListElement":[{"@type":"ListItem","position":1,"name":"Portada","item":"https:\/\/spanienaktuell.net\/wordpress\/"},{"@type":"ListItem","position":2,"name":"Auszug aus dem Buch: Grundeigentum in Spanien von A \u2013 Z f\u00fcr Eigent\u00fcmer, K\u00e4ufer und Verk\u00e4ufer (Vollst\u00e4ndige Neubearbeitung 7. Auflage)."}]},{"@type":"WebSite","@id":"https:\/\/spanienaktuell.net\/wordpress\/#website","url":"https:\/\/spanienaktuell.net\/wordpress\/","name":"Spanien aktuell","description":"The German magazine number 1 on the Costa del Sol","publisher":{"@id":"https:\/\/spanienaktuell.net\/wordpress\/#organization"},"potentialAction":[{"@type":"SearchAction","target":{"@type":"EntryPoint","urlTemplate":"https:\/\/spanienaktuell.net\/wordpress\/?s={search_term_string}"},"query-input":{"@type":"PropertyValueSpecification","valueRequired":true,"valueName":"search_term_string"}}],"inLanguage":"es"},{"@type":"Organization","@id":"https:\/\/spanienaktuell.net\/wordpress\/#organization","name":"Spanien aktuell","url":"https:\/\/spanienaktuell.net\/wordpress\/","logo":{"@type":"ImageObject","inLanguage":"es","@id":"https:\/\/spanienaktuell.net\/wordpress\/#\/schema\/logo\/image\/","url":"https:\/\/spanienaktuell.net\/wordpress\/wp-content\/uploads\/2019\/06\/cropped-Logo-spanien-aktuell-png-web-e1561631085388.png","contentUrl":"https:\/\/spanienaktuell.net\/wordpress\/wp-content\/uploads\/2019\/06\/cropped-Logo-spanien-aktuell-png-web-e1561631085388.png","width":512,"height":110,"caption":"Spanien aktuell"},"image":{"@id":"https:\/\/spanienaktuell.net\/wordpress\/#\/schema\/logo\/image\/"}},{"@type":"Person","@id":"https:\/\/spanienaktuell.net\/wordpress\/#\/schema\/person\/bc410cfae0161b201d837ebfeeba7fd0","name":"Spanien Aktuell","image":{"@type":"ImageObject","inLanguage":"es","@id":"https:\/\/spanienaktuell.net\/wordpress\/#\/schema\/person\/image\/","url":"https:\/\/spanienaktuell.net\/wordpress\/wp-content\/uploads\/2019\/06\/cropped-Logo-spanien-aktuell-png-fav2-100x100.png","contentUrl":"https:\/\/spanienaktuell.net\/wordpress\/wp-content\/uploads\/2019\/06\/cropped-Logo-spanien-aktuell-png-fav2-100x100.png","caption":"Spanien Aktuell"},"url":"https:\/\/spanienaktuell.net\/wordpress\/author\/koalum\/"}]}},"_links":{"self":[{"href":"https:\/\/spanienaktuell.net\/wordpress\/wp-json\/wp\/v2\/posts\/91935","targetHints":{"allow":["GET"]}}],"collection":[{"href":"https:\/\/spanienaktuell.net\/wordpress\/wp-json\/wp\/v2\/posts"}],"about":[{"href":"https:\/\/spanienaktuell.net\/wordpress\/wp-json\/wp\/v2\/types\/post"}],"author":[{"embeddable":true,"href":"https:\/\/spanienaktuell.net\/wordpress\/wp-json\/wp\/v2\/users\/3"}],"replies":[{"embeddable":true,"href":"https:\/\/spanienaktuell.net\/wordpress\/wp-json\/wp\/v2\/comments?post=91935"}],"version-history":[{"count":1,"href":"https:\/\/spanienaktuell.net\/wordpress\/wp-json\/wp\/v2\/posts\/91935\/revisions"}],"predecessor-version":[{"id":91936,"href":"https:\/\/spanienaktuell.net\/wordpress\/wp-json\/wp\/v2\/posts\/91935\/revisions\/91936"}],"wp:featuredmedia":[{"embeddable":true,"href":"https:\/\/spanienaktuell.net\/wordpress\/wp-json\/wp\/v2\/media\/1296"}],"wp:attachment":[{"href":"https:\/\/spanienaktuell.net\/wordpress\/wp-json\/wp\/v2\/media?parent=91935"}],"wp:term":[{"taxonomy":"category","embeddable":true,"href":"https:\/\/spanienaktuell.net\/wordpress\/wp-json\/wp\/v2\/categories?post=91935"},{"taxonomy":"post_tag","embeddable":true,"href":"https:\/\/spanienaktuell.net\/wordpress\/wp-json\/wp\/v2\/tags?post=91935"}],"curies":[{"name":"wp","href":"https:\/\/api.w.org\/{rel}","templated":true}]}}