{"id":93160,"date":"2021-10-01T10:35:56","date_gmt":"2021-10-01T10:35:56","guid":{"rendered":"https:\/\/spanienaktuell.net\/wordpress\/?p=93160"},"modified":"2021-10-05T10:47:36","modified_gmt":"2021-10-05T10:47:36","slug":"biorigen-fur-uns-kommt-nur-100-biologisch-in-frage-passionsfrucht-passiflora-edulis","status":"publish","type":"post","link":"https:\/\/spanienaktuell.net\/wordpress\/biorigen-fur-uns-kommt-nur-100-biologisch-in-frage-passionsfrucht-passiflora-edulis\/","title":{"rendered":"BIOrigen f\u00fcr uns kommt nur 100 % BIOlogisch in Frage &#8211; Passionsfrucht-Passiflora edulis"},"content":{"rendered":"<p><img decoding=\"async\" class=\"aligncenter size-full wp-image-93161\" src=\"https:\/\/spanienaktuell.net\/wordpress\/wp-content\/uploads\/2021\/10\/passion-fruit-2553389_1920-copia-scaled.jpg\" alt=\"\" width=\"1440\" height=\"810\" srcset=\"https:\/\/spanienaktuell.net\/wordpress\/wp-content\/uploads\/2021\/10\/passion-fruit-2553389_1920-copia-scaled.jpg 1440w, https:\/\/spanienaktuell.net\/wordpress\/wp-content\/uploads\/2021\/10\/passion-fruit-2553389_1920-copia-300x169.jpg 300w, https:\/\/spanienaktuell.net\/wordpress\/wp-content\/uploads\/2021\/10\/passion-fruit-2553389_1920-copia-1024x576.jpg 1024w, https:\/\/spanienaktuell.net\/wordpress\/wp-content\/uploads\/2021\/10\/passion-fruit-2553389_1920-copia-768x432.jpg 768w, https:\/\/spanienaktuell.net\/wordpress\/wp-content\/uploads\/2021\/10\/passion-fruit-2553389_1920-copia-1536x864.jpg 1536w\" sizes=\"(max-width: 1440px) 100vw, 1440px\" \/><\/p>\n<p>Die Passionsfrucht oder Maracuja ist die Frucht einer urspr\u00fcnglich in den amerikanischen Tropen heimischen Kletterpflanze namens <strong><em>Passiflora edulis, <\/em><\/strong>heute wir diese Frucht auch an der <strong><em>Costa del Sol-Malaga<\/em><\/strong> angebaut und geerntet. Der Name Passionsblume und Passionsfrucht gehen auf die Entdeckung der au\u00dfergew\u00f6hnlichen Bl\u00fcten der Passionsblume durch Jesuiten in S\u00fcdamerika zur\u00fcck. Diese glaubten, in den auff\u00e4lligen Bl\u00fcten und ihrer Form- und Farbgestaltung Symbole f\u00fcr die Passion Christi entdeckt zu haben. Einzelne Bestandteil der Bl\u00fcte wie Bl\u00fctenstempel, Strahlenkranz und Staubbeutel sollen symbolisch f\u00fcr Kreuzn\u00e4gel, Wundmale und die Dornenkrone stehen.<\/p>\n<p><img decoding=\"async\" class=\"aligncenter size-full wp-image-93162\" src=\"https:\/\/spanienaktuell.net\/wordpress\/wp-content\/uploads\/2021\/10\/www1.png\" alt=\"\" width=\"1440\" height=\"480\" srcset=\"https:\/\/spanienaktuell.net\/wordpress\/wp-content\/uploads\/2021\/10\/www1.png 1440w, https:\/\/spanienaktuell.net\/wordpress\/wp-content\/uploads\/2021\/10\/www1-300x100.png 300w, https:\/\/spanienaktuell.net\/wordpress\/wp-content\/uploads\/2021\/10\/www1-1024x341.png 1024w, https:\/\/spanienaktuell.net\/wordpress\/wp-content\/uploads\/2021\/10\/www1-768x256.png 768w, https:\/\/spanienaktuell.net\/wordpress\/wp-content\/uploads\/2021\/10\/www1-1536x512.png 1536w, https:\/\/spanienaktuell.net\/wordpress\/wp-content\/uploads\/2021\/10\/www1-2048x683.png 2048w\" sizes=\"(max-width: 1440px) 100vw, 1440px\" \/><\/p>\n<p>Die Passionsfrucht, kann das ganze Jahr \u00fcber geerntet werden, die Frucht sieht von au\u00dfen nicht sehr appetitlichen aus, das unsch\u00f6ne Aussehen macht die Passionsfrucht aber nach dem \u00f6ffnen wieder gut. Ihr aromatischer fruchtiger Duft dringt einem schnell in die Nase und ihre gelb-orange Farbe l\u00e4dt zum Probieren ein. Da die Passionsfrucht praktisch kein Fruchtfleisch hat, besteht ihr Inneres haupts\u00e4chlich aus Kernen und Saft. Der Saft hat einen leicht s\u00e4uerlich-s\u00fc\u00dfen Geschmack der nicht bei allen Fr\u00fcchten gleich ist, jede Frucht hat seine eigenen Nuancen von S\u00fc\u00df und Sauer.<\/p>\n<p><img decoding=\"async\" class=\"aligncenter size-full wp-image-93167\" src=\"https:\/\/spanienaktuell.net\/wordpress\/wp-content\/uploads\/2021\/10\/passion-fruit-2447767_1920-scaled.jpg\" alt=\"\" width=\"1440\" height=\"960\" srcset=\"https:\/\/spanienaktuell.net\/wordpress\/wp-content\/uploads\/2021\/10\/passion-fruit-2447767_1920-scaled.jpg 1440w, https:\/\/spanienaktuell.net\/wordpress\/wp-content\/uploads\/2021\/10\/passion-fruit-2447767_1920-300x200.jpg 300w, https:\/\/spanienaktuell.net\/wordpress\/wp-content\/uploads\/2021\/10\/passion-fruit-2447767_1920-1024x683.jpg 1024w, https:\/\/spanienaktuell.net\/wordpress\/wp-content\/uploads\/2021\/10\/passion-fruit-2447767_1920-768x512.jpg 768w, https:\/\/spanienaktuell.net\/wordpress\/wp-content\/uploads\/2021\/10\/passion-fruit-2447767_1920-1536x1024.jpg 1536w\" sizes=\"(max-width: 1440px) 100vw, 1440px\" \/><\/p>\n<p>Im Gegensatz zu anderen Fr\u00fcchten wird die Passionsfrucht nicht direkt vom Baum geerntet, sondern sie wird aufgesammelt kurz nachdem sie zu Boden gefallen ist. Nach ein paar Tagen sind die Fr\u00fcchte nachgereift und sehen schrumpelig-lederig aus, dann hat die Frucht den h\u00f6chsten Reifezustand und damit den besten Geschmack erreicht. \u00a0<em>\u201eF\u00fcr die Passionsfrucht gilt schrumpelig-lederig ist besser\u201c<\/em>.<\/p>\n<figure id=\"attachment_93165\" aria-describedby=\"caption-attachment-93165\" style=\"width: 1440px\" class=\"wp-caption aligncenter\"><img decoding=\"async\" class=\"size-full wp-image-93165\" src=\"https:\/\/spanienaktuell.net\/wordpress\/wp-content\/uploads\/2021\/10\/IMG_5467.png\" alt=\"\" width=\"1440\" height=\"975\" srcset=\"https:\/\/spanienaktuell.net\/wordpress\/wp-content\/uploads\/2021\/10\/IMG_5467.png 1440w, https:\/\/spanienaktuell.net\/wordpress\/wp-content\/uploads\/2021\/10\/IMG_5467-300x203.png 300w, https:\/\/spanienaktuell.net\/wordpress\/wp-content\/uploads\/2021\/10\/IMG_5467-1024x693.png 1024w, https:\/\/spanienaktuell.net\/wordpress\/wp-content\/uploads\/2021\/10\/IMG_5467-768x520.png 768w, https:\/\/spanienaktuell.net\/wordpress\/wp-content\/uploads\/2021\/10\/IMG_5467-1536x1040.png 1536w\" sizes=\"(max-width: 1440px) 100vw, 1440px\" \/><figcaption id=\"caption-attachment-93165\" class=\"wp-caption-text\">Foto: BIOrigen-K\u00fcchenchef Jesus Martin<\/figcaption><\/figure>\n<p><strong>Und in der K\u00fcche?<\/strong> Neben reichlich Vitamin C finden sich in der Passionsfrucht unter anderem auch das wichtige Vitamin A sowie B-Vitamine, wie das f\u00fcr Vegetarier und Veganer so wichtige B12-Vitamin. Eine Frucht besitzt ungef\u00e4hr 250 schwarze Kerne im Fruchtfleisch. Dieses besteht zu 32% aus Saft. Sie werden aufgeschnitten und wie eine Kiwi ausgel\u00f6ffelt, mitsamt den Kernen. Wer auf die Kerne verzichten m\u00f6chte, kann das Fruchtfleisch durch ein Sieb streichen.<\/p>\n<p>Der Fruchtsaft mit einem enormen Geschmack und Aroma, kann gut mit anderen Fruchts\u00e4ften kombiniert werden, auch f\u00fcr Cocktails eignet sich der Fruchtsaft der Passionsfrucht hervorragend.<\/p>\n<figure id=\"attachment_93163\" aria-describedby=\"caption-attachment-93163\" style=\"width: 1440px\" class=\"wp-caption aligncenter\"><img decoding=\"async\" class=\"size-full wp-image-93163\" src=\"https:\/\/spanienaktuell.net\/wordpress\/wp-content\/uploads\/2021\/10\/www2.png\" alt=\"\" width=\"1440\" height=\"456\" srcset=\"https:\/\/spanienaktuell.net\/wordpress\/wp-content\/uploads\/2021\/10\/www2.png 1440w, https:\/\/spanienaktuell.net\/wordpress\/wp-content\/uploads\/2021\/10\/www2-300x95.png 300w, https:\/\/spanienaktuell.net\/wordpress\/wp-content\/uploads\/2021\/10\/www2-1024x325.png 1024w, https:\/\/spanienaktuell.net\/wordpress\/wp-content\/uploads\/2021\/10\/www2-768x243.png 768w, https:\/\/spanienaktuell.net\/wordpress\/wp-content\/uploads\/2021\/10\/www2-1536x487.png 1536w, https:\/\/spanienaktuell.net\/wordpress\/wp-content\/uploads\/2021\/10\/www2-2048x649.png 2048w\" sizes=\"(max-width: 1440px) 100vw, 1440px\" \/><figcaption id=\"caption-attachment-93163\" class=\"wp-caption-text\">Foto: Ceviche de Corvina con Fruta de la Pasi\u00f3n y Mango<\/figcaption><\/figure>\n<p>Der Klassiker von Passionsfrucht und Fruchtsaft in der K\u00fcche sind nat\u00fcrlich S\u00fc\u00dfspeisen vom Eis \u00fcber Cremes bis Quarks. Doch gibt es auch raffinierte deftige Rezepte, die f\u00fcr wahre Geschmacksexplosionen sorgen. Besonders beliebt ist dabei die Verwendung\u00a0 mit Fisch und Muscheln, Garnelen, Fleisch, als Chutney und f\u00fcr aromatische und exotische Saucen.<\/p>\n<p>Daneben eignet sich Passionsfrucht auch hervorragend als Salatdressing-Vinaigrette, das durch seine s\u00fc\u00dflich-saure Note f\u00fcr exotische Nuancen sorgt.<\/p>\n<p>Bei den meisten Rezepten beschr\u00e4nkt sich die Menge der Passionsfr\u00fcchte jedoch auf geringe Mengen. Das ist zum einen dem intensiven Geschmack geschuldet. Vor allem aber ist der Kauf einzelner Fr\u00fcchte vergleichsweise teuer.<\/p>\n<p><strong>Rezept f\u00fcr 2 Personen<\/strong><\/p>\n<p><strong>Makrelenfilet in Escabeche und Passionsfrucht<\/strong><\/p>\n<p><img decoding=\"async\" class=\"aligncenter size-full wp-image-93164\" src=\"https:\/\/spanienaktuell.net\/wordpress\/wp-content\/uploads\/2021\/10\/www3.png\" alt=\"\" width=\"1440\" height=\"487\" srcset=\"https:\/\/spanienaktuell.net\/wordpress\/wp-content\/uploads\/2021\/10\/www3.png 1440w, https:\/\/spanienaktuell.net\/wordpress\/wp-content\/uploads\/2021\/10\/www3-300x101.png 300w, https:\/\/spanienaktuell.net\/wordpress\/wp-content\/uploads\/2021\/10\/www3-1024x346.png 1024w, https:\/\/spanienaktuell.net\/wordpress\/wp-content\/uploads\/2021\/10\/www3-768x260.png 768w, https:\/\/spanienaktuell.net\/wordpress\/wp-content\/uploads\/2021\/10\/www3-1536x520.png 1536w, https:\/\/spanienaktuell.net\/wordpress\/wp-content\/uploads\/2021\/10\/www3-2048x693.png 2048w\" sizes=\"(max-width: 1440px) 100vw, 1440px\" \/><\/p>\n<p><strong>ZUTATEN:<\/strong><\/p>\n<p>2 Makrelen (spanisch Caballa), 1 Knoblauchzehe, 3 franz\u00f6sische rote Zwiebeln,<\/p>\n<p>150ml Passionsfruchtsaft, 25ml Wei\u00dfweinessig, 50 ml natives Oliven\u00f6l extra, 100 ml Fischbr\u00fche (kann aus dem restlichen Fisch gemacht werden),100 g gew\u00fcrfelte Mango.<\/p>\n<p>&nbsp;<\/p>\n<p><strong>ZUBEREITUNG:<\/strong><\/p>\n<p>S\u00e4ubern und filetieren Sie die Makrelen. Sch\u00e4len Sie Zwiebeln, Knoblauch und schneiden beides in schmale Streifen.<\/p>\n<p>Knoblauch und Zwiebeln im \u00d6l bei schwacher Hitze anschwitzen, bis Zwiebeln und Knoblauch das \u00d6l aromatisiert haben, nehmen Sie dann die Pfanne vom Herd.<\/p>\n<p>Wenn sich das \u00d6l etwas abgek\u00fchlt hat, gie\u00dfen Sie Passionsfruchtsaft, Wei\u00dfweinessig und die Fischbr\u00fche in die Pfanne zu dem \u00d6l und vermischen alles.<\/p>\n<p>Legen Sie die Makrelenfilets zu der Fl\u00fcssigkeit und bringen die Pfanne wieder auf den Herd. Garen Sie die Filets bei schwacher Hitze ca. 5 Minuten. Nicht kochen lassen, denn die S\u00e4uren von Essig und Passionsfrucht sollen den Fisch auch garen k\u00f6nnen, um ihm so einen unverwechselbaren Geschmack geben zu k\u00f6nnen.<\/p>\n<p>Richten Sie die Makrelenfilets auf einem Teller an und garnieren Sie die Filets mit den Mango-W\u00fcrfeln, geben Sie noch einige Essl\u00f6ffel von der entstandenen Sauce (Marinade) \u00fcber den Fisch, und schon sind Ihre Makrelenfilets in Escabeche und Passionsfrucht fertig.<\/p>\n<p><strong>Erkl\u00e4rung: <em>Escabeche<\/em><\/strong><\/p>\n<p>Escabeche (marinieren-einlegen) geh\u00f6rt zur typischen Al-Andalus-K\u00fcche, f\u00fcr Fleisch und Fisch. Die Essigsauce mit Kr\u00e4utern und Gew\u00fcrzen mariniert und konserviert zugleich. Escabeche kann sowohl kalt als auch warm serviert werden. Escabeche passt perfekt zu Fisch, besonders zu \u00f6ligem Fisch wie Makrele.<\/p>\n<p><img decoding=\"async\" class=\"aligncenter size-full wp-image-93166\" src=\"https:\/\/spanienaktuell.net\/wordpress\/wp-content\/uploads\/2021\/10\/IMG_5553-scaled.jpg\" alt=\"\" width=\"1440\" height=\"960\" srcset=\"https:\/\/spanienaktuell.net\/wordpress\/wp-content\/uploads\/2021\/10\/IMG_5553-scaled.jpg 1440w, https:\/\/spanienaktuell.net\/wordpress\/wp-content\/uploads\/2021\/10\/IMG_5553-300x200.jpg 300w, https:\/\/spanienaktuell.net\/wordpress\/wp-content\/uploads\/2021\/10\/IMG_5553-1024x683.jpg 1024w, https:\/\/spanienaktuell.net\/wordpress\/wp-content\/uploads\/2021\/10\/IMG_5553-768x512.jpg 768w, https:\/\/spanienaktuell.net\/wordpress\/wp-content\/uploads\/2021\/10\/IMG_5553-1536x1024.jpg 1536w, https:\/\/spanienaktuell.net\/wordpress\/wp-content\/uploads\/2021\/10\/IMG_5553-2048x1365.jpg 2048w\" sizes=\"(max-width: 1440px) 100vw, 1440px\" \/><\/p>\n<p>Weitere Informationen \u00fcber <strong><em>BIOrigen <\/em><\/strong>erhalten Sie auf\u00a0 <a href=\"http:\/\/www.biorigen.es\">www.biorigen.es<\/a><\/p>\n<p>oder im \u00a0<strong>Restaurant<\/strong> in <strong>Torre del Mar<\/strong>.<\/p>\n<p>Quelle: \u00a9\u00a0 Fotos-BIOrigen, \u00a9 Text-Rezept- BIOrigen-K\u00fcchenchef Jesus Martin \u00a9<\/p>\n<p><iframe title=\"Ceviche de Corvina con Fruta de la Pasi\u00f3n y Mango Ecol\u00f3gico.\" width=\"840\" height=\"473\" src=\"https:\/\/www.youtube.com\/embed\/Vg3CVmcGURs?feature=oembed&#038;width=840&#038;height=1000&#038;discover=1\" frameborder=\"0\" allow=\"accelerometer; autoplay; clipboard-write; encrypted-media; gyroscope; picture-in-picture\" allowfullscreen><\/iframe><\/p>\n<p>&nbsp;<\/p>\n","protected":false},"excerpt":{"rendered":"<p>Die Passionsfrucht oder Maracuja ist die Frucht einer urspr\u00fcnglich in den amerikanischen Tropen heimischen Kletterpflanze namens Passiflora edulis, heute wir [&hellip;]<\/p>\n","protected":false},"author":3,"featured_media":93161,"comment_status":"closed","ping_status":"closed","sticky":false,"template":"","format":"standard","meta":{"footnotes":""},"categories":[24],"tags":[],"class_list":["post-93160","post","type-post","status-publish","format-standard","has-post-thumbnail","hentry","category-kulinarisch"],"yoast_head":"<!-- This site is optimized with the Yoast SEO plugin v27.1.1 - https:\/\/yoast.com\/product\/yoast-seo-wordpress\/ -->\n<title>BIOrigen f\u00fcr uns kommt nur 100 % BIOlogisch in Frage - Passionsfrucht-Passiflora edulis - Spanien aktuell<\/title>\n<meta name=\"robots\" content=\"index, follow, max-snippet:-1, max-image-preview:large, max-video-preview:-1\" \/>\n<link rel=\"canonical\" href=\"https:\/\/spanienaktuell.net\/wordpress\/biorigen-fur-uns-kommt-nur-100-biologisch-in-frage-passionsfrucht-passiflora-edulis\/\" \/>\n<meta property=\"og:locale\" content=\"es_ES\" \/>\n<meta property=\"og:type\" content=\"article\" \/>\n<meta property=\"og:title\" content=\"BIOrigen f\u00fcr uns kommt nur 100 % BIOlogisch in Frage - Passionsfrucht-Passiflora edulis - Spanien aktuell\" \/>\n<meta property=\"og:description\" content=\"Die Passionsfrucht oder Maracuja ist die Frucht einer urspr\u00fcnglich in den amerikanischen Tropen heimischen Kletterpflanze namens Passiflora edulis, heute wir [&hellip;]\" \/>\n<meta property=\"og:url\" content=\"https:\/\/spanienaktuell.net\/wordpress\/biorigen-fur-uns-kommt-nur-100-biologisch-in-frage-passionsfrucht-passiflora-edulis\/\" \/>\n<meta property=\"og:site_name\" content=\"Spanien aktuell\" \/>\n<meta property=\"article:published_time\" content=\"2021-10-01T10:35:56+00:00\" \/>\n<meta property=\"article:modified_time\" content=\"2021-10-05T10:47:36+00:00\" \/>\n<meta property=\"og:image\" content=\"https:\/\/spanienaktuell.net\/wordpress\/wp-content\/uploads\/2021\/10\/passion-fruit-2553389_1920-copia-scaled.jpg\" \/>\n\t<meta property=\"og:image:width\" content=\"1440\" \/>\n\t<meta property=\"og:image:height\" content=\"810\" \/>\n\t<meta property=\"og:image:type\" content=\"image\/jpeg\" \/>\n<meta name=\"author\" content=\"Spanien Aktuell\" \/>\n<meta name=\"twitter:card\" content=\"summary_large_image\" \/>\n<meta name=\"twitter:label1\" content=\"Escrito por\" \/>\n\t<meta name=\"twitter:data1\" content=\"Spanien Aktuell\" \/>\n\t<meta name=\"twitter:label2\" content=\"Tiempo de lectura\" \/>\n\t<meta name=\"twitter:data2\" content=\"5 minutos\" \/>\n<script type=\"application\/ld+json\" class=\"yoast-schema-graph\">{\"@context\":\"https:\/\/schema.org\",\"@graph\":[{\"@type\":\"Article\",\"@id\":\"https:\/\/spanienaktuell.net\/wordpress\/biorigen-fur-uns-kommt-nur-100-biologisch-in-frage-passionsfrucht-passiflora-edulis\/#article\",\"isPartOf\":{\"@id\":\"https:\/\/spanienaktuell.net\/wordpress\/biorigen-fur-uns-kommt-nur-100-biologisch-in-frage-passionsfrucht-passiflora-edulis\/\"},\"author\":{\"name\":\"Spanien Aktuell\",\"@id\":\"https:\/\/spanienaktuell.net\/wordpress\/#\/schema\/person\/bc410cfae0161b201d837ebfeeba7fd0\"},\"headline\":\"BIOrigen f\u00fcr uns kommt nur 100 % BIOlogisch in Frage &#8211; Passionsfrucht-Passiflora edulis\",\"datePublished\":\"2021-10-01T10:35:56+00:00\",\"dateModified\":\"2021-10-05T10:47:36+00:00\",\"mainEntityOfPage\":{\"@id\":\"https:\/\/spanienaktuell.net\/wordpress\/biorigen-fur-uns-kommt-nur-100-biologisch-in-frage-passionsfrucht-passiflora-edulis\/\"},\"wordCount\":797,\"publisher\":{\"@id\":\"https:\/\/spanienaktuell.net\/wordpress\/#organization\"},\"image\":{\"@id\":\"https:\/\/spanienaktuell.net\/wordpress\/biorigen-fur-uns-kommt-nur-100-biologisch-in-frage-passionsfrucht-passiflora-edulis\/#primaryimage\"},\"thumbnailUrl\":\"https:\/\/spanienaktuell.net\/wordpress\/wp-content\/uploads\/2021\/10\/passion-fruit-2553389_1920-copia-scaled.jpg\",\"articleSection\":[\"Kulinarisch\"],\"inLanguage\":\"es\"},{\"@type\":\"WebPage\",\"@id\":\"https:\/\/spanienaktuell.net\/wordpress\/biorigen-fur-uns-kommt-nur-100-biologisch-in-frage-passionsfrucht-passiflora-edulis\/\",\"url\":\"https:\/\/spanienaktuell.net\/wordpress\/biorigen-fur-uns-kommt-nur-100-biologisch-in-frage-passionsfrucht-passiflora-edulis\/\",\"name\":\"BIOrigen f\u00fcr uns kommt nur 100 % BIOlogisch in Frage - Passionsfrucht-Passiflora edulis - Spanien aktuell\",\"isPartOf\":{\"@id\":\"https:\/\/spanienaktuell.net\/wordpress\/#website\"},\"primaryImageOfPage\":{\"@id\":\"https:\/\/spanienaktuell.net\/wordpress\/biorigen-fur-uns-kommt-nur-100-biologisch-in-frage-passionsfrucht-passiflora-edulis\/#primaryimage\"},\"image\":{\"@id\":\"https:\/\/spanienaktuell.net\/wordpress\/biorigen-fur-uns-kommt-nur-100-biologisch-in-frage-passionsfrucht-passiflora-edulis\/#primaryimage\"},\"thumbnailUrl\":\"https:\/\/spanienaktuell.net\/wordpress\/wp-content\/uploads\/2021\/10\/passion-fruit-2553389_1920-copia-scaled.jpg\",\"datePublished\":\"2021-10-01T10:35:56+00:00\",\"dateModified\":\"2021-10-05T10:47:36+00:00\",\"breadcrumb\":{\"@id\":\"https:\/\/spanienaktuell.net\/wordpress\/biorigen-fur-uns-kommt-nur-100-biologisch-in-frage-passionsfrucht-passiflora-edulis\/#breadcrumb\"},\"inLanguage\":\"es\",\"potentialAction\":[{\"@type\":\"ReadAction\",\"target\":[\"https:\/\/spanienaktuell.net\/wordpress\/biorigen-fur-uns-kommt-nur-100-biologisch-in-frage-passionsfrucht-passiflora-edulis\/\"]}]},{\"@type\":\"ImageObject\",\"inLanguage\":\"es\",\"@id\":\"https:\/\/spanienaktuell.net\/wordpress\/biorigen-fur-uns-kommt-nur-100-biologisch-in-frage-passionsfrucht-passiflora-edulis\/#primaryimage\",\"url\":\"https:\/\/spanienaktuell.net\/wordpress\/wp-content\/uploads\/2021\/10\/passion-fruit-2553389_1920-copia-scaled.jpg\",\"contentUrl\":\"https:\/\/spanienaktuell.net\/wordpress\/wp-content\/uploads\/2021\/10\/passion-fruit-2553389_1920-copia-scaled.jpg\",\"width\":1440,\"height\":810},{\"@type\":\"BreadcrumbList\",\"@id\":\"https:\/\/spanienaktuell.net\/wordpress\/biorigen-fur-uns-kommt-nur-100-biologisch-in-frage-passionsfrucht-passiflora-edulis\/#breadcrumb\",\"itemListElement\":[{\"@type\":\"ListItem\",\"position\":1,\"name\":\"Portada\",\"item\":\"https:\/\/spanienaktuell.net\/wordpress\/\"},{\"@type\":\"ListItem\",\"position\":2,\"name\":\"BIOrigen f\u00fcr uns kommt nur 100 % BIOlogisch in Frage &#8211; Passionsfrucht-Passiflora edulis\"}]},{\"@type\":\"WebSite\",\"@id\":\"https:\/\/spanienaktuell.net\/wordpress\/#website\",\"url\":\"https:\/\/spanienaktuell.net\/wordpress\/\",\"name\":\"Spanien aktuell\",\"description\":\"The German magazine number 1 on the Costa del Sol\",\"publisher\":{\"@id\":\"https:\/\/spanienaktuell.net\/wordpress\/#organization\"},\"potentialAction\":[{\"@type\":\"SearchAction\",\"target\":{\"@type\":\"EntryPoint\",\"urlTemplate\":\"https:\/\/spanienaktuell.net\/wordpress\/?s={search_term_string}\"},\"query-input\":{\"@type\":\"PropertyValueSpecification\",\"valueRequired\":true,\"valueName\":\"search_term_string\"}}],\"inLanguage\":\"es\"},{\"@type\":\"Organization\",\"@id\":\"https:\/\/spanienaktuell.net\/wordpress\/#organization\",\"name\":\"Spanien aktuell\",\"url\":\"https:\/\/spanienaktuell.net\/wordpress\/\",\"logo\":{\"@type\":\"ImageObject\",\"inLanguage\":\"es\",\"@id\":\"https:\/\/spanienaktuell.net\/wordpress\/#\/schema\/logo\/image\/\",\"url\":\"https:\/\/spanienaktuell.net\/wordpress\/wp-content\/uploads\/2019\/06\/cropped-Logo-spanien-aktuell-png-web-e1561631085388.png\",\"contentUrl\":\"https:\/\/spanienaktuell.net\/wordpress\/wp-content\/uploads\/2019\/06\/cropped-Logo-spanien-aktuell-png-web-e1561631085388.png\",\"width\":512,\"height\":110,\"caption\":\"Spanien aktuell\"},\"image\":{\"@id\":\"https:\/\/spanienaktuell.net\/wordpress\/#\/schema\/logo\/image\/\"}},{\"@type\":\"Person\",\"@id\":\"https:\/\/spanienaktuell.net\/wordpress\/#\/schema\/person\/bc410cfae0161b201d837ebfeeba7fd0\",\"name\":\"Spanien Aktuell\",\"image\":{\"@type\":\"ImageObject\",\"inLanguage\":\"es\",\"@id\":\"https:\/\/spanienaktuell.net\/wordpress\/#\/schema\/person\/image\/\",\"url\":\"https:\/\/spanienaktuell.net\/wordpress\/wp-content\/uploads\/2019\/06\/cropped-Logo-spanien-aktuell-png-fav2-100x100.png\",\"contentUrl\":\"https:\/\/spanienaktuell.net\/wordpress\/wp-content\/uploads\/2019\/06\/cropped-Logo-spanien-aktuell-png-fav2-100x100.png\",\"caption\":\"Spanien Aktuell\"},\"url\":\"https:\/\/spanienaktuell.net\/wordpress\/author\/koalum\/\"}]}<\/script>\n<!-- \/ Yoast SEO plugin. -->","yoast_head_json":{"title":"BIOrigen f\u00fcr uns kommt nur 100 % BIOlogisch in Frage - Passionsfrucht-Passiflora edulis - Spanien aktuell","robots":{"index":"index","follow":"follow","max-snippet":"max-snippet:-1","max-image-preview":"max-image-preview:large","max-video-preview":"max-video-preview:-1"},"canonical":"https:\/\/spanienaktuell.net\/wordpress\/biorigen-fur-uns-kommt-nur-100-biologisch-in-frage-passionsfrucht-passiflora-edulis\/","og_locale":"es_ES","og_type":"article","og_title":"BIOrigen f\u00fcr uns kommt nur 100 % BIOlogisch in Frage - Passionsfrucht-Passiflora edulis - Spanien aktuell","og_description":"Die Passionsfrucht oder Maracuja ist die Frucht einer urspr\u00fcnglich in den amerikanischen Tropen heimischen Kletterpflanze namens Passiflora edulis, heute wir [&hellip;]","og_url":"https:\/\/spanienaktuell.net\/wordpress\/biorigen-fur-uns-kommt-nur-100-biologisch-in-frage-passionsfrucht-passiflora-edulis\/","og_site_name":"Spanien aktuell","article_published_time":"2021-10-01T10:35:56+00:00","article_modified_time":"2021-10-05T10:47:36+00:00","og_image":[{"width":1440,"height":810,"url":"https:\/\/spanienaktuell.net\/wordpress\/wp-content\/uploads\/2021\/10\/passion-fruit-2553389_1920-copia-scaled.jpg","type":"image\/jpeg"}],"author":"Spanien Aktuell","twitter_card":"summary_large_image","twitter_misc":{"Escrito por":"Spanien Aktuell","Tiempo de lectura":"5 minutos"},"schema":{"@context":"https:\/\/schema.org","@graph":[{"@type":"Article","@id":"https:\/\/spanienaktuell.net\/wordpress\/biorigen-fur-uns-kommt-nur-100-biologisch-in-frage-passionsfrucht-passiflora-edulis\/#article","isPartOf":{"@id":"https:\/\/spanienaktuell.net\/wordpress\/biorigen-fur-uns-kommt-nur-100-biologisch-in-frage-passionsfrucht-passiflora-edulis\/"},"author":{"name":"Spanien Aktuell","@id":"https:\/\/spanienaktuell.net\/wordpress\/#\/schema\/person\/bc410cfae0161b201d837ebfeeba7fd0"},"headline":"BIOrigen f\u00fcr uns kommt nur 100 % BIOlogisch in Frage &#8211; Passionsfrucht-Passiflora edulis","datePublished":"2021-10-01T10:35:56+00:00","dateModified":"2021-10-05T10:47:36+00:00","mainEntityOfPage":{"@id":"https:\/\/spanienaktuell.net\/wordpress\/biorigen-fur-uns-kommt-nur-100-biologisch-in-frage-passionsfrucht-passiflora-edulis\/"},"wordCount":797,"publisher":{"@id":"https:\/\/spanienaktuell.net\/wordpress\/#organization"},"image":{"@id":"https:\/\/spanienaktuell.net\/wordpress\/biorigen-fur-uns-kommt-nur-100-biologisch-in-frage-passionsfrucht-passiflora-edulis\/#primaryimage"},"thumbnailUrl":"https:\/\/spanienaktuell.net\/wordpress\/wp-content\/uploads\/2021\/10\/passion-fruit-2553389_1920-copia-scaled.jpg","articleSection":["Kulinarisch"],"inLanguage":"es"},{"@type":"WebPage","@id":"https:\/\/spanienaktuell.net\/wordpress\/biorigen-fur-uns-kommt-nur-100-biologisch-in-frage-passionsfrucht-passiflora-edulis\/","url":"https:\/\/spanienaktuell.net\/wordpress\/biorigen-fur-uns-kommt-nur-100-biologisch-in-frage-passionsfrucht-passiflora-edulis\/","name":"BIOrigen f\u00fcr uns kommt nur 100 % BIOlogisch in Frage - Passionsfrucht-Passiflora edulis - Spanien aktuell","isPartOf":{"@id":"https:\/\/spanienaktuell.net\/wordpress\/#website"},"primaryImageOfPage":{"@id":"https:\/\/spanienaktuell.net\/wordpress\/biorigen-fur-uns-kommt-nur-100-biologisch-in-frage-passionsfrucht-passiflora-edulis\/#primaryimage"},"image":{"@id":"https:\/\/spanienaktuell.net\/wordpress\/biorigen-fur-uns-kommt-nur-100-biologisch-in-frage-passionsfrucht-passiflora-edulis\/#primaryimage"},"thumbnailUrl":"https:\/\/spanienaktuell.net\/wordpress\/wp-content\/uploads\/2021\/10\/passion-fruit-2553389_1920-copia-scaled.jpg","datePublished":"2021-10-01T10:35:56+00:00","dateModified":"2021-10-05T10:47:36+00:00","breadcrumb":{"@id":"https:\/\/spanienaktuell.net\/wordpress\/biorigen-fur-uns-kommt-nur-100-biologisch-in-frage-passionsfrucht-passiflora-edulis\/#breadcrumb"},"inLanguage":"es","potentialAction":[{"@type":"ReadAction","target":["https:\/\/spanienaktuell.net\/wordpress\/biorigen-fur-uns-kommt-nur-100-biologisch-in-frage-passionsfrucht-passiflora-edulis\/"]}]},{"@type":"ImageObject","inLanguage":"es","@id":"https:\/\/spanienaktuell.net\/wordpress\/biorigen-fur-uns-kommt-nur-100-biologisch-in-frage-passionsfrucht-passiflora-edulis\/#primaryimage","url":"https:\/\/spanienaktuell.net\/wordpress\/wp-content\/uploads\/2021\/10\/passion-fruit-2553389_1920-copia-scaled.jpg","contentUrl":"https:\/\/spanienaktuell.net\/wordpress\/wp-content\/uploads\/2021\/10\/passion-fruit-2553389_1920-copia-scaled.jpg","width":1440,"height":810},{"@type":"BreadcrumbList","@id":"https:\/\/spanienaktuell.net\/wordpress\/biorigen-fur-uns-kommt-nur-100-biologisch-in-frage-passionsfrucht-passiflora-edulis\/#breadcrumb","itemListElement":[{"@type":"ListItem","position":1,"name":"Portada","item":"https:\/\/spanienaktuell.net\/wordpress\/"},{"@type":"ListItem","position":2,"name":"BIOrigen f\u00fcr uns kommt nur 100 % BIOlogisch in Frage &#8211; Passionsfrucht-Passiflora edulis"}]},{"@type":"WebSite","@id":"https:\/\/spanienaktuell.net\/wordpress\/#website","url":"https:\/\/spanienaktuell.net\/wordpress\/","name":"Spanien aktuell","description":"The German magazine number 1 on the Costa del Sol","publisher":{"@id":"https:\/\/spanienaktuell.net\/wordpress\/#organization"},"potentialAction":[{"@type":"SearchAction","target":{"@type":"EntryPoint","urlTemplate":"https:\/\/spanienaktuell.net\/wordpress\/?s={search_term_string}"},"query-input":{"@type":"PropertyValueSpecification","valueRequired":true,"valueName":"search_term_string"}}],"inLanguage":"es"},{"@type":"Organization","@id":"https:\/\/spanienaktuell.net\/wordpress\/#organization","name":"Spanien aktuell","url":"https:\/\/spanienaktuell.net\/wordpress\/","logo":{"@type":"ImageObject","inLanguage":"es","@id":"https:\/\/spanienaktuell.net\/wordpress\/#\/schema\/logo\/image\/","url":"https:\/\/spanienaktuell.net\/wordpress\/wp-content\/uploads\/2019\/06\/cropped-Logo-spanien-aktuell-png-web-e1561631085388.png","contentUrl":"https:\/\/spanienaktuell.net\/wordpress\/wp-content\/uploads\/2019\/06\/cropped-Logo-spanien-aktuell-png-web-e1561631085388.png","width":512,"height":110,"caption":"Spanien aktuell"},"image":{"@id":"https:\/\/spanienaktuell.net\/wordpress\/#\/schema\/logo\/image\/"}},{"@type":"Person","@id":"https:\/\/spanienaktuell.net\/wordpress\/#\/schema\/person\/bc410cfae0161b201d837ebfeeba7fd0","name":"Spanien Aktuell","image":{"@type":"ImageObject","inLanguage":"es","@id":"https:\/\/spanienaktuell.net\/wordpress\/#\/schema\/person\/image\/","url":"https:\/\/spanienaktuell.net\/wordpress\/wp-content\/uploads\/2019\/06\/cropped-Logo-spanien-aktuell-png-fav2-100x100.png","contentUrl":"https:\/\/spanienaktuell.net\/wordpress\/wp-content\/uploads\/2019\/06\/cropped-Logo-spanien-aktuell-png-fav2-100x100.png","caption":"Spanien Aktuell"},"url":"https:\/\/spanienaktuell.net\/wordpress\/author\/koalum\/"}]}},"_links":{"self":[{"href":"https:\/\/spanienaktuell.net\/wordpress\/wp-json\/wp\/v2\/posts\/93160","targetHints":{"allow":["GET"]}}],"collection":[{"href":"https:\/\/spanienaktuell.net\/wordpress\/wp-json\/wp\/v2\/posts"}],"about":[{"href":"https:\/\/spanienaktuell.net\/wordpress\/wp-json\/wp\/v2\/types\/post"}],"author":[{"embeddable":true,"href":"https:\/\/spanienaktuell.net\/wordpress\/wp-json\/wp\/v2\/users\/3"}],"replies":[{"embeddable":true,"href":"https:\/\/spanienaktuell.net\/wordpress\/wp-json\/wp\/v2\/comments?post=93160"}],"version-history":[{"count":1,"href":"https:\/\/spanienaktuell.net\/wordpress\/wp-json\/wp\/v2\/posts\/93160\/revisions"}],"predecessor-version":[{"id":93171,"href":"https:\/\/spanienaktuell.net\/wordpress\/wp-json\/wp\/v2\/posts\/93160\/revisions\/93171"}],"wp:featuredmedia":[{"embeddable":true,"href":"https:\/\/spanienaktuell.net\/wordpress\/wp-json\/wp\/v2\/media\/93161"}],"wp:attachment":[{"href":"https:\/\/spanienaktuell.net\/wordpress\/wp-json\/wp\/v2\/media?parent=93160"}],"wp:term":[{"taxonomy":"category","embeddable":true,"href":"https:\/\/spanienaktuell.net\/wordpress\/wp-json\/wp\/v2\/categories?post=93160"},{"taxonomy":"post_tag","embeddable":true,"href":"https:\/\/spanienaktuell.net\/wordpress\/wp-json\/wp\/v2\/tags?post=93160"}],"curies":[{"name":"wp","href":"https:\/\/api.w.org\/{rel}","templated":true}]}}