{"id":93178,"date":"2021-10-01T10:37:50","date_gmt":"2021-10-01T10:37:50","guid":{"rendered":"https:\/\/spanienaktuell.net\/wordpress\/?p=93178"},"modified":"2021-10-05T10:44:35","modified_gmt":"2021-10-05T10:44:35","slug":"fast-17-millionen-sind-oben-ohne-unterwegs","status":"publish","type":"post","link":"https:\/\/spanienaktuell.net\/wordpress\/fast-17-millionen-sind-oben-ohne-unterwegs\/","title":{"rendered":"Fast 17 Millionen sind \u201eoben ohne\u201c unterwegs"},"content":{"rendered":"<figure id=\"attachment_93179\" aria-describedby=\"caption-attachment-93179\" style=\"width: 1440px\" class=\"wp-caption aligncenter\"><img decoding=\"async\" class=\"size-full wp-image-93179\" src=\"https:\/\/spanienaktuell.net\/wordpress\/wp-content\/uploads\/2021\/10\/Foto-Pixabay-Christo-Anestev-sunglasses-3359220_1920-scaled.jpg\" alt=\"\" width=\"1440\" height=\"959\" srcset=\"https:\/\/spanienaktuell.net\/wordpress\/wp-content\/uploads\/2021\/10\/Foto-Pixabay-Christo-Anestev-sunglasses-3359220_1920-scaled.jpg 1440w, https:\/\/spanienaktuell.net\/wordpress\/wp-content\/uploads\/2021\/10\/Foto-Pixabay-Christo-Anestev-sunglasses-3359220_1920-300x200.jpg 300w, https:\/\/spanienaktuell.net\/wordpress\/wp-content\/uploads\/2021\/10\/Foto-Pixabay-Christo-Anestev-sunglasses-3359220_1920-1024x682.jpg 1024w, https:\/\/spanienaktuell.net\/wordpress\/wp-content\/uploads\/2021\/10\/Foto-Pixabay-Christo-Anestev-sunglasses-3359220_1920-768x512.jpg 768w, https:\/\/spanienaktuell.net\/wordpress\/wp-content\/uploads\/2021\/10\/Foto-Pixabay-Christo-Anestev-sunglasses-3359220_1920-1536x1023.jpg 1536w\" sizes=\"(max-width: 1440px) 100vw, 1440px\" \/><figcaption id=\"caption-attachment-93179\" class=\"wp-caption-text\">Foto: Pixabay-Christo Anestev<\/figcaption><\/figure>\n<p>Wie eine aktuelle Untersuchung zeigt, ist die Anzahl der Brillentr\u00e4ger in Deutschland in den letzten f\u00fcnf Jahren um eine Million gestiegen. Allerdings besitzt ein gro\u00dfer Teil von ihnen keine Sonnenbrille in der entsprechenden Sehst\u00e4rke. Knapp 17 Millionen Menschen (ab 16 Jahren) riskieren damit gerade in der Urlaubszeit langfristige Augensch\u00e4den durch intensives UV-Licht. Dabei gibt es auch f\u00fcr Brillentr\u00e4ger viele M\u00f6glichkeiten, das empfindliche Sehorgan zu sch\u00fctzen. Das Kuratorium Gutes Sehen (KGS) informiert \u00fcber die Vor- und Nachteile der verschiedenen Optionen.<\/p>\n<p>Nach der aktuellen Brillenstudie des Instituts f\u00fcr Demoskopie Allensbach brauchen inzwischen zwei von drei Menschen in Deutschland eine Brille. Die neueste, vom Kuratorium Gutes Sehen (KGS) in Auftrag gegebene Untersuchung zeigt aber auch: Gut 41 Prozent der Brillentr\u00e4ger tragen nie oder selten eine Sonnenbrille in ihrer Sehst\u00e4rke.<\/p>\n<p>Dabei brauchen die Augen im Sommer besonderen Schutz. So gehen die meisten vorzeitigen Alterserscheinungen und weit verbreiteten Augenerkrankungen auf das Konto von UV-Strahlung, angefangen vom Grauen Star \u00fcber altersbedingte Makula-Degeneration bis hin zu Tumoren. Was k\u00f6nnen Brillentr\u00e4ger also tun, um die Sonne gut gesch\u00fctzt zu genie\u00dfen?<\/p>\n<p><strong>Option 1: Sonnenbrille in Sehst\u00e4rke<\/strong><\/p>\n<p>Eine individuell angefertigte Sonnenbrille in Sehst\u00e4rke bietet den besten Schutz. Diese ist bei jedem Augenoptiker erh\u00e4ltlich. Autofahrer sollten \u00fcber eine an die eigene Sehst\u00e4rke angepasste Sonnenbrille mit Polarisationsfilter nachdenken, die zus\u00e4tzlich vor Blendung durch Reflexionen sch\u00fctzen. Auch vorhandene Sonnenbrillen k\u00f6nnen nachtr\u00e4glich mit polarisierenden Gl\u00e4sern ausgestattet werden \u2013 das spart Geld. F\u00fcr einen umfassenden UV-Schutz der Augenpartie sollte die Sonnenbrille gro\u00dfe Gl\u00e4ser und breite B\u00fcgel haben, die auch vor seitlichem Lichteinfall sch\u00fctzen. Nachteil der Sonnenbrille in Sehst\u00e4rke: Schl\u00e4gt das Wetter um oder tritt man aus dem Hellen in Innenr\u00e4ume, l\u00e4sst sich die verdunkelnde Wirkung nicht einfach \u201eabschalten\u201c.<\/p>\n<p><strong>Option 2: Brille in Sehst\u00e4rke mit selbstt\u00f6nenden Gl\u00e4sern<\/strong><\/p>\n<p>Selbstt\u00f6nende, sogenannte phototrope, Gl\u00e4ser verdunkeln sich von selbst. Solche Gl\u00e4ser haben viele Vorteile: Sie vereinen Korrektions- und Sonnenbrille in einer Fassung. Au\u00dferdem passt sich ihre T\u00f6nung den aktuellen Lichtverh\u00e4ltnissen an. Damit verhindern sie schnelles Erm\u00fcden und ersparen h\u00e4ufiges Brillenwechseln. Autofahrer sollten allerdings wissen, dass sich nur wenige phototrope Gl\u00e4ser im Auto verdunkeln. Das ben\u00f6tigte UV-Licht wird von den Autoscheiben gefiltert. Eine zweite, \u201enormale\u201c Brille sollte deshalb immer griffbereit sein.<\/p>\n<p><strong>Option 3: Aufsteck-Sonnenbrille<\/strong><\/p>\n<p>Wer f\u00fcr unterschiedliche Bedingungen ger\u00fcstet sein will, kann auch auf eine Clip-on- oder Aufsteckbrille ausweichen. Der Vorteil: Die vertraute und gut angepasste \u201eAlltagsbrille\u201c kann mithilfe des Aufsatzes im Sommer bzw. Urlaub einfach weiterbenutzt werden. Die Nachteile: Nicht jeder kann sich mit der Optik einer Aufsteckbrille anfreunden. Zudem k\u00f6nnen Reflexionen zwischen Brillenglas und Clip das Sehen beeintr\u00e4chtigen.<\/p>\n<p><strong>Option 4: Kontaktlinsen mit UV-Schutz<\/strong><\/p>\n<p>Die meisten modernen Kontaktlinsen haben einen integrierten UV-Filter. Damit ist das empfindliche Augeninnere zuverl\u00e4ssig gesch\u00fctzt. Solche Linsen er\u00f6ffnen auch Brillentr\u00e4gern das gesamte Angebot modischer Sonnenbrillen ohne Sehst\u00e4rke \u2013 f\u00fcr den optimalen Durchblick sorgen ja die Linsen. Weitere Vorteile: Kontaktlinsen sind unsichtbar, praktisch beim Sport, im Wasser und beschlagen nicht.<\/p>\n<p>Doch auch Linsen haben Nachteile: Weil sie das Auge nur zum Teil bedecken, ist zus\u00e4tzlicher Schutz durch eine Sonnenbrille ratsam. Au\u00dferdem k\u00f6nnen sie beim Schwimmen oder Tauchen aus dem Auge gesp\u00fclt werden. Wer auf Nummer sicher gehen will, greift zur Schwimmbrille. Damit sieht man im Wasser deutlich und ist au\u00dferdem vor dem Verlust der Linsen gesch\u00fctzt.<\/p>\n<p>Quelle: \u00a9 Kuratorium Gutes Sehen e.V.<\/p>\n","protected":false},"excerpt":{"rendered":"<p>Wie eine aktuelle Untersuchung zeigt, ist die Anzahl der Brillentr\u00e4ger in Deutschland in den letzten f\u00fcnf Jahren um eine Million [&hellip;]<\/p>\n","protected":false},"author":3,"featured_media":93179,"comment_status":"closed","ping_status":"closed","sticky":false,"template":"","format":"standard","meta":{"footnotes":""},"categories":[20],"tags":[],"class_list":["post-93178","post","type-post","status-publish","format-standard","has-post-thumbnail","hentry","category-beauty-gesundheit"],"yoast_head":"<!-- This site is optimized with the Yoast SEO plugin v27.1.1 - https:\/\/yoast.com\/product\/yoast-seo-wordpress\/ -->\n<title>Fast 17 Millionen sind \u201eoben ohne\u201c unterwegs - Spanien aktuell<\/title>\n<meta name=\"robots\" content=\"index, follow, max-snippet:-1, max-image-preview:large, max-video-preview:-1\" \/>\n<link rel=\"canonical\" href=\"https:\/\/spanienaktuell.net\/wordpress\/fast-17-millionen-sind-oben-ohne-unterwegs\/\" \/>\n<meta property=\"og:locale\" content=\"es_ES\" \/>\n<meta property=\"og:type\" content=\"article\" \/>\n<meta property=\"og:title\" content=\"Fast 17 Millionen sind \u201eoben ohne\u201c unterwegs - Spanien aktuell\" \/>\n<meta property=\"og:description\" content=\"Wie eine aktuelle Untersuchung zeigt, ist die Anzahl der Brillentr\u00e4ger in Deutschland in den letzten f\u00fcnf Jahren um eine Million [&hellip;]\" \/>\n<meta property=\"og:url\" content=\"https:\/\/spanienaktuell.net\/wordpress\/fast-17-millionen-sind-oben-ohne-unterwegs\/\" \/>\n<meta property=\"og:site_name\" content=\"Spanien aktuell\" \/>\n<meta property=\"article:published_time\" content=\"2021-10-01T10:37:50+00:00\" \/>\n<meta property=\"article:modified_time\" content=\"2021-10-05T10:44:35+00:00\" \/>\n<meta property=\"og:image\" content=\"https:\/\/spanienaktuell.net\/wordpress\/wp-content\/uploads\/2021\/10\/Foto-Pixabay-Christo-Anestev-sunglasses-3359220_1920-scaled.jpg\" \/>\n\t<meta property=\"og:image:width\" content=\"1440\" \/>\n\t<meta property=\"og:image:height\" content=\"959\" \/>\n\t<meta property=\"og:image:type\" content=\"image\/jpeg\" \/>\n<meta name=\"author\" content=\"Spanien Aktuell\" \/>\n<meta name=\"twitter:card\" content=\"summary_large_image\" \/>\n<meta name=\"twitter:label1\" content=\"Escrito por\" \/>\n\t<meta name=\"twitter:data1\" content=\"Spanien Aktuell\" \/>\n\t<meta name=\"twitter:label2\" content=\"Tiempo de lectura\" \/>\n\t<meta name=\"twitter:data2\" content=\"3 minutos\" \/>\n<script type=\"application\/ld+json\" class=\"yoast-schema-graph\">{\"@context\":\"https:\/\/schema.org\",\"@graph\":[{\"@type\":\"Article\",\"@id\":\"https:\/\/spanienaktuell.net\/wordpress\/fast-17-millionen-sind-oben-ohne-unterwegs\/#article\",\"isPartOf\":{\"@id\":\"https:\/\/spanienaktuell.net\/wordpress\/fast-17-millionen-sind-oben-ohne-unterwegs\/\"},\"author\":{\"name\":\"Spanien Aktuell\",\"@id\":\"https:\/\/spanienaktuell.net\/wordpress\/#\/schema\/person\/bc410cfae0161b201d837ebfeeba7fd0\"},\"headline\":\"Fast 17 Millionen sind \u201eoben ohne\u201c unterwegs\",\"datePublished\":\"2021-10-01T10:37:50+00:00\",\"dateModified\":\"2021-10-05T10:44:35+00:00\",\"mainEntityOfPage\":{\"@id\":\"https:\/\/spanienaktuell.net\/wordpress\/fast-17-millionen-sind-oben-ohne-unterwegs\/\"},\"wordCount\":595,\"publisher\":{\"@id\":\"https:\/\/spanienaktuell.net\/wordpress\/#organization\"},\"image\":{\"@id\":\"https:\/\/spanienaktuell.net\/wordpress\/fast-17-millionen-sind-oben-ohne-unterwegs\/#primaryimage\"},\"thumbnailUrl\":\"https:\/\/spanienaktuell.net\/wordpress\/wp-content\/uploads\/2021\/10\/Foto-Pixabay-Christo-Anestev-sunglasses-3359220_1920-scaled.jpg\",\"articleSection\":[\"Gesundheit\"],\"inLanguage\":\"es\"},{\"@type\":\"WebPage\",\"@id\":\"https:\/\/spanienaktuell.net\/wordpress\/fast-17-millionen-sind-oben-ohne-unterwegs\/\",\"url\":\"https:\/\/spanienaktuell.net\/wordpress\/fast-17-millionen-sind-oben-ohne-unterwegs\/\",\"name\":\"Fast 17 Millionen sind \u201eoben ohne\u201c unterwegs - Spanien aktuell\",\"isPartOf\":{\"@id\":\"https:\/\/spanienaktuell.net\/wordpress\/#website\"},\"primaryImageOfPage\":{\"@id\":\"https:\/\/spanienaktuell.net\/wordpress\/fast-17-millionen-sind-oben-ohne-unterwegs\/#primaryimage\"},\"image\":{\"@id\":\"https:\/\/spanienaktuell.net\/wordpress\/fast-17-millionen-sind-oben-ohne-unterwegs\/#primaryimage\"},\"thumbnailUrl\":\"https:\/\/spanienaktuell.net\/wordpress\/wp-content\/uploads\/2021\/10\/Foto-Pixabay-Christo-Anestev-sunglasses-3359220_1920-scaled.jpg\",\"datePublished\":\"2021-10-01T10:37:50+00:00\",\"dateModified\":\"2021-10-05T10:44:35+00:00\",\"breadcrumb\":{\"@id\":\"https:\/\/spanienaktuell.net\/wordpress\/fast-17-millionen-sind-oben-ohne-unterwegs\/#breadcrumb\"},\"inLanguage\":\"es\",\"potentialAction\":[{\"@type\":\"ReadAction\",\"target\":[\"https:\/\/spanienaktuell.net\/wordpress\/fast-17-millionen-sind-oben-ohne-unterwegs\/\"]}]},{\"@type\":\"ImageObject\",\"inLanguage\":\"es\",\"@id\":\"https:\/\/spanienaktuell.net\/wordpress\/fast-17-millionen-sind-oben-ohne-unterwegs\/#primaryimage\",\"url\":\"https:\/\/spanienaktuell.net\/wordpress\/wp-content\/uploads\/2021\/10\/Foto-Pixabay-Christo-Anestev-sunglasses-3359220_1920-scaled.jpg\",\"contentUrl\":\"https:\/\/spanienaktuell.net\/wordpress\/wp-content\/uploads\/2021\/10\/Foto-Pixabay-Christo-Anestev-sunglasses-3359220_1920-scaled.jpg\",\"width\":1440,\"height\":959,\"caption\":\"Foto: Pixabay-Christo Anestev\"},{\"@type\":\"BreadcrumbList\",\"@id\":\"https:\/\/spanienaktuell.net\/wordpress\/fast-17-millionen-sind-oben-ohne-unterwegs\/#breadcrumb\",\"itemListElement\":[{\"@type\":\"ListItem\",\"position\":1,\"name\":\"Portada\",\"item\":\"https:\/\/spanienaktuell.net\/wordpress\/\"},{\"@type\":\"ListItem\",\"position\":2,\"name\":\"Fast 17 Millionen sind \u201eoben ohne\u201c unterwegs\"}]},{\"@type\":\"WebSite\",\"@id\":\"https:\/\/spanienaktuell.net\/wordpress\/#website\",\"url\":\"https:\/\/spanienaktuell.net\/wordpress\/\",\"name\":\"Spanien aktuell\",\"description\":\"The German magazine number 1 on the Costa del Sol\",\"publisher\":{\"@id\":\"https:\/\/spanienaktuell.net\/wordpress\/#organization\"},\"potentialAction\":[{\"@type\":\"SearchAction\",\"target\":{\"@type\":\"EntryPoint\",\"urlTemplate\":\"https:\/\/spanienaktuell.net\/wordpress\/?s={search_term_string}\"},\"query-input\":{\"@type\":\"PropertyValueSpecification\",\"valueRequired\":true,\"valueName\":\"search_term_string\"}}],\"inLanguage\":\"es\"},{\"@type\":\"Organization\",\"@id\":\"https:\/\/spanienaktuell.net\/wordpress\/#organization\",\"name\":\"Spanien aktuell\",\"url\":\"https:\/\/spanienaktuell.net\/wordpress\/\",\"logo\":{\"@type\":\"ImageObject\",\"inLanguage\":\"es\",\"@id\":\"https:\/\/spanienaktuell.net\/wordpress\/#\/schema\/logo\/image\/\",\"url\":\"https:\/\/spanienaktuell.net\/wordpress\/wp-content\/uploads\/2019\/06\/cropped-Logo-spanien-aktuell-png-web-e1561631085388.png\",\"contentUrl\":\"https:\/\/spanienaktuell.net\/wordpress\/wp-content\/uploads\/2019\/06\/cropped-Logo-spanien-aktuell-png-web-e1561631085388.png\",\"width\":512,\"height\":110,\"caption\":\"Spanien aktuell\"},\"image\":{\"@id\":\"https:\/\/spanienaktuell.net\/wordpress\/#\/schema\/logo\/image\/\"}},{\"@type\":\"Person\",\"@id\":\"https:\/\/spanienaktuell.net\/wordpress\/#\/schema\/person\/bc410cfae0161b201d837ebfeeba7fd0\",\"name\":\"Spanien Aktuell\",\"image\":{\"@type\":\"ImageObject\",\"inLanguage\":\"es\",\"@id\":\"https:\/\/spanienaktuell.net\/wordpress\/#\/schema\/person\/image\/\",\"url\":\"https:\/\/spanienaktuell.net\/wordpress\/wp-content\/uploads\/2019\/06\/cropped-Logo-spanien-aktuell-png-fav2-100x100.png\",\"contentUrl\":\"https:\/\/spanienaktuell.net\/wordpress\/wp-content\/uploads\/2019\/06\/cropped-Logo-spanien-aktuell-png-fav2-100x100.png\",\"caption\":\"Spanien Aktuell\"},\"url\":\"https:\/\/spanienaktuell.net\/wordpress\/author\/koalum\/\"}]}<\/script>\n<!-- \/ Yoast SEO plugin. -->","yoast_head_json":{"title":"Fast 17 Millionen sind \u201eoben ohne\u201c unterwegs - Spanien aktuell","robots":{"index":"index","follow":"follow","max-snippet":"max-snippet:-1","max-image-preview":"max-image-preview:large","max-video-preview":"max-video-preview:-1"},"canonical":"https:\/\/spanienaktuell.net\/wordpress\/fast-17-millionen-sind-oben-ohne-unterwegs\/","og_locale":"es_ES","og_type":"article","og_title":"Fast 17 Millionen sind \u201eoben ohne\u201c unterwegs - Spanien aktuell","og_description":"Wie eine aktuelle Untersuchung zeigt, ist die Anzahl der Brillentr\u00e4ger in Deutschland in den letzten f\u00fcnf Jahren um eine Million [&hellip;]","og_url":"https:\/\/spanienaktuell.net\/wordpress\/fast-17-millionen-sind-oben-ohne-unterwegs\/","og_site_name":"Spanien aktuell","article_published_time":"2021-10-01T10:37:50+00:00","article_modified_time":"2021-10-05T10:44:35+00:00","og_image":[{"width":1440,"height":959,"url":"https:\/\/spanienaktuell.net\/wordpress\/wp-content\/uploads\/2021\/10\/Foto-Pixabay-Christo-Anestev-sunglasses-3359220_1920-scaled.jpg","type":"image\/jpeg"}],"author":"Spanien Aktuell","twitter_card":"summary_large_image","twitter_misc":{"Escrito por":"Spanien Aktuell","Tiempo de lectura":"3 minutos"},"schema":{"@context":"https:\/\/schema.org","@graph":[{"@type":"Article","@id":"https:\/\/spanienaktuell.net\/wordpress\/fast-17-millionen-sind-oben-ohne-unterwegs\/#article","isPartOf":{"@id":"https:\/\/spanienaktuell.net\/wordpress\/fast-17-millionen-sind-oben-ohne-unterwegs\/"},"author":{"name":"Spanien Aktuell","@id":"https:\/\/spanienaktuell.net\/wordpress\/#\/schema\/person\/bc410cfae0161b201d837ebfeeba7fd0"},"headline":"Fast 17 Millionen sind \u201eoben ohne\u201c unterwegs","datePublished":"2021-10-01T10:37:50+00:00","dateModified":"2021-10-05T10:44:35+00:00","mainEntityOfPage":{"@id":"https:\/\/spanienaktuell.net\/wordpress\/fast-17-millionen-sind-oben-ohne-unterwegs\/"},"wordCount":595,"publisher":{"@id":"https:\/\/spanienaktuell.net\/wordpress\/#organization"},"image":{"@id":"https:\/\/spanienaktuell.net\/wordpress\/fast-17-millionen-sind-oben-ohne-unterwegs\/#primaryimage"},"thumbnailUrl":"https:\/\/spanienaktuell.net\/wordpress\/wp-content\/uploads\/2021\/10\/Foto-Pixabay-Christo-Anestev-sunglasses-3359220_1920-scaled.jpg","articleSection":["Gesundheit"],"inLanguage":"es"},{"@type":"WebPage","@id":"https:\/\/spanienaktuell.net\/wordpress\/fast-17-millionen-sind-oben-ohne-unterwegs\/","url":"https:\/\/spanienaktuell.net\/wordpress\/fast-17-millionen-sind-oben-ohne-unterwegs\/","name":"Fast 17 Millionen sind \u201eoben ohne\u201c unterwegs - Spanien aktuell","isPartOf":{"@id":"https:\/\/spanienaktuell.net\/wordpress\/#website"},"primaryImageOfPage":{"@id":"https:\/\/spanienaktuell.net\/wordpress\/fast-17-millionen-sind-oben-ohne-unterwegs\/#primaryimage"},"image":{"@id":"https:\/\/spanienaktuell.net\/wordpress\/fast-17-millionen-sind-oben-ohne-unterwegs\/#primaryimage"},"thumbnailUrl":"https:\/\/spanienaktuell.net\/wordpress\/wp-content\/uploads\/2021\/10\/Foto-Pixabay-Christo-Anestev-sunglasses-3359220_1920-scaled.jpg","datePublished":"2021-10-01T10:37:50+00:00","dateModified":"2021-10-05T10:44:35+00:00","breadcrumb":{"@id":"https:\/\/spanienaktuell.net\/wordpress\/fast-17-millionen-sind-oben-ohne-unterwegs\/#breadcrumb"},"inLanguage":"es","potentialAction":[{"@type":"ReadAction","target":["https:\/\/spanienaktuell.net\/wordpress\/fast-17-millionen-sind-oben-ohne-unterwegs\/"]}]},{"@type":"ImageObject","inLanguage":"es","@id":"https:\/\/spanienaktuell.net\/wordpress\/fast-17-millionen-sind-oben-ohne-unterwegs\/#primaryimage","url":"https:\/\/spanienaktuell.net\/wordpress\/wp-content\/uploads\/2021\/10\/Foto-Pixabay-Christo-Anestev-sunglasses-3359220_1920-scaled.jpg","contentUrl":"https:\/\/spanienaktuell.net\/wordpress\/wp-content\/uploads\/2021\/10\/Foto-Pixabay-Christo-Anestev-sunglasses-3359220_1920-scaled.jpg","width":1440,"height":959,"caption":"Foto: Pixabay-Christo Anestev"},{"@type":"BreadcrumbList","@id":"https:\/\/spanienaktuell.net\/wordpress\/fast-17-millionen-sind-oben-ohne-unterwegs\/#breadcrumb","itemListElement":[{"@type":"ListItem","position":1,"name":"Portada","item":"https:\/\/spanienaktuell.net\/wordpress\/"},{"@type":"ListItem","position":2,"name":"Fast 17 Millionen sind \u201eoben ohne\u201c unterwegs"}]},{"@type":"WebSite","@id":"https:\/\/spanienaktuell.net\/wordpress\/#website","url":"https:\/\/spanienaktuell.net\/wordpress\/","name":"Spanien aktuell","description":"The German magazine number 1 on the Costa del Sol","publisher":{"@id":"https:\/\/spanienaktuell.net\/wordpress\/#organization"},"potentialAction":[{"@type":"SearchAction","target":{"@type":"EntryPoint","urlTemplate":"https:\/\/spanienaktuell.net\/wordpress\/?s={search_term_string}"},"query-input":{"@type":"PropertyValueSpecification","valueRequired":true,"valueName":"search_term_string"}}],"inLanguage":"es"},{"@type":"Organization","@id":"https:\/\/spanienaktuell.net\/wordpress\/#organization","name":"Spanien aktuell","url":"https:\/\/spanienaktuell.net\/wordpress\/","logo":{"@type":"ImageObject","inLanguage":"es","@id":"https:\/\/spanienaktuell.net\/wordpress\/#\/schema\/logo\/image\/","url":"https:\/\/spanienaktuell.net\/wordpress\/wp-content\/uploads\/2019\/06\/cropped-Logo-spanien-aktuell-png-web-e1561631085388.png","contentUrl":"https:\/\/spanienaktuell.net\/wordpress\/wp-content\/uploads\/2019\/06\/cropped-Logo-spanien-aktuell-png-web-e1561631085388.png","width":512,"height":110,"caption":"Spanien aktuell"},"image":{"@id":"https:\/\/spanienaktuell.net\/wordpress\/#\/schema\/logo\/image\/"}},{"@type":"Person","@id":"https:\/\/spanienaktuell.net\/wordpress\/#\/schema\/person\/bc410cfae0161b201d837ebfeeba7fd0","name":"Spanien Aktuell","image":{"@type":"ImageObject","inLanguage":"es","@id":"https:\/\/spanienaktuell.net\/wordpress\/#\/schema\/person\/image\/","url":"https:\/\/spanienaktuell.net\/wordpress\/wp-content\/uploads\/2019\/06\/cropped-Logo-spanien-aktuell-png-fav2-100x100.png","contentUrl":"https:\/\/spanienaktuell.net\/wordpress\/wp-content\/uploads\/2019\/06\/cropped-Logo-spanien-aktuell-png-fav2-100x100.png","caption":"Spanien Aktuell"},"url":"https:\/\/spanienaktuell.net\/wordpress\/author\/koalum\/"}]}},"_links":{"self":[{"href":"https:\/\/spanienaktuell.net\/wordpress\/wp-json\/wp\/v2\/posts\/93178","targetHints":{"allow":["GET"]}}],"collection":[{"href":"https:\/\/spanienaktuell.net\/wordpress\/wp-json\/wp\/v2\/posts"}],"about":[{"href":"https:\/\/spanienaktuell.net\/wordpress\/wp-json\/wp\/v2\/types\/post"}],"author":[{"embeddable":true,"href":"https:\/\/spanienaktuell.net\/wordpress\/wp-json\/wp\/v2\/users\/3"}],"replies":[{"embeddable":true,"href":"https:\/\/spanienaktuell.net\/wordpress\/wp-json\/wp\/v2\/comments?post=93178"}],"version-history":[{"count":1,"href":"https:\/\/spanienaktuell.net\/wordpress\/wp-json\/wp\/v2\/posts\/93178\/revisions"}],"predecessor-version":[{"id":93183,"href":"https:\/\/spanienaktuell.net\/wordpress\/wp-json\/wp\/v2\/posts\/93178\/revisions\/93183"}],"wp:featuredmedia":[{"embeddable":true,"href":"https:\/\/spanienaktuell.net\/wordpress\/wp-json\/wp\/v2\/media\/93179"}],"wp:attachment":[{"href":"https:\/\/spanienaktuell.net\/wordpress\/wp-json\/wp\/v2\/media?parent=93178"}],"wp:term":[{"taxonomy":"category","embeddable":true,"href":"https:\/\/spanienaktuell.net\/wordpress\/wp-json\/wp\/v2\/categories?post=93178"},{"taxonomy":"post_tag","embeddable":true,"href":"https:\/\/spanienaktuell.net\/wordpress\/wp-json\/wp\/v2\/tags?post=93178"}],"curies":[{"name":"wp","href":"https:\/\/api.w.org\/{rel}","templated":true}]}}