{"id":93184,"date":"2021-10-01T10:39:11","date_gmt":"2021-10-01T10:39:11","guid":{"rendered":"https:\/\/spanienaktuell.net\/wordpress\/?p=93184"},"modified":"2021-10-05T10:44:29","modified_gmt":"2021-10-05T10:44:29","slug":"garden-paradise-pflanzen-sind-unsere-leidenschaft-2","status":"publish","type":"post","link":"https:\/\/spanienaktuell.net\/wordpress\/garden-paradise-pflanzen-sind-unsere-leidenschaft-2\/","title":{"rendered":"Garden Paradise-Pflanzen sind unsere Leidenschaft"},"content":{"rendered":"<figure id=\"attachment_93185\" aria-describedby=\"caption-attachment-93185\" style=\"width: 1440px\" class=\"wp-caption aligncenter\"><img decoding=\"async\" class=\"size-full wp-image-93185\" src=\"https:\/\/spanienaktuell.net\/wordpress\/wp-content\/uploads\/2021\/10\/Foto-Pixabay-Xuan-Duong-lychee-6549898_1920-scaled.jpg\" alt=\"\" width=\"1440\" height=\"960\" srcset=\"https:\/\/spanienaktuell.net\/wordpress\/wp-content\/uploads\/2021\/10\/Foto-Pixabay-Xuan-Duong-lychee-6549898_1920-scaled.jpg 1440w, https:\/\/spanienaktuell.net\/wordpress\/wp-content\/uploads\/2021\/10\/Foto-Pixabay-Xuan-Duong-lychee-6549898_1920-300x200.jpg 300w, https:\/\/spanienaktuell.net\/wordpress\/wp-content\/uploads\/2021\/10\/Foto-Pixabay-Xuan-Duong-lychee-6549898_1920-1024x683.jpg 1024w, https:\/\/spanienaktuell.net\/wordpress\/wp-content\/uploads\/2021\/10\/Foto-Pixabay-Xuan-Duong-lychee-6549898_1920-768x512.jpg 768w, https:\/\/spanienaktuell.net\/wordpress\/wp-content\/uploads\/2021\/10\/Foto-Pixabay-Xuan-Duong-lychee-6549898_1920-1536x1024.jpg 1536w\" sizes=\"(max-width: 1440px) 100vw, 1440px\" \/><figcaption id=\"caption-attachment-93185\" class=\"wp-caption-text\">Foto: Pixabay- Xuan Duong<\/figcaption><\/figure>\n<p><em>In unserer G\u00e4rtnerei\u00a0 haben wir neben einer gro\u00dfen Auswahl an Blumen, Pflanzen und Obstb\u00e4umen auch\u00a0 allerlei exotische an Obstb\u00e4umen und Pflanzen, diesen Monat m\u00f6chten wir Ihnen aus unserem Angebot die Litschi-Pflanze vorstellen die Sie direkt bei uns kaufen und in Ihren Garten oder auf der Terrasse pflanzen k\u00f6nnen. Bitte Fragen Sie nach weiteren exotischen Pflanzen wir beraten Sie gerne und liefern auch die gekauften Pflanzen etc. zu Ihnen nach Hause.<\/em><\/p>\n<p><strong>Litschi (Litchi chinensis)<\/strong><\/p>\n<p>Die Litschi stammt aus den tropischen Regenw\u00e4ldern und Bergw\u00e4ldern S\u00fcdchinas, wo sie seit 2000 Jahren eine dominierende Baumart ist. Der \u00e4lteste schriftliche Hinweis auf die Litschi stammt aus dem Jahr 1059 n. Chr.<\/p>\n<p><strong>Botanik<\/strong><\/p>\n<p>Litchis wachsen b\u00fcschelweise an halbhohen B\u00e4umen. Die leuchtend roten bis braunen Fr\u00fcchte haben einen Durchmesser von 3-4 cm. Die Haut der Litchi ist spr\u00f6de und von noppenartiger Struktur. Das unter der Schale sitzende saftreiche Fruchtfleisch ist wei\u00dflich, perlmuttartig durchschimmernd und von einem feinen, an Muskat erinnernden Geschmack. Im Inneren der Frucht befindet sich ein haselnussgro\u00dfer Kern. Der Litchibaum ist sehr buschig, immergr\u00fcn und kann bis zu 10m hoch werden.<\/p>\n<p>Das Sapindaceae-(Seifenbaum) Gew\u00e4chs kann bis zu 2000 Jahre alt werden und liefert j\u00e4hrlich ca. 150kg Fr\u00fcchte, die zu etwa 30 St\u00fcck zusammenh\u00e4ngen. \u00c4ltere B\u00e4ume tragen 500kg und mehr pro Jahr. Im gewerbsm\u00e4\u00dfigen Anbau werden die kurz gehaltenen B\u00e4ume mit Kunststoff- oder Papierh\u00fcllen bedeckt, um vor Schadinsekten (Fruchtfliege), Flederm\u00e4usen und V\u00f6geln zu sch\u00fctzen.<\/p>\n<p>Er ist sehr frostempfindlich und kann deshalb in Mitteleuropa nicht im Freien gedeihen. Die Frucht braucht etwa 12 bis 16 Wochen, um zur Reife zu gelangen. Das Fruchtfleisch entwickelt sich erst von der 8. bis zur 11. Woche zu einem Drittel des Fruchtgewichts, danach erreicht es 65 &#8211; 75 % des Gewichts. Mit der Reife nimmt der Zuckergehalt zu und die Frucht verf\u00e4rbt sich von gr\u00fcn \u00fcber gelb-rot zu rot.<\/p>\n<p>Geerntete Fr\u00fcchte reifen nicht mehr nach. Je frischer und reifer die Frucht verzehrt wird, um so besser.<\/p>\n<p><img decoding=\"async\" class=\"aligncenter size-full wp-image-93186\" src=\"https:\/\/spanienaktuell.net\/wordpress\/wp-content\/uploads\/2021\/10\/fresh-red-lychee-fruits-PU34TK6-scaled.jpg\" alt=\"\" width=\"1440\" height=\"960\" srcset=\"https:\/\/spanienaktuell.net\/wordpress\/wp-content\/uploads\/2021\/10\/fresh-red-lychee-fruits-PU34TK6-scaled.jpg 1440w, https:\/\/spanienaktuell.net\/wordpress\/wp-content\/uploads\/2021\/10\/fresh-red-lychee-fruits-PU34TK6-300x200.jpg 300w, https:\/\/spanienaktuell.net\/wordpress\/wp-content\/uploads\/2021\/10\/fresh-red-lychee-fruits-PU34TK6-1024x683.jpg 1024w, https:\/\/spanienaktuell.net\/wordpress\/wp-content\/uploads\/2021\/10\/fresh-red-lychee-fruits-PU34TK6-768x512.jpg 768w, https:\/\/spanienaktuell.net\/wordpress\/wp-content\/uploads\/2021\/10\/fresh-red-lychee-fruits-PU34TK6-1536x1024.jpg 1536w, https:\/\/spanienaktuell.net\/wordpress\/wp-content\/uploads\/2021\/10\/fresh-red-lychee-fruits-PU34TK6-2048x1365.jpg 2048w\" sizes=\"(max-width: 1440px) 100vw, 1440px\" \/><\/p>\n<p>Litschis bestehen zu achtzig Prozent aus Wasser und sind deshalb sehr kalorienarm. Ihr enorm hoher Gehalt an Vitamin C macht die Fr\u00fcchte dar\u00fcber hinaus zu einem \u00e4u\u00dferst gesunden Nahrungsmittel. 100 Gramm Litschis enthalten: Vitamin C: 40 mg, Fols\u00e4ure: 25 \u00b5g, Kalium: 190 mg, Phosphor: 35 mg. Im K\u00fchlschrank halten sich Litschi ca. 2-3 Wochen.<\/p>\n<p><strong>Garden Paradise<\/strong><\/p>\n<p>(+34) 663 38 57 26<\/p>\n<p>Carretera de Torrox, 18\u00a0 (Neben Lidl)<\/p>\n<p>29770 Torrox, M\u00e1laga<\/p>\n<p><a href=\"http:\/\/www.gardenparadisetorrox.webnode.es\">www.gardenparadisetorrox.webnode.es<\/a><\/p>\n","protected":false},"excerpt":{"rendered":"<p>In unserer G\u00e4rtnerei\u00a0 haben wir neben einer gro\u00dfen Auswahl an Blumen, Pflanzen und Obstb\u00e4umen auch\u00a0 allerlei exotische an Obstb\u00e4umen und [&hellip;]<\/p>\n","protected":false},"author":3,"featured_media":93185,"comment_status":"closed","ping_status":"closed","sticky":false,"template":"","format":"standard","meta":{"footnotes":""},"categories":[20],"tags":[],"class_list":["post-93184","post","type-post","status-publish","format-standard","has-post-thumbnail","hentry","category-beauty-gesundheit"],"yoast_head":"<!-- This site is optimized with the Yoast SEO plugin v27.1.1 - https:\/\/yoast.com\/product\/yoast-seo-wordpress\/ -->\n<title>Garden Paradise-Pflanzen sind unsere Leidenschaft - Spanien aktuell<\/title>\n<meta name=\"robots\" content=\"index, follow, max-snippet:-1, max-image-preview:large, max-video-preview:-1\" \/>\n<link rel=\"canonical\" href=\"https:\/\/spanienaktuell.net\/wordpress\/garden-paradise-pflanzen-sind-unsere-leidenschaft-2\/\" \/>\n<meta property=\"og:locale\" content=\"es_ES\" \/>\n<meta property=\"og:type\" content=\"article\" \/>\n<meta property=\"og:title\" content=\"Garden Paradise-Pflanzen sind unsere Leidenschaft - Spanien aktuell\" \/>\n<meta property=\"og:description\" content=\"In unserer G\u00e4rtnerei\u00a0 haben wir neben einer gro\u00dfen Auswahl an Blumen, Pflanzen und Obstb\u00e4umen auch\u00a0 allerlei exotische an Obstb\u00e4umen und [&hellip;]\" \/>\n<meta property=\"og:url\" content=\"https:\/\/spanienaktuell.net\/wordpress\/garden-paradise-pflanzen-sind-unsere-leidenschaft-2\/\" \/>\n<meta property=\"og:site_name\" content=\"Spanien aktuell\" \/>\n<meta property=\"article:published_time\" content=\"2021-10-01T10:39:11+00:00\" \/>\n<meta property=\"article:modified_time\" content=\"2021-10-05T10:44:29+00:00\" \/>\n<meta property=\"og:image\" content=\"https:\/\/spanienaktuell.net\/wordpress\/wp-content\/uploads\/2021\/10\/Foto-Pixabay-Xuan-Duong-lychee-6549898_1920-scaled.jpg\" \/>\n\t<meta property=\"og:image:width\" content=\"1440\" \/>\n\t<meta property=\"og:image:height\" content=\"960\" \/>\n\t<meta property=\"og:image:type\" content=\"image\/jpeg\" \/>\n<meta name=\"author\" content=\"Spanien Aktuell\" \/>\n<meta name=\"twitter:card\" content=\"summary_large_image\" \/>\n<meta name=\"twitter:label1\" content=\"Escrito por\" \/>\n\t<meta name=\"twitter:data1\" content=\"Spanien Aktuell\" \/>\n\t<meta name=\"twitter:label2\" content=\"Tiempo de lectura\" \/>\n\t<meta name=\"twitter:data2\" content=\"3 minutos\" \/>\n<script type=\"application\/ld+json\" class=\"yoast-schema-graph\">{\"@context\":\"https:\/\/schema.org\",\"@graph\":[{\"@type\":\"Article\",\"@id\":\"https:\/\/spanienaktuell.net\/wordpress\/garden-paradise-pflanzen-sind-unsere-leidenschaft-2\/#article\",\"isPartOf\":{\"@id\":\"https:\/\/spanienaktuell.net\/wordpress\/garden-paradise-pflanzen-sind-unsere-leidenschaft-2\/\"},\"author\":{\"name\":\"Spanien Aktuell\",\"@id\":\"https:\/\/spanienaktuell.net\/wordpress\/#\/schema\/person\/bc410cfae0161b201d837ebfeeba7fd0\"},\"headline\":\"Garden Paradise-Pflanzen sind unsere Leidenschaft\",\"datePublished\":\"2021-10-01T10:39:11+00:00\",\"dateModified\":\"2021-10-05T10:44:29+00:00\",\"mainEntityOfPage\":{\"@id\":\"https:\/\/spanienaktuell.net\/wordpress\/garden-paradise-pflanzen-sind-unsere-leidenschaft-2\/\"},\"wordCount\":420,\"publisher\":{\"@id\":\"https:\/\/spanienaktuell.net\/wordpress\/#organization\"},\"image\":{\"@id\":\"https:\/\/spanienaktuell.net\/wordpress\/garden-paradise-pflanzen-sind-unsere-leidenschaft-2\/#primaryimage\"},\"thumbnailUrl\":\"https:\/\/spanienaktuell.net\/wordpress\/wp-content\/uploads\/2021\/10\/Foto-Pixabay-Xuan-Duong-lychee-6549898_1920-scaled.jpg\",\"articleSection\":[\"Gesundheit\"],\"inLanguage\":\"es\"},{\"@type\":\"WebPage\",\"@id\":\"https:\/\/spanienaktuell.net\/wordpress\/garden-paradise-pflanzen-sind-unsere-leidenschaft-2\/\",\"url\":\"https:\/\/spanienaktuell.net\/wordpress\/garden-paradise-pflanzen-sind-unsere-leidenschaft-2\/\",\"name\":\"Garden Paradise-Pflanzen sind unsere Leidenschaft - Spanien aktuell\",\"isPartOf\":{\"@id\":\"https:\/\/spanienaktuell.net\/wordpress\/#website\"},\"primaryImageOfPage\":{\"@id\":\"https:\/\/spanienaktuell.net\/wordpress\/garden-paradise-pflanzen-sind-unsere-leidenschaft-2\/#primaryimage\"},\"image\":{\"@id\":\"https:\/\/spanienaktuell.net\/wordpress\/garden-paradise-pflanzen-sind-unsere-leidenschaft-2\/#primaryimage\"},\"thumbnailUrl\":\"https:\/\/spanienaktuell.net\/wordpress\/wp-content\/uploads\/2021\/10\/Foto-Pixabay-Xuan-Duong-lychee-6549898_1920-scaled.jpg\",\"datePublished\":\"2021-10-01T10:39:11+00:00\",\"dateModified\":\"2021-10-05T10:44:29+00:00\",\"breadcrumb\":{\"@id\":\"https:\/\/spanienaktuell.net\/wordpress\/garden-paradise-pflanzen-sind-unsere-leidenschaft-2\/#breadcrumb\"},\"inLanguage\":\"es\",\"potentialAction\":[{\"@type\":\"ReadAction\",\"target\":[\"https:\/\/spanienaktuell.net\/wordpress\/garden-paradise-pflanzen-sind-unsere-leidenschaft-2\/\"]}]},{\"@type\":\"ImageObject\",\"inLanguage\":\"es\",\"@id\":\"https:\/\/spanienaktuell.net\/wordpress\/garden-paradise-pflanzen-sind-unsere-leidenschaft-2\/#primaryimage\",\"url\":\"https:\/\/spanienaktuell.net\/wordpress\/wp-content\/uploads\/2021\/10\/Foto-Pixabay-Xuan-Duong-lychee-6549898_1920-scaled.jpg\",\"contentUrl\":\"https:\/\/spanienaktuell.net\/wordpress\/wp-content\/uploads\/2021\/10\/Foto-Pixabay-Xuan-Duong-lychee-6549898_1920-scaled.jpg\",\"width\":1440,\"height\":960,\"caption\":\"Foto: Pixabay- Xuan Duong\"},{\"@type\":\"BreadcrumbList\",\"@id\":\"https:\/\/spanienaktuell.net\/wordpress\/garden-paradise-pflanzen-sind-unsere-leidenschaft-2\/#breadcrumb\",\"itemListElement\":[{\"@type\":\"ListItem\",\"position\":1,\"name\":\"Portada\",\"item\":\"https:\/\/spanienaktuell.net\/wordpress\/\"},{\"@type\":\"ListItem\",\"position\":2,\"name\":\"Garden Paradise-Pflanzen sind unsere Leidenschaft\"}]},{\"@type\":\"WebSite\",\"@id\":\"https:\/\/spanienaktuell.net\/wordpress\/#website\",\"url\":\"https:\/\/spanienaktuell.net\/wordpress\/\",\"name\":\"Spanien aktuell\",\"description\":\"The German magazine number 1 on the Costa del Sol\",\"publisher\":{\"@id\":\"https:\/\/spanienaktuell.net\/wordpress\/#organization\"},\"potentialAction\":[{\"@type\":\"SearchAction\",\"target\":{\"@type\":\"EntryPoint\",\"urlTemplate\":\"https:\/\/spanienaktuell.net\/wordpress\/?s={search_term_string}\"},\"query-input\":{\"@type\":\"PropertyValueSpecification\",\"valueRequired\":true,\"valueName\":\"search_term_string\"}}],\"inLanguage\":\"es\"},{\"@type\":\"Organization\",\"@id\":\"https:\/\/spanienaktuell.net\/wordpress\/#organization\",\"name\":\"Spanien aktuell\",\"url\":\"https:\/\/spanienaktuell.net\/wordpress\/\",\"logo\":{\"@type\":\"ImageObject\",\"inLanguage\":\"es\",\"@id\":\"https:\/\/spanienaktuell.net\/wordpress\/#\/schema\/logo\/image\/\",\"url\":\"https:\/\/spanienaktuell.net\/wordpress\/wp-content\/uploads\/2019\/06\/cropped-Logo-spanien-aktuell-png-web-e1561631085388.png\",\"contentUrl\":\"https:\/\/spanienaktuell.net\/wordpress\/wp-content\/uploads\/2019\/06\/cropped-Logo-spanien-aktuell-png-web-e1561631085388.png\",\"width\":512,\"height\":110,\"caption\":\"Spanien aktuell\"},\"image\":{\"@id\":\"https:\/\/spanienaktuell.net\/wordpress\/#\/schema\/logo\/image\/\"}},{\"@type\":\"Person\",\"@id\":\"https:\/\/spanienaktuell.net\/wordpress\/#\/schema\/person\/bc410cfae0161b201d837ebfeeba7fd0\",\"name\":\"Spanien Aktuell\",\"image\":{\"@type\":\"ImageObject\",\"inLanguage\":\"es\",\"@id\":\"https:\/\/spanienaktuell.net\/wordpress\/#\/schema\/person\/image\/\",\"url\":\"https:\/\/spanienaktuell.net\/wordpress\/wp-content\/uploads\/2019\/06\/cropped-Logo-spanien-aktuell-png-fav2-100x100.png\",\"contentUrl\":\"https:\/\/spanienaktuell.net\/wordpress\/wp-content\/uploads\/2019\/06\/cropped-Logo-spanien-aktuell-png-fav2-100x100.png\",\"caption\":\"Spanien Aktuell\"},\"url\":\"https:\/\/spanienaktuell.net\/wordpress\/author\/koalum\/\"}]}<\/script>\n<!-- \/ Yoast SEO plugin. -->","yoast_head_json":{"title":"Garden Paradise-Pflanzen sind unsere Leidenschaft - Spanien aktuell","robots":{"index":"index","follow":"follow","max-snippet":"max-snippet:-1","max-image-preview":"max-image-preview:large","max-video-preview":"max-video-preview:-1"},"canonical":"https:\/\/spanienaktuell.net\/wordpress\/garden-paradise-pflanzen-sind-unsere-leidenschaft-2\/","og_locale":"es_ES","og_type":"article","og_title":"Garden Paradise-Pflanzen sind unsere Leidenschaft - Spanien aktuell","og_description":"In unserer G\u00e4rtnerei\u00a0 haben wir neben einer gro\u00dfen Auswahl an Blumen, Pflanzen und Obstb\u00e4umen auch\u00a0 allerlei exotische an Obstb\u00e4umen und [&hellip;]","og_url":"https:\/\/spanienaktuell.net\/wordpress\/garden-paradise-pflanzen-sind-unsere-leidenschaft-2\/","og_site_name":"Spanien aktuell","article_published_time":"2021-10-01T10:39:11+00:00","article_modified_time":"2021-10-05T10:44:29+00:00","og_image":[{"width":1440,"height":960,"url":"https:\/\/spanienaktuell.net\/wordpress\/wp-content\/uploads\/2021\/10\/Foto-Pixabay-Xuan-Duong-lychee-6549898_1920-scaled.jpg","type":"image\/jpeg"}],"author":"Spanien Aktuell","twitter_card":"summary_large_image","twitter_misc":{"Escrito por":"Spanien Aktuell","Tiempo de lectura":"3 minutos"},"schema":{"@context":"https:\/\/schema.org","@graph":[{"@type":"Article","@id":"https:\/\/spanienaktuell.net\/wordpress\/garden-paradise-pflanzen-sind-unsere-leidenschaft-2\/#article","isPartOf":{"@id":"https:\/\/spanienaktuell.net\/wordpress\/garden-paradise-pflanzen-sind-unsere-leidenschaft-2\/"},"author":{"name":"Spanien Aktuell","@id":"https:\/\/spanienaktuell.net\/wordpress\/#\/schema\/person\/bc410cfae0161b201d837ebfeeba7fd0"},"headline":"Garden Paradise-Pflanzen sind unsere Leidenschaft","datePublished":"2021-10-01T10:39:11+00:00","dateModified":"2021-10-05T10:44:29+00:00","mainEntityOfPage":{"@id":"https:\/\/spanienaktuell.net\/wordpress\/garden-paradise-pflanzen-sind-unsere-leidenschaft-2\/"},"wordCount":420,"publisher":{"@id":"https:\/\/spanienaktuell.net\/wordpress\/#organization"},"image":{"@id":"https:\/\/spanienaktuell.net\/wordpress\/garden-paradise-pflanzen-sind-unsere-leidenschaft-2\/#primaryimage"},"thumbnailUrl":"https:\/\/spanienaktuell.net\/wordpress\/wp-content\/uploads\/2021\/10\/Foto-Pixabay-Xuan-Duong-lychee-6549898_1920-scaled.jpg","articleSection":["Gesundheit"],"inLanguage":"es"},{"@type":"WebPage","@id":"https:\/\/spanienaktuell.net\/wordpress\/garden-paradise-pflanzen-sind-unsere-leidenschaft-2\/","url":"https:\/\/spanienaktuell.net\/wordpress\/garden-paradise-pflanzen-sind-unsere-leidenschaft-2\/","name":"Garden Paradise-Pflanzen sind unsere Leidenschaft - Spanien aktuell","isPartOf":{"@id":"https:\/\/spanienaktuell.net\/wordpress\/#website"},"primaryImageOfPage":{"@id":"https:\/\/spanienaktuell.net\/wordpress\/garden-paradise-pflanzen-sind-unsere-leidenschaft-2\/#primaryimage"},"image":{"@id":"https:\/\/spanienaktuell.net\/wordpress\/garden-paradise-pflanzen-sind-unsere-leidenschaft-2\/#primaryimage"},"thumbnailUrl":"https:\/\/spanienaktuell.net\/wordpress\/wp-content\/uploads\/2021\/10\/Foto-Pixabay-Xuan-Duong-lychee-6549898_1920-scaled.jpg","datePublished":"2021-10-01T10:39:11+00:00","dateModified":"2021-10-05T10:44:29+00:00","breadcrumb":{"@id":"https:\/\/spanienaktuell.net\/wordpress\/garden-paradise-pflanzen-sind-unsere-leidenschaft-2\/#breadcrumb"},"inLanguage":"es","potentialAction":[{"@type":"ReadAction","target":["https:\/\/spanienaktuell.net\/wordpress\/garden-paradise-pflanzen-sind-unsere-leidenschaft-2\/"]}]},{"@type":"ImageObject","inLanguage":"es","@id":"https:\/\/spanienaktuell.net\/wordpress\/garden-paradise-pflanzen-sind-unsere-leidenschaft-2\/#primaryimage","url":"https:\/\/spanienaktuell.net\/wordpress\/wp-content\/uploads\/2021\/10\/Foto-Pixabay-Xuan-Duong-lychee-6549898_1920-scaled.jpg","contentUrl":"https:\/\/spanienaktuell.net\/wordpress\/wp-content\/uploads\/2021\/10\/Foto-Pixabay-Xuan-Duong-lychee-6549898_1920-scaled.jpg","width":1440,"height":960,"caption":"Foto: Pixabay- Xuan Duong"},{"@type":"BreadcrumbList","@id":"https:\/\/spanienaktuell.net\/wordpress\/garden-paradise-pflanzen-sind-unsere-leidenschaft-2\/#breadcrumb","itemListElement":[{"@type":"ListItem","position":1,"name":"Portada","item":"https:\/\/spanienaktuell.net\/wordpress\/"},{"@type":"ListItem","position":2,"name":"Garden Paradise-Pflanzen sind unsere Leidenschaft"}]},{"@type":"WebSite","@id":"https:\/\/spanienaktuell.net\/wordpress\/#website","url":"https:\/\/spanienaktuell.net\/wordpress\/","name":"Spanien aktuell","description":"The German magazine number 1 on the Costa del Sol","publisher":{"@id":"https:\/\/spanienaktuell.net\/wordpress\/#organization"},"potentialAction":[{"@type":"SearchAction","target":{"@type":"EntryPoint","urlTemplate":"https:\/\/spanienaktuell.net\/wordpress\/?s={search_term_string}"},"query-input":{"@type":"PropertyValueSpecification","valueRequired":true,"valueName":"search_term_string"}}],"inLanguage":"es"},{"@type":"Organization","@id":"https:\/\/spanienaktuell.net\/wordpress\/#organization","name":"Spanien aktuell","url":"https:\/\/spanienaktuell.net\/wordpress\/","logo":{"@type":"ImageObject","inLanguage":"es","@id":"https:\/\/spanienaktuell.net\/wordpress\/#\/schema\/logo\/image\/","url":"https:\/\/spanienaktuell.net\/wordpress\/wp-content\/uploads\/2019\/06\/cropped-Logo-spanien-aktuell-png-web-e1561631085388.png","contentUrl":"https:\/\/spanienaktuell.net\/wordpress\/wp-content\/uploads\/2019\/06\/cropped-Logo-spanien-aktuell-png-web-e1561631085388.png","width":512,"height":110,"caption":"Spanien aktuell"},"image":{"@id":"https:\/\/spanienaktuell.net\/wordpress\/#\/schema\/logo\/image\/"}},{"@type":"Person","@id":"https:\/\/spanienaktuell.net\/wordpress\/#\/schema\/person\/bc410cfae0161b201d837ebfeeba7fd0","name":"Spanien Aktuell","image":{"@type":"ImageObject","inLanguage":"es","@id":"https:\/\/spanienaktuell.net\/wordpress\/#\/schema\/person\/image\/","url":"https:\/\/spanienaktuell.net\/wordpress\/wp-content\/uploads\/2019\/06\/cropped-Logo-spanien-aktuell-png-fav2-100x100.png","contentUrl":"https:\/\/spanienaktuell.net\/wordpress\/wp-content\/uploads\/2019\/06\/cropped-Logo-spanien-aktuell-png-fav2-100x100.png","caption":"Spanien Aktuell"},"url":"https:\/\/spanienaktuell.net\/wordpress\/author\/koalum\/"}]}},"_links":{"self":[{"href":"https:\/\/spanienaktuell.net\/wordpress\/wp-json\/wp\/v2\/posts\/93184","targetHints":{"allow":["GET"]}}],"collection":[{"href":"https:\/\/spanienaktuell.net\/wordpress\/wp-json\/wp\/v2\/posts"}],"about":[{"href":"https:\/\/spanienaktuell.net\/wordpress\/wp-json\/wp\/v2\/types\/post"}],"author":[{"embeddable":true,"href":"https:\/\/spanienaktuell.net\/wordpress\/wp-json\/wp\/v2\/users\/3"}],"replies":[{"embeddable":true,"href":"https:\/\/spanienaktuell.net\/wordpress\/wp-json\/wp\/v2\/comments?post=93184"}],"version-history":[{"count":1,"href":"https:\/\/spanienaktuell.net\/wordpress\/wp-json\/wp\/v2\/posts\/93184\/revisions"}],"predecessor-version":[{"id":93190,"href":"https:\/\/spanienaktuell.net\/wordpress\/wp-json\/wp\/v2\/posts\/93184\/revisions\/93190"}],"wp:featuredmedia":[{"embeddable":true,"href":"https:\/\/spanienaktuell.net\/wordpress\/wp-json\/wp\/v2\/media\/93185"}],"wp:attachment":[{"href":"https:\/\/spanienaktuell.net\/wordpress\/wp-json\/wp\/v2\/media?parent=93184"}],"wp:term":[{"taxonomy":"category","embeddable":true,"href":"https:\/\/spanienaktuell.net\/wordpress\/wp-json\/wp\/v2\/categories?post=93184"},{"taxonomy":"post_tag","embeddable":true,"href":"https:\/\/spanienaktuell.net\/wordpress\/wp-json\/wp\/v2\/tags?post=93184"}],"curies":[{"name":"wp","href":"https:\/\/api.w.org\/{rel}","templated":true}]}}