{"id":93260,"date":"2021-11-01T11:49:05","date_gmt":"2021-11-01T11:49:05","guid":{"rendered":"https:\/\/spanienaktuell.net\/wordpress\/?p=93260"},"modified":"2021-11-09T14:03:24","modified_gmt":"2021-11-09T14:03:24","slug":"luxus-in-einer-unvergleichlichen-umgebung-von-mijas","status":"publish","type":"post","link":"https:\/\/spanienaktuell.net\/wordpress\/luxus-in-einer-unvergleichlichen-umgebung-von-mijas\/","title":{"rendered":"Luxus in einer unvergleichlichen Umgebung von Mijas"},"content":{"rendered":"<p><img decoding=\"async\" class=\"aligncenter size-full wp-image-93261\" src=\"https:\/\/spanienaktuell.net\/wordpress\/wp-content\/uploads\/2021\/11\/Pequeniopub-52-scaled.jpg\" alt=\"\" width=\"1440\" height=\"1079\" srcset=\"https:\/\/spanienaktuell.net\/wordpress\/wp-content\/uploads\/2021\/11\/Pequeniopub-52-scaled.jpg 1440w, https:\/\/spanienaktuell.net\/wordpress\/wp-content\/uploads\/2021\/11\/Pequeniopub-52-300x225.jpg 300w, https:\/\/spanienaktuell.net\/wordpress\/wp-content\/uploads\/2021\/11\/Pequeniopub-52-1024x768.jpg 1024w, https:\/\/spanienaktuell.net\/wordpress\/wp-content\/uploads\/2021\/11\/Pequeniopub-52-768x576.jpg 768w, https:\/\/spanienaktuell.net\/wordpress\/wp-content\/uploads\/2021\/11\/Pequeniopub-52-1536x1151.jpg 1536w, https:\/\/spanienaktuell.net\/wordpress\/wp-content\/uploads\/2021\/11\/Pequeniopub-52-2048x1535.jpg 2048w\" sizes=\"(max-width: 1440px) 100vw, 1440px\" \/><\/p>\n<p>Das ist La Quinta, eine Luxusvilla in einer unvergleichlichen Umgebung. Eleganz und Distinktion, eine einzigartige Gelegenheit.<\/p>\n<p>In der Urbanisation <strong><em>Rosa de Piedra<\/em><\/strong>, in der Gemeinde <strong><em>Mijas<\/em><\/strong>, befindet sich \u00a0diese sch\u00f6ne Villa, ausgestattet mit den exklusivsten Details.<\/p>\n<p>Auf einem Grundst\u00fcck von <strong><em>1495 Quadratmetern<\/em><\/strong> ist diese Villa von <strong><em>454 Quadratmetern<\/em><\/strong> gebaut, verteilt auf zwei Etagen und G\u00e4rten.<\/p>\n<p><img decoding=\"async\" class=\"aligncenter size-full wp-image-93406\" src=\"https:\/\/spanienaktuell.net\/wordpress\/wp-content\/uploads\/2021\/11\/Pequenio-drone-29-11.png\" alt=\"\" width=\"1440\" height=\"480\" srcset=\"https:\/\/spanienaktuell.net\/wordpress\/wp-content\/uploads\/2021\/11\/Pequenio-drone-29-11.png 1440w, https:\/\/spanienaktuell.net\/wordpress\/wp-content\/uploads\/2021\/11\/Pequenio-drone-29-11-300x100.png 300w, https:\/\/spanienaktuell.net\/wordpress\/wp-content\/uploads\/2021\/11\/Pequenio-drone-29-11-1024x341.png 1024w, https:\/\/spanienaktuell.net\/wordpress\/wp-content\/uploads\/2021\/11\/Pequenio-drone-29-11-768x256.png 768w, https:\/\/spanienaktuell.net\/wordpress\/wp-content\/uploads\/2021\/11\/Pequenio-drone-29-11-1536x512.png 1536w, https:\/\/spanienaktuell.net\/wordpress\/wp-content\/uploads\/2021\/11\/Pequenio-drone-29-11-2048x683.png 2048w\" sizes=\"(max-width: 1440px) 100vw, 1440px\" \/><\/p>\n<p>Im Obergeschoss befinden sich <strong><em>3 ger\u00e4umige Schlafzimmer<\/em><\/strong>, jedes davon mit einem kompletten Badezimmer en suite. Eine gro\u00dfe K\u00fcche und ein beeindruckendes gemeinsames Esszimmer mit R\u00e4umen von gro\u00dfem Komfort.<\/p>\n<p>Von dieser Etage haben Sie Zugang zu einer Terrasse mit atemberaubendem Blick auf das Tal und die Berge mit dem Meer im Hintergrund. Das Gr\u00fcn der Landschaft, das Blau des Himmels und des Meeres verschmelzen zu einem Gef\u00fchl der Ruhe und des Friedens, das Sie in bequemen Sesseln und Sofas genie\u00dfen k\u00f6nnen.<\/p>\n<p>Ein perfekter Sonnenuntergang, um ihn mit der Familie oder Freunden zu teilen.<\/p>\n<p><img decoding=\"async\" class=\"aligncenter size-full wp-image-93407\" src=\"https:\/\/spanienaktuell.net\/wordpress\/wp-content\/uploads\/2021\/11\/Pequenio-drone-29-3.png\" alt=\"\" width=\"1440\" height=\"480\" srcset=\"https:\/\/spanienaktuell.net\/wordpress\/wp-content\/uploads\/2021\/11\/Pequenio-drone-29-3.png 1440w, https:\/\/spanienaktuell.net\/wordpress\/wp-content\/uploads\/2021\/11\/Pequenio-drone-29-3-300x100.png 300w, https:\/\/spanienaktuell.net\/wordpress\/wp-content\/uploads\/2021\/11\/Pequenio-drone-29-3-1024x341.png 1024w, https:\/\/spanienaktuell.net\/wordpress\/wp-content\/uploads\/2021\/11\/Pequenio-drone-29-3-768x256.png 768w, https:\/\/spanienaktuell.net\/wordpress\/wp-content\/uploads\/2021\/11\/Pequenio-drone-29-3-1536x512.png 1536w, https:\/\/spanienaktuell.net\/wordpress\/wp-content\/uploads\/2021\/11\/Pequenio-drone-29-3-2048x683.png 2048w\" sizes=\"(max-width: 1440px) 100vw, 1440px\" \/><\/p>\n<p>In der unteren Etage befinden sich die Garage, der Weinkeller, der Installationsraum und eine separate komplette Wohnung, die auch als B\u00fcro, Entspannungs- oder Besprechungsraum genutzt werden kann.<\/p>\n<p>Von hier aus gelangt man \u00fcber eine elegante Treppe auch in den Garten- und Poolbereich, dieser Bereich wurde mit viel Sorgfalt und Liebe zum Detail gestaltet, um die gew\u00fcnschten Empfindungen von Entspannung und Wohlbefinden zu erreichen.<\/p>\n<p><img decoding=\"async\" class=\"aligncenter size-full wp-image-93408\" src=\"https:\/\/spanienaktuell.net\/wordpress\/wp-content\/uploads\/2021\/11\/Pequenio-drone-29-8.png\" alt=\"\" width=\"1440\" height=\"480\" srcset=\"https:\/\/spanienaktuell.net\/wordpress\/wp-content\/uploads\/2021\/11\/Pequenio-drone-29-8.png 1440w, https:\/\/spanienaktuell.net\/wordpress\/wp-content\/uploads\/2021\/11\/Pequenio-drone-29-8-300x100.png 300w, https:\/\/spanienaktuell.net\/wordpress\/wp-content\/uploads\/2021\/11\/Pequenio-drone-29-8-1024x341.png 1024w, https:\/\/spanienaktuell.net\/wordpress\/wp-content\/uploads\/2021\/11\/Pequenio-drone-29-8-768x256.png 768w, https:\/\/spanienaktuell.net\/wordpress\/wp-content\/uploads\/2021\/11\/Pequenio-drone-29-8-1536x512.png 1536w, https:\/\/spanienaktuell.net\/wordpress\/wp-content\/uploads\/2021\/11\/Pequenio-drone-29-8-2048x683.png 2048w\" sizes=\"(max-width: 1440px) 100vw, 1440px\" \/><\/p>\n<p><strong><em>Philippe Starck, Dekton, Hansgrohe, Neff oder Strugal<\/em><\/strong> sind nur einige der <strong><em>exklusiven Marken<\/em><\/strong>, die diese beeindruckende <strong><em>Villa <\/em><\/strong>ausstatten und dekorieren.<\/p>\n<p>Sie werden sich sofort verlieben, sobald Sie diese Villa sehen.<\/p>\n<p><iframe title=\"Ref  6074\" width=\"840\" height=\"473\" src=\"https:\/\/www.youtube.com\/embed\/hvXcK5YKb9w?feature=oembed&#038;width=840&#038;height=1000&#038;discover=1\" frameborder=\"0\" allow=\"accelerometer; autoplay; clipboard-write; encrypted-media; gyroscope; picture-in-picture\" allowfullscreen><\/iframe><\/p>\n<p><strong><em>W\u00fcnschen Sie weitere Informationen zur Villa oder einen Besichtigungstermin? <\/em><\/strong><\/p>\n<p><strong><em>Bitte kontaktieren Sie uns .\u00a0<\/em><\/strong><\/p>\n<p><img decoding=\"async\" class=\"size-full wp-image-93262 alignnone\" src=\"https:\/\/spanienaktuell.net\/wordpress\/wp-content\/uploads\/2021\/11\/1-e1635767302763.jpg\" alt=\"\" width=\"373\" height=\"123\" srcset=\"https:\/\/spanienaktuell.net\/wordpress\/wp-content\/uploads\/2021\/11\/1-e1635767302763.jpg 373w, https:\/\/spanienaktuell.net\/wordpress\/wp-content\/uploads\/2021\/11\/1-e1635767302763-300x99.jpg 300w\" sizes=\"(max-width: 373px) 100vw, 373px\" \/><\/p>\n<p>Avda. Reyes Cat\u00f3licos, 4<\/p>\n<p>E-29130 Alhaurin de la Torre<\/p>\n<p>Tel.: +34 952 415722<\/p>\n<p><a href=\"http:\/\/www.pereaproperties.com\">www.pereaproperties.com<\/a><\/p>\n","protected":false},"excerpt":{"rendered":"<p>Das ist La Quinta, eine Luxusvilla in einer unvergleichlichen Umgebung. Eleganz und Distinktion, eine einzigartige Gelegenheit. In der Urbanisation Rosa [&hellip;]<\/p>\n","protected":false},"author":3,"featured_media":93261,"comment_status":"closed","ping_status":"closed","sticky":false,"template":"","format":"standard","meta":{"footnotes":""},"categories":[30],"tags":[],"class_list":["post-93260","post","type-post","status-publish","format-standard","has-post-thumbnail","hentry","category-recht-gesellschaft"],"yoast_head":"<!-- This site is optimized with the Yoast SEO plugin v27.1.1 - https:\/\/yoast.com\/product\/yoast-seo-wordpress\/ -->\n<title>Luxus in einer unvergleichlichen Umgebung von Mijas - Spanien aktuell<\/title>\n<meta name=\"robots\" content=\"index, follow, max-snippet:-1, max-image-preview:large, max-video-preview:-1\" \/>\n<link rel=\"canonical\" href=\"https:\/\/spanienaktuell.net\/wordpress\/luxus-in-einer-unvergleichlichen-umgebung-von-mijas\/\" \/>\n<meta property=\"og:locale\" content=\"es_ES\" \/>\n<meta property=\"og:type\" content=\"article\" \/>\n<meta property=\"og:title\" content=\"Luxus in einer unvergleichlichen Umgebung von Mijas - Spanien aktuell\" \/>\n<meta property=\"og:description\" content=\"Das ist La Quinta, eine Luxusvilla in einer unvergleichlichen Umgebung. Eleganz und Distinktion, eine einzigartige Gelegenheit. In der Urbanisation Rosa [&hellip;]\" \/>\n<meta property=\"og:url\" content=\"https:\/\/spanienaktuell.net\/wordpress\/luxus-in-einer-unvergleichlichen-umgebung-von-mijas\/\" \/>\n<meta property=\"og:site_name\" content=\"Spanien aktuell\" \/>\n<meta property=\"article:published_time\" content=\"2021-11-01T11:49:05+00:00\" \/>\n<meta property=\"article:modified_time\" content=\"2021-11-09T14:03:24+00:00\" \/>\n<meta property=\"og:image\" content=\"https:\/\/spanienaktuell.net\/wordpress\/wp-content\/uploads\/2021\/11\/Pequeniopub-52-scaled.jpg\" \/>\n\t<meta property=\"og:image:width\" content=\"1440\" \/>\n\t<meta property=\"og:image:height\" content=\"1079\" \/>\n\t<meta property=\"og:image:type\" content=\"image\/jpeg\" \/>\n<meta name=\"author\" content=\"Spanien Aktuell\" \/>\n<meta name=\"twitter:card\" content=\"summary_large_image\" \/>\n<meta name=\"twitter:label1\" content=\"Escrito por\" \/>\n\t<meta name=\"twitter:data1\" content=\"Spanien Aktuell\" \/>\n\t<meta name=\"twitter:label2\" content=\"Tiempo de lectura\" \/>\n\t<meta name=\"twitter:data2\" content=\"2 minutos\" \/>\n<script type=\"application\/ld+json\" class=\"yoast-schema-graph\">{\"@context\":\"https:\/\/schema.org\",\"@graph\":[{\"@type\":\"Article\",\"@id\":\"https:\/\/spanienaktuell.net\/wordpress\/luxus-in-einer-unvergleichlichen-umgebung-von-mijas\/#article\",\"isPartOf\":{\"@id\":\"https:\/\/spanienaktuell.net\/wordpress\/luxus-in-einer-unvergleichlichen-umgebung-von-mijas\/\"},\"author\":{\"name\":\"Spanien Aktuell\",\"@id\":\"https:\/\/spanienaktuell.net\/wordpress\/#\/schema\/person\/bc410cfae0161b201d837ebfeeba7fd0\"},\"headline\":\"Luxus in einer unvergleichlichen Umgebung von Mijas\",\"datePublished\":\"2021-11-01T11:49:05+00:00\",\"dateModified\":\"2021-11-09T14:03:24+00:00\",\"mainEntityOfPage\":{\"@id\":\"https:\/\/spanienaktuell.net\/wordpress\/luxus-in-einer-unvergleichlichen-umgebung-von-mijas\/\"},\"wordCount\":296,\"publisher\":{\"@id\":\"https:\/\/spanienaktuell.net\/wordpress\/#organization\"},\"image\":{\"@id\":\"https:\/\/spanienaktuell.net\/wordpress\/luxus-in-einer-unvergleichlichen-umgebung-von-mijas\/#primaryimage\"},\"thumbnailUrl\":\"https:\/\/spanienaktuell.net\/wordpress\/wp-content\/uploads\/2021\/11\/Pequeniopub-52-scaled.jpg\",\"articleSection\":[\"Recht\"],\"inLanguage\":\"es\"},{\"@type\":\"WebPage\",\"@id\":\"https:\/\/spanienaktuell.net\/wordpress\/luxus-in-einer-unvergleichlichen-umgebung-von-mijas\/\",\"url\":\"https:\/\/spanienaktuell.net\/wordpress\/luxus-in-einer-unvergleichlichen-umgebung-von-mijas\/\",\"name\":\"Luxus in einer unvergleichlichen Umgebung von Mijas - Spanien aktuell\",\"isPartOf\":{\"@id\":\"https:\/\/spanienaktuell.net\/wordpress\/#website\"},\"primaryImageOfPage\":{\"@id\":\"https:\/\/spanienaktuell.net\/wordpress\/luxus-in-einer-unvergleichlichen-umgebung-von-mijas\/#primaryimage\"},\"image\":{\"@id\":\"https:\/\/spanienaktuell.net\/wordpress\/luxus-in-einer-unvergleichlichen-umgebung-von-mijas\/#primaryimage\"},\"thumbnailUrl\":\"https:\/\/spanienaktuell.net\/wordpress\/wp-content\/uploads\/2021\/11\/Pequeniopub-52-scaled.jpg\",\"datePublished\":\"2021-11-01T11:49:05+00:00\",\"dateModified\":\"2021-11-09T14:03:24+00:00\",\"breadcrumb\":{\"@id\":\"https:\/\/spanienaktuell.net\/wordpress\/luxus-in-einer-unvergleichlichen-umgebung-von-mijas\/#breadcrumb\"},\"inLanguage\":\"es\",\"potentialAction\":[{\"@type\":\"ReadAction\",\"target\":[\"https:\/\/spanienaktuell.net\/wordpress\/luxus-in-einer-unvergleichlichen-umgebung-von-mijas\/\"]}]},{\"@type\":\"ImageObject\",\"inLanguage\":\"es\",\"@id\":\"https:\/\/spanienaktuell.net\/wordpress\/luxus-in-einer-unvergleichlichen-umgebung-von-mijas\/#primaryimage\",\"url\":\"https:\/\/spanienaktuell.net\/wordpress\/wp-content\/uploads\/2021\/11\/Pequeniopub-52-scaled.jpg\",\"contentUrl\":\"https:\/\/spanienaktuell.net\/wordpress\/wp-content\/uploads\/2021\/11\/Pequeniopub-52-scaled.jpg\",\"width\":1440,\"height\":1079},{\"@type\":\"BreadcrumbList\",\"@id\":\"https:\/\/spanienaktuell.net\/wordpress\/luxus-in-einer-unvergleichlichen-umgebung-von-mijas\/#breadcrumb\",\"itemListElement\":[{\"@type\":\"ListItem\",\"position\":1,\"name\":\"Portada\",\"item\":\"https:\/\/spanienaktuell.net\/wordpress\/\"},{\"@type\":\"ListItem\",\"position\":2,\"name\":\"Luxus in einer unvergleichlichen Umgebung von Mijas\"}]},{\"@type\":\"WebSite\",\"@id\":\"https:\/\/spanienaktuell.net\/wordpress\/#website\",\"url\":\"https:\/\/spanienaktuell.net\/wordpress\/\",\"name\":\"Spanien aktuell\",\"description\":\"The German magazine number 1 on the Costa del Sol\",\"publisher\":{\"@id\":\"https:\/\/spanienaktuell.net\/wordpress\/#organization\"},\"potentialAction\":[{\"@type\":\"SearchAction\",\"target\":{\"@type\":\"EntryPoint\",\"urlTemplate\":\"https:\/\/spanienaktuell.net\/wordpress\/?s={search_term_string}\"},\"query-input\":{\"@type\":\"PropertyValueSpecification\",\"valueRequired\":true,\"valueName\":\"search_term_string\"}}],\"inLanguage\":\"es\"},{\"@type\":\"Organization\",\"@id\":\"https:\/\/spanienaktuell.net\/wordpress\/#organization\",\"name\":\"Spanien aktuell\",\"url\":\"https:\/\/spanienaktuell.net\/wordpress\/\",\"logo\":{\"@type\":\"ImageObject\",\"inLanguage\":\"es\",\"@id\":\"https:\/\/spanienaktuell.net\/wordpress\/#\/schema\/logo\/image\/\",\"url\":\"https:\/\/spanienaktuell.net\/wordpress\/wp-content\/uploads\/2019\/06\/cropped-Logo-spanien-aktuell-png-web-e1561631085388.png\",\"contentUrl\":\"https:\/\/spanienaktuell.net\/wordpress\/wp-content\/uploads\/2019\/06\/cropped-Logo-spanien-aktuell-png-web-e1561631085388.png\",\"width\":512,\"height\":110,\"caption\":\"Spanien aktuell\"},\"image\":{\"@id\":\"https:\/\/spanienaktuell.net\/wordpress\/#\/schema\/logo\/image\/\"}},{\"@type\":\"Person\",\"@id\":\"https:\/\/spanienaktuell.net\/wordpress\/#\/schema\/person\/bc410cfae0161b201d837ebfeeba7fd0\",\"name\":\"Spanien Aktuell\",\"image\":{\"@type\":\"ImageObject\",\"inLanguage\":\"es\",\"@id\":\"https:\/\/spanienaktuell.net\/wordpress\/#\/schema\/person\/image\/\",\"url\":\"https:\/\/spanienaktuell.net\/wordpress\/wp-content\/uploads\/2019\/06\/cropped-Logo-spanien-aktuell-png-fav2-100x100.png\",\"contentUrl\":\"https:\/\/spanienaktuell.net\/wordpress\/wp-content\/uploads\/2019\/06\/cropped-Logo-spanien-aktuell-png-fav2-100x100.png\",\"caption\":\"Spanien Aktuell\"},\"url\":\"https:\/\/spanienaktuell.net\/wordpress\/author\/koalum\/\"}]}<\/script>\n<!-- \/ Yoast SEO plugin. -->","yoast_head_json":{"title":"Luxus in einer unvergleichlichen Umgebung von Mijas - Spanien aktuell","robots":{"index":"index","follow":"follow","max-snippet":"max-snippet:-1","max-image-preview":"max-image-preview:large","max-video-preview":"max-video-preview:-1"},"canonical":"https:\/\/spanienaktuell.net\/wordpress\/luxus-in-einer-unvergleichlichen-umgebung-von-mijas\/","og_locale":"es_ES","og_type":"article","og_title":"Luxus in einer unvergleichlichen Umgebung von Mijas - Spanien aktuell","og_description":"Das ist La Quinta, eine Luxusvilla in einer unvergleichlichen Umgebung. Eleganz und Distinktion, eine einzigartige Gelegenheit. In der Urbanisation Rosa [&hellip;]","og_url":"https:\/\/spanienaktuell.net\/wordpress\/luxus-in-einer-unvergleichlichen-umgebung-von-mijas\/","og_site_name":"Spanien aktuell","article_published_time":"2021-11-01T11:49:05+00:00","article_modified_time":"2021-11-09T14:03:24+00:00","og_image":[{"width":1440,"height":1079,"url":"https:\/\/spanienaktuell.net\/wordpress\/wp-content\/uploads\/2021\/11\/Pequeniopub-52-scaled.jpg","type":"image\/jpeg"}],"author":"Spanien Aktuell","twitter_card":"summary_large_image","twitter_misc":{"Escrito por":"Spanien Aktuell","Tiempo de lectura":"2 minutos"},"schema":{"@context":"https:\/\/schema.org","@graph":[{"@type":"Article","@id":"https:\/\/spanienaktuell.net\/wordpress\/luxus-in-einer-unvergleichlichen-umgebung-von-mijas\/#article","isPartOf":{"@id":"https:\/\/spanienaktuell.net\/wordpress\/luxus-in-einer-unvergleichlichen-umgebung-von-mijas\/"},"author":{"name":"Spanien Aktuell","@id":"https:\/\/spanienaktuell.net\/wordpress\/#\/schema\/person\/bc410cfae0161b201d837ebfeeba7fd0"},"headline":"Luxus in einer unvergleichlichen Umgebung von Mijas","datePublished":"2021-11-01T11:49:05+00:00","dateModified":"2021-11-09T14:03:24+00:00","mainEntityOfPage":{"@id":"https:\/\/spanienaktuell.net\/wordpress\/luxus-in-einer-unvergleichlichen-umgebung-von-mijas\/"},"wordCount":296,"publisher":{"@id":"https:\/\/spanienaktuell.net\/wordpress\/#organization"},"image":{"@id":"https:\/\/spanienaktuell.net\/wordpress\/luxus-in-einer-unvergleichlichen-umgebung-von-mijas\/#primaryimage"},"thumbnailUrl":"https:\/\/spanienaktuell.net\/wordpress\/wp-content\/uploads\/2021\/11\/Pequeniopub-52-scaled.jpg","articleSection":["Recht"],"inLanguage":"es"},{"@type":"WebPage","@id":"https:\/\/spanienaktuell.net\/wordpress\/luxus-in-einer-unvergleichlichen-umgebung-von-mijas\/","url":"https:\/\/spanienaktuell.net\/wordpress\/luxus-in-einer-unvergleichlichen-umgebung-von-mijas\/","name":"Luxus in einer unvergleichlichen Umgebung von Mijas - Spanien aktuell","isPartOf":{"@id":"https:\/\/spanienaktuell.net\/wordpress\/#website"},"primaryImageOfPage":{"@id":"https:\/\/spanienaktuell.net\/wordpress\/luxus-in-einer-unvergleichlichen-umgebung-von-mijas\/#primaryimage"},"image":{"@id":"https:\/\/spanienaktuell.net\/wordpress\/luxus-in-einer-unvergleichlichen-umgebung-von-mijas\/#primaryimage"},"thumbnailUrl":"https:\/\/spanienaktuell.net\/wordpress\/wp-content\/uploads\/2021\/11\/Pequeniopub-52-scaled.jpg","datePublished":"2021-11-01T11:49:05+00:00","dateModified":"2021-11-09T14:03:24+00:00","breadcrumb":{"@id":"https:\/\/spanienaktuell.net\/wordpress\/luxus-in-einer-unvergleichlichen-umgebung-von-mijas\/#breadcrumb"},"inLanguage":"es","potentialAction":[{"@type":"ReadAction","target":["https:\/\/spanienaktuell.net\/wordpress\/luxus-in-einer-unvergleichlichen-umgebung-von-mijas\/"]}]},{"@type":"ImageObject","inLanguage":"es","@id":"https:\/\/spanienaktuell.net\/wordpress\/luxus-in-einer-unvergleichlichen-umgebung-von-mijas\/#primaryimage","url":"https:\/\/spanienaktuell.net\/wordpress\/wp-content\/uploads\/2021\/11\/Pequeniopub-52-scaled.jpg","contentUrl":"https:\/\/spanienaktuell.net\/wordpress\/wp-content\/uploads\/2021\/11\/Pequeniopub-52-scaled.jpg","width":1440,"height":1079},{"@type":"BreadcrumbList","@id":"https:\/\/spanienaktuell.net\/wordpress\/luxus-in-einer-unvergleichlichen-umgebung-von-mijas\/#breadcrumb","itemListElement":[{"@type":"ListItem","position":1,"name":"Portada","item":"https:\/\/spanienaktuell.net\/wordpress\/"},{"@type":"ListItem","position":2,"name":"Luxus in einer unvergleichlichen Umgebung von Mijas"}]},{"@type":"WebSite","@id":"https:\/\/spanienaktuell.net\/wordpress\/#website","url":"https:\/\/spanienaktuell.net\/wordpress\/","name":"Spanien aktuell","description":"The German magazine number 1 on the Costa del Sol","publisher":{"@id":"https:\/\/spanienaktuell.net\/wordpress\/#organization"},"potentialAction":[{"@type":"SearchAction","target":{"@type":"EntryPoint","urlTemplate":"https:\/\/spanienaktuell.net\/wordpress\/?s={search_term_string}"},"query-input":{"@type":"PropertyValueSpecification","valueRequired":true,"valueName":"search_term_string"}}],"inLanguage":"es"},{"@type":"Organization","@id":"https:\/\/spanienaktuell.net\/wordpress\/#organization","name":"Spanien aktuell","url":"https:\/\/spanienaktuell.net\/wordpress\/","logo":{"@type":"ImageObject","inLanguage":"es","@id":"https:\/\/spanienaktuell.net\/wordpress\/#\/schema\/logo\/image\/","url":"https:\/\/spanienaktuell.net\/wordpress\/wp-content\/uploads\/2019\/06\/cropped-Logo-spanien-aktuell-png-web-e1561631085388.png","contentUrl":"https:\/\/spanienaktuell.net\/wordpress\/wp-content\/uploads\/2019\/06\/cropped-Logo-spanien-aktuell-png-web-e1561631085388.png","width":512,"height":110,"caption":"Spanien aktuell"},"image":{"@id":"https:\/\/spanienaktuell.net\/wordpress\/#\/schema\/logo\/image\/"}},{"@type":"Person","@id":"https:\/\/spanienaktuell.net\/wordpress\/#\/schema\/person\/bc410cfae0161b201d837ebfeeba7fd0","name":"Spanien Aktuell","image":{"@type":"ImageObject","inLanguage":"es","@id":"https:\/\/spanienaktuell.net\/wordpress\/#\/schema\/person\/image\/","url":"https:\/\/spanienaktuell.net\/wordpress\/wp-content\/uploads\/2019\/06\/cropped-Logo-spanien-aktuell-png-fav2-100x100.png","contentUrl":"https:\/\/spanienaktuell.net\/wordpress\/wp-content\/uploads\/2019\/06\/cropped-Logo-spanien-aktuell-png-fav2-100x100.png","caption":"Spanien Aktuell"},"url":"https:\/\/spanienaktuell.net\/wordpress\/author\/koalum\/"}]}},"_links":{"self":[{"href":"https:\/\/spanienaktuell.net\/wordpress\/wp-json\/wp\/v2\/posts\/93260","targetHints":{"allow":["GET"]}}],"collection":[{"href":"https:\/\/spanienaktuell.net\/wordpress\/wp-json\/wp\/v2\/posts"}],"about":[{"href":"https:\/\/spanienaktuell.net\/wordpress\/wp-json\/wp\/v2\/types\/post"}],"author":[{"embeddable":true,"href":"https:\/\/spanienaktuell.net\/wordpress\/wp-json\/wp\/v2\/users\/3"}],"replies":[{"embeddable":true,"href":"https:\/\/spanienaktuell.net\/wordpress\/wp-json\/wp\/v2\/comments?post=93260"}],"version-history":[{"count":4,"href":"https:\/\/spanienaktuell.net\/wordpress\/wp-json\/wp\/v2\/posts\/93260\/revisions"}],"predecessor-version":[{"id":93410,"href":"https:\/\/spanienaktuell.net\/wordpress\/wp-json\/wp\/v2\/posts\/93260\/revisions\/93410"}],"wp:featuredmedia":[{"embeddable":true,"href":"https:\/\/spanienaktuell.net\/wordpress\/wp-json\/wp\/v2\/media\/93261"}],"wp:attachment":[{"href":"https:\/\/spanienaktuell.net\/wordpress\/wp-json\/wp\/v2\/media?parent=93260"}],"wp:term":[{"taxonomy":"category","embeddable":true,"href":"https:\/\/spanienaktuell.net\/wordpress\/wp-json\/wp\/v2\/categories?post=93260"},{"taxonomy":"post_tag","embeddable":true,"href":"https:\/\/spanienaktuell.net\/wordpress\/wp-json\/wp\/v2\/tags?post=93260"}],"curies":[{"name":"wp","href":"https:\/\/api.w.org\/{rel}","templated":true}]}}