{"id":93329,"date":"2021-11-01T12:09:04","date_gmt":"2021-11-01T12:09:04","guid":{"rendered":"https:\/\/spanienaktuell.net\/wordpress\/?p=93329"},"modified":"2021-11-01T12:09:04","modified_gmt":"2021-11-01T12:09:04","slug":"buchtipp-joji-hattori-alois-traint-the-art-of-shiki-japanische-kochkunst-in-europa","status":"publish","type":"post","link":"https:\/\/spanienaktuell.net\/wordpress\/buchtipp-joji-hattori-alois-traint-the-art-of-shiki-japanische-kochkunst-in-europa\/","title":{"rendered":"Buchtipp &#8211; Joji Hattori \/ Alois Traint: The Art of Shiki &#8211; Japanische Kochkunst in Europa"},"content":{"rendered":"<p><img decoding=\"async\" class=\"aligncenter size-full wp-image-93330\" src=\"https:\/\/spanienaktuell.net\/wordpress\/wp-content\/uploads\/2021\/11\/COVER-1-scaled.jpg\" alt=\"\" width=\"857\" height=\"1080\" srcset=\"https:\/\/spanienaktuell.net\/wordpress\/wp-content\/uploads\/2021\/11\/COVER-1-scaled.jpg 857w, https:\/\/spanienaktuell.net\/wordpress\/wp-content\/uploads\/2021\/11\/COVER-1-238x300.jpg 238w, https:\/\/spanienaktuell.net\/wordpress\/wp-content\/uploads\/2021\/11\/COVER-1-812x1024.jpg 812w, https:\/\/spanienaktuell.net\/wordpress\/wp-content\/uploads\/2021\/11\/COVER-1-768x968.jpg 768w, https:\/\/spanienaktuell.net\/wordpress\/wp-content\/uploads\/2021\/11\/COVER-1-1218x1536.jpg 1218w, https:\/\/spanienaktuell.net\/wordpress\/wp-content\/uploads\/2021\/11\/COVER-1-1624x2048.jpg 1624w\" sizes=\"(max-width: 857px) 100vw, 857px\" \/><\/p>\n<p>Die japanische K\u00fcche gilt als besonders fettarm und gesund und erfreut sich seit Jahren gro\u00dfer Beliebtheit. Obwohl japanische Spezialit\u00e4ten wie Sushi und Sashimi, Ramen oder Misosuppe und edle Zutaten wie Wagyu oder Sake vielen europ\u00e4ischen Gourmets ein Begriff sind, trauen sich die wenigsten zu, zu Hause auf japanische Art zu kochen.<\/p>\n<p><img decoding=\"async\" class=\"aligncenter size-full wp-image-93332\" src=\"https:\/\/spanienaktuell.net\/wordpress\/wp-content\/uploads\/2021\/11\/Para-www.png\" alt=\"\" width=\"2633\" height=\"1542\" srcset=\"https:\/\/spanienaktuell.net\/wordpress\/wp-content\/uploads\/2021\/11\/Para-www.png 1440w, https:\/\/spanienaktuell.net\/wordpress\/wp-content\/uploads\/2021\/11\/Para-www-300x176.png 300w, https:\/\/spanienaktuell.net\/wordpress\/wp-content\/uploads\/2021\/11\/Para-www-1024x600.png 1024w, https:\/\/spanienaktuell.net\/wordpress\/wp-content\/uploads\/2021\/11\/Para-www-768x450.png 768w, https:\/\/spanienaktuell.net\/wordpress\/wp-content\/uploads\/2021\/11\/Para-www-1536x900.png 1536w, https:\/\/spanienaktuell.net\/wordpress\/wp-content\/uploads\/2021\/11\/Para-www-2048x1199.png 2048w\" sizes=\"(max-width: 2633px) 100vw, 2633px\" \/><\/p>\n<p>Spitzengastronom, Musiker und Unternehmer Joji Hattori gibt pers\u00f6nliche Einblicke in die Vielfalt der japanischen K\u00fcche: Von einfachen, allt\u00e4glichen Rezepten bis hin zu Gerichten aus Hattoris eigenem Restaurant \u2013 dem Michelin-Stern-pr\u00e4mierten Shiki in der Wiener Innenstadt.<\/p>\n<p>&nbsp;<\/p>\n<p><strong>Die Autoren:<\/strong><\/p>\n<p><img decoding=\"async\" class=\"aligncenter size-full wp-image-93331\" src=\"https:\/\/spanienaktuell.net\/wordpress\/wp-content\/uploads\/2021\/11\/Joji-Hattori-scaled.jpg\" alt=\"\" width=\"1440\" height=\"961\" srcset=\"https:\/\/spanienaktuell.net\/wordpress\/wp-content\/uploads\/2021\/11\/Joji-Hattori-scaled.jpg 1440w, https:\/\/spanienaktuell.net\/wordpress\/wp-content\/uploads\/2021\/11\/Joji-Hattori-300x200.jpg 300w, https:\/\/spanienaktuell.net\/wordpress\/wp-content\/uploads\/2021\/11\/Joji-Hattori-1024x683.jpg 1024w, https:\/\/spanienaktuell.net\/wordpress\/wp-content\/uploads\/2021\/11\/Joji-Hattori-768x513.jpg 768w, https:\/\/spanienaktuell.net\/wordpress\/wp-content\/uploads\/2021\/11\/Joji-Hattori-1536x1025.jpg 1536w, https:\/\/spanienaktuell.net\/wordpress\/wp-content\/uploads\/2021\/11\/Joji-Hattori-2048x1367.jpg 2048w\" sizes=\"(max-width: 1440px) 100vw, 1440px\" \/><\/p>\n<p><strong>Joji Hattori ist in vielerlei Hinsicht ein \u201eWanderer zwischen den Welten\u201c.<\/strong><\/p>\n<p>In ihm vereinen sich Kunst-, Kultur- und Genusssinn und machen ihn damit zu einem Multitalent mit Grenzen \u00fcberschreitenden Wurzeln.<\/p>\n<p>In Tokio geboren und in Wien aufgewachsen, sieht er aus wie ein Japaner, spricht wie ein \u00d6sterreicher und hat sein Herz in beiden Welten.<\/p>\n<p>Der erfolgreiche Konzertgeiger und Dirigent pflegte stets seine Passion f\u00fcr gutes Essen. 2015 erf\u00fcllte er sich seinen Lebenstraum eines eigenen Restaurants mit der Er\u00f6ffnung des Shiki im Herzen Wiens, in dem er das Beste aus japanischer und europ\u00e4ischer Kultur verbindet.<\/p>\n<p><img decoding=\"async\" class=\"aligncenter size-full wp-image-93336\" src=\"https:\/\/spanienaktuell.net\/wordpress\/wp-content\/uploads\/2021\/11\/Alois-Traint--scaled.jpg\" alt=\"\" width=\"1440\" height=\"1078\" srcset=\"https:\/\/spanienaktuell.net\/wordpress\/wp-content\/uploads\/2021\/11\/Alois-Traint--scaled.jpg 1440w, https:\/\/spanienaktuell.net\/wordpress\/wp-content\/uploads\/2021\/11\/Alois-Traint--300x225.jpg 300w, https:\/\/spanienaktuell.net\/wordpress\/wp-content\/uploads\/2021\/11\/Alois-Traint--1024x766.jpg 1024w, https:\/\/spanienaktuell.net\/wordpress\/wp-content\/uploads\/2021\/11\/Alois-Traint--768x575.jpg 768w, https:\/\/spanienaktuell.net\/wordpress\/wp-content\/uploads\/2021\/11\/Alois-Traint--1536x1150.jpg 1536w, https:\/\/spanienaktuell.net\/wordpress\/wp-content\/uploads\/2021\/11\/Alois-Traint--2048x1533.jpg 2048w\" sizes=\"(max-width: 1440px) 100vw, 1440px\" \/><\/p>\n<p><strong>Alois Traint ist seit Anfang 2016 Chef de Cuisine im Shiki.<\/strong><\/p>\n<p>2018 wurde der geb\u00fcrtige Nieder\u00f6sterreicher und Wahlwiener f\u00fcr das Shiki mit einem Michelin-Stern ausgezeichnet, somit wurde er zu einem der weltweit seltenen, an einer Hand abz\u00e4hlbaren, nicht-japanischen Sternek\u00f6che der japanischen K\u00fcche. Der 3-Hauben-Koch, der \u201eFreude\u201c als wichtigste Grundzutat f\u00fcr seine Kreationen nennt, besitzt die gr\u00f6\u00dfte Sammlung an japanischen Kochmessern in \u00d6sterreich.<\/p>\n<p><strong>Joji Hattori \/ Alois Traint: The Art of Shiki &#8211; Japanische Kochkunst in Europa<\/strong><\/p>\n<p>Pichler Verlag<\/p>\n<p><img decoding=\"async\" class=\"wp-image-93330 alignleft\" src=\"https:\/\/spanienaktuell.net\/wordpress\/wp-content\/uploads\/2021\/11\/COVER-1-scaled.jpg\" alt=\"\" width=\"331\" height=\"417\" srcset=\"https:\/\/spanienaktuell.net\/wordpress\/wp-content\/uploads\/2021\/11\/COVER-1-scaled.jpg 857w, https:\/\/spanienaktuell.net\/wordpress\/wp-content\/uploads\/2021\/11\/COVER-1-238x300.jpg 238w, https:\/\/spanienaktuell.net\/wordpress\/wp-content\/uploads\/2021\/11\/COVER-1-812x1024.jpg 812w, https:\/\/spanienaktuell.net\/wordpress\/wp-content\/uploads\/2021\/11\/COVER-1-768x968.jpg 768w, https:\/\/spanienaktuell.net\/wordpress\/wp-content\/uploads\/2021\/11\/COVER-1-1218x1536.jpg 1218w, https:\/\/spanienaktuell.net\/wordpress\/wp-content\/uploads\/2021\/11\/COVER-1-1624x2048.jpg 1624w\" sizes=\"(max-width: 331px) 100vw, 331px\" \/><\/p>\n<p>Hardcover \/ 22 x 28 cm \/ 192 Seiten<\/p>\n<p>ISBN 978-3-222-14051-8<\/p>\n<p>EUR 40,00<\/p>\n<p>Ausf\u00fchrliche Informationen zum Buch erhalten Sie auf <a href=\"http:\/\/www.shiki.at\/shiki-buch\">www.shiki.at\/shiki-buch<\/a><\/p>\n","protected":false},"excerpt":{"rendered":"<p>Die japanische K\u00fcche gilt als besonders fettarm und gesund und erfreut sich seit Jahren gro\u00dfer Beliebtheit. Obwohl japanische Spezialit\u00e4ten wie [&hellip;]<\/p>\n","protected":false},"author":3,"featured_media":93330,"comment_status":"closed","ping_status":"closed","sticky":false,"template":"","format":"standard","meta":{"footnotes":""},"categories":[24],"tags":[],"class_list":["post-93329","post","type-post","status-publish","format-standard","has-post-thumbnail","hentry","category-kulinarisch"],"yoast_head":"<!-- This site is optimized with the Yoast SEO plugin v27.1.1 - https:\/\/yoast.com\/product\/yoast-seo-wordpress\/ -->\n<title>Buchtipp - Joji Hattori \/ Alois Traint: The Art of Shiki - Japanische Kochkunst in Europa - Spanien aktuell<\/title>\n<meta name=\"robots\" content=\"index, follow, max-snippet:-1, max-image-preview:large, max-video-preview:-1\" \/>\n<link rel=\"canonical\" href=\"https:\/\/spanienaktuell.net\/wordpress\/buchtipp-joji-hattori-alois-traint-the-art-of-shiki-japanische-kochkunst-in-europa\/\" \/>\n<meta property=\"og:locale\" content=\"es_ES\" \/>\n<meta property=\"og:type\" content=\"article\" \/>\n<meta property=\"og:title\" content=\"Buchtipp - Joji Hattori \/ Alois Traint: The Art of Shiki - Japanische Kochkunst in Europa - Spanien aktuell\" \/>\n<meta property=\"og:description\" content=\"Die japanische K\u00fcche gilt als besonders fettarm und gesund und erfreut sich seit Jahren gro\u00dfer Beliebtheit. Obwohl japanische Spezialit\u00e4ten wie [&hellip;]\" \/>\n<meta property=\"og:url\" content=\"https:\/\/spanienaktuell.net\/wordpress\/buchtipp-joji-hattori-alois-traint-the-art-of-shiki-japanische-kochkunst-in-europa\/\" \/>\n<meta property=\"og:site_name\" content=\"Spanien aktuell\" \/>\n<meta property=\"article:published_time\" content=\"2021-11-01T12:09:04+00:00\" \/>\n<meta property=\"og:image\" content=\"https:\/\/spanienaktuell.net\/wordpress\/wp-content\/uploads\/2021\/11\/COVER-1-scaled.jpg\" \/>\n\t<meta property=\"og:image:width\" content=\"857\" \/>\n\t<meta property=\"og:image:height\" content=\"1080\" \/>\n\t<meta property=\"og:image:type\" content=\"image\/jpeg\" \/>\n<meta name=\"author\" content=\"Spanien Aktuell\" \/>\n<meta name=\"twitter:card\" content=\"summary_large_image\" \/>\n<meta name=\"twitter:label1\" content=\"Escrito por\" \/>\n\t<meta name=\"twitter:data1\" content=\"Spanien Aktuell\" \/>\n\t<meta name=\"twitter:label2\" content=\"Tiempo de lectura\" \/>\n\t<meta name=\"twitter:data2\" content=\"3 minutos\" \/>\n<script type=\"application\/ld+json\" class=\"yoast-schema-graph\">{\"@context\":\"https:\/\/schema.org\",\"@graph\":[{\"@type\":\"Article\",\"@id\":\"https:\/\/spanienaktuell.net\/wordpress\/buchtipp-joji-hattori-alois-traint-the-art-of-shiki-japanische-kochkunst-in-europa\/#article\",\"isPartOf\":{\"@id\":\"https:\/\/spanienaktuell.net\/wordpress\/buchtipp-joji-hattori-alois-traint-the-art-of-shiki-japanische-kochkunst-in-europa\/\"},\"author\":{\"name\":\"Spanien Aktuell\",\"@id\":\"https:\/\/spanienaktuell.net\/wordpress\/#\/schema\/person\/bc410cfae0161b201d837ebfeeba7fd0\"},\"headline\":\"Buchtipp &#8211; Joji Hattori \/ Alois Traint: The Art of Shiki &#8211; Japanische Kochkunst in Europa\",\"datePublished\":\"2021-11-01T12:09:04+00:00\",\"mainEntityOfPage\":{\"@id\":\"https:\/\/spanienaktuell.net\/wordpress\/buchtipp-joji-hattori-alois-traint-the-art-of-shiki-japanische-kochkunst-in-europa\/\"},\"wordCount\":313,\"publisher\":{\"@id\":\"https:\/\/spanienaktuell.net\/wordpress\/#organization\"},\"image\":{\"@id\":\"https:\/\/spanienaktuell.net\/wordpress\/buchtipp-joji-hattori-alois-traint-the-art-of-shiki-japanische-kochkunst-in-europa\/#primaryimage\"},\"thumbnailUrl\":\"https:\/\/spanienaktuell.net\/wordpress\/wp-content\/uploads\/2021\/11\/COVER-1-scaled.jpg\",\"articleSection\":[\"Kulinarisch\"],\"inLanguage\":\"es\"},{\"@type\":\"WebPage\",\"@id\":\"https:\/\/spanienaktuell.net\/wordpress\/buchtipp-joji-hattori-alois-traint-the-art-of-shiki-japanische-kochkunst-in-europa\/\",\"url\":\"https:\/\/spanienaktuell.net\/wordpress\/buchtipp-joji-hattori-alois-traint-the-art-of-shiki-japanische-kochkunst-in-europa\/\",\"name\":\"Buchtipp - Joji Hattori \/ Alois Traint: The Art of Shiki - Japanische Kochkunst in Europa - Spanien aktuell\",\"isPartOf\":{\"@id\":\"https:\/\/spanienaktuell.net\/wordpress\/#website\"},\"primaryImageOfPage\":{\"@id\":\"https:\/\/spanienaktuell.net\/wordpress\/buchtipp-joji-hattori-alois-traint-the-art-of-shiki-japanische-kochkunst-in-europa\/#primaryimage\"},\"image\":{\"@id\":\"https:\/\/spanienaktuell.net\/wordpress\/buchtipp-joji-hattori-alois-traint-the-art-of-shiki-japanische-kochkunst-in-europa\/#primaryimage\"},\"thumbnailUrl\":\"https:\/\/spanienaktuell.net\/wordpress\/wp-content\/uploads\/2021\/11\/COVER-1-scaled.jpg\",\"datePublished\":\"2021-11-01T12:09:04+00:00\",\"breadcrumb\":{\"@id\":\"https:\/\/spanienaktuell.net\/wordpress\/buchtipp-joji-hattori-alois-traint-the-art-of-shiki-japanische-kochkunst-in-europa\/#breadcrumb\"},\"inLanguage\":\"es\",\"potentialAction\":[{\"@type\":\"ReadAction\",\"target\":[\"https:\/\/spanienaktuell.net\/wordpress\/buchtipp-joji-hattori-alois-traint-the-art-of-shiki-japanische-kochkunst-in-europa\/\"]}]},{\"@type\":\"ImageObject\",\"inLanguage\":\"es\",\"@id\":\"https:\/\/spanienaktuell.net\/wordpress\/buchtipp-joji-hattori-alois-traint-the-art-of-shiki-japanische-kochkunst-in-europa\/#primaryimage\",\"url\":\"https:\/\/spanienaktuell.net\/wordpress\/wp-content\/uploads\/2021\/11\/COVER-1-scaled.jpg\",\"contentUrl\":\"https:\/\/spanienaktuell.net\/wordpress\/wp-content\/uploads\/2021\/11\/COVER-1-scaled.jpg\",\"width\":857,\"height\":1080},{\"@type\":\"BreadcrumbList\",\"@id\":\"https:\/\/spanienaktuell.net\/wordpress\/buchtipp-joji-hattori-alois-traint-the-art-of-shiki-japanische-kochkunst-in-europa\/#breadcrumb\",\"itemListElement\":[{\"@type\":\"ListItem\",\"position\":1,\"name\":\"Portada\",\"item\":\"https:\/\/spanienaktuell.net\/wordpress\/\"},{\"@type\":\"ListItem\",\"position\":2,\"name\":\"Buchtipp &#8211; Joji Hattori \/ Alois Traint: The Art of Shiki &#8211; Japanische Kochkunst in Europa\"}]},{\"@type\":\"WebSite\",\"@id\":\"https:\/\/spanienaktuell.net\/wordpress\/#website\",\"url\":\"https:\/\/spanienaktuell.net\/wordpress\/\",\"name\":\"Spanien aktuell\",\"description\":\"The German magazine number 1 on the Costa del Sol\",\"publisher\":{\"@id\":\"https:\/\/spanienaktuell.net\/wordpress\/#organization\"},\"potentialAction\":[{\"@type\":\"SearchAction\",\"target\":{\"@type\":\"EntryPoint\",\"urlTemplate\":\"https:\/\/spanienaktuell.net\/wordpress\/?s={search_term_string}\"},\"query-input\":{\"@type\":\"PropertyValueSpecification\",\"valueRequired\":true,\"valueName\":\"search_term_string\"}}],\"inLanguage\":\"es\"},{\"@type\":\"Organization\",\"@id\":\"https:\/\/spanienaktuell.net\/wordpress\/#organization\",\"name\":\"Spanien aktuell\",\"url\":\"https:\/\/spanienaktuell.net\/wordpress\/\",\"logo\":{\"@type\":\"ImageObject\",\"inLanguage\":\"es\",\"@id\":\"https:\/\/spanienaktuell.net\/wordpress\/#\/schema\/logo\/image\/\",\"url\":\"https:\/\/spanienaktuell.net\/wordpress\/wp-content\/uploads\/2019\/06\/cropped-Logo-spanien-aktuell-png-web-e1561631085388.png\",\"contentUrl\":\"https:\/\/spanienaktuell.net\/wordpress\/wp-content\/uploads\/2019\/06\/cropped-Logo-spanien-aktuell-png-web-e1561631085388.png\",\"width\":512,\"height\":110,\"caption\":\"Spanien aktuell\"},\"image\":{\"@id\":\"https:\/\/spanienaktuell.net\/wordpress\/#\/schema\/logo\/image\/\"}},{\"@type\":\"Person\",\"@id\":\"https:\/\/spanienaktuell.net\/wordpress\/#\/schema\/person\/bc410cfae0161b201d837ebfeeba7fd0\",\"name\":\"Spanien Aktuell\",\"image\":{\"@type\":\"ImageObject\",\"inLanguage\":\"es\",\"@id\":\"https:\/\/spanienaktuell.net\/wordpress\/#\/schema\/person\/image\/\",\"url\":\"https:\/\/spanienaktuell.net\/wordpress\/wp-content\/uploads\/2019\/06\/cropped-Logo-spanien-aktuell-png-fav2-100x100.png\",\"contentUrl\":\"https:\/\/spanienaktuell.net\/wordpress\/wp-content\/uploads\/2019\/06\/cropped-Logo-spanien-aktuell-png-fav2-100x100.png\",\"caption\":\"Spanien Aktuell\"},\"url\":\"https:\/\/spanienaktuell.net\/wordpress\/author\/koalum\/\"}]}<\/script>\n<!-- \/ Yoast SEO plugin. -->","yoast_head_json":{"title":"Buchtipp - Joji Hattori \/ Alois Traint: The Art of Shiki - Japanische Kochkunst in Europa - Spanien aktuell","robots":{"index":"index","follow":"follow","max-snippet":"max-snippet:-1","max-image-preview":"max-image-preview:large","max-video-preview":"max-video-preview:-1"},"canonical":"https:\/\/spanienaktuell.net\/wordpress\/buchtipp-joji-hattori-alois-traint-the-art-of-shiki-japanische-kochkunst-in-europa\/","og_locale":"es_ES","og_type":"article","og_title":"Buchtipp - Joji Hattori \/ Alois Traint: The Art of Shiki - Japanische Kochkunst in Europa - Spanien aktuell","og_description":"Die japanische K\u00fcche gilt als besonders fettarm und gesund und erfreut sich seit Jahren gro\u00dfer Beliebtheit. Obwohl japanische Spezialit\u00e4ten wie [&hellip;]","og_url":"https:\/\/spanienaktuell.net\/wordpress\/buchtipp-joji-hattori-alois-traint-the-art-of-shiki-japanische-kochkunst-in-europa\/","og_site_name":"Spanien aktuell","article_published_time":"2021-11-01T12:09:04+00:00","og_image":[{"width":857,"height":1080,"url":"https:\/\/spanienaktuell.net\/wordpress\/wp-content\/uploads\/2021\/11\/COVER-1-scaled.jpg","type":"image\/jpeg"}],"author":"Spanien Aktuell","twitter_card":"summary_large_image","twitter_misc":{"Escrito por":"Spanien Aktuell","Tiempo de lectura":"3 minutos"},"schema":{"@context":"https:\/\/schema.org","@graph":[{"@type":"Article","@id":"https:\/\/spanienaktuell.net\/wordpress\/buchtipp-joji-hattori-alois-traint-the-art-of-shiki-japanische-kochkunst-in-europa\/#article","isPartOf":{"@id":"https:\/\/spanienaktuell.net\/wordpress\/buchtipp-joji-hattori-alois-traint-the-art-of-shiki-japanische-kochkunst-in-europa\/"},"author":{"name":"Spanien Aktuell","@id":"https:\/\/spanienaktuell.net\/wordpress\/#\/schema\/person\/bc410cfae0161b201d837ebfeeba7fd0"},"headline":"Buchtipp &#8211; Joji Hattori \/ Alois Traint: The Art of Shiki &#8211; Japanische Kochkunst in Europa","datePublished":"2021-11-01T12:09:04+00:00","mainEntityOfPage":{"@id":"https:\/\/spanienaktuell.net\/wordpress\/buchtipp-joji-hattori-alois-traint-the-art-of-shiki-japanische-kochkunst-in-europa\/"},"wordCount":313,"publisher":{"@id":"https:\/\/spanienaktuell.net\/wordpress\/#organization"},"image":{"@id":"https:\/\/spanienaktuell.net\/wordpress\/buchtipp-joji-hattori-alois-traint-the-art-of-shiki-japanische-kochkunst-in-europa\/#primaryimage"},"thumbnailUrl":"https:\/\/spanienaktuell.net\/wordpress\/wp-content\/uploads\/2021\/11\/COVER-1-scaled.jpg","articleSection":["Kulinarisch"],"inLanguage":"es"},{"@type":"WebPage","@id":"https:\/\/spanienaktuell.net\/wordpress\/buchtipp-joji-hattori-alois-traint-the-art-of-shiki-japanische-kochkunst-in-europa\/","url":"https:\/\/spanienaktuell.net\/wordpress\/buchtipp-joji-hattori-alois-traint-the-art-of-shiki-japanische-kochkunst-in-europa\/","name":"Buchtipp - Joji Hattori \/ Alois Traint: The Art of Shiki - Japanische Kochkunst in Europa - Spanien aktuell","isPartOf":{"@id":"https:\/\/spanienaktuell.net\/wordpress\/#website"},"primaryImageOfPage":{"@id":"https:\/\/spanienaktuell.net\/wordpress\/buchtipp-joji-hattori-alois-traint-the-art-of-shiki-japanische-kochkunst-in-europa\/#primaryimage"},"image":{"@id":"https:\/\/spanienaktuell.net\/wordpress\/buchtipp-joji-hattori-alois-traint-the-art-of-shiki-japanische-kochkunst-in-europa\/#primaryimage"},"thumbnailUrl":"https:\/\/spanienaktuell.net\/wordpress\/wp-content\/uploads\/2021\/11\/COVER-1-scaled.jpg","datePublished":"2021-11-01T12:09:04+00:00","breadcrumb":{"@id":"https:\/\/spanienaktuell.net\/wordpress\/buchtipp-joji-hattori-alois-traint-the-art-of-shiki-japanische-kochkunst-in-europa\/#breadcrumb"},"inLanguage":"es","potentialAction":[{"@type":"ReadAction","target":["https:\/\/spanienaktuell.net\/wordpress\/buchtipp-joji-hattori-alois-traint-the-art-of-shiki-japanische-kochkunst-in-europa\/"]}]},{"@type":"ImageObject","inLanguage":"es","@id":"https:\/\/spanienaktuell.net\/wordpress\/buchtipp-joji-hattori-alois-traint-the-art-of-shiki-japanische-kochkunst-in-europa\/#primaryimage","url":"https:\/\/spanienaktuell.net\/wordpress\/wp-content\/uploads\/2021\/11\/COVER-1-scaled.jpg","contentUrl":"https:\/\/spanienaktuell.net\/wordpress\/wp-content\/uploads\/2021\/11\/COVER-1-scaled.jpg","width":857,"height":1080},{"@type":"BreadcrumbList","@id":"https:\/\/spanienaktuell.net\/wordpress\/buchtipp-joji-hattori-alois-traint-the-art-of-shiki-japanische-kochkunst-in-europa\/#breadcrumb","itemListElement":[{"@type":"ListItem","position":1,"name":"Portada","item":"https:\/\/spanienaktuell.net\/wordpress\/"},{"@type":"ListItem","position":2,"name":"Buchtipp &#8211; Joji Hattori \/ Alois Traint: The Art of Shiki &#8211; Japanische Kochkunst in Europa"}]},{"@type":"WebSite","@id":"https:\/\/spanienaktuell.net\/wordpress\/#website","url":"https:\/\/spanienaktuell.net\/wordpress\/","name":"Spanien aktuell","description":"The German magazine number 1 on the Costa del Sol","publisher":{"@id":"https:\/\/spanienaktuell.net\/wordpress\/#organization"},"potentialAction":[{"@type":"SearchAction","target":{"@type":"EntryPoint","urlTemplate":"https:\/\/spanienaktuell.net\/wordpress\/?s={search_term_string}"},"query-input":{"@type":"PropertyValueSpecification","valueRequired":true,"valueName":"search_term_string"}}],"inLanguage":"es"},{"@type":"Organization","@id":"https:\/\/spanienaktuell.net\/wordpress\/#organization","name":"Spanien aktuell","url":"https:\/\/spanienaktuell.net\/wordpress\/","logo":{"@type":"ImageObject","inLanguage":"es","@id":"https:\/\/spanienaktuell.net\/wordpress\/#\/schema\/logo\/image\/","url":"https:\/\/spanienaktuell.net\/wordpress\/wp-content\/uploads\/2019\/06\/cropped-Logo-spanien-aktuell-png-web-e1561631085388.png","contentUrl":"https:\/\/spanienaktuell.net\/wordpress\/wp-content\/uploads\/2019\/06\/cropped-Logo-spanien-aktuell-png-web-e1561631085388.png","width":512,"height":110,"caption":"Spanien aktuell"},"image":{"@id":"https:\/\/spanienaktuell.net\/wordpress\/#\/schema\/logo\/image\/"}},{"@type":"Person","@id":"https:\/\/spanienaktuell.net\/wordpress\/#\/schema\/person\/bc410cfae0161b201d837ebfeeba7fd0","name":"Spanien Aktuell","image":{"@type":"ImageObject","inLanguage":"es","@id":"https:\/\/spanienaktuell.net\/wordpress\/#\/schema\/person\/image\/","url":"https:\/\/spanienaktuell.net\/wordpress\/wp-content\/uploads\/2019\/06\/cropped-Logo-spanien-aktuell-png-fav2-100x100.png","contentUrl":"https:\/\/spanienaktuell.net\/wordpress\/wp-content\/uploads\/2019\/06\/cropped-Logo-spanien-aktuell-png-fav2-100x100.png","caption":"Spanien Aktuell"},"url":"https:\/\/spanienaktuell.net\/wordpress\/author\/koalum\/"}]}},"_links":{"self":[{"href":"https:\/\/spanienaktuell.net\/wordpress\/wp-json\/wp\/v2\/posts\/93329","targetHints":{"allow":["GET"]}}],"collection":[{"href":"https:\/\/spanienaktuell.net\/wordpress\/wp-json\/wp\/v2\/posts"}],"about":[{"href":"https:\/\/spanienaktuell.net\/wordpress\/wp-json\/wp\/v2\/types\/post"}],"author":[{"embeddable":true,"href":"https:\/\/spanienaktuell.net\/wordpress\/wp-json\/wp\/v2\/users\/3"}],"replies":[{"embeddable":true,"href":"https:\/\/spanienaktuell.net\/wordpress\/wp-json\/wp\/v2\/comments?post=93329"}],"version-history":[{"count":1,"href":"https:\/\/spanienaktuell.net\/wordpress\/wp-json\/wp\/v2\/posts\/93329\/revisions"}],"predecessor-version":[{"id":93340,"href":"https:\/\/spanienaktuell.net\/wordpress\/wp-json\/wp\/v2\/posts\/93329\/revisions\/93340"}],"wp:featuredmedia":[{"embeddable":true,"href":"https:\/\/spanienaktuell.net\/wordpress\/wp-json\/wp\/v2\/media\/93330"}],"wp:attachment":[{"href":"https:\/\/spanienaktuell.net\/wordpress\/wp-json\/wp\/v2\/media?parent=93329"}],"wp:term":[{"taxonomy":"category","embeddable":true,"href":"https:\/\/spanienaktuell.net\/wordpress\/wp-json\/wp\/v2\/categories?post=93329"},{"taxonomy":"post_tag","embeddable":true,"href":"https:\/\/spanienaktuell.net\/wordpress\/wp-json\/wp\/v2\/tags?post=93329"}],"curies":[{"name":"wp","href":"https:\/\/api.w.org\/{rel}","templated":true}]}}