{"id":93371,"date":"2021-11-01T12:21:47","date_gmt":"2021-11-01T12:21:47","guid":{"rendered":"https:\/\/spanienaktuell.net\/wordpress\/?p=93371"},"modified":"2021-11-01T12:26:03","modified_gmt":"2021-11-01T12:26:03","slug":"umfrage-zeigt-patienten-wissen-wenig-uber-e-rezept","status":"publish","type":"post","link":"https:\/\/spanienaktuell.net\/wordpress\/umfrage-zeigt-patienten-wissen-wenig-uber-e-rezept\/","title":{"rendered":"Umfrage zeigt: Patienten wissen wenig \u00fcber E-Rezept"},"content":{"rendered":"<figure id=\"attachment_93372\" aria-describedby=\"caption-attachment-93372\" style=\"width: 1440px\" class=\"wp-caption aligncenter\"><img decoding=\"async\" class=\"size-full wp-image-93372\" src=\"https:\/\/spanienaktuell.net\/wordpress\/wp-content\/uploads\/2021\/11\/Foto-Pixabay-Michael-Treu-pharmacy-1507122_1920-scaled.jpg\" alt=\"\" width=\"1440\" height=\"908\" srcset=\"https:\/\/spanienaktuell.net\/wordpress\/wp-content\/uploads\/2021\/11\/Foto-Pixabay-Michael-Treu-pharmacy-1507122_1920-scaled.jpg 1440w, https:\/\/spanienaktuell.net\/wordpress\/wp-content\/uploads\/2021\/11\/Foto-Pixabay-Michael-Treu-pharmacy-1507122_1920-300x189.jpg 300w, https:\/\/spanienaktuell.net\/wordpress\/wp-content\/uploads\/2021\/11\/Foto-Pixabay-Michael-Treu-pharmacy-1507122_1920-1024x646.jpg 1024w, https:\/\/spanienaktuell.net\/wordpress\/wp-content\/uploads\/2021\/11\/Foto-Pixabay-Michael-Treu-pharmacy-1507122_1920-768x484.jpg 768w, https:\/\/spanienaktuell.net\/wordpress\/wp-content\/uploads\/2021\/11\/Foto-Pixabay-Michael-Treu-pharmacy-1507122_1920-1536x969.jpg 1536w\" sizes=\"(max-width: 1440px) 100vw, 1440px\" \/><figcaption id=\"caption-attachment-93372\" class=\"wp-caption-text\">Foto: Pixabay-Michael Treu<\/figcaption><\/figure>\n<p>Wenige Monate vor der fl\u00e4chendeckenden Einf\u00fchrung des elektronischen Rezepts im Januar 2022 wissen die Deutschen noch sehr wenig \u00fcber den Nachfolger des rosa Papierrezepts. 63 Prozent der Erwachsenen haben noch gar nichts vom E-Rezept geh\u00f6rt. Wann es eingef\u00fchrt wird, wissen sogar 95 Prozent nicht. Drei von vier Deutschen m\u00f6chten ihre Medikamente auch weiterhin gerne pers\u00f6nlich in der Apotheke vor Ort abholen. Weitere 9 Prozent k\u00f6nnen sich vorstellen, ein E-Rezept an ihre Apotheke zu schicken und deren Botendienst f\u00fcr die Belieferung in Anspruch zu nehmen. Das ergab eine bev\u00f6lkerungsrepr\u00e4sentative Umfrage des Meinungsforschungsinstituts KANTAR im Auftrag der ABDA \u2013 Bundesvereinigung Deutscher Apothekerverb\u00e4nde unter 1.000 Deutschen anl\u00e4sslich des Tags der Apotheke am 7. Juni. Der Tag der Apotheke findet seit 1998 statt, um die Leistungen der Apotheken \u00f6ffentlich darzustellen.<\/p>\n<p>69 Prozent der Befragten sehen die Papiereinsparung als wichtigsten Vorteil des E-Rezepts. Andererseits bef\u00fcrchten 48 Prozent, dann keine ausreichende Beratung mehr in der Apotheke zu bekommen. \u201eWir sehen, dass die Menschen noch extrem wenig \u00fcber die Einf\u00fchrung des E-Rezepts und seine Vorteile wissen. Da kommt in den n\u00e4chsten Monaten sehr viel Aufkl\u00e4rungsarbeit auf uns zu. Wir m\u00fcssen den Menschen die v\u00f6llig unbegr\u00fcndete Furcht nehmen, Beratung und Versorgung w\u00fcrden mit dem E-Rezept schlechter werden. Das Gegenteil wird der Fall sein, weil Patienten ja noch einfacher mit ihrer Apotheke kommunizieren und noch schneller versorgt werden k\u00f6nnen\u201c, sagt ABDA-Pr\u00e4sidentin Gabriele Regina Overwiening zu den Umfrageergebnissen. Technisch seien die Apotheken bestens auf den Roll-Out des E-Rezeptes vorbereitet. \u201eSchon jetzt sind neun von zehn Apotheken an die Telematikinfrastruktur angeschlossen und \u201aE-Rezept-ready\u2018. Bis zum bundesweiten Pflichtbetrieb ab 1. Januar 2022 werden alle Betriebe soweit sein.<\/p>\n<figure id=\"attachment_93373\" aria-describedby=\"caption-attachment-93373\" style=\"width: 1440px\" class=\"wp-caption aligncenter\"><img decoding=\"async\" class=\"size-full wp-image-93373\" src=\"https:\/\/spanienaktuell.net\/wordpress\/wp-content\/uploads\/2021\/11\/Foto-Pixabay-Arek-Socha-pill-1884777_1920-scaled.jpg\" alt=\"\" width=\"1440\" height=\"864\" srcset=\"https:\/\/spanienaktuell.net\/wordpress\/wp-content\/uploads\/2021\/11\/Foto-Pixabay-Arek-Socha-pill-1884777_1920-scaled.jpg 1440w, https:\/\/spanienaktuell.net\/wordpress\/wp-content\/uploads\/2021\/11\/Foto-Pixabay-Arek-Socha-pill-1884777_1920-300x180.jpg 300w, https:\/\/spanienaktuell.net\/wordpress\/wp-content\/uploads\/2021\/11\/Foto-Pixabay-Arek-Socha-pill-1884777_1920-1024x614.jpg 1024w, https:\/\/spanienaktuell.net\/wordpress\/wp-content\/uploads\/2021\/11\/Foto-Pixabay-Arek-Socha-pill-1884777_1920-768x461.jpg 768w, https:\/\/spanienaktuell.net\/wordpress\/wp-content\/uploads\/2021\/11\/Foto-Pixabay-Arek-Socha-pill-1884777_1920-1536x922.jpg 1536w\" sizes=\"(max-width: 1440px) 100vw, 1440px\" \/><figcaption id=\"caption-attachment-93373\" class=\"wp-caption-text\">Foto: Pixabay- Arek Socha<\/figcaption><\/figure>\n<p>Jede Apotheke vor Ort wird k\u00fcnftig mit der kostenlosen E-Rezept-App der gematik auch online ansprechbar sein. Das ist ein zus\u00e4tzliches Angebot neben dem analogen, physischen Kontakt zur Apotheke. Egal ob digital oder analog, die Betreuung unserer Patienten wird immer eine ganz pers\u00f6nliche bleiben. Die Umfrage zeigt, dass die Menschen auch in Zukunft gerade auf diese pers\u00f6nliche Betreuung nicht verzichten wollen.\u201c<\/p>\n<p>Mehr Informationen unter <a href=\"http:\/\/www.abda.de\">www.abda.de<\/a> und <a href=\"http:\/\/www.daserezeptkommt.de\">www.daserezeptkommt.de<\/a><\/p>\n<p>Quelle: ABDA &#8211; Bundesvereinigung Deutscher Apothekerverb\u00e4nde<\/p>\n","protected":false},"excerpt":{"rendered":"<p>Wenige Monate vor der fl\u00e4chendeckenden Einf\u00fchrung des elektronischen Rezepts im Januar 2022 wissen die Deutschen noch sehr wenig \u00fcber den [&hellip;]<\/p>\n","protected":false},"author":3,"featured_media":93372,"comment_status":"closed","ping_status":"closed","sticky":false,"template":"","format":"standard","meta":{"footnotes":""},"categories":[20],"tags":[],"class_list":["post-93371","post","type-post","status-publish","format-standard","has-post-thumbnail","hentry","category-beauty-gesundheit"],"yoast_head":"<!-- This site is optimized with the Yoast SEO plugin v27.1.1 - https:\/\/yoast.com\/product\/yoast-seo-wordpress\/ -->\n<title>Umfrage zeigt: Patienten wissen wenig \u00fcber E-Rezept - Spanien aktuell<\/title>\n<meta name=\"robots\" content=\"index, follow, max-snippet:-1, max-image-preview:large, max-video-preview:-1\" \/>\n<link rel=\"canonical\" href=\"https:\/\/spanienaktuell.net\/wordpress\/umfrage-zeigt-patienten-wissen-wenig-uber-e-rezept\/\" \/>\n<meta property=\"og:locale\" content=\"es_ES\" \/>\n<meta property=\"og:type\" content=\"article\" \/>\n<meta property=\"og:title\" content=\"Umfrage zeigt: Patienten wissen wenig \u00fcber E-Rezept - Spanien aktuell\" \/>\n<meta property=\"og:description\" content=\"Wenige Monate vor der fl\u00e4chendeckenden Einf\u00fchrung des elektronischen Rezepts im Januar 2022 wissen die Deutschen noch sehr wenig \u00fcber den [&hellip;]\" \/>\n<meta property=\"og:url\" content=\"https:\/\/spanienaktuell.net\/wordpress\/umfrage-zeigt-patienten-wissen-wenig-uber-e-rezept\/\" \/>\n<meta property=\"og:site_name\" content=\"Spanien aktuell\" \/>\n<meta property=\"article:published_time\" content=\"2021-11-01T12:21:47+00:00\" \/>\n<meta property=\"article:modified_time\" content=\"2021-11-01T12:26:03+00:00\" \/>\n<meta property=\"og:image\" content=\"https:\/\/spanienaktuell.net\/wordpress\/wp-content\/uploads\/2021\/11\/Foto-Pixabay-Michael-Treu-pharmacy-1507122_1920-scaled.jpg\" \/>\n\t<meta property=\"og:image:width\" content=\"1440\" \/>\n\t<meta property=\"og:image:height\" content=\"908\" \/>\n\t<meta property=\"og:image:type\" content=\"image\/jpeg\" \/>\n<meta name=\"author\" content=\"Spanien Aktuell\" \/>\n<meta name=\"twitter:card\" content=\"summary_large_image\" \/>\n<meta name=\"twitter:label1\" content=\"Escrito por\" \/>\n\t<meta name=\"twitter:data1\" content=\"Spanien Aktuell\" \/>\n\t<meta name=\"twitter:label2\" content=\"Tiempo de lectura\" \/>\n\t<meta name=\"twitter:data2\" content=\"2 minutos\" \/>\n<script type=\"application\/ld+json\" class=\"yoast-schema-graph\">{\"@context\":\"https:\/\/schema.org\",\"@graph\":[{\"@type\":\"Article\",\"@id\":\"https:\/\/spanienaktuell.net\/wordpress\/umfrage-zeigt-patienten-wissen-wenig-uber-e-rezept\/#article\",\"isPartOf\":{\"@id\":\"https:\/\/spanienaktuell.net\/wordpress\/umfrage-zeigt-patienten-wissen-wenig-uber-e-rezept\/\"},\"author\":{\"name\":\"Spanien Aktuell\",\"@id\":\"https:\/\/spanienaktuell.net\/wordpress\/#\/schema\/person\/bc410cfae0161b201d837ebfeeba7fd0\"},\"headline\":\"Umfrage zeigt: Patienten wissen wenig \u00fcber E-Rezept\",\"datePublished\":\"2021-11-01T12:21:47+00:00\",\"dateModified\":\"2021-11-01T12:26:03+00:00\",\"mainEntityOfPage\":{\"@id\":\"https:\/\/spanienaktuell.net\/wordpress\/umfrage-zeigt-patienten-wissen-wenig-uber-e-rezept\/\"},\"wordCount\":384,\"publisher\":{\"@id\":\"https:\/\/spanienaktuell.net\/wordpress\/#organization\"},\"image\":{\"@id\":\"https:\/\/spanienaktuell.net\/wordpress\/umfrage-zeigt-patienten-wissen-wenig-uber-e-rezept\/#primaryimage\"},\"thumbnailUrl\":\"https:\/\/spanienaktuell.net\/wordpress\/wp-content\/uploads\/2021\/11\/Foto-Pixabay-Michael-Treu-pharmacy-1507122_1920-scaled.jpg\",\"articleSection\":[\"Gesundheit\"],\"inLanguage\":\"es\"},{\"@type\":\"WebPage\",\"@id\":\"https:\/\/spanienaktuell.net\/wordpress\/umfrage-zeigt-patienten-wissen-wenig-uber-e-rezept\/\",\"url\":\"https:\/\/spanienaktuell.net\/wordpress\/umfrage-zeigt-patienten-wissen-wenig-uber-e-rezept\/\",\"name\":\"Umfrage zeigt: Patienten wissen wenig \u00fcber E-Rezept - Spanien aktuell\",\"isPartOf\":{\"@id\":\"https:\/\/spanienaktuell.net\/wordpress\/#website\"},\"primaryImageOfPage\":{\"@id\":\"https:\/\/spanienaktuell.net\/wordpress\/umfrage-zeigt-patienten-wissen-wenig-uber-e-rezept\/#primaryimage\"},\"image\":{\"@id\":\"https:\/\/spanienaktuell.net\/wordpress\/umfrage-zeigt-patienten-wissen-wenig-uber-e-rezept\/#primaryimage\"},\"thumbnailUrl\":\"https:\/\/spanienaktuell.net\/wordpress\/wp-content\/uploads\/2021\/11\/Foto-Pixabay-Michael-Treu-pharmacy-1507122_1920-scaled.jpg\",\"datePublished\":\"2021-11-01T12:21:47+00:00\",\"dateModified\":\"2021-11-01T12:26:03+00:00\",\"breadcrumb\":{\"@id\":\"https:\/\/spanienaktuell.net\/wordpress\/umfrage-zeigt-patienten-wissen-wenig-uber-e-rezept\/#breadcrumb\"},\"inLanguage\":\"es\",\"potentialAction\":[{\"@type\":\"ReadAction\",\"target\":[\"https:\/\/spanienaktuell.net\/wordpress\/umfrage-zeigt-patienten-wissen-wenig-uber-e-rezept\/\"]}]},{\"@type\":\"ImageObject\",\"inLanguage\":\"es\",\"@id\":\"https:\/\/spanienaktuell.net\/wordpress\/umfrage-zeigt-patienten-wissen-wenig-uber-e-rezept\/#primaryimage\",\"url\":\"https:\/\/spanienaktuell.net\/wordpress\/wp-content\/uploads\/2021\/11\/Foto-Pixabay-Michael-Treu-pharmacy-1507122_1920-scaled.jpg\",\"contentUrl\":\"https:\/\/spanienaktuell.net\/wordpress\/wp-content\/uploads\/2021\/11\/Foto-Pixabay-Michael-Treu-pharmacy-1507122_1920-scaled.jpg\",\"width\":1440,\"height\":908,\"caption\":\"Foto: Pixabay-Michael Treu\"},{\"@type\":\"BreadcrumbList\",\"@id\":\"https:\/\/spanienaktuell.net\/wordpress\/umfrage-zeigt-patienten-wissen-wenig-uber-e-rezept\/#breadcrumb\",\"itemListElement\":[{\"@type\":\"ListItem\",\"position\":1,\"name\":\"Portada\",\"item\":\"https:\/\/spanienaktuell.net\/wordpress\/\"},{\"@type\":\"ListItem\",\"position\":2,\"name\":\"Umfrage zeigt: Patienten wissen wenig \u00fcber E-Rezept\"}]},{\"@type\":\"WebSite\",\"@id\":\"https:\/\/spanienaktuell.net\/wordpress\/#website\",\"url\":\"https:\/\/spanienaktuell.net\/wordpress\/\",\"name\":\"Spanien aktuell\",\"description\":\"The German magazine number 1 on the Costa del Sol\",\"publisher\":{\"@id\":\"https:\/\/spanienaktuell.net\/wordpress\/#organization\"},\"potentialAction\":[{\"@type\":\"SearchAction\",\"target\":{\"@type\":\"EntryPoint\",\"urlTemplate\":\"https:\/\/spanienaktuell.net\/wordpress\/?s={search_term_string}\"},\"query-input\":{\"@type\":\"PropertyValueSpecification\",\"valueRequired\":true,\"valueName\":\"search_term_string\"}}],\"inLanguage\":\"es\"},{\"@type\":\"Organization\",\"@id\":\"https:\/\/spanienaktuell.net\/wordpress\/#organization\",\"name\":\"Spanien aktuell\",\"url\":\"https:\/\/spanienaktuell.net\/wordpress\/\",\"logo\":{\"@type\":\"ImageObject\",\"inLanguage\":\"es\",\"@id\":\"https:\/\/spanienaktuell.net\/wordpress\/#\/schema\/logo\/image\/\",\"url\":\"https:\/\/spanienaktuell.net\/wordpress\/wp-content\/uploads\/2019\/06\/cropped-Logo-spanien-aktuell-png-web-e1561631085388.png\",\"contentUrl\":\"https:\/\/spanienaktuell.net\/wordpress\/wp-content\/uploads\/2019\/06\/cropped-Logo-spanien-aktuell-png-web-e1561631085388.png\",\"width\":512,\"height\":110,\"caption\":\"Spanien aktuell\"},\"image\":{\"@id\":\"https:\/\/spanienaktuell.net\/wordpress\/#\/schema\/logo\/image\/\"}},{\"@type\":\"Person\",\"@id\":\"https:\/\/spanienaktuell.net\/wordpress\/#\/schema\/person\/bc410cfae0161b201d837ebfeeba7fd0\",\"name\":\"Spanien Aktuell\",\"image\":{\"@type\":\"ImageObject\",\"inLanguage\":\"es\",\"@id\":\"https:\/\/spanienaktuell.net\/wordpress\/#\/schema\/person\/image\/\",\"url\":\"https:\/\/spanienaktuell.net\/wordpress\/wp-content\/uploads\/2019\/06\/cropped-Logo-spanien-aktuell-png-fav2-100x100.png\",\"contentUrl\":\"https:\/\/spanienaktuell.net\/wordpress\/wp-content\/uploads\/2019\/06\/cropped-Logo-spanien-aktuell-png-fav2-100x100.png\",\"caption\":\"Spanien Aktuell\"},\"url\":\"https:\/\/spanienaktuell.net\/wordpress\/author\/koalum\/\"}]}<\/script>\n<!-- \/ Yoast SEO plugin. -->","yoast_head_json":{"title":"Umfrage zeigt: Patienten wissen wenig \u00fcber E-Rezept - Spanien aktuell","robots":{"index":"index","follow":"follow","max-snippet":"max-snippet:-1","max-image-preview":"max-image-preview:large","max-video-preview":"max-video-preview:-1"},"canonical":"https:\/\/spanienaktuell.net\/wordpress\/umfrage-zeigt-patienten-wissen-wenig-uber-e-rezept\/","og_locale":"es_ES","og_type":"article","og_title":"Umfrage zeigt: Patienten wissen wenig \u00fcber E-Rezept - Spanien aktuell","og_description":"Wenige Monate vor der fl\u00e4chendeckenden Einf\u00fchrung des elektronischen Rezepts im Januar 2022 wissen die Deutschen noch sehr wenig \u00fcber den [&hellip;]","og_url":"https:\/\/spanienaktuell.net\/wordpress\/umfrage-zeigt-patienten-wissen-wenig-uber-e-rezept\/","og_site_name":"Spanien aktuell","article_published_time":"2021-11-01T12:21:47+00:00","article_modified_time":"2021-11-01T12:26:03+00:00","og_image":[{"width":1440,"height":908,"url":"https:\/\/spanienaktuell.net\/wordpress\/wp-content\/uploads\/2021\/11\/Foto-Pixabay-Michael-Treu-pharmacy-1507122_1920-scaled.jpg","type":"image\/jpeg"}],"author":"Spanien Aktuell","twitter_card":"summary_large_image","twitter_misc":{"Escrito por":"Spanien Aktuell","Tiempo de lectura":"2 minutos"},"schema":{"@context":"https:\/\/schema.org","@graph":[{"@type":"Article","@id":"https:\/\/spanienaktuell.net\/wordpress\/umfrage-zeigt-patienten-wissen-wenig-uber-e-rezept\/#article","isPartOf":{"@id":"https:\/\/spanienaktuell.net\/wordpress\/umfrage-zeigt-patienten-wissen-wenig-uber-e-rezept\/"},"author":{"name":"Spanien Aktuell","@id":"https:\/\/spanienaktuell.net\/wordpress\/#\/schema\/person\/bc410cfae0161b201d837ebfeeba7fd0"},"headline":"Umfrage zeigt: Patienten wissen wenig \u00fcber E-Rezept","datePublished":"2021-11-01T12:21:47+00:00","dateModified":"2021-11-01T12:26:03+00:00","mainEntityOfPage":{"@id":"https:\/\/spanienaktuell.net\/wordpress\/umfrage-zeigt-patienten-wissen-wenig-uber-e-rezept\/"},"wordCount":384,"publisher":{"@id":"https:\/\/spanienaktuell.net\/wordpress\/#organization"},"image":{"@id":"https:\/\/spanienaktuell.net\/wordpress\/umfrage-zeigt-patienten-wissen-wenig-uber-e-rezept\/#primaryimage"},"thumbnailUrl":"https:\/\/spanienaktuell.net\/wordpress\/wp-content\/uploads\/2021\/11\/Foto-Pixabay-Michael-Treu-pharmacy-1507122_1920-scaled.jpg","articleSection":["Gesundheit"],"inLanguage":"es"},{"@type":"WebPage","@id":"https:\/\/spanienaktuell.net\/wordpress\/umfrage-zeigt-patienten-wissen-wenig-uber-e-rezept\/","url":"https:\/\/spanienaktuell.net\/wordpress\/umfrage-zeigt-patienten-wissen-wenig-uber-e-rezept\/","name":"Umfrage zeigt: Patienten wissen wenig \u00fcber E-Rezept - Spanien aktuell","isPartOf":{"@id":"https:\/\/spanienaktuell.net\/wordpress\/#website"},"primaryImageOfPage":{"@id":"https:\/\/spanienaktuell.net\/wordpress\/umfrage-zeigt-patienten-wissen-wenig-uber-e-rezept\/#primaryimage"},"image":{"@id":"https:\/\/spanienaktuell.net\/wordpress\/umfrage-zeigt-patienten-wissen-wenig-uber-e-rezept\/#primaryimage"},"thumbnailUrl":"https:\/\/spanienaktuell.net\/wordpress\/wp-content\/uploads\/2021\/11\/Foto-Pixabay-Michael-Treu-pharmacy-1507122_1920-scaled.jpg","datePublished":"2021-11-01T12:21:47+00:00","dateModified":"2021-11-01T12:26:03+00:00","breadcrumb":{"@id":"https:\/\/spanienaktuell.net\/wordpress\/umfrage-zeigt-patienten-wissen-wenig-uber-e-rezept\/#breadcrumb"},"inLanguage":"es","potentialAction":[{"@type":"ReadAction","target":["https:\/\/spanienaktuell.net\/wordpress\/umfrage-zeigt-patienten-wissen-wenig-uber-e-rezept\/"]}]},{"@type":"ImageObject","inLanguage":"es","@id":"https:\/\/spanienaktuell.net\/wordpress\/umfrage-zeigt-patienten-wissen-wenig-uber-e-rezept\/#primaryimage","url":"https:\/\/spanienaktuell.net\/wordpress\/wp-content\/uploads\/2021\/11\/Foto-Pixabay-Michael-Treu-pharmacy-1507122_1920-scaled.jpg","contentUrl":"https:\/\/spanienaktuell.net\/wordpress\/wp-content\/uploads\/2021\/11\/Foto-Pixabay-Michael-Treu-pharmacy-1507122_1920-scaled.jpg","width":1440,"height":908,"caption":"Foto: Pixabay-Michael Treu"},{"@type":"BreadcrumbList","@id":"https:\/\/spanienaktuell.net\/wordpress\/umfrage-zeigt-patienten-wissen-wenig-uber-e-rezept\/#breadcrumb","itemListElement":[{"@type":"ListItem","position":1,"name":"Portada","item":"https:\/\/spanienaktuell.net\/wordpress\/"},{"@type":"ListItem","position":2,"name":"Umfrage zeigt: Patienten wissen wenig \u00fcber E-Rezept"}]},{"@type":"WebSite","@id":"https:\/\/spanienaktuell.net\/wordpress\/#website","url":"https:\/\/spanienaktuell.net\/wordpress\/","name":"Spanien aktuell","description":"The German magazine number 1 on the Costa del Sol","publisher":{"@id":"https:\/\/spanienaktuell.net\/wordpress\/#organization"},"potentialAction":[{"@type":"SearchAction","target":{"@type":"EntryPoint","urlTemplate":"https:\/\/spanienaktuell.net\/wordpress\/?s={search_term_string}"},"query-input":{"@type":"PropertyValueSpecification","valueRequired":true,"valueName":"search_term_string"}}],"inLanguage":"es"},{"@type":"Organization","@id":"https:\/\/spanienaktuell.net\/wordpress\/#organization","name":"Spanien aktuell","url":"https:\/\/spanienaktuell.net\/wordpress\/","logo":{"@type":"ImageObject","inLanguage":"es","@id":"https:\/\/spanienaktuell.net\/wordpress\/#\/schema\/logo\/image\/","url":"https:\/\/spanienaktuell.net\/wordpress\/wp-content\/uploads\/2019\/06\/cropped-Logo-spanien-aktuell-png-web-e1561631085388.png","contentUrl":"https:\/\/spanienaktuell.net\/wordpress\/wp-content\/uploads\/2019\/06\/cropped-Logo-spanien-aktuell-png-web-e1561631085388.png","width":512,"height":110,"caption":"Spanien aktuell"},"image":{"@id":"https:\/\/spanienaktuell.net\/wordpress\/#\/schema\/logo\/image\/"}},{"@type":"Person","@id":"https:\/\/spanienaktuell.net\/wordpress\/#\/schema\/person\/bc410cfae0161b201d837ebfeeba7fd0","name":"Spanien Aktuell","image":{"@type":"ImageObject","inLanguage":"es","@id":"https:\/\/spanienaktuell.net\/wordpress\/#\/schema\/person\/image\/","url":"https:\/\/spanienaktuell.net\/wordpress\/wp-content\/uploads\/2019\/06\/cropped-Logo-spanien-aktuell-png-fav2-100x100.png","contentUrl":"https:\/\/spanienaktuell.net\/wordpress\/wp-content\/uploads\/2019\/06\/cropped-Logo-spanien-aktuell-png-fav2-100x100.png","caption":"Spanien Aktuell"},"url":"https:\/\/spanienaktuell.net\/wordpress\/author\/koalum\/"}]}},"_links":{"self":[{"href":"https:\/\/spanienaktuell.net\/wordpress\/wp-json\/wp\/v2\/posts\/93371","targetHints":{"allow":["GET"]}}],"collection":[{"href":"https:\/\/spanienaktuell.net\/wordpress\/wp-json\/wp\/v2\/posts"}],"about":[{"href":"https:\/\/spanienaktuell.net\/wordpress\/wp-json\/wp\/v2\/types\/post"}],"author":[{"embeddable":true,"href":"https:\/\/spanienaktuell.net\/wordpress\/wp-json\/wp\/v2\/users\/3"}],"replies":[{"embeddable":true,"href":"https:\/\/spanienaktuell.net\/wordpress\/wp-json\/wp\/v2\/comments?post=93371"}],"version-history":[{"count":1,"href":"https:\/\/spanienaktuell.net\/wordpress\/wp-json\/wp\/v2\/posts\/93371\/revisions"}],"predecessor-version":[{"id":93377,"href":"https:\/\/spanienaktuell.net\/wordpress\/wp-json\/wp\/v2\/posts\/93371\/revisions\/93377"}],"wp:featuredmedia":[{"embeddable":true,"href":"https:\/\/spanienaktuell.net\/wordpress\/wp-json\/wp\/v2\/media\/93372"}],"wp:attachment":[{"href":"https:\/\/spanienaktuell.net\/wordpress\/wp-json\/wp\/v2\/media?parent=93371"}],"wp:term":[{"taxonomy":"category","embeddable":true,"href":"https:\/\/spanienaktuell.net\/wordpress\/wp-json\/wp\/v2\/categories?post=93371"},{"taxonomy":"post_tag","embeddable":true,"href":"https:\/\/spanienaktuell.net\/wordpress\/wp-json\/wp\/v2\/tags?post=93371"}],"curies":[{"name":"wp","href":"https:\/\/api.w.org\/{rel}","templated":true}]}}