{"id":93491,"date":"2021-12-02T09:20:12","date_gmt":"2021-12-02T09:20:12","guid":{"rendered":"https:\/\/spanienaktuell.net\/wordpress\/?p=93491"},"modified":"2021-12-02T09:20:12","modified_gmt":"2021-12-02T09:20:12","slug":"kennen-sie-ihre-fluggastrechte","status":"publish","type":"post","link":"https:\/\/spanienaktuell.net\/wordpress\/kennen-sie-ihre-fluggastrechte\/","title":{"rendered":"Kennen Sie Ihre Fluggastrechte?"},"content":{"rendered":"<p>Erfahren Sie welche Rechte und Anspr\u00fcche Sie haben, wenn die Reise mit dem Flieger nicht glatt l\u00e4uft<\/p>\n<p>Die Vorfreude auf den Urlaub ist gro\u00df, doch dann kommt der Schock. Ihre Airline informiert Sie, dass Ihr Flug gecancelt wurde. Unangenehm sind ebenfalls lange Wartezeiten am Flughafen wegen Flugversp\u00e4tung, die sogar dazu f\u00fchren k\u00f6nnen, dass Sie Ihren Anschlussflug verpassen. In solchen Situationen sollten Sie Ihre Fluggastrechte kennen.<\/p>\n<p>Wenn sich das Flugzeug versp\u00e4tet, \u00fcberbucht ist oder gar ganz ausf\u00e4llt haben Sie laut der EU-Fluggastrechte Nr. 261\/2004 Anspruch auf Entsch\u00e4digung von bis zu 600 \u20ac.<\/p>\n<p>Wird Ihr Gep\u00e4ck auf einer Flugreise besch\u00e4digt oder geht verloren, dann stehen Ihnen laut Montrealer Abkommen bis zu 1350 \u20ac zu.<\/p>\n<p><strong>EU-Fluggastrechte <\/strong><\/p>\n<figure id=\"attachment_93495\" aria-describedby=\"caption-attachment-93495\" style=\"width: 1440px\" class=\"wp-caption aligncenter\"><img decoding=\"async\" class=\"size-full wp-image-93495\" src=\"https:\/\/spanienaktuell.net\/wordpress\/wp-content\/uploads\/2021\/12\/Foto-Pixabay-Gerd-Altmann-europe-413102_1920-scaled.jpg\" alt=\"\" width=\"1440\" height=\"1018\" srcset=\"https:\/\/spanienaktuell.net\/wordpress\/wp-content\/uploads\/2021\/12\/Foto-Pixabay-Gerd-Altmann-europe-413102_1920-scaled.jpg 1440w, https:\/\/spanienaktuell.net\/wordpress\/wp-content\/uploads\/2021\/12\/Foto-Pixabay-Gerd-Altmann-europe-413102_1920-300x212.jpg 300w, https:\/\/spanienaktuell.net\/wordpress\/wp-content\/uploads\/2021\/12\/Foto-Pixabay-Gerd-Altmann-europe-413102_1920-1024x724.jpg 1024w, https:\/\/spanienaktuell.net\/wordpress\/wp-content\/uploads\/2021\/12\/Foto-Pixabay-Gerd-Altmann-europe-413102_1920-768x543.jpg 768w, https:\/\/spanienaktuell.net\/wordpress\/wp-content\/uploads\/2021\/12\/Foto-Pixabay-Gerd-Altmann-europe-413102_1920-1536x1086.jpg 1536w\" sizes=\"(max-width: 1440px) 100vw, 1440px\" \/><figcaption id=\"caption-attachment-93495\" class=\"wp-caption-text\">Foto: Pixabay Gerd Altmann<\/figcaption><\/figure>\n<p>Die Verordnung (EG) Nr. 261\/2004 legt fest, dass Flugg\u00e4ste bei Nichtbef\u00f6rderung, Flugversp\u00e4tung oder Flugannullierung unter gewissen Umst\u00e4nden Anspruch auf finanzielle Entsch\u00e4digung haben.<\/p>\n<p><strong>Wann gelten die EU-Fluggastrechte?<\/strong><\/p>\n<p>Damit die EU-Fluggastrechte greifen m\u00fcssen folgende Voraussetzungen erf\u00fcllt sein:<\/p>\n<ul>\n<li>g\u00fcltiges Ticket muss in ausgedruckter Form, oder als elektronisches Ticket vorhanden sein<\/li>\n<li>Flugg\u00e4ste m\u00fcssen sich zu der zuvor angegebenen Zeit, oder, falls keine Zeit angegeben wird, sp\u00e4testens 45 Minuten vor Abflugzeit zur Abfertigung einfinden (Ausnahme nat\u00fcrlich bei Flugannullierung)<\/li>\n<li>der Flug startet von einem Flughafen in der EU, dabei spielt es keine Rolle von welcher Airline der Flug durchgef\u00fchrt wird<\/li>\n<li>oder der Flug wird von einer Airline mit Sitz in der EU durchgef\u00fchrt und das Flugziel liegt in einem Mitgliedsstaat der EU<\/li>\n<\/ul>\n<p>Die Verordnung gilt auch in der Schweiz, sowie in Norwegen und Island.<\/p>\n<p>Bei den EU-Fluggastrechten spielt es keine Rolle, ob es sich bei dem Flug um eine Pauschalreise in den Urlaub oder eine Gesch\u00e4ftsreise handelt.<\/p>\n<p><strong>Wann gelten die EU-Fluggastrechte nicht?<\/strong><\/p>\n<figure id=\"attachment_93494\" aria-describedby=\"caption-attachment-93494\" style=\"width: 1440px\" class=\"wp-caption aligncenter\"><img decoding=\"async\" class=\"size-full wp-image-93494\" src=\"https:\/\/spanienaktuell.net\/wordpress\/wp-content\/uploads\/2021\/12\/Foto-Pixabay-MichaelGaida-airport-g7f5c3cec9_1920-scaled.jpg\" alt=\"\" width=\"1440\" height=\"960\" srcset=\"https:\/\/spanienaktuell.net\/wordpress\/wp-content\/uploads\/2021\/12\/Foto-Pixabay-MichaelGaida-airport-g7f5c3cec9_1920-scaled.jpg 1440w, https:\/\/spanienaktuell.net\/wordpress\/wp-content\/uploads\/2021\/12\/Foto-Pixabay-MichaelGaida-airport-g7f5c3cec9_1920-300x200.jpg 300w, https:\/\/spanienaktuell.net\/wordpress\/wp-content\/uploads\/2021\/12\/Foto-Pixabay-MichaelGaida-airport-g7f5c3cec9_1920-1024x683.jpg 1024w, https:\/\/spanienaktuell.net\/wordpress\/wp-content\/uploads\/2021\/12\/Foto-Pixabay-MichaelGaida-airport-g7f5c3cec9_1920-768x512.jpg 768w, https:\/\/spanienaktuell.net\/wordpress\/wp-content\/uploads\/2021\/12\/Foto-Pixabay-MichaelGaida-airport-g7f5c3cec9_1920-1536x1024.jpg 1536w\" sizes=\"(max-width: 1440px) 100vw, 1440px\" \/><figcaption id=\"caption-attachment-93494\" class=\"wp-caption-text\">Foto: Pixabay-Michael Gaida<\/figcaption><\/figure>\n<ul>\n<li>F\u00fcr Flugg\u00e4ste, die kostenlos oder zu einem reduzierten Tarif reisen, der der \u00d6ffentlichkeit nicht zug\u00e4nglich ist<\/li>\n<li>F\u00fcr Flugg\u00e4ste, die nicht p\u00fcnktlich zur Abfertigung erscheinen (Ausnahme Flugannullierung)<\/li>\n<li>bei au\u00dfergew\u00f6hnlichen Umst\u00e4nden gibt es keine Ausgleichszahlung<\/li>\n<\/ul>\n<p><strong>Flugversp\u00e4tung <\/strong><\/p>\n<p>Flugg\u00e4ste haben bei einer Versp\u00e4tung von mehr als 3 Stunden am Zielflughafen Anspruch auf eine Entsch\u00e4digung zwischen 250 und 600 Euro. Als Ankunftszeit gilt dabei das \u00d6ffnen der Flugzeugt\u00fcr.<\/p>\n<p>Die H\u00f6he der Entsch\u00e4digung richtet sich nach der Flugstrecke:<\/p>\n<ul>\n<li>bei Fl\u00fcgen mit einer Distanz bis zu 1500 km erhalten Flugg\u00e4ste eine Entsch\u00e4digung von bis zu 250 Euro<\/li>\n<li>bei Fl\u00fcgen mit einer Distanz von 1500 km \u2013 3500 km erhalten Flugg\u00e4ste eine Entsch\u00e4digung von bis zu 400 Euro<\/li>\n<li>bei Fl\u00fcgen mit einer Distanz ab 3500 km erhalten Flugg\u00e4ste eine Entsch\u00e4digung von bis zu 600 Euro<\/li>\n<li>Flugreisende sollten sich bei der Fluglinie informieren, warum sich der Flug versp\u00e4tet und sich dies schriftlich best\u00e4tigen lassen.<\/li>\n<\/ul>\n<p><strong>Wie lange sind Entsch\u00e4digungsanspr\u00fcche g\u00fcltig?<\/strong><\/p>\n<p>In Deutschland haben Passagiere 3 Jahre Zeit, um f\u00fcr ihre Flugversp\u00e4tung eine Entsch\u00e4digung zu fordern.<\/p>\n<p><strong>Wo und wie Anspr\u00fcche einfordern<\/strong><\/p>\n<figure id=\"attachment_93497\" aria-describedby=\"caption-attachment-93497\" style=\"width: 1440px\" class=\"wp-caption aligncenter\"><img decoding=\"async\" class=\"size-full wp-image-93497\" src=\"https:\/\/spanienaktuell.net\/wordpress\/wp-content\/uploads\/2021\/12\/Foto-Pixabay-security-g2906e33ca_1920-scaled.jpg\" alt=\"\" width=\"1440\" height=\"959\" srcset=\"https:\/\/spanienaktuell.net\/wordpress\/wp-content\/uploads\/2021\/12\/Foto-Pixabay-security-g2906e33ca_1920-scaled.jpg 1440w, https:\/\/spanienaktuell.net\/wordpress\/wp-content\/uploads\/2021\/12\/Foto-Pixabay-security-g2906e33ca_1920-300x200.jpg 300w, https:\/\/spanienaktuell.net\/wordpress\/wp-content\/uploads\/2021\/12\/Foto-Pixabay-security-g2906e33ca_1920-1024x682.jpg 1024w, https:\/\/spanienaktuell.net\/wordpress\/wp-content\/uploads\/2021\/12\/Foto-Pixabay-security-g2906e33ca_1920-768x511.jpg 768w, https:\/\/spanienaktuell.net\/wordpress\/wp-content\/uploads\/2021\/12\/Foto-Pixabay-security-g2906e33ca_1920-1536x1022.jpg 1536w\" sizes=\"(max-width: 1440px) 100vw, 1440px\" \/><figcaption id=\"caption-attachment-93497\" class=\"wp-caption-text\">Foto: Pixabay<\/figcaption><\/figure>\n<p>Entsch\u00e4digungszahlungen k\u00f6nnen Flugreisende direkt bei der Airline einfordern. Wenn die Airline aber nicht zahlt, was oft vorkommt, k\u00f6nnen weitere Schritte eingeleitet werden. Flugg\u00e4ste k\u00f6nnen sich kostenlos an die Schlichtungsstelle f\u00fcr den \u00f6ffentlichen Personenverkehr (S\u00d6P) wenden. Diese ist von der Bundesregierung und der Europ\u00e4ischen Kommission anerkannt. Falls die Fluglinie kein Mitglied der S\u00d6P ist, kann man sich an die die Schlichtungsstelle Luftverkehr beim Bundesamt f\u00fcr Justiz (BfJ) wenden.<\/p>\n<p>Schneller und unkomplizierter ist der Weg \u00fcber kommerzielle Fluggasthelfer wie Passengers friend, die sich auf die Durchsetzung von Fluggastrechten spezialisiert haben.<\/p>\n<p><strong>Au\u00dfergew\u00f6hnliche Umst\u00e4nde<\/strong><\/p>\n<figure id=\"attachment_93493\" aria-describedby=\"caption-attachment-93493\" style=\"width: 1440px\" class=\"wp-caption aligncenter\"><img decoding=\"async\" class=\"size-full wp-image-93493\" src=\"https:\/\/spanienaktuell.net\/wordpress\/wp-content\/uploads\/2021\/12\/Foto-Pixabay-Ingo-Jakubke-lightning-g689c816eb_1920-scaled.jpg\" alt=\"\" width=\"1440\" height=\"960\" srcset=\"https:\/\/spanienaktuell.net\/wordpress\/wp-content\/uploads\/2021\/12\/Foto-Pixabay-Ingo-Jakubke-lightning-g689c816eb_1920-scaled.jpg 1440w, https:\/\/spanienaktuell.net\/wordpress\/wp-content\/uploads\/2021\/12\/Foto-Pixabay-Ingo-Jakubke-lightning-g689c816eb_1920-300x200.jpg 300w, https:\/\/spanienaktuell.net\/wordpress\/wp-content\/uploads\/2021\/12\/Foto-Pixabay-Ingo-Jakubke-lightning-g689c816eb_1920-1024x683.jpg 1024w, https:\/\/spanienaktuell.net\/wordpress\/wp-content\/uploads\/2021\/12\/Foto-Pixabay-Ingo-Jakubke-lightning-g689c816eb_1920-768x512.jpg 768w, https:\/\/spanienaktuell.net\/wordpress\/wp-content\/uploads\/2021\/12\/Foto-Pixabay-Ingo-Jakubke-lightning-g689c816eb_1920-1536x1024.jpg 1536w\" sizes=\"(max-width: 1440px) 100vw, 1440px\" \/><figcaption id=\"caption-attachment-93493\" class=\"wp-caption-text\">Foto Pixabay-Ingo Jakubke<\/figcaption><\/figure>\n<p>Haben au\u00dfergew\u00f6hnliche Umst\u00e4nde zur Versp\u00e4tung oder zum Flugausfall gef\u00fchrt, muss die Airline keine Entsch\u00e4digung zahlen. Dazu z\u00e4hlen:<\/p>\n<ul>\n<li>Unwetter<\/li>\n<li>Streik der Piloten oder Fluglotsen<\/li>\n<li>politische Unsicherheit<\/li>\n<li>Vogelschlag<\/li>\n<li>Terrorismusgefahr<\/li>\n<li>Corona<\/li>\n<\/ul>\n<p>Wenn die direkten Folgen der Corona-Pandemie zum Flugausfall gef\u00fchrt haben, besteht kein Anspruch auf Entsch\u00e4digung. Die Airline muss aber den Ticketpreis erstatten. Oft schieben Airlines Corona aber als Ausrede vor, um keine Entsch\u00e4digung zahlen zu m\u00fcssen.<\/p>\n<p>W\u00e4hrend der Pandemie werden Fl\u00fcge mit geringer Auslastung aus wirtschaftlichen Gr\u00fcnden gestrichen. In diesem Fall haben Kund: innen Entsch\u00e4digungsanspruch.<\/p>\n<p>Anspruch auf Betreuungsleistungen<\/p>\n<ul>\n<li>ab 2 Stunden Wartezeit und einer Flugstrecke von bis 1.500 km haben Flugreisende das Recht auf kostenlose Getr\u00e4nke, Essen und Kommunikationsleistungen<\/li>\n<li>ab 3 Stunden Wartezeit und einer Flugdistanz zwischen 1.500 km und 3.500 km haben Flugg\u00e4ste das Recht auf kostenlose Getr\u00e4nke, Essen und Kommunikationsleistungen<\/li>\n<li>ab 4 Stunden Wartezeit und einer Flugdistanz ab 3.500 km haben Flugreisende das Recht auf kostenlose Getr\u00e4nke, Essen und Kommunikationsleistungen<\/li>\n<li>ab einer Versp\u00e4tung von 5 Stunden k\u00f6nnen Flugg\u00e4ste kostenfrei vom Flug zur\u00fccktreten. Die Airline muss die Ticketkosten erstatten. Die Ausgleichszahlung entf\u00e4llt jedoch in diesem Fall.<\/li>\n<li>bei einem Abflug am n\u00e4chsten Tag, haben Reisende unabh\u00e4ngig von der Flugdistanz das Recht auf eine \u00dcbernachtung im Hotel und Erstattung der Transferkosten<\/li>\n<\/ul>\n<p><strong>Wichtig ist<\/strong>, dass man sich alle Rechnungen als Beweis aufhebt.<\/p>\n<p><strong>Anschlussflug verpasst <\/strong><\/p>\n<p>Wenn Flugg\u00e4ste aufgrund einer Versp\u00e4tung ihren Anschlussflug verpassen, haben sie Anspruch auf eine Ausgleichszahlung. Dies gilt auch f\u00fcr den Fall, dass der Anschlussflug au\u00dferhalb der EU stattfindet. Die Fl\u00fcge m\u00fcssen aber in einem Ticket zusammengebucht werden. Ob die Fl\u00fcge von verschiedenen Airlines durchgef\u00fchrt werden, spielt dabei aber keine Rolle.<\/p>\n<p><strong>Nichtbef\u00f6rderung <\/strong><\/p>\n<figure id=\"attachment_93496\" aria-describedby=\"caption-attachment-93496\" style=\"width: 1440px\" class=\"wp-caption aligncenter\"><img decoding=\"async\" class=\"size-full wp-image-93496\" src=\"https:\/\/spanienaktuell.net\/wordpress\/wp-content\/uploads\/2021\/12\/Foto-Pixabay-Jan-Vasek-airport-g216d65215_1920-scaled.jpg\" alt=\"\" width=\"1440\" height=\"960\" srcset=\"https:\/\/spanienaktuell.net\/wordpress\/wp-content\/uploads\/2021\/12\/Foto-Pixabay-Jan-Vasek-airport-g216d65215_1920-scaled.jpg 1440w, https:\/\/spanienaktuell.net\/wordpress\/wp-content\/uploads\/2021\/12\/Foto-Pixabay-Jan-Vasek-airport-g216d65215_1920-300x200.jpg 300w, https:\/\/spanienaktuell.net\/wordpress\/wp-content\/uploads\/2021\/12\/Foto-Pixabay-Jan-Vasek-airport-g216d65215_1920-1024x683.jpg 1024w, https:\/\/spanienaktuell.net\/wordpress\/wp-content\/uploads\/2021\/12\/Foto-Pixabay-Jan-Vasek-airport-g216d65215_1920-768x512.jpg 768w, https:\/\/spanienaktuell.net\/wordpress\/wp-content\/uploads\/2021\/12\/Foto-Pixabay-Jan-Vasek-airport-g216d65215_1920-1536x1024.jpg 1536w\" sizes=\"(max-width: 1440px) 100vw, 1440px\" \/><figcaption id=\"caption-attachment-93496\" class=\"wp-caption-text\">Foto: Pixabay- Jan Va\u0161ek<\/figcaption><\/figure>\n<p>Wenn ein Flug \u00fcberbucht ist, versucht die Airline mit Ersatzleitungen Leute zu finden, die freiwillig auf den Flug verzichten. Wenn sich nicht gen\u00fcgend Freiwillige finden, kann die Airline gegen eine entsprechende Entsch\u00e4digung die Reise gegen den Willen der Kund: innen verweigern.<\/p>\n<p>In dem Fall haben Flugg\u00e4ste Anspruch auf Erstattung der Flugkosten innerhalb von 7 Tagen oder anderweitige Bef\u00f6rderung zu ihrem Endziel.<\/p>\n<p>Die Airline ist ebenfalls zu Betreuungsleistungen wie Mahlzeiten, Erfrischungen, Hotelunterbringung, Transfers und Kommunikationsleistungen verpflichtet.<\/p>\n<p>Die Ausgleichszahlung richtet sich auch hier nach der Flugstrecke:<\/p>\n<ul>\n<li>F\u00fcr Fl\u00fcge mit einer Distanz bis zu 1500 km erhalten Flugg\u00e4ste eine Entsch\u00e4digung von bis zu 250 Euro<\/li>\n<li>F\u00fcr Fl\u00fcge mit einer Distanz von 1500 km \u2013 3500 km erhalten Flugg\u00e4ste eine Entsch\u00e4digung von bis zu 400 Euro<\/li>\n<li>F\u00fcr Fl\u00fcge mit einer Distanz ab 3500 km erhalten Flugg\u00e4ste eine Entsch\u00e4digung von bis zu 600 Euro<\/li>\n<\/ul>\n<p><strong>Annullierung <\/strong><\/p>\n<p>Wenn Flugg\u00e4ste weniger als 14 Tage vor Abflug \u00fcber den Flugausfall informiert werden, kann Anspruch auf eine Entsch\u00e4digungszahlung bestehen.<\/p>\n<ul>\n<li>bei Fl\u00fcgen mit einer Distanz bis zu 1500 km erhalten Flugg\u00e4ste eine Entsch\u00e4digung von bis zu 250 Euro<\/li>\n<li>bei Fl\u00fcgen mit einer Distanz von 1500 km \u2013 3500 km erhalten Flugg\u00e4ste eine Entsch\u00e4digung von bis zu 400 Euro<\/li>\n<li>bei Fl\u00fcgen mit einer Distanz ab 3500 km erhalten Flugg\u00e4ste eine Entsch\u00e4digung von bis zu 600 Euro<\/li>\n<\/ul>\n<p><strong>Fazit<\/strong><\/p>\n<figure id=\"attachment_93498\" aria-describedby=\"caption-attachment-93498\" style=\"width: 1440px\" class=\"wp-caption aligncenter\"><img decoding=\"async\" class=\"size-full wp-image-93498\" src=\"https:\/\/spanienaktuell.net\/wordpress\/wp-content\/uploads\/2021\/12\/Foto-Pixabay-to-travel-g89977206e_1920-scaled.jpg\" alt=\"\" width=\"1440\" height=\"720\" srcset=\"https:\/\/spanienaktuell.net\/wordpress\/wp-content\/uploads\/2021\/12\/Foto-Pixabay-to-travel-g89977206e_1920-scaled.jpg 1440w, https:\/\/spanienaktuell.net\/wordpress\/wp-content\/uploads\/2021\/12\/Foto-Pixabay-to-travel-g89977206e_1920-300x150.jpg 300w, https:\/\/spanienaktuell.net\/wordpress\/wp-content\/uploads\/2021\/12\/Foto-Pixabay-to-travel-g89977206e_1920-1024x512.jpg 1024w, https:\/\/spanienaktuell.net\/wordpress\/wp-content\/uploads\/2021\/12\/Foto-Pixabay-to-travel-g89977206e_1920-768x384.jpg 768w, https:\/\/spanienaktuell.net\/wordpress\/wp-content\/uploads\/2021\/12\/Foto-Pixabay-to-travel-g89977206e_1920-1536x768.jpg 1536w\" sizes=\"(max-width: 1440px) 100vw, 1440px\" \/><figcaption id=\"caption-attachment-93498\" class=\"wp-caption-text\">Foto: Pixabay:<\/figcaption><\/figure>\n<p>Wenn Sie wegen Flugversp\u00e4tung oder Flugannullierung unkompliziert und schnell Ihre Rechte in Form einer finanziellen Entsch\u00e4digung einfordern m\u00f6chten, sollten Sie sich an einen professionellen Fluggasthelfer wie <a href=\"http:\/\/www.passengersfriend.com\">www.passengersfriend.com<\/a> wenden.<\/p>\n<p>Quelle: Touristiklounge<\/p>\n","protected":false},"excerpt":{"rendered":"<p>Erfahren Sie welche Rechte und Anspr\u00fcche Sie haben, wenn die Reise mit dem Flieger nicht glatt l\u00e4uft Die Vorfreude auf [&hellip;]<\/p>\n","protected":false},"author":3,"featured_media":93492,"comment_status":"closed","ping_status":"closed","sticky":false,"template":"","format":"standard","meta":{"footnotes":""},"categories":[30],"tags":[],"class_list":["post-93491","post","type-post","status-publish","format-standard","has-post-thumbnail","hentry","category-recht-gesellschaft"],"yoast_head":"<!-- This site is optimized with the Yoast SEO plugin v27.1.1 - https:\/\/yoast.com\/product\/yoast-seo-wordpress\/ -->\n<title>Kennen Sie Ihre Fluggastrechte? - Spanien aktuell<\/title>\n<meta name=\"robots\" content=\"index, follow, max-snippet:-1, max-image-preview:large, max-video-preview:-1\" \/>\n<link rel=\"canonical\" href=\"https:\/\/spanienaktuell.net\/wordpress\/kennen-sie-ihre-fluggastrechte\/\" \/>\n<meta property=\"og:locale\" content=\"es_ES\" \/>\n<meta property=\"og:type\" content=\"article\" \/>\n<meta property=\"og:title\" content=\"Kennen Sie Ihre Fluggastrechte? - Spanien aktuell\" \/>\n<meta property=\"og:description\" content=\"Erfahren Sie welche Rechte und Anspr\u00fcche Sie haben, wenn die Reise mit dem Flieger nicht glatt l\u00e4uft Die Vorfreude auf [&hellip;]\" \/>\n<meta property=\"og:url\" content=\"https:\/\/spanienaktuell.net\/wordpress\/kennen-sie-ihre-fluggastrechte\/\" \/>\n<meta property=\"og:site_name\" content=\"Spanien aktuell\" \/>\n<meta property=\"article:published_time\" content=\"2021-12-02T09:20:12+00:00\" \/>\n<meta property=\"og:image\" content=\"https:\/\/spanienaktuell.net\/wordpress\/wp-content\/uploads\/2021\/12\/Foto-Pixabay-Fuzz-wing-g2e7c051a3_1920-scaled.jpg\" \/>\n\t<meta property=\"og:image:width\" content=\"1440\" \/>\n\t<meta property=\"og:image:height\" content=\"960\" \/>\n\t<meta property=\"og:image:type\" content=\"image\/jpeg\" \/>\n<meta name=\"author\" content=\"Spanien Aktuell\" \/>\n<meta name=\"twitter:card\" content=\"summary_large_image\" \/>\n<meta name=\"twitter:label1\" content=\"Escrito por\" \/>\n\t<meta name=\"twitter:data1\" content=\"Spanien Aktuell\" \/>\n\t<meta name=\"twitter:label2\" content=\"Tiempo de lectura\" \/>\n\t<meta name=\"twitter:data2\" content=\"6 minutos\" \/>\n<script type=\"application\/ld+json\" class=\"yoast-schema-graph\">{\"@context\":\"https:\/\/schema.org\",\"@graph\":[{\"@type\":\"Article\",\"@id\":\"https:\/\/spanienaktuell.net\/wordpress\/kennen-sie-ihre-fluggastrechte\/#article\",\"isPartOf\":{\"@id\":\"https:\/\/spanienaktuell.net\/wordpress\/kennen-sie-ihre-fluggastrechte\/\"},\"author\":{\"name\":\"Spanien Aktuell\",\"@id\":\"https:\/\/spanienaktuell.net\/wordpress\/#\/schema\/person\/bc410cfae0161b201d837ebfeeba7fd0\"},\"headline\":\"Kennen Sie Ihre Fluggastrechte?\",\"datePublished\":\"2021-12-02T09:20:12+00:00\",\"mainEntityOfPage\":{\"@id\":\"https:\/\/spanienaktuell.net\/wordpress\/kennen-sie-ihre-fluggastrechte\/\"},\"wordCount\":1193,\"publisher\":{\"@id\":\"https:\/\/spanienaktuell.net\/wordpress\/#organization\"},\"image\":{\"@id\":\"https:\/\/spanienaktuell.net\/wordpress\/kennen-sie-ihre-fluggastrechte\/#primaryimage\"},\"thumbnailUrl\":\"https:\/\/spanienaktuell.net\/wordpress\/wp-content\/uploads\/2021\/12\/Foto-Pixabay-Fuzz-wing-g2e7c051a3_1920-scaled.jpg\",\"articleSection\":[\"Recht\"],\"inLanguage\":\"es\"},{\"@type\":\"WebPage\",\"@id\":\"https:\/\/spanienaktuell.net\/wordpress\/kennen-sie-ihre-fluggastrechte\/\",\"url\":\"https:\/\/spanienaktuell.net\/wordpress\/kennen-sie-ihre-fluggastrechte\/\",\"name\":\"Kennen Sie Ihre Fluggastrechte? - Spanien aktuell\",\"isPartOf\":{\"@id\":\"https:\/\/spanienaktuell.net\/wordpress\/#website\"},\"primaryImageOfPage\":{\"@id\":\"https:\/\/spanienaktuell.net\/wordpress\/kennen-sie-ihre-fluggastrechte\/#primaryimage\"},\"image\":{\"@id\":\"https:\/\/spanienaktuell.net\/wordpress\/kennen-sie-ihre-fluggastrechte\/#primaryimage\"},\"thumbnailUrl\":\"https:\/\/spanienaktuell.net\/wordpress\/wp-content\/uploads\/2021\/12\/Foto-Pixabay-Fuzz-wing-g2e7c051a3_1920-scaled.jpg\",\"datePublished\":\"2021-12-02T09:20:12+00:00\",\"breadcrumb\":{\"@id\":\"https:\/\/spanienaktuell.net\/wordpress\/kennen-sie-ihre-fluggastrechte\/#breadcrumb\"},\"inLanguage\":\"es\",\"potentialAction\":[{\"@type\":\"ReadAction\",\"target\":[\"https:\/\/spanienaktuell.net\/wordpress\/kennen-sie-ihre-fluggastrechte\/\"]}]},{\"@type\":\"ImageObject\",\"inLanguage\":\"es\",\"@id\":\"https:\/\/spanienaktuell.net\/wordpress\/kennen-sie-ihre-fluggastrechte\/#primaryimage\",\"url\":\"https:\/\/spanienaktuell.net\/wordpress\/wp-content\/uploads\/2021\/12\/Foto-Pixabay-Fuzz-wing-g2e7c051a3_1920-scaled.jpg\",\"contentUrl\":\"https:\/\/spanienaktuell.net\/wordpress\/wp-content\/uploads\/2021\/12\/Foto-Pixabay-Fuzz-wing-g2e7c051a3_1920-scaled.jpg\",\"width\":1440,\"height\":960,\"caption\":\"Foto: Pixabay-Fuzz\"},{\"@type\":\"BreadcrumbList\",\"@id\":\"https:\/\/spanienaktuell.net\/wordpress\/kennen-sie-ihre-fluggastrechte\/#breadcrumb\",\"itemListElement\":[{\"@type\":\"ListItem\",\"position\":1,\"name\":\"Portada\",\"item\":\"https:\/\/spanienaktuell.net\/wordpress\/\"},{\"@type\":\"ListItem\",\"position\":2,\"name\":\"Kennen Sie Ihre Fluggastrechte?\"}]},{\"@type\":\"WebSite\",\"@id\":\"https:\/\/spanienaktuell.net\/wordpress\/#website\",\"url\":\"https:\/\/spanienaktuell.net\/wordpress\/\",\"name\":\"Spanien aktuell\",\"description\":\"The German magazine number 1 on the Costa del Sol\",\"publisher\":{\"@id\":\"https:\/\/spanienaktuell.net\/wordpress\/#organization\"},\"potentialAction\":[{\"@type\":\"SearchAction\",\"target\":{\"@type\":\"EntryPoint\",\"urlTemplate\":\"https:\/\/spanienaktuell.net\/wordpress\/?s={search_term_string}\"},\"query-input\":{\"@type\":\"PropertyValueSpecification\",\"valueRequired\":true,\"valueName\":\"search_term_string\"}}],\"inLanguage\":\"es\"},{\"@type\":\"Organization\",\"@id\":\"https:\/\/spanienaktuell.net\/wordpress\/#organization\",\"name\":\"Spanien aktuell\",\"url\":\"https:\/\/spanienaktuell.net\/wordpress\/\",\"logo\":{\"@type\":\"ImageObject\",\"inLanguage\":\"es\",\"@id\":\"https:\/\/spanienaktuell.net\/wordpress\/#\/schema\/logo\/image\/\",\"url\":\"https:\/\/spanienaktuell.net\/wordpress\/wp-content\/uploads\/2019\/06\/cropped-Logo-spanien-aktuell-png-web-e1561631085388.png\",\"contentUrl\":\"https:\/\/spanienaktuell.net\/wordpress\/wp-content\/uploads\/2019\/06\/cropped-Logo-spanien-aktuell-png-web-e1561631085388.png\",\"width\":512,\"height\":110,\"caption\":\"Spanien aktuell\"},\"image\":{\"@id\":\"https:\/\/spanienaktuell.net\/wordpress\/#\/schema\/logo\/image\/\"}},{\"@type\":\"Person\",\"@id\":\"https:\/\/spanienaktuell.net\/wordpress\/#\/schema\/person\/bc410cfae0161b201d837ebfeeba7fd0\",\"name\":\"Spanien Aktuell\",\"image\":{\"@type\":\"ImageObject\",\"inLanguage\":\"es\",\"@id\":\"https:\/\/spanienaktuell.net\/wordpress\/#\/schema\/person\/image\/\",\"url\":\"https:\/\/spanienaktuell.net\/wordpress\/wp-content\/uploads\/2019\/06\/cropped-Logo-spanien-aktuell-png-fav2-100x100.png\",\"contentUrl\":\"https:\/\/spanienaktuell.net\/wordpress\/wp-content\/uploads\/2019\/06\/cropped-Logo-spanien-aktuell-png-fav2-100x100.png\",\"caption\":\"Spanien Aktuell\"},\"url\":\"https:\/\/spanienaktuell.net\/wordpress\/author\/koalum\/\"}]}<\/script>\n<!-- \/ Yoast SEO plugin. -->","yoast_head_json":{"title":"Kennen Sie Ihre Fluggastrechte? - Spanien aktuell","robots":{"index":"index","follow":"follow","max-snippet":"max-snippet:-1","max-image-preview":"max-image-preview:large","max-video-preview":"max-video-preview:-1"},"canonical":"https:\/\/spanienaktuell.net\/wordpress\/kennen-sie-ihre-fluggastrechte\/","og_locale":"es_ES","og_type":"article","og_title":"Kennen Sie Ihre Fluggastrechte? - Spanien aktuell","og_description":"Erfahren Sie welche Rechte und Anspr\u00fcche Sie haben, wenn die Reise mit dem Flieger nicht glatt l\u00e4uft Die Vorfreude auf [&hellip;]","og_url":"https:\/\/spanienaktuell.net\/wordpress\/kennen-sie-ihre-fluggastrechte\/","og_site_name":"Spanien aktuell","article_published_time":"2021-12-02T09:20:12+00:00","og_image":[{"width":1440,"height":960,"url":"https:\/\/spanienaktuell.net\/wordpress\/wp-content\/uploads\/2021\/12\/Foto-Pixabay-Fuzz-wing-g2e7c051a3_1920-scaled.jpg","type":"image\/jpeg"}],"author":"Spanien Aktuell","twitter_card":"summary_large_image","twitter_misc":{"Escrito por":"Spanien Aktuell","Tiempo de lectura":"6 minutos"},"schema":{"@context":"https:\/\/schema.org","@graph":[{"@type":"Article","@id":"https:\/\/spanienaktuell.net\/wordpress\/kennen-sie-ihre-fluggastrechte\/#article","isPartOf":{"@id":"https:\/\/spanienaktuell.net\/wordpress\/kennen-sie-ihre-fluggastrechte\/"},"author":{"name":"Spanien Aktuell","@id":"https:\/\/spanienaktuell.net\/wordpress\/#\/schema\/person\/bc410cfae0161b201d837ebfeeba7fd0"},"headline":"Kennen Sie Ihre Fluggastrechte?","datePublished":"2021-12-02T09:20:12+00:00","mainEntityOfPage":{"@id":"https:\/\/spanienaktuell.net\/wordpress\/kennen-sie-ihre-fluggastrechte\/"},"wordCount":1193,"publisher":{"@id":"https:\/\/spanienaktuell.net\/wordpress\/#organization"},"image":{"@id":"https:\/\/spanienaktuell.net\/wordpress\/kennen-sie-ihre-fluggastrechte\/#primaryimage"},"thumbnailUrl":"https:\/\/spanienaktuell.net\/wordpress\/wp-content\/uploads\/2021\/12\/Foto-Pixabay-Fuzz-wing-g2e7c051a3_1920-scaled.jpg","articleSection":["Recht"],"inLanguage":"es"},{"@type":"WebPage","@id":"https:\/\/spanienaktuell.net\/wordpress\/kennen-sie-ihre-fluggastrechte\/","url":"https:\/\/spanienaktuell.net\/wordpress\/kennen-sie-ihre-fluggastrechte\/","name":"Kennen Sie Ihre Fluggastrechte? - Spanien aktuell","isPartOf":{"@id":"https:\/\/spanienaktuell.net\/wordpress\/#website"},"primaryImageOfPage":{"@id":"https:\/\/spanienaktuell.net\/wordpress\/kennen-sie-ihre-fluggastrechte\/#primaryimage"},"image":{"@id":"https:\/\/spanienaktuell.net\/wordpress\/kennen-sie-ihre-fluggastrechte\/#primaryimage"},"thumbnailUrl":"https:\/\/spanienaktuell.net\/wordpress\/wp-content\/uploads\/2021\/12\/Foto-Pixabay-Fuzz-wing-g2e7c051a3_1920-scaled.jpg","datePublished":"2021-12-02T09:20:12+00:00","breadcrumb":{"@id":"https:\/\/spanienaktuell.net\/wordpress\/kennen-sie-ihre-fluggastrechte\/#breadcrumb"},"inLanguage":"es","potentialAction":[{"@type":"ReadAction","target":["https:\/\/spanienaktuell.net\/wordpress\/kennen-sie-ihre-fluggastrechte\/"]}]},{"@type":"ImageObject","inLanguage":"es","@id":"https:\/\/spanienaktuell.net\/wordpress\/kennen-sie-ihre-fluggastrechte\/#primaryimage","url":"https:\/\/spanienaktuell.net\/wordpress\/wp-content\/uploads\/2021\/12\/Foto-Pixabay-Fuzz-wing-g2e7c051a3_1920-scaled.jpg","contentUrl":"https:\/\/spanienaktuell.net\/wordpress\/wp-content\/uploads\/2021\/12\/Foto-Pixabay-Fuzz-wing-g2e7c051a3_1920-scaled.jpg","width":1440,"height":960,"caption":"Foto: Pixabay-Fuzz"},{"@type":"BreadcrumbList","@id":"https:\/\/spanienaktuell.net\/wordpress\/kennen-sie-ihre-fluggastrechte\/#breadcrumb","itemListElement":[{"@type":"ListItem","position":1,"name":"Portada","item":"https:\/\/spanienaktuell.net\/wordpress\/"},{"@type":"ListItem","position":2,"name":"Kennen Sie Ihre Fluggastrechte?"}]},{"@type":"WebSite","@id":"https:\/\/spanienaktuell.net\/wordpress\/#website","url":"https:\/\/spanienaktuell.net\/wordpress\/","name":"Spanien aktuell","description":"The German magazine number 1 on the Costa del Sol","publisher":{"@id":"https:\/\/spanienaktuell.net\/wordpress\/#organization"},"potentialAction":[{"@type":"SearchAction","target":{"@type":"EntryPoint","urlTemplate":"https:\/\/spanienaktuell.net\/wordpress\/?s={search_term_string}"},"query-input":{"@type":"PropertyValueSpecification","valueRequired":true,"valueName":"search_term_string"}}],"inLanguage":"es"},{"@type":"Organization","@id":"https:\/\/spanienaktuell.net\/wordpress\/#organization","name":"Spanien aktuell","url":"https:\/\/spanienaktuell.net\/wordpress\/","logo":{"@type":"ImageObject","inLanguage":"es","@id":"https:\/\/spanienaktuell.net\/wordpress\/#\/schema\/logo\/image\/","url":"https:\/\/spanienaktuell.net\/wordpress\/wp-content\/uploads\/2019\/06\/cropped-Logo-spanien-aktuell-png-web-e1561631085388.png","contentUrl":"https:\/\/spanienaktuell.net\/wordpress\/wp-content\/uploads\/2019\/06\/cropped-Logo-spanien-aktuell-png-web-e1561631085388.png","width":512,"height":110,"caption":"Spanien aktuell"},"image":{"@id":"https:\/\/spanienaktuell.net\/wordpress\/#\/schema\/logo\/image\/"}},{"@type":"Person","@id":"https:\/\/spanienaktuell.net\/wordpress\/#\/schema\/person\/bc410cfae0161b201d837ebfeeba7fd0","name":"Spanien Aktuell","image":{"@type":"ImageObject","inLanguage":"es","@id":"https:\/\/spanienaktuell.net\/wordpress\/#\/schema\/person\/image\/","url":"https:\/\/spanienaktuell.net\/wordpress\/wp-content\/uploads\/2019\/06\/cropped-Logo-spanien-aktuell-png-fav2-100x100.png","contentUrl":"https:\/\/spanienaktuell.net\/wordpress\/wp-content\/uploads\/2019\/06\/cropped-Logo-spanien-aktuell-png-fav2-100x100.png","caption":"Spanien Aktuell"},"url":"https:\/\/spanienaktuell.net\/wordpress\/author\/koalum\/"}]}},"_links":{"self":[{"href":"https:\/\/spanienaktuell.net\/wordpress\/wp-json\/wp\/v2\/posts\/93491","targetHints":{"allow":["GET"]}}],"collection":[{"href":"https:\/\/spanienaktuell.net\/wordpress\/wp-json\/wp\/v2\/posts"}],"about":[{"href":"https:\/\/spanienaktuell.net\/wordpress\/wp-json\/wp\/v2\/types\/post"}],"author":[{"embeddable":true,"href":"https:\/\/spanienaktuell.net\/wordpress\/wp-json\/wp\/v2\/users\/3"}],"replies":[{"embeddable":true,"href":"https:\/\/spanienaktuell.net\/wordpress\/wp-json\/wp\/v2\/comments?post=93491"}],"version-history":[{"count":1,"href":"https:\/\/spanienaktuell.net\/wordpress\/wp-json\/wp\/v2\/posts\/93491\/revisions"}],"predecessor-version":[{"id":93502,"href":"https:\/\/spanienaktuell.net\/wordpress\/wp-json\/wp\/v2\/posts\/93491\/revisions\/93502"}],"wp:featuredmedia":[{"embeddable":true,"href":"https:\/\/spanienaktuell.net\/wordpress\/wp-json\/wp\/v2\/media\/93492"}],"wp:attachment":[{"href":"https:\/\/spanienaktuell.net\/wordpress\/wp-json\/wp\/v2\/media?parent=93491"}],"wp:term":[{"taxonomy":"category","embeddable":true,"href":"https:\/\/spanienaktuell.net\/wordpress\/wp-json\/wp\/v2\/categories?post=93491"},{"taxonomy":"post_tag","embeddable":true,"href":"https:\/\/spanienaktuell.net\/wordpress\/wp-json\/wp\/v2\/tags?post=93491"}],"curies":[{"name":"wp","href":"https:\/\/api.w.org\/{rel}","templated":true}]}}