{"id":93736,"date":"2022-01-01T12:07:31","date_gmt":"2022-01-01T12:07:31","guid":{"rendered":"https:\/\/spanienaktuell.net\/wordpress\/?p=93736"},"modified":"2022-01-01T12:34:09","modified_gmt":"2022-01-01T12:34:09","slug":"mclaren-gt-die-neue-definition-des-modernen-grand-touring","status":"publish","type":"post","link":"https:\/\/spanienaktuell.net\/wordpress\/mclaren-gt-die-neue-definition-des-modernen-grand-touring\/","title":{"rendered":"McLaren GT- Die neue Definition des modernen Grand Touring"},"content":{"rendered":"<p><img decoding=\"async\" class=\"aligncenter size-full wp-image-93737\" src=\"https:\/\/spanienaktuell.net\/wordpress\/wp-content\/uploads\/2022\/01\/11512-McLarenGTGlobalTestDrive-scaled.jpg\" alt=\"\" width=\"1440\" height=\"1080\" srcset=\"https:\/\/spanienaktuell.net\/wordpress\/wp-content\/uploads\/2022\/01\/11512-McLarenGTGlobalTestDrive-scaled.jpg 1440w, https:\/\/spanienaktuell.net\/wordpress\/wp-content\/uploads\/2022\/01\/11512-McLarenGTGlobalTestDrive-300x225.jpg 300w, https:\/\/spanienaktuell.net\/wordpress\/wp-content\/uploads\/2022\/01\/11512-McLarenGTGlobalTestDrive-1024x768.jpg 1024w, https:\/\/spanienaktuell.net\/wordpress\/wp-content\/uploads\/2022\/01\/11512-McLarenGTGlobalTestDrive-768x576.jpg 768w, https:\/\/spanienaktuell.net\/wordpress\/wp-content\/uploads\/2022\/01\/11512-McLarenGTGlobalTestDrive-1536x1152.jpg 1536w, https:\/\/spanienaktuell.net\/wordpress\/wp-content\/uploads\/2022\/01\/11512-McLarenGTGlobalTestDrive-2048x1536.jpg 2048w\" sizes=\"(max-width: 1440px) 100vw, 1440px\" \/><\/p>\n<blockquote><p>&nbsp;<\/p>\n<p><em>Der neue McLaren GT kombiniert sportliche H\u00f6chstleistungen mit au\u00dfergew\u00f6hnlichen Funktionen, die in einer sch\u00f6nen Karosserie verpackt sind, und bleibt dem Ethos von McLaren treu, superleichte Autos mit einem klaren Gewichtsvorteil gegen\u00fcber seinen Mitbewerbern zu entwickeln. Der GT wurde f\u00fcr die Langstrecke entwickelt und bietet den Komfort und den Raum, den man von einem Grand Tourer erwartet, gepaart mit einer Agilit\u00e4t, die in diesem Segment noch nie zuvor erreicht wurde. Kurz gesagt, ist dies ein Auto, das den Begriff des Grand Tourer so neu definiert, wie es das nur ein McLaren k\u00f6nnte.<\/em><\/p><\/blockquote>\n<p><img decoding=\"async\" class=\"aligncenter size-full wp-image-93738\" src=\"https:\/\/spanienaktuell.net\/wordpress\/wp-content\/uploads\/2022\/01\/11116-McLarenGT-scaled.jpg\" alt=\"\" width=\"1440\" height=\"852\" srcset=\"https:\/\/spanienaktuell.net\/wordpress\/wp-content\/uploads\/2022\/01\/11116-McLarenGT-scaled.jpg 1440w, https:\/\/spanienaktuell.net\/wordpress\/wp-content\/uploads\/2022\/01\/11116-McLarenGT-300x177.jpg 300w, https:\/\/spanienaktuell.net\/wordpress\/wp-content\/uploads\/2022\/01\/11116-McLarenGT-1024x606.jpg 1024w, https:\/\/spanienaktuell.net\/wordpress\/wp-content\/uploads\/2022\/01\/11116-McLarenGT-768x454.jpg 768w, https:\/\/spanienaktuell.net\/wordpress\/wp-content\/uploads\/2022\/01\/11116-McLarenGT-1536x909.jpg 1536w, https:\/\/spanienaktuell.net\/wordpress\/wp-content\/uploads\/2022\/01\/11116-McLarenGT-2048x1211.jpg 2048w\" sizes=\"(max-width: 1440px) 100vw, 1440px\" \/><\/p>\n<p><strong><em>Mike Flewitt, Chief Executive Officer, McLaren Automotive<\/em><\/strong><\/p>\n<p>Neben den etablierten Familien der Sports, Super und Ultimate Series ist dieser McLaren f\u00fcr ein neues Publikum konzipiert und bietet eine attraktive Alternative zu bestehenden Produkten in einem wachsenden Marktsegment. McLaren hat auch das moderne GT-Besitzerlebnis mit einem Automobil neu definiert, das leichter, schneller und ansprechender ist als bestehende Produkte in diesem Segment, mit mehr Platz, Komfort und Benutzerfreundlichkeit.<\/p>\n<p>Wie alle McLaren verf\u00fcgt auch der neue GT \u00fcber eine Kohlefaserstruktur, die \u00fcber eine au\u00dfergew\u00f6hnliche Festigkeit und Steifigkeit verf\u00fcgt und zugleich eine beispiellose Fahrdynamik und ein geringes Eigengewicht erm\u00f6glicht. Mit 1.530 kg (DIN) ist der McLaren GT mehr als 130 kg leichter als sein n\u00e4chster Kernwettbewerber und buchst\u00e4blich Hunderte von Kilogramm leichter als manch anderes Auto in diesem Segment. Und mit 620 PS (456 kW) aus seinem 4,0-Liter-McLaren-V8 mit doppelter Turbo- Aufladung verf\u00fcgt der superleichte neue GT \u00fcber ein bemerkenswertes Leistungsgewicht von 405 PS pro Tonne.<\/p>\n<p><img decoding=\"async\" class=\"aligncenter size-full wp-image-93740\" src=\"https:\/\/spanienaktuell.net\/wordpress\/wp-content\/uploads\/2022\/01\/11439-McLarenGTGlobalTestDrive-NamakaBlue-scaled.jpg\" alt=\"\" width=\"1440\" height=\"1080\" srcset=\"https:\/\/spanienaktuell.net\/wordpress\/wp-content\/uploads\/2022\/01\/11439-McLarenGTGlobalTestDrive-NamakaBlue-scaled.jpg 1440w, https:\/\/spanienaktuell.net\/wordpress\/wp-content\/uploads\/2022\/01\/11439-McLarenGTGlobalTestDrive-NamakaBlue-300x225.jpg 300w, https:\/\/spanienaktuell.net\/wordpress\/wp-content\/uploads\/2022\/01\/11439-McLarenGTGlobalTestDrive-NamakaBlue-1024x768.jpg 1024w, https:\/\/spanienaktuell.net\/wordpress\/wp-content\/uploads\/2022\/01\/11439-McLarenGTGlobalTestDrive-NamakaBlue-768x576.jpg 768w, https:\/\/spanienaktuell.net\/wordpress\/wp-content\/uploads\/2022\/01\/11439-McLarenGTGlobalTestDrive-NamakaBlue-1536x1152.jpg 1536w, https:\/\/spanienaktuell.net\/wordpress\/wp-content\/uploads\/2022\/01\/11439-McLarenGTGlobalTestDrive-NamakaBlue-2048x1536.jpg 2048w\" sizes=\"(max-width: 1440px) 100vw, 1440px\" \/><\/p>\n<p>Die ma\u00dfgefertigte MonoCell II-T Monocoque Karosseriestruktur &#8211; das T mit der Bezeichnung \u201eTouring\u00bb &#8211; beinhaltet eine hintere Kohlefaser-Oberstruktur, die eine minimale Gewichtssteigerung beinhaltet, aber die Schaffung eines 420-Liter-Gep\u00e4ckraums unterhalb der vorne angeschlagenen, durchgehenden verglasten Heckklappe erm\u00f6glicht. Die Heckklappe verf\u00fcgt serienm\u00e4\u00dfig \u00fcber eine Soft-Close-Funktion und kann im Rahmen des Premium-Pakets optional auch elektrisch angetrieben werden.<\/p>\n<p>Die geringe H\u00f6he des Motors und die Positionierung des Abgassystems haben es erm\u00f6glicht, Volumen, Form und Nutzbarkeit des Gep\u00e4ckraums zu optimieren. Eine Golftasche, zwei Paar 185 cm lange Skier und Schuhe sowie Gep\u00e4ck lassen sich problemlos transportieren, w\u00e4hrend weitere 150 Liter Stauraum im vorderen Gep\u00e4ckraum untergebracht werden k\u00f6nnen. Somit bietet der neue McLaren GT ein maximales Ladevolumen von 570 Litern an.<\/p>\n<p><img decoding=\"async\" class=\"aligncenter size-full wp-image-93741\" src=\"https:\/\/spanienaktuell.net\/wordpress\/wp-content\/uploads\/2022\/01\/11440-McLarenGTGlobalTestDrive-NamakaBlue-scaled.jpg\" alt=\"\" width=\"1440\" height=\"1080\" srcset=\"https:\/\/spanienaktuell.net\/wordpress\/wp-content\/uploads\/2022\/01\/11440-McLarenGTGlobalTestDrive-NamakaBlue-scaled.jpg 1440w, https:\/\/spanienaktuell.net\/wordpress\/wp-content\/uploads\/2022\/01\/11440-McLarenGTGlobalTestDrive-NamakaBlue-300x225.jpg 300w, https:\/\/spanienaktuell.net\/wordpress\/wp-content\/uploads\/2022\/01\/11440-McLarenGTGlobalTestDrive-NamakaBlue-1024x768.jpg 1024w, https:\/\/spanienaktuell.net\/wordpress\/wp-content\/uploads\/2022\/01\/11440-McLarenGTGlobalTestDrive-NamakaBlue-768x576.jpg 768w, https:\/\/spanienaktuell.net\/wordpress\/wp-content\/uploads\/2022\/01\/11440-McLarenGTGlobalTestDrive-NamakaBlue-1536x1152.jpg 1536w, https:\/\/spanienaktuell.net\/wordpress\/wp-content\/uploads\/2022\/01\/11440-McLarenGTGlobalTestDrive-NamakaBlue-2048x1536.jpg 2048w\" sizes=\"(max-width: 1440px) 100vw, 1440px\" \/><\/p>\n<p>Der Innenraum ist ein ansprechender Raum, der f\u00fcr ausgedehnte Ausfl\u00fcge konzipiert wurde, gleichzeitig aber auch mit allem notwendigen f\u00fcr ein fokussiertes und leistungsstarkes Fahren ausgestattet ist. Die Sitzposition, die Position der Bedienelemente und die Sicht nach vorne sind hier genauso von Bedeutung wie in jedem McLaren. Technologie und moderne Handwerkskunst haben gleicherma\u00dfen Priorit\u00e4t. Verarbeitet wurden die besten hochwertigen Materialien, die durch Funktionen wie das bisher fortschrittlichste McLaren-Infotainmentsystem und eine indirekte, bis ins Detail beleuchtete Ambientebeleuchtung erg\u00e4nzt wurden.<\/p>\n<p>Nappalederverkleidungen sind serienm\u00e4\u00dfig vorhanden, k\u00f6nnen aber je nach Fahrzeugspezifikation und Kundenwunsch mit weichem Luxusleder oder Alcantara\u00ae veredelt werden. SuperFabric\u00ae Verkleidung f\u00fcr den hinteren Gep\u00e4ckraum ist eine weitere Option. Das innovative Gewebe, das mit einer Schicht winziger gepanzerter Schutzplatten durchzogen ist, bietet eine erh\u00f6hte Widerstandsf\u00e4higkeit gegen Flecken, Schnitte, Kerben und Abrieb, ist atmungsaktiv, leicht zu reinigen und schnell zu trocknen.<\/p>\n<p><img decoding=\"async\" class=\"aligncenter size-full wp-image-93743\" src=\"https:\/\/spanienaktuell.net\/wordpress\/wp-content\/uploads\/2022\/01\/11468-McLarenGTGlobalTestDrive0099-scaled.jpg\" alt=\"\" width=\"1440\" height=\"960\" srcset=\"https:\/\/spanienaktuell.net\/wordpress\/wp-content\/uploads\/2022\/01\/11468-McLarenGTGlobalTestDrive0099-scaled.jpg 1440w, https:\/\/spanienaktuell.net\/wordpress\/wp-content\/uploads\/2022\/01\/11468-McLarenGTGlobalTestDrive0099-300x200.jpg 300w, https:\/\/spanienaktuell.net\/wordpress\/wp-content\/uploads\/2022\/01\/11468-McLarenGTGlobalTestDrive0099-1024x683.jpg 1024w, https:\/\/spanienaktuell.net\/wordpress\/wp-content\/uploads\/2022\/01\/11468-McLarenGTGlobalTestDrive0099-768x512.jpg 768w, https:\/\/spanienaktuell.net\/wordpress\/wp-content\/uploads\/2022\/01\/11468-McLarenGTGlobalTestDrive0099-1536x1024.jpg 1536w, https:\/\/spanienaktuell.net\/wordpress\/wp-content\/uploads\/2022\/01\/11468-McLarenGTGlobalTestDrive0099-2048x1365.jpg 2048w\" sizes=\"(max-width: 1440px) 100vw, 1440px\" \/><\/p>\n<p>Es gibt zwei Ausstattungslinien \u00fcber der Standardspezifikation &#8211; Pioneer und Luxe. Dar\u00fcber hinaus besteht die M\u00f6glichkeit, aus den Optionen von McLaren Special Operations (MSO) sowohl f\u00fcr Innen- als auch f\u00fcr Au\u00dfenveredelungen zu w\u00e4hlen. Dazu geh\u00f6ren noch leichtere Kohlefaserkomponenten und 14 MSO definierte Lackfarben. Hinzu kommen noch die 16 Farben der regul\u00e4ren McLaren GT-Palette, von denen f\u00fcnf &#8211; Black Ingot; Viridian; Amaranth Red; Burnished Copper und Namaka Blue &#8211; speziell f\u00fcr dieses Modell neu eingef\u00fchrt wurden.<\/p>\n<p><img decoding=\"async\" class=\"aligncenter size-full wp-image-93739\" src=\"https:\/\/spanienaktuell.net\/wordpress\/wp-content\/uploads\/2022\/01\/11311-McLarenGT-scaled.jpg\" alt=\"\" width=\"1440\" height=\"960\" srcset=\"https:\/\/spanienaktuell.net\/wordpress\/wp-content\/uploads\/2022\/01\/11311-McLarenGT-scaled.jpg 1440w, https:\/\/spanienaktuell.net\/wordpress\/wp-content\/uploads\/2022\/01\/11311-McLarenGT-300x200.jpg 300w, https:\/\/spanienaktuell.net\/wordpress\/wp-content\/uploads\/2022\/01\/11311-McLarenGT-1024x683.jpg 1024w, https:\/\/spanienaktuell.net\/wordpress\/wp-content\/uploads\/2022\/01\/11311-McLarenGT-768x512.jpg 768w, https:\/\/spanienaktuell.net\/wordpress\/wp-content\/uploads\/2022\/01\/11311-McLarenGT-1536x1024.jpg 1536w, https:\/\/spanienaktuell.net\/wordpress\/wp-content\/uploads\/2022\/01\/11311-McLarenGT-2048x1365.jpg 2048w\" sizes=\"(max-width: 1440px) 100vw, 1440px\" \/><\/p>\n<p>Bei der Entwicklung des neuen McLaren GT wurde das Designteam mit der visuellen Geschichte der Grand Touring Fahrzeuge vertraut gemacht. Gleichzeitig blieb es den Prinzipien des McLaren Designs treu. Die langen, eleganten Au\u00dfenlinien, die weithin als Grand-Tourer-Design-Schnitte bekannt sind, werden im neuen GT nach den aerodynamischen Prinzipien ausgef\u00fchrt, die jeden McLaren ausmachen. Die Breite und Haltung des Fahrzeugs wird vorne durch die charakteristische \u201ehammerhead line \u00bb unterstrichen, die horizontal \u00fcber die Front verl\u00e4uft und den Blick auf die Seiten des Fahrzeugs lenkt, w\u00e4hrend im Heck ein integrierter fester Heckfl\u00fcgel, ein gro\u00dfer Diffusor und gro\u00dfe Abgasendrohre den Eindruck verst\u00e4rken, dass es sich um einen Grand Tourer mit Supersportwagen-Performance handelt.<\/p>\n<p><img decoding=\"async\" class=\"aligncenter size-full wp-image-93744\" src=\"https:\/\/spanienaktuell.net\/wordpress\/wp-content\/uploads\/2022\/01\/11482-McLarenGTGlobalTestDrive-NamakaBlue-scaled.jpg\" alt=\"\" width=\"1440\" height=\"960\" srcset=\"https:\/\/spanienaktuell.net\/wordpress\/wp-content\/uploads\/2022\/01\/11482-McLarenGTGlobalTestDrive-NamakaBlue-scaled.jpg 1440w, https:\/\/spanienaktuell.net\/wordpress\/wp-content\/uploads\/2022\/01\/11482-McLarenGTGlobalTestDrive-NamakaBlue-300x200.jpg 300w, https:\/\/spanienaktuell.net\/wordpress\/wp-content\/uploads\/2022\/01\/11482-McLarenGTGlobalTestDrive-NamakaBlue-1024x683.jpg 1024w, https:\/\/spanienaktuell.net\/wordpress\/wp-content\/uploads\/2022\/01\/11482-McLarenGTGlobalTestDrive-NamakaBlue-768x512.jpg 768w, https:\/\/spanienaktuell.net\/wordpress\/wp-content\/uploads\/2022\/01\/11482-McLarenGTGlobalTestDrive-NamakaBlue-1536x1024.jpg 1536w, https:\/\/spanienaktuell.net\/wordpress\/wp-content\/uploads\/2022\/01\/11482-McLarenGTGlobalTestDrive-NamakaBlue-2048x1365.jpg 2048w\" sizes=\"(max-width: 1440px) 100vw, 1440px\" \/><\/p>\n<p>Mit fast 4,7 Metern L\u00e4nge ist der neue McLaren GT l\u00e4nger als jedes andere Auto der McLaren Sports oder Super Series. Die vorderen und hinteren \u00dcberh\u00e4nge erstrecken sich ebenfalls weiter als bei McLaren \u00fcblich. Der vordere Anfahrwinkel von 10 Grad (13 Grad bei eingeschaltetem Fahrzeuglift) erm\u00f6glicht es dem neuen GT, selbst anspruchsvolle Verkehrs-Situationen zu meistern. In Kombination mit einer Unterbodenfreiheit von 110 mm (130 mm bei Fahrzeuglift) ist das Auto in allen st\u00e4dtischen Situationen hervorragend einsetzbar und wettbewerbsf\u00e4hig zu allen Konkurrenten. Im \u201eLift\u00bb-Modus ist das Fahrzeug sogar mit den \u00fcblichen Limousinen vergleichbar.<\/p>\n<p>Der neue 4,0-Liter-Twin-Turbo-Motor produziert 620 PS (456 kW). Mit der Bezeichnung M840TE wird die Familie der McLaren V8-Motoren weiter ausgebaut. Ma\u00dfgeschneidert f\u00fcr den neuen GT, hat er eine immense Leistung, ein enormes Drehmoment und eine \u00fcberragend klingende Auspuffanlage- alles Markenzeichen eines echten Grand Tourer sind.<\/p>\n<p><img decoding=\"async\" class=\"aligncenter size-full wp-image-93742\" src=\"https:\/\/spanienaktuell.net\/wordpress\/wp-content\/uploads\/2022\/01\/11460-McLarenGTGlobalTestDrive0067-scaled.jpg\" alt=\"\" width=\"1440\" height=\"960\" srcset=\"https:\/\/spanienaktuell.net\/wordpress\/wp-content\/uploads\/2022\/01\/11460-McLarenGTGlobalTestDrive0067-scaled.jpg 1440w, https:\/\/spanienaktuell.net\/wordpress\/wp-content\/uploads\/2022\/01\/11460-McLarenGTGlobalTestDrive0067-300x200.jpg 300w, https:\/\/spanienaktuell.net\/wordpress\/wp-content\/uploads\/2022\/01\/11460-McLarenGTGlobalTestDrive0067-1024x683.jpg 1024w, https:\/\/spanienaktuell.net\/wordpress\/wp-content\/uploads\/2022\/01\/11460-McLarenGTGlobalTestDrive0067-768x512.jpg 768w, https:\/\/spanienaktuell.net\/wordpress\/wp-content\/uploads\/2022\/01\/11460-McLarenGTGlobalTestDrive0067-1536x1024.jpg 1536w, https:\/\/spanienaktuell.net\/wordpress\/wp-content\/uploads\/2022\/01\/11460-McLarenGTGlobalTestDrive0067-2048x1365.jpg 2048w\" sizes=\"(max-width: 1440px) 100vw, 1440px\" \/><\/p>\n<p>Das maximale Drehmoment von 630Nm wird zwischen 5.500 U\/min und 6.500 U\/min erreicht, wobei schon mehr als 95% von 3.000 U\/min bis 7.250 U\/min verf\u00fcgbar sind.<\/p>\n<p>Der neue Motor ist an einem 7-Gang SSG-Getriebe gekoppelt, um eine lineare, nahtlose als auch brachiale Beschleunigung zu erm\u00f6glichen. Mit einer Launchcontrol Funktion, die die Beschleunigung aus dem Stand optimiert, werden 0-100km\/h in nur 3,2 Sekunden und 0-200km\/h in nur 9,0 Sekunden erreicht. Die H\u00f6chstgeschwindigkeit des McLaren GT betr\u00e4gt 326km\/h.<\/p>\n<p>Federung, Lenkung und Bremsen sind ma\u00dfgeschneidert und darauf optimiert, ein herausragendes Grand-Touring-Fahrerlebnis zu bieten. Mit eingeschlossener Balance, Reaktionsf\u00e4higkeit und Pr\u00e4zision, wird ein \u00fcberlegener Fahrkomfort erreicht wie man ihn nur von McLaren kennt.<\/p>\n<p>Die Aufh\u00e4ngung besteht aus einem Doppelquerlenker aus leichtem Aluminium, gepaart mit hydraulischen D\u00e4mpfern, einer Reihe von Sensoren und einer leistungsstarken Steuereinheit zur proaktiven D\u00e4mpfungssteuerung (PDC). Geregelt durch die fortschrittlichste Iteration des bahnbrechenden Optimal Control Theory Software-Algorithmus, der f\u00fcr die proaktive Fahrwerksregelung des McLaren 720S entwickelt wurde, nutzt PDC Informationen von Sensoren, um die zuk\u00fcnftige Fahrbahn zu \u00ablesen\u00bb und zu interpretieren, was voraussichtlich als n\u00e4chstes passieren wird um nur zwei Millisekunden vorausschauend zu reagieren.<\/p>\n<p>Die Pr\u00e4zision und der Fahrspa\u00df werden durch die hydraulische Lenkung noch gesteigert, wobei das System eine einzige Software-Programmierung \u00fcber die Modi Comfort, Sport und Track verwendet, um ein optimales Gef\u00fchl und Ansprechverhalten zu gew\u00e4hrleisten. Entsprechend den Anforderungen des neuen McLaren GT bietet er auch bei niedrigen Geschwindigkeiten mehr Unterst\u00fctzung, um das Fahren und Parken in der Stadt zu erleichtern, ohne dabei das \u00fcberragende Fahrgef\u00fchl bei h\u00f6heren Geschwindigkeiten zu verlieren.<\/p>\n<p><img decoding=\"async\" class=\"aligncenter size-full wp-image-93746\" src=\"https:\/\/spanienaktuell.net\/wordpress\/wp-content\/uploads\/2022\/01\/11493-McLarenGTGlobalTestDrive-NamakaBlue-scaled.jpg\" alt=\"\" width=\"1440\" height=\"960\" srcset=\"https:\/\/spanienaktuell.net\/wordpress\/wp-content\/uploads\/2022\/01\/11493-McLarenGTGlobalTestDrive-NamakaBlue-scaled.jpg 1440w, https:\/\/spanienaktuell.net\/wordpress\/wp-content\/uploads\/2022\/01\/11493-McLarenGTGlobalTestDrive-NamakaBlue-300x200.jpg 300w, https:\/\/spanienaktuell.net\/wordpress\/wp-content\/uploads\/2022\/01\/11493-McLarenGTGlobalTestDrive-NamakaBlue-1024x683.jpg 1024w, https:\/\/spanienaktuell.net\/wordpress\/wp-content\/uploads\/2022\/01\/11493-McLarenGTGlobalTestDrive-NamakaBlue-768x512.jpg 768w, https:\/\/spanienaktuell.net\/wordpress\/wp-content\/uploads\/2022\/01\/11493-McLarenGTGlobalTestDrive-NamakaBlue-1536x1024.jpg 1536w, https:\/\/spanienaktuell.net\/wordpress\/wp-content\/uploads\/2022\/01\/11493-McLarenGTGlobalTestDrive-NamakaBlue-2048x1365.jpg 2048w\" sizes=\"(max-width: 1440px) 100vw, 1440px\" \/><\/p>\n<p>Und so wie das Lenkverhalten perfekt zu den unterschiedlichsten Anwendungsf\u00e4llen des Grand Touring passt, so passen auch die Reifen und Bremsen: McLaren und sein technische Partner Pirelli haben f\u00fcr den neuen McLaren GT einen ma\u00dfgeschneiderten P ZERO&#x2122; Reifen entwickelt, der die Anforderungen an leistungsstarkes Fahren, Komfort und Verfeinerung gleicherma\u00dfen erf\u00fcllt. 21-Zoll-Leichtmetallr\u00e4der hinten, die gr\u00f6\u00dften, die je an einem McLaren montiert wurden, sind mit 20-Zoll-R\u00e4dern vorne gepaart und in 7- oder 15-Speichen-Design erh\u00e4ltlich. Das leistungsstarke Bremssystem erf\u00fcllt alle Anforderungen des Grand Touring, vom pr\u00e4zisen Pedalgef\u00fchl und der harten Verz\u00f6gerung beim Abbremsen aus h\u00f6heren Geschwindigkeiten bis hin zur Benutzerfreundlichkeit und dem Komfort bei niedrigeren Geschwindigkeiten oder beim Anhalten des Fahrzeugs im Stra\u00dfenverkehr, wo weniger Pedalbelastung besser ist.<\/p>\n<p><img decoding=\"async\" class=\"aligncenter size-full wp-image-93745\" src=\"https:\/\/spanienaktuell.net\/wordpress\/wp-content\/uploads\/2022\/01\/11492-McLarenGTGlobalTestDrive-NamakaBlue-scaled.jpg\" alt=\"\" width=\"1440\" height=\"960\" srcset=\"https:\/\/spanienaktuell.net\/wordpress\/wp-content\/uploads\/2022\/01\/11492-McLarenGTGlobalTestDrive-NamakaBlue-scaled.jpg 1440w, https:\/\/spanienaktuell.net\/wordpress\/wp-content\/uploads\/2022\/01\/11492-McLarenGTGlobalTestDrive-NamakaBlue-300x200.jpg 300w, https:\/\/spanienaktuell.net\/wordpress\/wp-content\/uploads\/2022\/01\/11492-McLarenGTGlobalTestDrive-NamakaBlue-1024x683.jpg 1024w, https:\/\/spanienaktuell.net\/wordpress\/wp-content\/uploads\/2022\/01\/11492-McLarenGTGlobalTestDrive-NamakaBlue-768x512.jpg 768w, https:\/\/spanienaktuell.net\/wordpress\/wp-content\/uploads\/2022\/01\/11492-McLarenGTGlobalTestDrive-NamakaBlue-1536x1024.jpg 1536w, https:\/\/spanienaktuell.net\/wordpress\/wp-content\/uploads\/2022\/01\/11492-McLarenGTGlobalTestDrive-NamakaBlue-2048x1365.jpg 2048w\" sizes=\"(max-width: 1440px) 100vw, 1440px\" \/><\/p>\n<p>Kunden, die mehr \u00fcber den neuen McLaren GT erfahren m\u00f6chten, k\u00f6nnen entweder einen McLaren- H\u00e4ndler besuchen oder online unter \u00a0<a href=\"https:\/\/cars.mclaren.com\/en\/new-mclaren-gt\">https:\/\/cars.mclaren.com\/en\/new-mclaren-gt<\/a><\/p>\n<p>st\u00f6bern, wo die verschiedenen Ausstattungsvarianten, die Auswahl an Farben und Innenausstattungen sowie die verf\u00fcgbaren Optionen &#8211; einschlie\u00dflich der von McLaren Special Operations entwickelten Komponenten &#8211; detailliert beschrieben werden.<\/p>\n<p><iframe title=\"McLaren GT: Defy the Limits\" width=\"840\" height=\"473\" src=\"https:\/\/www.youtube.com\/embed\/1Tuy4XWONdQ?feature=oembed&#038;width=840&#038;height=1000&#038;discover=1\" frameborder=\"0\" allow=\"accelerometer; autoplay; clipboard-write; encrypted-media; gyroscope; picture-in-picture\" allowfullscreen><\/iframe><\/p>\n<p>Quelle: \u00a9 Copyright McLaren Automotive Limited<\/p>\n","protected":false},"excerpt":{"rendered":"<p>&nbsp; Der neue McLaren GT kombiniert sportliche H\u00f6chstleistungen mit au\u00dfergew\u00f6hnlichen Funktionen, die in einer sch\u00f6nen Karosserie verpackt sind, und bleibt [&hellip;]<\/p>\n","protected":false},"author":3,"featured_media":93737,"comment_status":"closed","ping_status":"closed","sticky":false,"template":"","format":"standard","meta":{"footnotes":""},"categories":[27],"tags":[],"class_list":["post-93736","post","type-post","status-publish","format-standard","has-post-thumbnail","hentry","category-motor"],"yoast_head":"<!-- This site is optimized with the Yoast SEO plugin v27.1.1 - https:\/\/yoast.com\/product\/yoast-seo-wordpress\/ -->\n<title>McLaren GT- Die neue Definition des modernen Grand Touring - Spanien aktuell<\/title>\n<meta name=\"robots\" content=\"index, follow, max-snippet:-1, max-image-preview:large, max-video-preview:-1\" \/>\n<link rel=\"canonical\" href=\"https:\/\/spanienaktuell.net\/wordpress\/mclaren-gt-die-neue-definition-des-modernen-grand-touring\/\" \/>\n<meta property=\"og:locale\" content=\"es_ES\" \/>\n<meta property=\"og:type\" content=\"article\" \/>\n<meta property=\"og:title\" content=\"McLaren GT- Die neue Definition des modernen Grand Touring - Spanien aktuell\" \/>\n<meta property=\"og:description\" content=\"&nbsp; Der neue McLaren GT kombiniert sportliche H\u00f6chstleistungen mit au\u00dfergew\u00f6hnlichen Funktionen, die in einer sch\u00f6nen Karosserie verpackt sind, und bleibt [&hellip;]\" \/>\n<meta property=\"og:url\" content=\"https:\/\/spanienaktuell.net\/wordpress\/mclaren-gt-die-neue-definition-des-modernen-grand-touring\/\" \/>\n<meta property=\"og:site_name\" content=\"Spanien aktuell\" \/>\n<meta property=\"article:published_time\" content=\"2022-01-01T12:07:31+00:00\" \/>\n<meta property=\"article:modified_time\" content=\"2022-01-01T12:34:09+00:00\" \/>\n<meta property=\"og:image\" content=\"https:\/\/spanienaktuell.net\/wordpress\/wp-content\/uploads\/2022\/01\/11512-McLarenGTGlobalTestDrive-scaled.jpg\" \/>\n\t<meta property=\"og:image:width\" content=\"1440\" \/>\n\t<meta property=\"og:image:height\" content=\"1080\" \/>\n\t<meta property=\"og:image:type\" content=\"image\/jpeg\" \/>\n<meta name=\"author\" content=\"Spanien Aktuell\" \/>\n<meta name=\"twitter:card\" content=\"summary_large_image\" \/>\n<meta name=\"twitter:label1\" content=\"Escrito por\" \/>\n\t<meta name=\"twitter:data1\" content=\"Spanien Aktuell\" \/>\n\t<meta name=\"twitter:label2\" content=\"Tiempo de lectura\" \/>\n\t<meta name=\"twitter:data2\" content=\"8 minutos\" \/>\n<script type=\"application\/ld+json\" class=\"yoast-schema-graph\">{\"@context\":\"https:\/\/schema.org\",\"@graph\":[{\"@type\":\"Article\",\"@id\":\"https:\/\/spanienaktuell.net\/wordpress\/mclaren-gt-die-neue-definition-des-modernen-grand-touring\/#article\",\"isPartOf\":{\"@id\":\"https:\/\/spanienaktuell.net\/wordpress\/mclaren-gt-die-neue-definition-des-modernen-grand-touring\/\"},\"author\":{\"name\":\"Spanien Aktuell\",\"@id\":\"https:\/\/spanienaktuell.net\/wordpress\/#\/schema\/person\/bc410cfae0161b201d837ebfeeba7fd0\"},\"headline\":\"McLaren GT- Die neue Definition des modernen Grand Touring\",\"datePublished\":\"2022-01-01T12:07:31+00:00\",\"dateModified\":\"2022-01-01T12:34:09+00:00\",\"mainEntityOfPage\":{\"@id\":\"https:\/\/spanienaktuell.net\/wordpress\/mclaren-gt-die-neue-definition-des-modernen-grand-touring\/\"},\"wordCount\":1353,\"publisher\":{\"@id\":\"https:\/\/spanienaktuell.net\/wordpress\/#organization\"},\"image\":{\"@id\":\"https:\/\/spanienaktuell.net\/wordpress\/mclaren-gt-die-neue-definition-des-modernen-grand-touring\/#primaryimage\"},\"thumbnailUrl\":\"https:\/\/spanienaktuell.net\/wordpress\/wp-content\/uploads\/2022\/01\/11512-McLarenGTGlobalTestDrive-scaled.jpg\",\"articleSection\":[\"Motor\"],\"inLanguage\":\"es\"},{\"@type\":\"WebPage\",\"@id\":\"https:\/\/spanienaktuell.net\/wordpress\/mclaren-gt-die-neue-definition-des-modernen-grand-touring\/\",\"url\":\"https:\/\/spanienaktuell.net\/wordpress\/mclaren-gt-die-neue-definition-des-modernen-grand-touring\/\",\"name\":\"McLaren GT- Die neue Definition des modernen Grand Touring - Spanien aktuell\",\"isPartOf\":{\"@id\":\"https:\/\/spanienaktuell.net\/wordpress\/#website\"},\"primaryImageOfPage\":{\"@id\":\"https:\/\/spanienaktuell.net\/wordpress\/mclaren-gt-die-neue-definition-des-modernen-grand-touring\/#primaryimage\"},\"image\":{\"@id\":\"https:\/\/spanienaktuell.net\/wordpress\/mclaren-gt-die-neue-definition-des-modernen-grand-touring\/#primaryimage\"},\"thumbnailUrl\":\"https:\/\/spanienaktuell.net\/wordpress\/wp-content\/uploads\/2022\/01\/11512-McLarenGTGlobalTestDrive-scaled.jpg\",\"datePublished\":\"2022-01-01T12:07:31+00:00\",\"dateModified\":\"2022-01-01T12:34:09+00:00\",\"breadcrumb\":{\"@id\":\"https:\/\/spanienaktuell.net\/wordpress\/mclaren-gt-die-neue-definition-des-modernen-grand-touring\/#breadcrumb\"},\"inLanguage\":\"es\",\"potentialAction\":[{\"@type\":\"ReadAction\",\"target\":[\"https:\/\/spanienaktuell.net\/wordpress\/mclaren-gt-die-neue-definition-des-modernen-grand-touring\/\"]}]},{\"@type\":\"ImageObject\",\"inLanguage\":\"es\",\"@id\":\"https:\/\/spanienaktuell.net\/wordpress\/mclaren-gt-die-neue-definition-des-modernen-grand-touring\/#primaryimage\",\"url\":\"https:\/\/spanienaktuell.net\/wordpress\/wp-content\/uploads\/2022\/01\/11512-McLarenGTGlobalTestDrive-scaled.jpg\",\"contentUrl\":\"https:\/\/spanienaktuell.net\/wordpress\/wp-content\/uploads\/2022\/01\/11512-McLarenGTGlobalTestDrive-scaled.jpg\",\"width\":1440,\"height\":1080},{\"@type\":\"BreadcrumbList\",\"@id\":\"https:\/\/spanienaktuell.net\/wordpress\/mclaren-gt-die-neue-definition-des-modernen-grand-touring\/#breadcrumb\",\"itemListElement\":[{\"@type\":\"ListItem\",\"position\":1,\"name\":\"Portada\",\"item\":\"https:\/\/spanienaktuell.net\/wordpress\/\"},{\"@type\":\"ListItem\",\"position\":2,\"name\":\"McLaren GT- Die neue Definition des modernen Grand Touring\"}]},{\"@type\":\"WebSite\",\"@id\":\"https:\/\/spanienaktuell.net\/wordpress\/#website\",\"url\":\"https:\/\/spanienaktuell.net\/wordpress\/\",\"name\":\"Spanien aktuell\",\"description\":\"The German magazine number 1 on the Costa del Sol\",\"publisher\":{\"@id\":\"https:\/\/spanienaktuell.net\/wordpress\/#organization\"},\"potentialAction\":[{\"@type\":\"SearchAction\",\"target\":{\"@type\":\"EntryPoint\",\"urlTemplate\":\"https:\/\/spanienaktuell.net\/wordpress\/?s={search_term_string}\"},\"query-input\":{\"@type\":\"PropertyValueSpecification\",\"valueRequired\":true,\"valueName\":\"search_term_string\"}}],\"inLanguage\":\"es\"},{\"@type\":\"Organization\",\"@id\":\"https:\/\/spanienaktuell.net\/wordpress\/#organization\",\"name\":\"Spanien aktuell\",\"url\":\"https:\/\/spanienaktuell.net\/wordpress\/\",\"logo\":{\"@type\":\"ImageObject\",\"inLanguage\":\"es\",\"@id\":\"https:\/\/spanienaktuell.net\/wordpress\/#\/schema\/logo\/image\/\",\"url\":\"https:\/\/spanienaktuell.net\/wordpress\/wp-content\/uploads\/2019\/06\/cropped-Logo-spanien-aktuell-png-web-e1561631085388.png\",\"contentUrl\":\"https:\/\/spanienaktuell.net\/wordpress\/wp-content\/uploads\/2019\/06\/cropped-Logo-spanien-aktuell-png-web-e1561631085388.png\",\"width\":512,\"height\":110,\"caption\":\"Spanien aktuell\"},\"image\":{\"@id\":\"https:\/\/spanienaktuell.net\/wordpress\/#\/schema\/logo\/image\/\"}},{\"@type\":\"Person\",\"@id\":\"https:\/\/spanienaktuell.net\/wordpress\/#\/schema\/person\/bc410cfae0161b201d837ebfeeba7fd0\",\"name\":\"Spanien Aktuell\",\"image\":{\"@type\":\"ImageObject\",\"inLanguage\":\"es\",\"@id\":\"https:\/\/spanienaktuell.net\/wordpress\/#\/schema\/person\/image\/\",\"url\":\"https:\/\/spanienaktuell.net\/wordpress\/wp-content\/uploads\/2019\/06\/cropped-Logo-spanien-aktuell-png-fav2-100x100.png\",\"contentUrl\":\"https:\/\/spanienaktuell.net\/wordpress\/wp-content\/uploads\/2019\/06\/cropped-Logo-spanien-aktuell-png-fav2-100x100.png\",\"caption\":\"Spanien Aktuell\"},\"url\":\"https:\/\/spanienaktuell.net\/wordpress\/author\/koalum\/\"}]}<\/script>\n<!-- \/ Yoast SEO plugin. -->","yoast_head_json":{"title":"McLaren GT- Die neue Definition des modernen Grand Touring - Spanien aktuell","robots":{"index":"index","follow":"follow","max-snippet":"max-snippet:-1","max-image-preview":"max-image-preview:large","max-video-preview":"max-video-preview:-1"},"canonical":"https:\/\/spanienaktuell.net\/wordpress\/mclaren-gt-die-neue-definition-des-modernen-grand-touring\/","og_locale":"es_ES","og_type":"article","og_title":"McLaren GT- Die neue Definition des modernen Grand Touring - Spanien aktuell","og_description":"&nbsp; Der neue McLaren GT kombiniert sportliche H\u00f6chstleistungen mit au\u00dfergew\u00f6hnlichen Funktionen, die in einer sch\u00f6nen Karosserie verpackt sind, und bleibt [&hellip;]","og_url":"https:\/\/spanienaktuell.net\/wordpress\/mclaren-gt-die-neue-definition-des-modernen-grand-touring\/","og_site_name":"Spanien aktuell","article_published_time":"2022-01-01T12:07:31+00:00","article_modified_time":"2022-01-01T12:34:09+00:00","og_image":[{"width":1440,"height":1080,"url":"https:\/\/spanienaktuell.net\/wordpress\/wp-content\/uploads\/2022\/01\/11512-McLarenGTGlobalTestDrive-scaled.jpg","type":"image\/jpeg"}],"author":"Spanien Aktuell","twitter_card":"summary_large_image","twitter_misc":{"Escrito por":"Spanien Aktuell","Tiempo de lectura":"8 minutos"},"schema":{"@context":"https:\/\/schema.org","@graph":[{"@type":"Article","@id":"https:\/\/spanienaktuell.net\/wordpress\/mclaren-gt-die-neue-definition-des-modernen-grand-touring\/#article","isPartOf":{"@id":"https:\/\/spanienaktuell.net\/wordpress\/mclaren-gt-die-neue-definition-des-modernen-grand-touring\/"},"author":{"name":"Spanien Aktuell","@id":"https:\/\/spanienaktuell.net\/wordpress\/#\/schema\/person\/bc410cfae0161b201d837ebfeeba7fd0"},"headline":"McLaren GT- Die neue Definition des modernen Grand Touring","datePublished":"2022-01-01T12:07:31+00:00","dateModified":"2022-01-01T12:34:09+00:00","mainEntityOfPage":{"@id":"https:\/\/spanienaktuell.net\/wordpress\/mclaren-gt-die-neue-definition-des-modernen-grand-touring\/"},"wordCount":1353,"publisher":{"@id":"https:\/\/spanienaktuell.net\/wordpress\/#organization"},"image":{"@id":"https:\/\/spanienaktuell.net\/wordpress\/mclaren-gt-die-neue-definition-des-modernen-grand-touring\/#primaryimage"},"thumbnailUrl":"https:\/\/spanienaktuell.net\/wordpress\/wp-content\/uploads\/2022\/01\/11512-McLarenGTGlobalTestDrive-scaled.jpg","articleSection":["Motor"],"inLanguage":"es"},{"@type":"WebPage","@id":"https:\/\/spanienaktuell.net\/wordpress\/mclaren-gt-die-neue-definition-des-modernen-grand-touring\/","url":"https:\/\/spanienaktuell.net\/wordpress\/mclaren-gt-die-neue-definition-des-modernen-grand-touring\/","name":"McLaren GT- Die neue Definition des modernen Grand Touring - Spanien aktuell","isPartOf":{"@id":"https:\/\/spanienaktuell.net\/wordpress\/#website"},"primaryImageOfPage":{"@id":"https:\/\/spanienaktuell.net\/wordpress\/mclaren-gt-die-neue-definition-des-modernen-grand-touring\/#primaryimage"},"image":{"@id":"https:\/\/spanienaktuell.net\/wordpress\/mclaren-gt-die-neue-definition-des-modernen-grand-touring\/#primaryimage"},"thumbnailUrl":"https:\/\/spanienaktuell.net\/wordpress\/wp-content\/uploads\/2022\/01\/11512-McLarenGTGlobalTestDrive-scaled.jpg","datePublished":"2022-01-01T12:07:31+00:00","dateModified":"2022-01-01T12:34:09+00:00","breadcrumb":{"@id":"https:\/\/spanienaktuell.net\/wordpress\/mclaren-gt-die-neue-definition-des-modernen-grand-touring\/#breadcrumb"},"inLanguage":"es","potentialAction":[{"@type":"ReadAction","target":["https:\/\/spanienaktuell.net\/wordpress\/mclaren-gt-die-neue-definition-des-modernen-grand-touring\/"]}]},{"@type":"ImageObject","inLanguage":"es","@id":"https:\/\/spanienaktuell.net\/wordpress\/mclaren-gt-die-neue-definition-des-modernen-grand-touring\/#primaryimage","url":"https:\/\/spanienaktuell.net\/wordpress\/wp-content\/uploads\/2022\/01\/11512-McLarenGTGlobalTestDrive-scaled.jpg","contentUrl":"https:\/\/spanienaktuell.net\/wordpress\/wp-content\/uploads\/2022\/01\/11512-McLarenGTGlobalTestDrive-scaled.jpg","width":1440,"height":1080},{"@type":"BreadcrumbList","@id":"https:\/\/spanienaktuell.net\/wordpress\/mclaren-gt-die-neue-definition-des-modernen-grand-touring\/#breadcrumb","itemListElement":[{"@type":"ListItem","position":1,"name":"Portada","item":"https:\/\/spanienaktuell.net\/wordpress\/"},{"@type":"ListItem","position":2,"name":"McLaren GT- Die neue Definition des modernen Grand Touring"}]},{"@type":"WebSite","@id":"https:\/\/spanienaktuell.net\/wordpress\/#website","url":"https:\/\/spanienaktuell.net\/wordpress\/","name":"Spanien aktuell","description":"The German magazine number 1 on the Costa del Sol","publisher":{"@id":"https:\/\/spanienaktuell.net\/wordpress\/#organization"},"potentialAction":[{"@type":"SearchAction","target":{"@type":"EntryPoint","urlTemplate":"https:\/\/spanienaktuell.net\/wordpress\/?s={search_term_string}"},"query-input":{"@type":"PropertyValueSpecification","valueRequired":true,"valueName":"search_term_string"}}],"inLanguage":"es"},{"@type":"Organization","@id":"https:\/\/spanienaktuell.net\/wordpress\/#organization","name":"Spanien aktuell","url":"https:\/\/spanienaktuell.net\/wordpress\/","logo":{"@type":"ImageObject","inLanguage":"es","@id":"https:\/\/spanienaktuell.net\/wordpress\/#\/schema\/logo\/image\/","url":"https:\/\/spanienaktuell.net\/wordpress\/wp-content\/uploads\/2019\/06\/cropped-Logo-spanien-aktuell-png-web-e1561631085388.png","contentUrl":"https:\/\/spanienaktuell.net\/wordpress\/wp-content\/uploads\/2019\/06\/cropped-Logo-spanien-aktuell-png-web-e1561631085388.png","width":512,"height":110,"caption":"Spanien aktuell"},"image":{"@id":"https:\/\/spanienaktuell.net\/wordpress\/#\/schema\/logo\/image\/"}},{"@type":"Person","@id":"https:\/\/spanienaktuell.net\/wordpress\/#\/schema\/person\/bc410cfae0161b201d837ebfeeba7fd0","name":"Spanien Aktuell","image":{"@type":"ImageObject","inLanguage":"es","@id":"https:\/\/spanienaktuell.net\/wordpress\/#\/schema\/person\/image\/","url":"https:\/\/spanienaktuell.net\/wordpress\/wp-content\/uploads\/2019\/06\/cropped-Logo-spanien-aktuell-png-fav2-100x100.png","contentUrl":"https:\/\/spanienaktuell.net\/wordpress\/wp-content\/uploads\/2019\/06\/cropped-Logo-spanien-aktuell-png-fav2-100x100.png","caption":"Spanien Aktuell"},"url":"https:\/\/spanienaktuell.net\/wordpress\/author\/koalum\/"}]}},"_links":{"self":[{"href":"https:\/\/spanienaktuell.net\/wordpress\/wp-json\/wp\/v2\/posts\/93736","targetHints":{"allow":["GET"]}}],"collection":[{"href":"https:\/\/spanienaktuell.net\/wordpress\/wp-json\/wp\/v2\/posts"}],"about":[{"href":"https:\/\/spanienaktuell.net\/wordpress\/wp-json\/wp\/v2\/types\/post"}],"author":[{"embeddable":true,"href":"https:\/\/spanienaktuell.net\/wordpress\/wp-json\/wp\/v2\/users\/3"}],"replies":[{"embeddable":true,"href":"https:\/\/spanienaktuell.net\/wordpress\/wp-json\/wp\/v2\/comments?post=93736"}],"version-history":[{"count":2,"href":"https:\/\/spanienaktuell.net\/wordpress\/wp-json\/wp\/v2\/posts\/93736\/revisions"}],"predecessor-version":[{"id":93780,"href":"https:\/\/spanienaktuell.net\/wordpress\/wp-json\/wp\/v2\/posts\/93736\/revisions\/93780"}],"wp:featuredmedia":[{"embeddable":true,"href":"https:\/\/spanienaktuell.net\/wordpress\/wp-json\/wp\/v2\/media\/93737"}],"wp:attachment":[{"href":"https:\/\/spanienaktuell.net\/wordpress\/wp-json\/wp\/v2\/media?parent=93736"}],"wp:term":[{"taxonomy":"category","embeddable":true,"href":"https:\/\/spanienaktuell.net\/wordpress\/wp-json\/wp\/v2\/categories?post=93736"},{"taxonomy":"post_tag","embeddable":true,"href":"https:\/\/spanienaktuell.net\/wordpress\/wp-json\/wp\/v2\/tags?post=93736"}],"curies":[{"name":"wp","href":"https:\/\/api.w.org\/{rel}","templated":true}]}}