{"id":94581,"date":"2022-04-01T11:22:56","date_gmt":"2022-04-01T10:22:56","guid":{"rendered":"https:\/\/spanienaktuell.net\/wordpress\/?p=94581"},"modified":"2022-04-01T11:22:56","modified_gmt":"2022-04-01T10:22:56","slug":"outdoortrends-april-2022","status":"publish","type":"post","link":"https:\/\/spanienaktuell.net\/wordpress\/outdoortrends-april-2022\/","title":{"rendered":"Outdoortrends April 2022"},"content":{"rendered":"<p><img decoding=\"async\" class=\"aligncenter size-full wp-image-94582\" src=\"https:\/\/spanienaktuell.net\/wordpress\/wp-content\/uploads\/2022\/04\/Accueil_Black-Ed-scaled.jpg\" alt=\"\" width=\"1440\" height=\"810\" srcset=\"https:\/\/spanienaktuell.net\/wordpress\/wp-content\/uploads\/2022\/04\/Accueil_Black-Ed-scaled.jpg 1440w, https:\/\/spanienaktuell.net\/wordpress\/wp-content\/uploads\/2022\/04\/Accueil_Black-Ed-300x169.jpg 300w, https:\/\/spanienaktuell.net\/wordpress\/wp-content\/uploads\/2022\/04\/Accueil_Black-Ed-1024x576.jpg 1024w, https:\/\/spanienaktuell.net\/wordpress\/wp-content\/uploads\/2022\/04\/Accueil_Black-Ed-768x432.jpg 768w, https:\/\/spanienaktuell.net\/wordpress\/wp-content\/uploads\/2022\/04\/Accueil_Black-Ed-1536x864.jpg 1536w\" sizes=\"(max-width: 1440px) 100vw, 1440px\" \/><\/p>\n<p><strong>SUPERMARINE MM01Jetski mit 300 PS von BOUVET aus Frankreich<\/strong><\/p>\n<p>Jetski <strong>Supermarine MM01<\/strong> ist ein zweisitziger Jetski mit einem futuristischen Kevlar-Carbon-Rumpf u. einem leistungsstarken 300 PS-Elektromotor, der das Ger\u00e4t auf Geschwindigkeiten von \u00fcber 120 km\/h beschleunigen kann. Der Motor wird von einem wassergek\u00fchlten Lithium-Ionen-Akku mit zwei Stunden Betriebsdauer angetrieben. Vollst\u00e4ndig aufgeladen ist der Jetski in 50 Minuten.<\/p>\n<p><strong>Weitere Informationen finden Sie unter <\/strong><a href=\"http:\/\/www.bouvetmarine.com\"><strong>www.bouvetmarine.com<\/strong><\/a><\/p>\n<p><strong>\u00a0<\/strong><\/p>\n<p><strong>Riese &amp; M\u00fcller-Charger3 Mixte. Die Leichtigkeit des Fahrens.<\/strong><\/p>\n<p><img decoding=\"async\" class=\"aligncenter size-full wp-image-94583\" src=\"https:\/\/spanienaktuell.net\/wordpress\/wp-content\/uploads\/2022\/04\/F00453_2696696_0-scaled.jpg\" alt=\"\" width=\"1440\" height=\"960\" srcset=\"https:\/\/spanienaktuell.net\/wordpress\/wp-content\/uploads\/2022\/04\/F00453_2696696_0-scaled.jpg 1440w, https:\/\/spanienaktuell.net\/wordpress\/wp-content\/uploads\/2022\/04\/F00453_2696696_0-300x200.jpg 300w, https:\/\/spanienaktuell.net\/wordpress\/wp-content\/uploads\/2022\/04\/F00453_2696696_0-1024x683.jpg 1024w, https:\/\/spanienaktuell.net\/wordpress\/wp-content\/uploads\/2022\/04\/F00453_2696696_0-768x512.jpg 768w, https:\/\/spanienaktuell.net\/wordpress\/wp-content\/uploads\/2022\/04\/F00453_2696696_0-1536x1024.jpg 1536w\" sizes=\"(max-width: 1440px) 100vw, 1440px\" \/><\/p>\n<p>Zum t\u00e4glichen Pendeln oder f\u00fcr Touren ist das Charger3 Mixte mit seinem leicht abgesenkten Oberrohr, dem dynamischen Fahrwerk mit Federgabel und Komfort-Sattelst\u00fctze sowie Bosch Performance Line CX Motor das perfekte Alltags-E-Bike. Dank kluger Details, tagheller Beleuchtung und Dauerlicht ist es bei jedem Wetter einsatzbereit und problemlos drau\u00dfen abstellbar. Und wer weiter weg oder hoch hinaus m\u00f6chte, dem bietet die DualBattery 1125 Option eine Reichweite von bis zu 150 Kilometern und mehr.<\/p>\n<p><strong>Weitere Informationen finden Sie unter <\/strong><a href=\"http:\/\/www.r-m.de\"><strong>www.r-m.de<\/strong><\/a><strong> \u00a0oder auf \u00a0<\/strong><a href=\"http:\/\/www.biciterraneo.com\"><strong>www.biciterraneo.com<\/strong><\/a><\/p>\n<p><strong>in Torre del Mar-Malaga<\/strong><\/p>\n<p><strong>\u00a0<\/strong><\/p>\n<p><strong>Arcimoto E-Trike aus den USA<\/strong><\/p>\n<p><img decoding=\"async\" class=\"aligncenter size-full wp-image-94584\" src=\"https:\/\/spanienaktuell.net\/wordpress\/wp-content\/uploads\/2022\/04\/MLM-Dark-Background-still-1536x864-1.png\" alt=\"\" width=\"1205\" height=\"864\" srcset=\"https:\/\/spanienaktuell.net\/wordpress\/wp-content\/uploads\/2022\/04\/MLM-Dark-Background-still-1536x864-1.png 1205w, https:\/\/spanienaktuell.net\/wordpress\/wp-content\/uploads\/2022\/04\/MLM-Dark-Background-still-1536x864-1-300x215.png 300w, https:\/\/spanienaktuell.net\/wordpress\/wp-content\/uploads\/2022\/04\/MLM-Dark-Background-still-1536x864-1-1024x734.png 1024w, https:\/\/spanienaktuell.net\/wordpress\/wp-content\/uploads\/2022\/04\/MLM-Dark-Background-still-1536x864-1-768x551.png 768w\" sizes=\"(max-width: 1205px) 100vw, 1205px\" \/><\/p>\n<p>Das <strong>Arcimoto E-Trike<\/strong> ist eine Mischung aus Kart und Fahrrad mit einer geniale Neigetechnik f\u00fcr perfekte Kurvenlagen. Mit einer Batterieladung kann das E-Trike 320 km weit kommen. Je nach Ausstattung soll es Platz f\u00fcr 1 bis 2 Personen geben. Erh\u00e4ltlich soll das E-Trike ab dem 4 Quartal 2022 sein. <strong>Weitere Informationen finden Sie unter <\/strong><a href=\"http:\/\/www.arcimoto.com\/mlm\"><strong>www.arcimoto.com\/mlm<\/strong><\/a><\/p>\n<p><strong>\u00a0<\/strong><\/p>\n<p><strong>SUP-AQUA MARINA FUSION 10\u201910<\/strong><\/p>\n<p><img decoding=\"async\" class=\"aligncenter size-full wp-image-94586\" src=\"https:\/\/spanienaktuell.net\/wordpress\/wp-content\/uploads\/2022\/04\/59.jpg\" alt=\"\" width=\"843\" height=\"550\" srcset=\"https:\/\/spanienaktuell.net\/wordpress\/wp-content\/uploads\/2022\/04\/59.jpg 843w, https:\/\/spanienaktuell.net\/wordpress\/wp-content\/uploads\/2022\/04\/59-300x196.jpg 300w, https:\/\/spanienaktuell.net\/wordpress\/wp-content\/uploads\/2022\/04\/59-768x501.jpg 768w\" sizes=\"(max-width: 843px) 100vw, 843px\" \/><\/p>\n<p>Aufblasbares Allrounder-SUP <strong>FUSION 10\u201910<\/strong>\u00a0 von <strong>AQUA MARINA<\/strong> optimal f\u00fcr Anf\u00e4nger und Fortgeschrittene geeignet. Das Board ist perfekt f\u00fcr flaches Wasser und kleinere Wellen und bietet eine hervorragende Stabilit\u00e4t und Haltbarkeit<\/p>\n<p><strong>Weitere Informationen finden Sie unter<\/strong> \u00a0<a href=\"http:\/\/www.aquamarina.com\"><strong>www.aquamarina.com<\/strong><\/a><\/p>\n<p><strong>\u00a0<\/strong><\/p>\n<p><strong>Innovativer E-Roller<\/strong> <strong>STILRIDE SUS 1 <\/strong><strong>aus Schweden<\/strong><\/p>\n<p><strong><img decoding=\"async\" class=\"aligncenter wp-image-94588 size-full\" src=\"https:\/\/spanienaktuell.net\/wordpress\/wp-content\/uploads\/2022\/04\/60cec8de369bcb4842ce9e6c_SUS1_White-e1648808550312.png\" alt=\"\" width=\"1168\" height=\"677\" srcset=\"https:\/\/spanienaktuell.net\/wordpress\/wp-content\/uploads\/2022\/04\/60cec8de369bcb4842ce9e6c_SUS1_White-e1648808550312.png 1168w, https:\/\/spanienaktuell.net\/wordpress\/wp-content\/uploads\/2022\/04\/60cec8de369bcb4842ce9e6c_SUS1_White-e1648808550312-300x174.png 300w, https:\/\/spanienaktuell.net\/wordpress\/wp-content\/uploads\/2022\/04\/60cec8de369bcb4842ce9e6c_SUS1_White-e1648808550312-1024x594.png 1024w, https:\/\/spanienaktuell.net\/wordpress\/wp-content\/uploads\/2022\/04\/60cec8de369bcb4842ce9e6c_SUS1_White-e1648808550312-768x445.png 768w\" sizes=\"(max-width: 1168px) 100vw, 1168px\" \/>\u00a0<\/strong><\/p>\n<p>Top-Speed des <strong>STILRIDE SUS 1<\/strong> ca.100 km\/h, \u00a0Reichweite bis zu 120 km, breite All-Terrain-Reifen, STILRIDE Mobility Software inklusive App\u2026\u2026.. \u00a0<strong>Weitere Informationen finden Sie unter <\/strong><a href=\"http:\/\/www.stilride.com\"><strong>www.stilride.com<\/strong><\/a><\/p>\n<p>&nbsp;<\/p>\n<p><strong>Unterwasserdrohne FiFish V6 von Qysea<\/strong><\/p>\n<p><img decoding=\"async\" class=\"aligncenter size-full wp-image-94585\" src=\"https:\/\/spanienaktuell.net\/wordpress\/wp-content\/uploads\/2022\/04\/V6-EXPERT-Cover-scaled.jpg\" alt=\"\" width=\"1440\" height=\"810\" srcset=\"https:\/\/spanienaktuell.net\/wordpress\/wp-content\/uploads\/2022\/04\/V6-EXPERT-Cover-scaled.jpg 1440w, https:\/\/spanienaktuell.net\/wordpress\/wp-content\/uploads\/2022\/04\/V6-EXPERT-Cover-300x169.jpg 300w, https:\/\/spanienaktuell.net\/wordpress\/wp-content\/uploads\/2022\/04\/V6-EXPERT-Cover-1024x576.jpg 1024w, https:\/\/spanienaktuell.net\/wordpress\/wp-content\/uploads\/2022\/04\/V6-EXPERT-Cover-768x432.jpg 768w, https:\/\/spanienaktuell.net\/wordpress\/wp-content\/uploads\/2022\/04\/V6-EXPERT-Cover-1536x864.jpg 1536w\" sizes=\"(max-width: 1440px) 100vw, 1440px\" \/><\/p>\n<p><strong>FiFish V6 von Qysea<\/strong> <strong>V6 <\/strong>ist eine tragbare Unterwasser-Drohne, die bis zu 100 Meter tauchen kann. Sie enth\u00e4lt eine 4K-Kamera u. eine LED-Beleuchtung, die 4000 Lumen erzeugt etc.<\/p>\n<p><strong>\u00a0 Weitere Informationen finden Sie unter<\/strong>\u00a0\u00a0\u00a0 <a href=\"http:\/\/www.qysea.com\">www.qysea.com<\/a><\/p>\n","protected":false},"excerpt":{"rendered":"<p>SUPERMARINE MM01Jetski mit 300 PS von BOUVET aus Frankreich Jetski Supermarine MM01 ist ein zweisitziger Jetski mit einem futuristischen Kevlar-Carbon-Rumpf [&hellip;]<\/p>\n","protected":false},"author":3,"featured_media":94582,"comment_status":"closed","ping_status":"closed","sticky":false,"template":"","format":"standard","meta":{"footnotes":""},"categories":[33],"tags":[],"class_list":["post-94581","post","type-post","status-publish","format-standard","has-post-thumbnail","hentry","category-trends"],"yoast_head":"<!-- This site is optimized with the Yoast SEO plugin v27.1.1 - https:\/\/yoast.com\/product\/yoast-seo-wordpress\/ -->\n<title>Outdoortrends April 2022 - Spanien aktuell<\/title>\n<meta name=\"robots\" content=\"index, follow, max-snippet:-1, max-image-preview:large, max-video-preview:-1\" \/>\n<link rel=\"canonical\" href=\"https:\/\/spanienaktuell.net\/wordpress\/outdoortrends-april-2022\/\" \/>\n<meta property=\"og:locale\" content=\"es_ES\" \/>\n<meta property=\"og:type\" content=\"article\" \/>\n<meta property=\"og:title\" content=\"Outdoortrends April 2022 - Spanien aktuell\" \/>\n<meta property=\"og:description\" content=\"SUPERMARINE MM01Jetski mit 300 PS von BOUVET aus Frankreich Jetski Supermarine MM01 ist ein zweisitziger Jetski mit einem futuristischen Kevlar-Carbon-Rumpf [&hellip;]\" \/>\n<meta property=\"og:url\" content=\"https:\/\/spanienaktuell.net\/wordpress\/outdoortrends-april-2022\/\" \/>\n<meta property=\"og:site_name\" content=\"Spanien aktuell\" \/>\n<meta property=\"article:published_time\" content=\"2022-04-01T10:22:56+00:00\" \/>\n<meta property=\"og:image\" content=\"https:\/\/spanienaktuell.net\/wordpress\/wp-content\/uploads\/2022\/04\/Accueil_Black-Ed-scaled.jpg\" \/>\n\t<meta property=\"og:image:width\" content=\"1440\" \/>\n\t<meta property=\"og:image:height\" content=\"810\" \/>\n\t<meta property=\"og:image:type\" content=\"image\/jpeg\" \/>\n<meta name=\"author\" content=\"Spanien Aktuell\" \/>\n<meta name=\"twitter:card\" content=\"summary_large_image\" \/>\n<meta name=\"twitter:label1\" content=\"Escrito por\" \/>\n\t<meta name=\"twitter:data1\" content=\"Spanien Aktuell\" \/>\n\t<meta name=\"twitter:label2\" content=\"Tiempo de lectura\" \/>\n\t<meta name=\"twitter:data2\" content=\"3 minutos\" \/>\n<script type=\"application\/ld+json\" class=\"yoast-schema-graph\">{\"@context\":\"https:\/\/schema.org\",\"@graph\":[{\"@type\":\"Article\",\"@id\":\"https:\/\/spanienaktuell.net\/wordpress\/outdoortrends-april-2022\/#article\",\"isPartOf\":{\"@id\":\"https:\/\/spanienaktuell.net\/wordpress\/outdoortrends-april-2022\/\"},\"author\":{\"name\":\"Spanien Aktuell\",\"@id\":\"https:\/\/spanienaktuell.net\/wordpress\/#\/schema\/person\/bc410cfae0161b201d837ebfeeba7fd0\"},\"headline\":\"Outdoortrends April 2022\",\"datePublished\":\"2022-04-01T10:22:56+00:00\",\"mainEntityOfPage\":{\"@id\":\"https:\/\/spanienaktuell.net\/wordpress\/outdoortrends-april-2022\/\"},\"wordCount\":345,\"publisher\":{\"@id\":\"https:\/\/spanienaktuell.net\/wordpress\/#organization\"},\"image\":{\"@id\":\"https:\/\/spanienaktuell.net\/wordpress\/outdoortrends-april-2022\/#primaryimage\"},\"thumbnailUrl\":\"https:\/\/spanienaktuell.net\/wordpress\/wp-content\/uploads\/2022\/04\/Accueil_Black-Ed-scaled.jpg\",\"articleSection\":[\"Trends\"],\"inLanguage\":\"es\"},{\"@type\":\"WebPage\",\"@id\":\"https:\/\/spanienaktuell.net\/wordpress\/outdoortrends-april-2022\/\",\"url\":\"https:\/\/spanienaktuell.net\/wordpress\/outdoortrends-april-2022\/\",\"name\":\"Outdoortrends April 2022 - Spanien aktuell\",\"isPartOf\":{\"@id\":\"https:\/\/spanienaktuell.net\/wordpress\/#website\"},\"primaryImageOfPage\":{\"@id\":\"https:\/\/spanienaktuell.net\/wordpress\/outdoortrends-april-2022\/#primaryimage\"},\"image\":{\"@id\":\"https:\/\/spanienaktuell.net\/wordpress\/outdoortrends-april-2022\/#primaryimage\"},\"thumbnailUrl\":\"https:\/\/spanienaktuell.net\/wordpress\/wp-content\/uploads\/2022\/04\/Accueil_Black-Ed-scaled.jpg\",\"datePublished\":\"2022-04-01T10:22:56+00:00\",\"breadcrumb\":{\"@id\":\"https:\/\/spanienaktuell.net\/wordpress\/outdoortrends-april-2022\/#breadcrumb\"},\"inLanguage\":\"es\",\"potentialAction\":[{\"@type\":\"ReadAction\",\"target\":[\"https:\/\/spanienaktuell.net\/wordpress\/outdoortrends-april-2022\/\"]}]},{\"@type\":\"ImageObject\",\"inLanguage\":\"es\",\"@id\":\"https:\/\/spanienaktuell.net\/wordpress\/outdoortrends-april-2022\/#primaryimage\",\"url\":\"https:\/\/spanienaktuell.net\/wordpress\/wp-content\/uploads\/2022\/04\/Accueil_Black-Ed-scaled.jpg\",\"contentUrl\":\"https:\/\/spanienaktuell.net\/wordpress\/wp-content\/uploads\/2022\/04\/Accueil_Black-Ed-scaled.jpg\",\"width\":1440,\"height\":810},{\"@type\":\"BreadcrumbList\",\"@id\":\"https:\/\/spanienaktuell.net\/wordpress\/outdoortrends-april-2022\/#breadcrumb\",\"itemListElement\":[{\"@type\":\"ListItem\",\"position\":1,\"name\":\"Portada\",\"item\":\"https:\/\/spanienaktuell.net\/wordpress\/\"},{\"@type\":\"ListItem\",\"position\":2,\"name\":\"Outdoortrends April 2022\"}]},{\"@type\":\"WebSite\",\"@id\":\"https:\/\/spanienaktuell.net\/wordpress\/#website\",\"url\":\"https:\/\/spanienaktuell.net\/wordpress\/\",\"name\":\"Spanien aktuell\",\"description\":\"The German magazine number 1 on the Costa del Sol\",\"publisher\":{\"@id\":\"https:\/\/spanienaktuell.net\/wordpress\/#organization\"},\"potentialAction\":[{\"@type\":\"SearchAction\",\"target\":{\"@type\":\"EntryPoint\",\"urlTemplate\":\"https:\/\/spanienaktuell.net\/wordpress\/?s={search_term_string}\"},\"query-input\":{\"@type\":\"PropertyValueSpecification\",\"valueRequired\":true,\"valueName\":\"search_term_string\"}}],\"inLanguage\":\"es\"},{\"@type\":\"Organization\",\"@id\":\"https:\/\/spanienaktuell.net\/wordpress\/#organization\",\"name\":\"Spanien aktuell\",\"url\":\"https:\/\/spanienaktuell.net\/wordpress\/\",\"logo\":{\"@type\":\"ImageObject\",\"inLanguage\":\"es\",\"@id\":\"https:\/\/spanienaktuell.net\/wordpress\/#\/schema\/logo\/image\/\",\"url\":\"https:\/\/spanienaktuell.net\/wordpress\/wp-content\/uploads\/2019\/06\/cropped-Logo-spanien-aktuell-png-web-e1561631085388.png\",\"contentUrl\":\"https:\/\/spanienaktuell.net\/wordpress\/wp-content\/uploads\/2019\/06\/cropped-Logo-spanien-aktuell-png-web-e1561631085388.png\",\"width\":512,\"height\":110,\"caption\":\"Spanien aktuell\"},\"image\":{\"@id\":\"https:\/\/spanienaktuell.net\/wordpress\/#\/schema\/logo\/image\/\"}},{\"@type\":\"Person\",\"@id\":\"https:\/\/spanienaktuell.net\/wordpress\/#\/schema\/person\/bc410cfae0161b201d837ebfeeba7fd0\",\"name\":\"Spanien Aktuell\",\"image\":{\"@type\":\"ImageObject\",\"inLanguage\":\"es\",\"@id\":\"https:\/\/spanienaktuell.net\/wordpress\/#\/schema\/person\/image\/\",\"url\":\"https:\/\/spanienaktuell.net\/wordpress\/wp-content\/uploads\/2019\/06\/cropped-Logo-spanien-aktuell-png-fav2-100x100.png\",\"contentUrl\":\"https:\/\/spanienaktuell.net\/wordpress\/wp-content\/uploads\/2019\/06\/cropped-Logo-spanien-aktuell-png-fav2-100x100.png\",\"caption\":\"Spanien Aktuell\"},\"url\":\"https:\/\/spanienaktuell.net\/wordpress\/author\/koalum\/\"}]}<\/script>\n<!-- \/ Yoast SEO plugin. -->","yoast_head_json":{"title":"Outdoortrends April 2022 - Spanien aktuell","robots":{"index":"index","follow":"follow","max-snippet":"max-snippet:-1","max-image-preview":"max-image-preview:large","max-video-preview":"max-video-preview:-1"},"canonical":"https:\/\/spanienaktuell.net\/wordpress\/outdoortrends-april-2022\/","og_locale":"es_ES","og_type":"article","og_title":"Outdoortrends April 2022 - Spanien aktuell","og_description":"SUPERMARINE MM01Jetski mit 300 PS von BOUVET aus Frankreich Jetski Supermarine MM01 ist ein zweisitziger Jetski mit einem futuristischen Kevlar-Carbon-Rumpf [&hellip;]","og_url":"https:\/\/spanienaktuell.net\/wordpress\/outdoortrends-april-2022\/","og_site_name":"Spanien aktuell","article_published_time":"2022-04-01T10:22:56+00:00","og_image":[{"width":1440,"height":810,"url":"https:\/\/spanienaktuell.net\/wordpress\/wp-content\/uploads\/2022\/04\/Accueil_Black-Ed-scaled.jpg","type":"image\/jpeg"}],"author":"Spanien Aktuell","twitter_card":"summary_large_image","twitter_misc":{"Escrito por":"Spanien Aktuell","Tiempo de lectura":"3 minutos"},"schema":{"@context":"https:\/\/schema.org","@graph":[{"@type":"Article","@id":"https:\/\/spanienaktuell.net\/wordpress\/outdoortrends-april-2022\/#article","isPartOf":{"@id":"https:\/\/spanienaktuell.net\/wordpress\/outdoortrends-april-2022\/"},"author":{"name":"Spanien Aktuell","@id":"https:\/\/spanienaktuell.net\/wordpress\/#\/schema\/person\/bc410cfae0161b201d837ebfeeba7fd0"},"headline":"Outdoortrends April 2022","datePublished":"2022-04-01T10:22:56+00:00","mainEntityOfPage":{"@id":"https:\/\/spanienaktuell.net\/wordpress\/outdoortrends-april-2022\/"},"wordCount":345,"publisher":{"@id":"https:\/\/spanienaktuell.net\/wordpress\/#organization"},"image":{"@id":"https:\/\/spanienaktuell.net\/wordpress\/outdoortrends-april-2022\/#primaryimage"},"thumbnailUrl":"https:\/\/spanienaktuell.net\/wordpress\/wp-content\/uploads\/2022\/04\/Accueil_Black-Ed-scaled.jpg","articleSection":["Trends"],"inLanguage":"es"},{"@type":"WebPage","@id":"https:\/\/spanienaktuell.net\/wordpress\/outdoortrends-april-2022\/","url":"https:\/\/spanienaktuell.net\/wordpress\/outdoortrends-april-2022\/","name":"Outdoortrends April 2022 - Spanien aktuell","isPartOf":{"@id":"https:\/\/spanienaktuell.net\/wordpress\/#website"},"primaryImageOfPage":{"@id":"https:\/\/spanienaktuell.net\/wordpress\/outdoortrends-april-2022\/#primaryimage"},"image":{"@id":"https:\/\/spanienaktuell.net\/wordpress\/outdoortrends-april-2022\/#primaryimage"},"thumbnailUrl":"https:\/\/spanienaktuell.net\/wordpress\/wp-content\/uploads\/2022\/04\/Accueil_Black-Ed-scaled.jpg","datePublished":"2022-04-01T10:22:56+00:00","breadcrumb":{"@id":"https:\/\/spanienaktuell.net\/wordpress\/outdoortrends-april-2022\/#breadcrumb"},"inLanguage":"es","potentialAction":[{"@type":"ReadAction","target":["https:\/\/spanienaktuell.net\/wordpress\/outdoortrends-april-2022\/"]}]},{"@type":"ImageObject","inLanguage":"es","@id":"https:\/\/spanienaktuell.net\/wordpress\/outdoortrends-april-2022\/#primaryimage","url":"https:\/\/spanienaktuell.net\/wordpress\/wp-content\/uploads\/2022\/04\/Accueil_Black-Ed-scaled.jpg","contentUrl":"https:\/\/spanienaktuell.net\/wordpress\/wp-content\/uploads\/2022\/04\/Accueil_Black-Ed-scaled.jpg","width":1440,"height":810},{"@type":"BreadcrumbList","@id":"https:\/\/spanienaktuell.net\/wordpress\/outdoortrends-april-2022\/#breadcrumb","itemListElement":[{"@type":"ListItem","position":1,"name":"Portada","item":"https:\/\/spanienaktuell.net\/wordpress\/"},{"@type":"ListItem","position":2,"name":"Outdoortrends April 2022"}]},{"@type":"WebSite","@id":"https:\/\/spanienaktuell.net\/wordpress\/#website","url":"https:\/\/spanienaktuell.net\/wordpress\/","name":"Spanien aktuell","description":"The German magazine number 1 on the Costa del Sol","publisher":{"@id":"https:\/\/spanienaktuell.net\/wordpress\/#organization"},"potentialAction":[{"@type":"SearchAction","target":{"@type":"EntryPoint","urlTemplate":"https:\/\/spanienaktuell.net\/wordpress\/?s={search_term_string}"},"query-input":{"@type":"PropertyValueSpecification","valueRequired":true,"valueName":"search_term_string"}}],"inLanguage":"es"},{"@type":"Organization","@id":"https:\/\/spanienaktuell.net\/wordpress\/#organization","name":"Spanien aktuell","url":"https:\/\/spanienaktuell.net\/wordpress\/","logo":{"@type":"ImageObject","inLanguage":"es","@id":"https:\/\/spanienaktuell.net\/wordpress\/#\/schema\/logo\/image\/","url":"https:\/\/spanienaktuell.net\/wordpress\/wp-content\/uploads\/2019\/06\/cropped-Logo-spanien-aktuell-png-web-e1561631085388.png","contentUrl":"https:\/\/spanienaktuell.net\/wordpress\/wp-content\/uploads\/2019\/06\/cropped-Logo-spanien-aktuell-png-web-e1561631085388.png","width":512,"height":110,"caption":"Spanien aktuell"},"image":{"@id":"https:\/\/spanienaktuell.net\/wordpress\/#\/schema\/logo\/image\/"}},{"@type":"Person","@id":"https:\/\/spanienaktuell.net\/wordpress\/#\/schema\/person\/bc410cfae0161b201d837ebfeeba7fd0","name":"Spanien Aktuell","image":{"@type":"ImageObject","inLanguage":"es","@id":"https:\/\/spanienaktuell.net\/wordpress\/#\/schema\/person\/image\/","url":"https:\/\/spanienaktuell.net\/wordpress\/wp-content\/uploads\/2019\/06\/cropped-Logo-spanien-aktuell-png-fav2-100x100.png","contentUrl":"https:\/\/spanienaktuell.net\/wordpress\/wp-content\/uploads\/2019\/06\/cropped-Logo-spanien-aktuell-png-fav2-100x100.png","caption":"Spanien Aktuell"},"url":"https:\/\/spanienaktuell.net\/wordpress\/author\/koalum\/"}]}},"_links":{"self":[{"href":"https:\/\/spanienaktuell.net\/wordpress\/wp-json\/wp\/v2\/posts\/94581","targetHints":{"allow":["GET"]}}],"collection":[{"href":"https:\/\/spanienaktuell.net\/wordpress\/wp-json\/wp\/v2\/posts"}],"about":[{"href":"https:\/\/spanienaktuell.net\/wordpress\/wp-json\/wp\/v2\/types\/post"}],"author":[{"embeddable":true,"href":"https:\/\/spanienaktuell.net\/wordpress\/wp-json\/wp\/v2\/users\/3"}],"replies":[{"embeddable":true,"href":"https:\/\/spanienaktuell.net\/wordpress\/wp-json\/wp\/v2\/comments?post=94581"}],"version-history":[{"count":1,"href":"https:\/\/spanienaktuell.net\/wordpress\/wp-json\/wp\/v2\/posts\/94581\/revisions"}],"predecessor-version":[{"id":94592,"href":"https:\/\/spanienaktuell.net\/wordpress\/wp-json\/wp\/v2\/posts\/94581\/revisions\/94592"}],"wp:featuredmedia":[{"embeddable":true,"href":"https:\/\/spanienaktuell.net\/wordpress\/wp-json\/wp\/v2\/media\/94582"}],"wp:attachment":[{"href":"https:\/\/spanienaktuell.net\/wordpress\/wp-json\/wp\/v2\/media?parent=94581"}],"wp:term":[{"taxonomy":"category","embeddable":true,"href":"https:\/\/spanienaktuell.net\/wordpress\/wp-json\/wp\/v2\/categories?post=94581"},{"taxonomy":"post_tag","embeddable":true,"href":"https:\/\/spanienaktuell.net\/wordpress\/wp-json\/wp\/v2\/tags?post=94581"}],"curies":[{"name":"wp","href":"https:\/\/api.w.org\/{rel}","templated":true}]}}