{"id":94613,"date":"2022-05-01T09:23:52","date_gmt":"2022-05-01T08:23:52","guid":{"rendered":"https:\/\/spanienaktuell.net\/wordpress\/?p=94613"},"modified":"2022-05-02T10:45:18","modified_gmt":"2022-05-02T09:45:18","slug":"der-vertrag-mit-dem-architekten","status":"publish","type":"post","link":"https:\/\/spanienaktuell.net\/wordpress\/der-vertrag-mit-dem-architekten\/","title":{"rendered":"Der Vertrag mit dem Architekten"},"content":{"rendered":"<p><img decoding=\"async\" class=\"aligncenter size-full wp-image-1296\" src=\"https:\/\/spanienaktuell.net\/wordpress\/wp-content\/uploads\/2017\/01\/Lober.png\" alt=\"\" width=\"592\" height=\"435\" srcset=\"https:\/\/spanienaktuell.net\/wordpress\/wp-content\/uploads\/2017\/01\/Lober.png 592w, https:\/\/spanienaktuell.net\/wordpress\/wp-content\/uploads\/2017\/01\/Lober-300x220.png 300w, https:\/\/spanienaktuell.net\/wordpress\/wp-content\/uploads\/2017\/01\/Lober-80x60.png 80w, https:\/\/spanienaktuell.net\/wordpress\/wp-content\/uploads\/2017\/01\/Lober-572x420.png 572w\" sizes=\"(max-width: 592px) 100vw, 592px\" \/><img decoding=\"async\" class=\"aligncenter size-full wp-image-92147\" src=\"https:\/\/spanienaktuell.net\/wordpress\/wp-content\/uploads\/2021\/06\/Lober-und-Steinmetz.png\" alt=\"\" width=\"1440\" height=\"690\" srcset=\"https:\/\/spanienaktuell.net\/wordpress\/wp-content\/uploads\/2021\/06\/Lober-und-Steinmetz.png 1440w, https:\/\/spanienaktuell.net\/wordpress\/wp-content\/uploads\/2021\/06\/Lober-und-Steinmetz-300x144.png 300w, https:\/\/spanienaktuell.net\/wordpress\/wp-content\/uploads\/2021\/06\/Lober-und-Steinmetz-1024x490.png 1024w, https:\/\/spanienaktuell.net\/wordpress\/wp-content\/uploads\/2021\/06\/Lober-und-Steinmetz-768x368.png 768w, https:\/\/spanienaktuell.net\/wordpress\/wp-content\/uploads\/2021\/06\/Lober-und-Steinmetz-1536x736.png 1536w, https:\/\/spanienaktuell.net\/wordpress\/wp-content\/uploads\/2021\/06\/Lober-und-Steinmetz-2048x981.png 2048w\" sizes=\"(max-width: 1440px) 100vw, 1440px\" \/><\/p>\n<h2 style=\"text-align: center;\"><strong><em>Auszug aus dem Buch: Grundeigentum in Spanien von A \u2013 Z f\u00fcr Eigent\u00fcmer, K\u00e4ufer und Verk\u00e4ufer (Vollst\u00e4ndige Neubearbeitung 7. Auflage).\u00a0<\/em><\/strong><\/h2>\n<p><em><strong>Der Vertrag mit dem Architekten<\/strong><\/em><\/p>\n<p>Vertr\u00e4ge zwischen Bauherrn und Architekten haben zivilrechtlichen Charakter; sie k\u00f6nnen frei zwischen den Beteiligten abgeschlossen werden. Der Architekt teilt bei Einreichung der Planungsunterlagen der Architektenkammer die Daten seines Auftraggebers mit. Wird vom Bauherrn ein weiterer Architekt eingeschaltet, so darf dieser so lange nicht t\u00e4gig werden, als der zun\u00e4chst beauftragte Architekt schriftlich seinen R\u00fccktritt oder seine Einwilligung erteilt hat. Wie in Deutschland bewegen sich die Leistungen des Architekten auf einem vielf\u00e4ltigen Bet\u00e4tigungsfeld. Beim Hausbau ist zwischen Entwurf, Planung, Genehmigungsplanung, Werksplanung und Bauleitung zu unterscheiden, f\u00fcr die nicht notwendigerweise der gleiche Architekt zust\u00e4ndig sein muss.<\/p>\n<p>Die Liberalisierung der Honorarabrechnungen des Architekten erfolgte durch die Gesetze 2\/1974, 7\/1997 und 25\/2009 (Art. 5). Danach d\u00fcrfen Architektenkammern keine Mindesthonorare mehr festlegen. Generell wird das Honorar pauschal vereinbart. Lediglich ein Zuwachs an Bauvolumen sowie wesentliche Umplanungen auf Anregung des Bautr\u00e4gers rechtfertigen zus\u00e4tzliche Honorarforderungen. Das Honorar f\u00fcr die Planung ist sofort nach Vorlage der von der Architektenkammer gepr\u00fcften Zahlungsunterlagen f\u00e4llig, sofern nichts anderes vereinbart worden ist. \u00dcblicherweise wird jedoch ein Prozentsatz des vereinbarten Honorars als anzurechnende Vorauszahlung (provisi\u00f3n de fondos) verlangt. Bei der \u00dcbernahme der Bauleitung sind Pauschalvereinbarungen f\u00fcr das Honorar \u00fcblich mit einer vorher ausgehandelten Anzahl von Abschlagszahlungen gem\u00e4\u00df Baufortschritt. Dem Architekten obliegt es, nach Fertigstellung des Baus die Fertigstellungsbescheinigung (Certificado Final de Obra) auszustellen. Diese ist notwendig zur Erlangung der Bewohnbarkeitsbescheinigung sowie f\u00fcr die Eintragung der Neubauerkl\u00e4rung. Zumeist werden vom Bauherrn die restlichen 5 % des Gesamthonorars zun\u00e4chst zur\u00fcckgehalten. Bei Neubauten oder Gesamtsanierung von Geb\u00e4uden ist es notwendig, bei der Bauleitung zus\u00e4tzlich einen Baumeister (arquitecto t\u00e9cnico) zu beauftragen. Dieser stellt dann gemeinsam mit dem Architekten die Fertigstellungsbescheinigung aus, die sowohl von der Architektenkammer als auch von der Baumeisterkammer (Colegio de Arquitectos T\u00e9cnicos) abzuzeichnen ist.<\/p>\n<p>Die vertragliche Architektenhaftung ergibt sich aus den Artikeln 1591 und 1593 C\u00f3digo Civil sowie aus dem Gesetz 38\/1999 (LOE). Danach ist f\u00fcr Personensch\u00e4den die Dauer der Haftung unbegrenzt, w\u00e4hrend die f\u00fcr bauliche M\u00e4ngel zehn Jahre und drei Jahre f\u00fcr haustechnische Ausr\u00fcstung und wartungsbed\u00fcrftige Geb\u00e4udeelemente tr\u00e4gt.<\/p>\n<p><strong><em>\u00a0<\/em><\/strong><\/p>\n<p><strong>Die Autoren Dr. Alexander Steinmetz und Roc\u00edo Garc\u00eda Alc\u00e1zar sind Partner der Rechtsanwaltskanzlei L\u00f6ber Steinmetz &amp; Garc\u00eda, Partnerschaft von Rechtsanw\u00e4lten mbB, Frankfurt, K\u00f6ln. E-Mail: <\/strong><a href=\"mailto:info@loeber-steinmetz.de\"><strong>info@loeber-steinmetz.de<\/strong><\/a><\/p>\n<p><em>Tel: +49-(0)69 96 22 11 23, +49-(0)221 82 82 97 09\u00a0\u00a0 www.loeber-steinmetz.de<\/em><\/p>\n<p><em>In Kooperation mit L\u00f6ber Steinmetz Garc\u00eda Rechtsanw\u00e4lte y Abogados S.L.P., Mallorca und Teneriffa, Tel. +34 971 72 03 72, Tel. +34 922 38 03 15<\/em><\/p>\n<p><strong>Buchbestellung:<\/strong><\/p>\n<p><strong><img decoding=\"async\" class=\"wp-image-87007 alignleft\" src=\"https:\/\/spanienaktuell.net\/wordpress\/wp-content\/uploads\/2019\/12\/Cover.png\" alt=\"\" width=\"140\" height=\"227\" srcset=\"https:\/\/spanienaktuell.net\/wordpress\/wp-content\/uploads\/2019\/12\/Cover.png 652w, https:\/\/spanienaktuell.net\/wordpress\/wp-content\/uploads\/2019\/12\/Cover-185x300.png 185w, https:\/\/spanienaktuell.net\/wordpress\/wp-content\/uploads\/2019\/12\/Cover-632x1024.png 632w\" sizes=\"(max-width: 140px) 100vw, 140px\" \/>Grundeigentum in Spanien von A \u2013 Z f\u00fcr Eigent\u00fcmer, K\u00e4ufer und Verk\u00e4ufer (Vollst\u00e4ndige Neubearbeitung 7. Auflage) 216 Seiten , \u20ac 38,- . <\/strong><\/p>\n<p><em>edition f\u00fcr internationale Wirtschaft Verlagsauslieferung W. Jenior<\/em><\/p>\n<p><em>Marienstra\u00dfe 5, 34117 Kassel, Telefon: +49 (0) 561\/739 16 21, Fax: +49 (0)561\/774148<\/em><\/p>\n<p><em>E-Mail: service@jenior.de , <\/em><a href=\"http:\/\/www.edition-spanien.de\"><em>www.edition-spanien.de<\/em><\/a><\/p>\n","protected":false},"excerpt":{"rendered":"<p>Auszug aus dem Buch: Grundeigentum in Spanien von A \u2013 Z f\u00fcr Eigent\u00fcmer, K\u00e4ufer und Verk\u00e4ufer (Vollst\u00e4ndige Neubearbeitung 7. Auflage).\u00a0 [&hellip;]<\/p>\n","protected":false},"author":3,"featured_media":1296,"comment_status":"closed","ping_status":"closed","sticky":false,"template":"","format":"standard","meta":{"footnotes":""},"categories":[30],"tags":[],"class_list":["post-94613","post","type-post","status-publish","format-standard","has-post-thumbnail","hentry","category-recht-gesellschaft"],"yoast_head":"<!-- This site is optimized with the Yoast SEO plugin v27.1.1 - https:\/\/yoast.com\/product\/yoast-seo-wordpress\/ -->\n<title>Der Vertrag mit dem Architekten - Spanien aktuell<\/title>\n<meta name=\"robots\" content=\"index, follow, max-snippet:-1, max-image-preview:large, max-video-preview:-1\" \/>\n<link rel=\"canonical\" href=\"https:\/\/spanienaktuell.net\/wordpress\/der-vertrag-mit-dem-architekten\/\" \/>\n<meta property=\"og:locale\" content=\"es_ES\" \/>\n<meta property=\"og:type\" content=\"article\" \/>\n<meta property=\"og:title\" content=\"Der Vertrag mit dem Architekten - Spanien aktuell\" \/>\n<meta property=\"og:description\" content=\"Auszug aus dem Buch: Grundeigentum in Spanien von A \u2013 Z f\u00fcr Eigent\u00fcmer, K\u00e4ufer und Verk\u00e4ufer (Vollst\u00e4ndige Neubearbeitung 7. Auflage).\u00a0 [&hellip;]\" \/>\n<meta property=\"og:url\" content=\"https:\/\/spanienaktuell.net\/wordpress\/der-vertrag-mit-dem-architekten\/\" \/>\n<meta property=\"og:site_name\" content=\"Spanien aktuell\" \/>\n<meta property=\"article:published_time\" content=\"2022-05-01T08:23:52+00:00\" \/>\n<meta property=\"article:modified_time\" content=\"2022-05-02T09:45:18+00:00\" \/>\n<meta property=\"og:image\" content=\"https:\/\/spanienaktuell.net\/wordpress\/wp-content\/uploads\/2017\/01\/Lober.png\" \/>\n\t<meta property=\"og:image:width\" content=\"592\" \/>\n\t<meta property=\"og:image:height\" content=\"435\" \/>\n\t<meta property=\"og:image:type\" content=\"image\/png\" \/>\n<meta name=\"author\" content=\"Spanien Aktuell\" \/>\n<meta name=\"twitter:card\" content=\"summary_large_image\" \/>\n<meta name=\"twitter:label1\" content=\"Escrito por\" \/>\n\t<meta name=\"twitter:data1\" content=\"Spanien Aktuell\" \/>\n\t<meta name=\"twitter:label2\" content=\"Tiempo de lectura\" \/>\n\t<meta name=\"twitter:data2\" content=\"2 minutos\" \/>\n<script type=\"application\/ld+json\" class=\"yoast-schema-graph\">{\"@context\":\"https:\/\/schema.org\",\"@graph\":[{\"@type\":\"Article\",\"@id\":\"https:\/\/spanienaktuell.net\/wordpress\/der-vertrag-mit-dem-architekten\/#article\",\"isPartOf\":{\"@id\":\"https:\/\/spanienaktuell.net\/wordpress\/der-vertrag-mit-dem-architekten\/\"},\"author\":{\"name\":\"Spanien Aktuell\",\"@id\":\"https:\/\/spanienaktuell.net\/wordpress\/#\/schema\/person\/bc410cfae0161b201d837ebfeeba7fd0\"},\"headline\":\"Der Vertrag mit dem Architekten\",\"datePublished\":\"2022-05-01T08:23:52+00:00\",\"dateModified\":\"2022-05-02T09:45:18+00:00\",\"mainEntityOfPage\":{\"@id\":\"https:\/\/spanienaktuell.net\/wordpress\/der-vertrag-mit-dem-architekten\/\"},\"wordCount\":486,\"publisher\":{\"@id\":\"https:\/\/spanienaktuell.net\/wordpress\/#organization\"},\"image\":{\"@id\":\"https:\/\/spanienaktuell.net\/wordpress\/der-vertrag-mit-dem-architekten\/#primaryimage\"},\"thumbnailUrl\":\"https:\/\/spanienaktuell.net\/wordpress\/wp-content\/uploads\/2017\/01\/Lober.png\",\"articleSection\":[\"Recht\"],\"inLanguage\":\"es\"},{\"@type\":\"WebPage\",\"@id\":\"https:\/\/spanienaktuell.net\/wordpress\/der-vertrag-mit-dem-architekten\/\",\"url\":\"https:\/\/spanienaktuell.net\/wordpress\/der-vertrag-mit-dem-architekten\/\",\"name\":\"Der Vertrag mit dem Architekten - Spanien aktuell\",\"isPartOf\":{\"@id\":\"https:\/\/spanienaktuell.net\/wordpress\/#website\"},\"primaryImageOfPage\":{\"@id\":\"https:\/\/spanienaktuell.net\/wordpress\/der-vertrag-mit-dem-architekten\/#primaryimage\"},\"image\":{\"@id\":\"https:\/\/spanienaktuell.net\/wordpress\/der-vertrag-mit-dem-architekten\/#primaryimage\"},\"thumbnailUrl\":\"https:\/\/spanienaktuell.net\/wordpress\/wp-content\/uploads\/2017\/01\/Lober.png\",\"datePublished\":\"2022-05-01T08:23:52+00:00\",\"dateModified\":\"2022-05-02T09:45:18+00:00\",\"breadcrumb\":{\"@id\":\"https:\/\/spanienaktuell.net\/wordpress\/der-vertrag-mit-dem-architekten\/#breadcrumb\"},\"inLanguage\":\"es\",\"potentialAction\":[{\"@type\":\"ReadAction\",\"target\":[\"https:\/\/spanienaktuell.net\/wordpress\/der-vertrag-mit-dem-architekten\/\"]}]},{\"@type\":\"ImageObject\",\"inLanguage\":\"es\",\"@id\":\"https:\/\/spanienaktuell.net\/wordpress\/der-vertrag-mit-dem-architekten\/#primaryimage\",\"url\":\"https:\/\/spanienaktuell.net\/wordpress\/wp-content\/uploads\/2017\/01\/Lober.png\",\"contentUrl\":\"https:\/\/spanienaktuell.net\/wordpress\/wp-content\/uploads\/2017\/01\/Lober.png\",\"width\":592,\"height\":435},{\"@type\":\"BreadcrumbList\",\"@id\":\"https:\/\/spanienaktuell.net\/wordpress\/der-vertrag-mit-dem-architekten\/#breadcrumb\",\"itemListElement\":[{\"@type\":\"ListItem\",\"position\":1,\"name\":\"Portada\",\"item\":\"https:\/\/spanienaktuell.net\/wordpress\/\"},{\"@type\":\"ListItem\",\"position\":2,\"name\":\"Der Vertrag mit dem Architekten\"}]},{\"@type\":\"WebSite\",\"@id\":\"https:\/\/spanienaktuell.net\/wordpress\/#website\",\"url\":\"https:\/\/spanienaktuell.net\/wordpress\/\",\"name\":\"Spanien aktuell\",\"description\":\"The German magazine number 1 on the Costa del Sol\",\"publisher\":{\"@id\":\"https:\/\/spanienaktuell.net\/wordpress\/#organization\"},\"potentialAction\":[{\"@type\":\"SearchAction\",\"target\":{\"@type\":\"EntryPoint\",\"urlTemplate\":\"https:\/\/spanienaktuell.net\/wordpress\/?s={search_term_string}\"},\"query-input\":{\"@type\":\"PropertyValueSpecification\",\"valueRequired\":true,\"valueName\":\"search_term_string\"}}],\"inLanguage\":\"es\"},{\"@type\":\"Organization\",\"@id\":\"https:\/\/spanienaktuell.net\/wordpress\/#organization\",\"name\":\"Spanien aktuell\",\"url\":\"https:\/\/spanienaktuell.net\/wordpress\/\",\"logo\":{\"@type\":\"ImageObject\",\"inLanguage\":\"es\",\"@id\":\"https:\/\/spanienaktuell.net\/wordpress\/#\/schema\/logo\/image\/\",\"url\":\"https:\/\/spanienaktuell.net\/wordpress\/wp-content\/uploads\/2019\/06\/cropped-Logo-spanien-aktuell-png-web-e1561631085388.png\",\"contentUrl\":\"https:\/\/spanienaktuell.net\/wordpress\/wp-content\/uploads\/2019\/06\/cropped-Logo-spanien-aktuell-png-web-e1561631085388.png\",\"width\":512,\"height\":110,\"caption\":\"Spanien aktuell\"},\"image\":{\"@id\":\"https:\/\/spanienaktuell.net\/wordpress\/#\/schema\/logo\/image\/\"}},{\"@type\":\"Person\",\"@id\":\"https:\/\/spanienaktuell.net\/wordpress\/#\/schema\/person\/bc410cfae0161b201d837ebfeeba7fd0\",\"name\":\"Spanien Aktuell\",\"image\":{\"@type\":\"ImageObject\",\"inLanguage\":\"es\",\"@id\":\"https:\/\/spanienaktuell.net\/wordpress\/#\/schema\/person\/image\/\",\"url\":\"https:\/\/spanienaktuell.net\/wordpress\/wp-content\/uploads\/2019\/06\/cropped-Logo-spanien-aktuell-png-fav2-100x100.png\",\"contentUrl\":\"https:\/\/spanienaktuell.net\/wordpress\/wp-content\/uploads\/2019\/06\/cropped-Logo-spanien-aktuell-png-fav2-100x100.png\",\"caption\":\"Spanien Aktuell\"},\"url\":\"https:\/\/spanienaktuell.net\/wordpress\/author\/koalum\/\"}]}<\/script>\n<!-- \/ Yoast SEO plugin. -->","yoast_head_json":{"title":"Der Vertrag mit dem Architekten - Spanien aktuell","robots":{"index":"index","follow":"follow","max-snippet":"max-snippet:-1","max-image-preview":"max-image-preview:large","max-video-preview":"max-video-preview:-1"},"canonical":"https:\/\/spanienaktuell.net\/wordpress\/der-vertrag-mit-dem-architekten\/","og_locale":"es_ES","og_type":"article","og_title":"Der Vertrag mit dem Architekten - Spanien aktuell","og_description":"Auszug aus dem Buch: Grundeigentum in Spanien von A \u2013 Z f\u00fcr Eigent\u00fcmer, K\u00e4ufer und Verk\u00e4ufer (Vollst\u00e4ndige Neubearbeitung 7. Auflage).\u00a0 [&hellip;]","og_url":"https:\/\/spanienaktuell.net\/wordpress\/der-vertrag-mit-dem-architekten\/","og_site_name":"Spanien aktuell","article_published_time":"2022-05-01T08:23:52+00:00","article_modified_time":"2022-05-02T09:45:18+00:00","og_image":[{"width":592,"height":435,"url":"https:\/\/spanienaktuell.net\/wordpress\/wp-content\/uploads\/2017\/01\/Lober.png","type":"image\/png"}],"author":"Spanien Aktuell","twitter_card":"summary_large_image","twitter_misc":{"Escrito por":"Spanien Aktuell","Tiempo de lectura":"2 minutos"},"schema":{"@context":"https:\/\/schema.org","@graph":[{"@type":"Article","@id":"https:\/\/spanienaktuell.net\/wordpress\/der-vertrag-mit-dem-architekten\/#article","isPartOf":{"@id":"https:\/\/spanienaktuell.net\/wordpress\/der-vertrag-mit-dem-architekten\/"},"author":{"name":"Spanien Aktuell","@id":"https:\/\/spanienaktuell.net\/wordpress\/#\/schema\/person\/bc410cfae0161b201d837ebfeeba7fd0"},"headline":"Der Vertrag mit dem Architekten","datePublished":"2022-05-01T08:23:52+00:00","dateModified":"2022-05-02T09:45:18+00:00","mainEntityOfPage":{"@id":"https:\/\/spanienaktuell.net\/wordpress\/der-vertrag-mit-dem-architekten\/"},"wordCount":486,"publisher":{"@id":"https:\/\/spanienaktuell.net\/wordpress\/#organization"},"image":{"@id":"https:\/\/spanienaktuell.net\/wordpress\/der-vertrag-mit-dem-architekten\/#primaryimage"},"thumbnailUrl":"https:\/\/spanienaktuell.net\/wordpress\/wp-content\/uploads\/2017\/01\/Lober.png","articleSection":["Recht"],"inLanguage":"es"},{"@type":"WebPage","@id":"https:\/\/spanienaktuell.net\/wordpress\/der-vertrag-mit-dem-architekten\/","url":"https:\/\/spanienaktuell.net\/wordpress\/der-vertrag-mit-dem-architekten\/","name":"Der Vertrag mit dem Architekten - Spanien aktuell","isPartOf":{"@id":"https:\/\/spanienaktuell.net\/wordpress\/#website"},"primaryImageOfPage":{"@id":"https:\/\/spanienaktuell.net\/wordpress\/der-vertrag-mit-dem-architekten\/#primaryimage"},"image":{"@id":"https:\/\/spanienaktuell.net\/wordpress\/der-vertrag-mit-dem-architekten\/#primaryimage"},"thumbnailUrl":"https:\/\/spanienaktuell.net\/wordpress\/wp-content\/uploads\/2017\/01\/Lober.png","datePublished":"2022-05-01T08:23:52+00:00","dateModified":"2022-05-02T09:45:18+00:00","breadcrumb":{"@id":"https:\/\/spanienaktuell.net\/wordpress\/der-vertrag-mit-dem-architekten\/#breadcrumb"},"inLanguage":"es","potentialAction":[{"@type":"ReadAction","target":["https:\/\/spanienaktuell.net\/wordpress\/der-vertrag-mit-dem-architekten\/"]}]},{"@type":"ImageObject","inLanguage":"es","@id":"https:\/\/spanienaktuell.net\/wordpress\/der-vertrag-mit-dem-architekten\/#primaryimage","url":"https:\/\/spanienaktuell.net\/wordpress\/wp-content\/uploads\/2017\/01\/Lober.png","contentUrl":"https:\/\/spanienaktuell.net\/wordpress\/wp-content\/uploads\/2017\/01\/Lober.png","width":592,"height":435},{"@type":"BreadcrumbList","@id":"https:\/\/spanienaktuell.net\/wordpress\/der-vertrag-mit-dem-architekten\/#breadcrumb","itemListElement":[{"@type":"ListItem","position":1,"name":"Portada","item":"https:\/\/spanienaktuell.net\/wordpress\/"},{"@type":"ListItem","position":2,"name":"Der Vertrag mit dem Architekten"}]},{"@type":"WebSite","@id":"https:\/\/spanienaktuell.net\/wordpress\/#website","url":"https:\/\/spanienaktuell.net\/wordpress\/","name":"Spanien aktuell","description":"The German magazine number 1 on the Costa del Sol","publisher":{"@id":"https:\/\/spanienaktuell.net\/wordpress\/#organization"},"potentialAction":[{"@type":"SearchAction","target":{"@type":"EntryPoint","urlTemplate":"https:\/\/spanienaktuell.net\/wordpress\/?s={search_term_string}"},"query-input":{"@type":"PropertyValueSpecification","valueRequired":true,"valueName":"search_term_string"}}],"inLanguage":"es"},{"@type":"Organization","@id":"https:\/\/spanienaktuell.net\/wordpress\/#organization","name":"Spanien aktuell","url":"https:\/\/spanienaktuell.net\/wordpress\/","logo":{"@type":"ImageObject","inLanguage":"es","@id":"https:\/\/spanienaktuell.net\/wordpress\/#\/schema\/logo\/image\/","url":"https:\/\/spanienaktuell.net\/wordpress\/wp-content\/uploads\/2019\/06\/cropped-Logo-spanien-aktuell-png-web-e1561631085388.png","contentUrl":"https:\/\/spanienaktuell.net\/wordpress\/wp-content\/uploads\/2019\/06\/cropped-Logo-spanien-aktuell-png-web-e1561631085388.png","width":512,"height":110,"caption":"Spanien aktuell"},"image":{"@id":"https:\/\/spanienaktuell.net\/wordpress\/#\/schema\/logo\/image\/"}},{"@type":"Person","@id":"https:\/\/spanienaktuell.net\/wordpress\/#\/schema\/person\/bc410cfae0161b201d837ebfeeba7fd0","name":"Spanien Aktuell","image":{"@type":"ImageObject","inLanguage":"es","@id":"https:\/\/spanienaktuell.net\/wordpress\/#\/schema\/person\/image\/","url":"https:\/\/spanienaktuell.net\/wordpress\/wp-content\/uploads\/2019\/06\/cropped-Logo-spanien-aktuell-png-fav2-100x100.png","contentUrl":"https:\/\/spanienaktuell.net\/wordpress\/wp-content\/uploads\/2019\/06\/cropped-Logo-spanien-aktuell-png-fav2-100x100.png","caption":"Spanien Aktuell"},"url":"https:\/\/spanienaktuell.net\/wordpress\/author\/koalum\/"}]}},"_links":{"self":[{"href":"https:\/\/spanienaktuell.net\/wordpress\/wp-json\/wp\/v2\/posts\/94613","targetHints":{"allow":["GET"]}}],"collection":[{"href":"https:\/\/spanienaktuell.net\/wordpress\/wp-json\/wp\/v2\/posts"}],"about":[{"href":"https:\/\/spanienaktuell.net\/wordpress\/wp-json\/wp\/v2\/types\/post"}],"author":[{"embeddable":true,"href":"https:\/\/spanienaktuell.net\/wordpress\/wp-json\/wp\/v2\/users\/3"}],"replies":[{"embeddable":true,"href":"https:\/\/spanienaktuell.net\/wordpress\/wp-json\/wp\/v2\/comments?post=94613"}],"version-history":[{"count":1,"href":"https:\/\/spanienaktuell.net\/wordpress\/wp-json\/wp\/v2\/posts\/94613\/revisions"}],"predecessor-version":[{"id":94617,"href":"https:\/\/spanienaktuell.net\/wordpress\/wp-json\/wp\/v2\/posts\/94613\/revisions\/94617"}],"wp:featuredmedia":[{"embeddable":true,"href":"https:\/\/spanienaktuell.net\/wordpress\/wp-json\/wp\/v2\/media\/1296"}],"wp:attachment":[{"href":"https:\/\/spanienaktuell.net\/wordpress\/wp-json\/wp\/v2\/media?parent=94613"}],"wp:term":[{"taxonomy":"category","embeddable":true,"href":"https:\/\/spanienaktuell.net\/wordpress\/wp-json\/wp\/v2\/categories?post=94613"},{"taxonomy":"post_tag","embeddable":true,"href":"https:\/\/spanienaktuell.net\/wordpress\/wp-json\/wp\/v2\/tags?post=94613"}],"curies":[{"name":"wp","href":"https:\/\/api.w.org\/{rel}","templated":true}]}}