{"id":94638,"date":"2022-05-01T09:32:00","date_gmt":"2022-05-01T08:32:00","guid":{"rendered":"https:\/\/spanienaktuell.net\/wordpress\/?p=94638"},"modified":"2022-05-02T10:44:53","modified_gmt":"2022-05-02T09:44:53","slug":"youtube-konnte-teilen-von-unsinn-erschweren","status":"publish","type":"post","link":"https:\/\/spanienaktuell.net\/wordpress\/youtube-konnte-teilen-von-unsinn-erschweren\/","title":{"rendered":"YouTube k\u00f6nnte Teilen von Unsinn erschweren"},"content":{"rendered":"<figure id=\"attachment_94639\" aria-describedby=\"caption-attachment-94639\" style=\"width: 1440px\" class=\"wp-caption aligncenter\"><img decoding=\"async\" class=\"size-full wp-image-94639\" src=\"https:\/\/spanienaktuell.net\/wordpress\/wp-content\/uploads\/2022\/05\/Foto-Pixabay-TymonOziemblewski-youtube-gf792a3099_1920-scaled.jpg\" alt=\"\" width=\"1440\" height=\"810\" srcset=\"https:\/\/spanienaktuell.net\/wordpress\/wp-content\/uploads\/2022\/05\/Foto-Pixabay-TymonOziemblewski-youtube-gf792a3099_1920-scaled.jpg 1440w, https:\/\/spanienaktuell.net\/wordpress\/wp-content\/uploads\/2022\/05\/Foto-Pixabay-TymonOziemblewski-youtube-gf792a3099_1920-300x169.jpg 300w, https:\/\/spanienaktuell.net\/wordpress\/wp-content\/uploads\/2022\/05\/Foto-Pixabay-TymonOziemblewski-youtube-gf792a3099_1920-1024x576.jpg 1024w, https:\/\/spanienaktuell.net\/wordpress\/wp-content\/uploads\/2022\/05\/Foto-Pixabay-TymonOziemblewski-youtube-gf792a3099_1920-768x432.jpg 768w, https:\/\/spanienaktuell.net\/wordpress\/wp-content\/uploads\/2022\/05\/Foto-Pixabay-TymonOziemblewski-youtube-gf792a3099_1920-1536x864.jpg 1536w\" sizes=\"(max-width: 1440px) 100vw, 1440px\" \/><figcaption id=\"caption-attachment-94639\" class=\"wp-caption-text\">Foto: Pixabay-Tymon Oziemblewski<\/figcaption><\/figure>\n<blockquote>\n<h2><em>\u201c<\/em><em>Blog-Post aufgetaucht &#8211; Plattform will zus\u00e4tzliche Schritte im Kampf gegen Falschinfos setzen<\/em><em>\u201c<\/em><\/h2>\n<\/blockquote>\n<p>Im Kampf gegen Falschinformation erw\u00e4gt YouTube, das Teilen von Videos mit grenzwertigem Inhalt auf anderen Seiten zu behindern. Das geht aus einem offiziellen Blog-Post <a href=\"http:\/\/bit.ly\/33u20v9\">http:\/\/bit.ly\/33u20v9<\/a><\/p>\n<p>zum Umgang mit Falschinformation hervor. Demnach sucht die Plattform auch nach Ans\u00e4tzen, wie sich neu aufkommender Info-Unsinn m\u00f6glichst im Keim ersticken l\u00e4sst, bevor er eine Chance auf virale Verbreitung bekommt.<\/p>\n<p><strong>Links \u201ekaputtmachen\u00bb<\/strong><\/p>\n<p>Nicht jeder Unsinn verst\u00f6\u00dft so klar gegen YouTube-Richtlinien, dass das Video einfach gel\u00f6scht wird. Bei solch grenzwertigen Videos bem\u00fche sich YouTube darum, deren Sichtbarkeit auf der Plattform zu minimieren, so Neal Mohan, Chief Product Officer f\u00fcr YouTube, im Blog. \u201eAber auch, wenn wir ein bestimmtes grenzwertiges Video nicht empfehlen, kann es immer noch Aufrufe \u00fcber andere Webseiten erhalten, die auf ein YouTube-Video verlinken oder es einbetten\u00bb, schreibt er. Daher denkt YouTube dar\u00fcber nach, welche zus\u00e4tzlichen Schritte die Reichweite solcher Videos minimieren k\u00f6nnten.<\/p>\n<p>M\u00f6glich w\u00e4re ein Deaktivieren des Share-Buttons oder ein \u201eKaputtmachen\u00bb der Links, so dass diese nicht korrekt zum Video f\u00fchren. Das w\u00fcrde auch ein Einbetten unm\u00f6glich machen. \u201eWir hadern aber damit, ob ein Teilen zu verhindern nicht als Einschr\u00e4nkung der Freiheiten von Sehern zu weit ginge\u00bb, so Mohan. Immerhin sei Teilen eine aktive User-Entscheidung. Zudem m\u00fcsste es dann kontextabh\u00e4ngige Ausnahmen geben, etwa f\u00fcr die Verlinkung grenzwertiger Inhalte im Rahmen einer kritischen wissenschaftlichen Auseinandersetzung oder Berichterstattung. Eine Alternative k\u00f6nnte sein, bei grenzwertigen Videos vor dem Abspielen Warnhinweise einzublenden.<\/p>\n<figure id=\"attachment_94640\" aria-describedby=\"caption-attachment-94640\" style=\"width: 1266px\" class=\"wp-caption aligncenter\"><img decoding=\"async\" class=\"size-full wp-image-94640\" src=\"https:\/\/spanienaktuell.net\/wordpress\/wp-content\/uploads\/2022\/05\/Foto-Pixabay-Gerealt-movie-g2cf63d4f5_1920-scaled.jpg\" alt=\"\" width=\"1266\" height=\"1080\" srcset=\"https:\/\/spanienaktuell.net\/wordpress\/wp-content\/uploads\/2022\/05\/Foto-Pixabay-Gerealt-movie-g2cf63d4f5_1920-scaled.jpg 1266w, https:\/\/spanienaktuell.net\/wordpress\/wp-content\/uploads\/2022\/05\/Foto-Pixabay-Gerealt-movie-g2cf63d4f5_1920-300x256.jpg 300w, https:\/\/spanienaktuell.net\/wordpress\/wp-content\/uploads\/2022\/05\/Foto-Pixabay-Gerealt-movie-g2cf63d4f5_1920-1024x873.jpg 1024w, https:\/\/spanienaktuell.net\/wordpress\/wp-content\/uploads\/2022\/05\/Foto-Pixabay-Gerealt-movie-g2cf63d4f5_1920-768x655.jpg 768w, https:\/\/spanienaktuell.net\/wordpress\/wp-content\/uploads\/2022\/05\/Foto-Pixabay-Gerealt-movie-g2cf63d4f5_1920-1536x1310.jpg 1536w\" sizes=\"(max-width: 1266px) 100vw, 1266px\" \/><figcaption id=\"caption-attachment-94640\" class=\"wp-caption-text\">Foto: Pixabay-Gerealt<\/figcaption><\/figure>\n<p><strong>Gar nicht viral gehen lassen<\/strong><\/p>\n<p>Der Umgang mit dem Teilen gerade noch zul\u00e4ssiger Inhalte ist freilich nur ein Aspekt des Kampfes gegen Falschinformationen. Mohan betont aber: Dieser werde heute dadurch erschwert, dass viel schneller neue potenziell gef\u00e4hrliche Verschw\u00fcrungstheorien aufkommen &#8211; etwa, dass 5G zur Ausbreitung des Coronavirus beitrage, was in manchen L\u00e4ndern zu Brandanschl\u00e4gen auf Funkmasten gef\u00fchrt hat. Ideal w\u00e4re es, solchen Unsinn fr\u00fchzeitig zu erkennen, bevor er sich viral ausbreiten kann.<\/p>\n<p>Das ist jedoch kein triviales Problem. \u201eNicht zu jeder k\u00fcnftigen, sich schnell verbreitenden Erz\u00e4hlung wird es Expertenratschl\u00e4ge geben, die unsere Richtlinien beeinflussen k\u00f6nnen\u00bb, erkl\u00e4rt Mohan. Zudem gebe es bei v\u00f6llig neu aufkommender Falschinfo zun\u00e4chst kaum eine Datenbasis, mit der YouTube seine Erkunnungsalgorithmen trainieren k\u00f6nnte. Um trotzdem weltweit gr\u00f6\u00dfere Erfolge im Kampf gegen Fake News zu erzielen, wolle YouTube unter anderem verst\u00e4rkt auf Klassifikatoren und Schl\u00fcsselw\u00f6rter in zus\u00e4tzlichen Sprachen setzen. Auch der Input regionaler Analysten soll helfen, bislang schlecht erkannte Unsinns-Erz\u00e4hlungen schneller zu finden.<\/p>\n<p>Quelle: <em>San Bruno pte016\u00a0 <\/em><a href=\"http:\/\/bit.ly\/33u20v9\"><em>http:\/\/bit.ly\/33u20v9<\/em><\/a><\/p>\n","protected":false},"excerpt":{"rendered":"<p>\u201cBlog-Post aufgetaucht &#8211; Plattform will zus\u00e4tzliche Schritte im Kampf gegen Falschinfos setzen\u201c Im Kampf gegen Falschinformation erw\u00e4gt YouTube, das Teilen [&hellip;]<\/p>\n","protected":false},"author":3,"featured_media":94639,"comment_status":"closed","ping_status":"closed","sticky":false,"template":"","format":"standard","meta":{"footnotes":""},"categories":[30],"tags":[],"class_list":["post-94638","post","type-post","status-publish","format-standard","has-post-thumbnail","hentry","category-recht-gesellschaft"],"yoast_head":"<!-- This site is optimized with the Yoast SEO plugin v27.1.1 - https:\/\/yoast.com\/product\/yoast-seo-wordpress\/ -->\n<title>YouTube k\u00f6nnte Teilen von Unsinn erschweren - Spanien aktuell<\/title>\n<meta name=\"robots\" content=\"index, follow, max-snippet:-1, max-image-preview:large, max-video-preview:-1\" \/>\n<link rel=\"canonical\" href=\"https:\/\/spanienaktuell.net\/wordpress\/youtube-konnte-teilen-von-unsinn-erschweren\/\" \/>\n<meta property=\"og:locale\" content=\"es_ES\" \/>\n<meta property=\"og:type\" content=\"article\" \/>\n<meta property=\"og:title\" content=\"YouTube k\u00f6nnte Teilen von Unsinn erschweren - Spanien aktuell\" \/>\n<meta property=\"og:description\" content=\"\u201cBlog-Post aufgetaucht &#8211; Plattform will zus\u00e4tzliche Schritte im Kampf gegen Falschinfos setzen\u201c Im Kampf gegen Falschinformation erw\u00e4gt YouTube, das Teilen [&hellip;]\" \/>\n<meta property=\"og:url\" content=\"https:\/\/spanienaktuell.net\/wordpress\/youtube-konnte-teilen-von-unsinn-erschweren\/\" \/>\n<meta property=\"og:site_name\" content=\"Spanien aktuell\" \/>\n<meta property=\"article:published_time\" content=\"2022-05-01T08:32:00+00:00\" \/>\n<meta property=\"article:modified_time\" content=\"2022-05-02T09:44:53+00:00\" \/>\n<meta property=\"og:image\" content=\"https:\/\/spanienaktuell.net\/wordpress\/wp-content\/uploads\/2022\/05\/Foto-Pixabay-TymonOziemblewski-youtube-gf792a3099_1920-scaled.jpg\" \/>\n\t<meta property=\"og:image:width\" content=\"1440\" \/>\n\t<meta property=\"og:image:height\" content=\"810\" \/>\n\t<meta property=\"og:image:type\" content=\"image\/jpeg\" \/>\n<meta name=\"author\" content=\"Spanien Aktuell\" \/>\n<meta name=\"twitter:card\" content=\"summary_large_image\" \/>\n<meta name=\"twitter:label1\" content=\"Escrito por\" \/>\n\t<meta name=\"twitter:data1\" content=\"Spanien Aktuell\" \/>\n\t<meta name=\"twitter:label2\" content=\"Tiempo de lectura\" \/>\n\t<meta name=\"twitter:data2\" content=\"3 minutos\" \/>\n<script type=\"application\/ld+json\" class=\"yoast-schema-graph\">{\"@context\":\"https:\/\/schema.org\",\"@graph\":[{\"@type\":\"Article\",\"@id\":\"https:\/\/spanienaktuell.net\/wordpress\/youtube-konnte-teilen-von-unsinn-erschweren\/#article\",\"isPartOf\":{\"@id\":\"https:\/\/spanienaktuell.net\/wordpress\/youtube-konnte-teilen-von-unsinn-erschweren\/\"},\"author\":{\"name\":\"Spanien Aktuell\",\"@id\":\"https:\/\/spanienaktuell.net\/wordpress\/#\/schema\/person\/bc410cfae0161b201d837ebfeeba7fd0\"},\"headline\":\"YouTube k\u00f6nnte Teilen von Unsinn erschweren\",\"datePublished\":\"2022-05-01T08:32:00+00:00\",\"dateModified\":\"2022-05-02T09:44:53+00:00\",\"mainEntityOfPage\":{\"@id\":\"https:\/\/spanienaktuell.net\/wordpress\/youtube-konnte-teilen-von-unsinn-erschweren\/\"},\"wordCount\":475,\"publisher\":{\"@id\":\"https:\/\/spanienaktuell.net\/wordpress\/#organization\"},\"image\":{\"@id\":\"https:\/\/spanienaktuell.net\/wordpress\/youtube-konnte-teilen-von-unsinn-erschweren\/#primaryimage\"},\"thumbnailUrl\":\"https:\/\/spanienaktuell.net\/wordpress\/wp-content\/uploads\/2022\/05\/Foto-Pixabay-TymonOziemblewski-youtube-gf792a3099_1920-scaled.jpg\",\"articleSection\":[\"Recht\"],\"inLanguage\":\"es\"},{\"@type\":\"WebPage\",\"@id\":\"https:\/\/spanienaktuell.net\/wordpress\/youtube-konnte-teilen-von-unsinn-erschweren\/\",\"url\":\"https:\/\/spanienaktuell.net\/wordpress\/youtube-konnte-teilen-von-unsinn-erschweren\/\",\"name\":\"YouTube k\u00f6nnte Teilen von Unsinn erschweren - Spanien aktuell\",\"isPartOf\":{\"@id\":\"https:\/\/spanienaktuell.net\/wordpress\/#website\"},\"primaryImageOfPage\":{\"@id\":\"https:\/\/spanienaktuell.net\/wordpress\/youtube-konnte-teilen-von-unsinn-erschweren\/#primaryimage\"},\"image\":{\"@id\":\"https:\/\/spanienaktuell.net\/wordpress\/youtube-konnte-teilen-von-unsinn-erschweren\/#primaryimage\"},\"thumbnailUrl\":\"https:\/\/spanienaktuell.net\/wordpress\/wp-content\/uploads\/2022\/05\/Foto-Pixabay-TymonOziemblewski-youtube-gf792a3099_1920-scaled.jpg\",\"datePublished\":\"2022-05-01T08:32:00+00:00\",\"dateModified\":\"2022-05-02T09:44:53+00:00\",\"breadcrumb\":{\"@id\":\"https:\/\/spanienaktuell.net\/wordpress\/youtube-konnte-teilen-von-unsinn-erschweren\/#breadcrumb\"},\"inLanguage\":\"es\",\"potentialAction\":[{\"@type\":\"ReadAction\",\"target\":[\"https:\/\/spanienaktuell.net\/wordpress\/youtube-konnte-teilen-von-unsinn-erschweren\/\"]}]},{\"@type\":\"ImageObject\",\"inLanguage\":\"es\",\"@id\":\"https:\/\/spanienaktuell.net\/wordpress\/youtube-konnte-teilen-von-unsinn-erschweren\/#primaryimage\",\"url\":\"https:\/\/spanienaktuell.net\/wordpress\/wp-content\/uploads\/2022\/05\/Foto-Pixabay-TymonOziemblewski-youtube-gf792a3099_1920-scaled.jpg\",\"contentUrl\":\"https:\/\/spanienaktuell.net\/wordpress\/wp-content\/uploads\/2022\/05\/Foto-Pixabay-TymonOziemblewski-youtube-gf792a3099_1920-scaled.jpg\",\"width\":1440,\"height\":810,\"caption\":\"Foto: Pixabay-Tymon Oziemblewski\"},{\"@type\":\"BreadcrumbList\",\"@id\":\"https:\/\/spanienaktuell.net\/wordpress\/youtube-konnte-teilen-von-unsinn-erschweren\/#breadcrumb\",\"itemListElement\":[{\"@type\":\"ListItem\",\"position\":1,\"name\":\"Portada\",\"item\":\"https:\/\/spanienaktuell.net\/wordpress\/\"},{\"@type\":\"ListItem\",\"position\":2,\"name\":\"YouTube k\u00f6nnte Teilen von Unsinn erschweren\"}]},{\"@type\":\"WebSite\",\"@id\":\"https:\/\/spanienaktuell.net\/wordpress\/#website\",\"url\":\"https:\/\/spanienaktuell.net\/wordpress\/\",\"name\":\"Spanien aktuell\",\"description\":\"The German magazine number 1 on the Costa del Sol\",\"publisher\":{\"@id\":\"https:\/\/spanienaktuell.net\/wordpress\/#organization\"},\"potentialAction\":[{\"@type\":\"SearchAction\",\"target\":{\"@type\":\"EntryPoint\",\"urlTemplate\":\"https:\/\/spanienaktuell.net\/wordpress\/?s={search_term_string}\"},\"query-input\":{\"@type\":\"PropertyValueSpecification\",\"valueRequired\":true,\"valueName\":\"search_term_string\"}}],\"inLanguage\":\"es\"},{\"@type\":\"Organization\",\"@id\":\"https:\/\/spanienaktuell.net\/wordpress\/#organization\",\"name\":\"Spanien aktuell\",\"url\":\"https:\/\/spanienaktuell.net\/wordpress\/\",\"logo\":{\"@type\":\"ImageObject\",\"inLanguage\":\"es\",\"@id\":\"https:\/\/spanienaktuell.net\/wordpress\/#\/schema\/logo\/image\/\",\"url\":\"https:\/\/spanienaktuell.net\/wordpress\/wp-content\/uploads\/2019\/06\/cropped-Logo-spanien-aktuell-png-web-e1561631085388.png\",\"contentUrl\":\"https:\/\/spanienaktuell.net\/wordpress\/wp-content\/uploads\/2019\/06\/cropped-Logo-spanien-aktuell-png-web-e1561631085388.png\",\"width\":512,\"height\":110,\"caption\":\"Spanien aktuell\"},\"image\":{\"@id\":\"https:\/\/spanienaktuell.net\/wordpress\/#\/schema\/logo\/image\/\"}},{\"@type\":\"Person\",\"@id\":\"https:\/\/spanienaktuell.net\/wordpress\/#\/schema\/person\/bc410cfae0161b201d837ebfeeba7fd0\",\"name\":\"Spanien Aktuell\",\"image\":{\"@type\":\"ImageObject\",\"inLanguage\":\"es\",\"@id\":\"https:\/\/spanienaktuell.net\/wordpress\/#\/schema\/person\/image\/\",\"url\":\"https:\/\/spanienaktuell.net\/wordpress\/wp-content\/uploads\/2019\/06\/cropped-Logo-spanien-aktuell-png-fav2-100x100.png\",\"contentUrl\":\"https:\/\/spanienaktuell.net\/wordpress\/wp-content\/uploads\/2019\/06\/cropped-Logo-spanien-aktuell-png-fav2-100x100.png\",\"caption\":\"Spanien Aktuell\"},\"url\":\"https:\/\/spanienaktuell.net\/wordpress\/author\/koalum\/\"}]}<\/script>\n<!-- \/ Yoast SEO plugin. -->","yoast_head_json":{"title":"YouTube k\u00f6nnte Teilen von Unsinn erschweren - Spanien aktuell","robots":{"index":"index","follow":"follow","max-snippet":"max-snippet:-1","max-image-preview":"max-image-preview:large","max-video-preview":"max-video-preview:-1"},"canonical":"https:\/\/spanienaktuell.net\/wordpress\/youtube-konnte-teilen-von-unsinn-erschweren\/","og_locale":"es_ES","og_type":"article","og_title":"YouTube k\u00f6nnte Teilen von Unsinn erschweren - Spanien aktuell","og_description":"\u201cBlog-Post aufgetaucht &#8211; Plattform will zus\u00e4tzliche Schritte im Kampf gegen Falschinfos setzen\u201c Im Kampf gegen Falschinformation erw\u00e4gt YouTube, das Teilen [&hellip;]","og_url":"https:\/\/spanienaktuell.net\/wordpress\/youtube-konnte-teilen-von-unsinn-erschweren\/","og_site_name":"Spanien aktuell","article_published_time":"2022-05-01T08:32:00+00:00","article_modified_time":"2022-05-02T09:44:53+00:00","og_image":[{"width":1440,"height":810,"url":"https:\/\/spanienaktuell.net\/wordpress\/wp-content\/uploads\/2022\/05\/Foto-Pixabay-TymonOziemblewski-youtube-gf792a3099_1920-scaled.jpg","type":"image\/jpeg"}],"author":"Spanien Aktuell","twitter_card":"summary_large_image","twitter_misc":{"Escrito por":"Spanien Aktuell","Tiempo de lectura":"3 minutos"},"schema":{"@context":"https:\/\/schema.org","@graph":[{"@type":"Article","@id":"https:\/\/spanienaktuell.net\/wordpress\/youtube-konnte-teilen-von-unsinn-erschweren\/#article","isPartOf":{"@id":"https:\/\/spanienaktuell.net\/wordpress\/youtube-konnte-teilen-von-unsinn-erschweren\/"},"author":{"name":"Spanien Aktuell","@id":"https:\/\/spanienaktuell.net\/wordpress\/#\/schema\/person\/bc410cfae0161b201d837ebfeeba7fd0"},"headline":"YouTube k\u00f6nnte Teilen von Unsinn erschweren","datePublished":"2022-05-01T08:32:00+00:00","dateModified":"2022-05-02T09:44:53+00:00","mainEntityOfPage":{"@id":"https:\/\/spanienaktuell.net\/wordpress\/youtube-konnte-teilen-von-unsinn-erschweren\/"},"wordCount":475,"publisher":{"@id":"https:\/\/spanienaktuell.net\/wordpress\/#organization"},"image":{"@id":"https:\/\/spanienaktuell.net\/wordpress\/youtube-konnte-teilen-von-unsinn-erschweren\/#primaryimage"},"thumbnailUrl":"https:\/\/spanienaktuell.net\/wordpress\/wp-content\/uploads\/2022\/05\/Foto-Pixabay-TymonOziemblewski-youtube-gf792a3099_1920-scaled.jpg","articleSection":["Recht"],"inLanguage":"es"},{"@type":"WebPage","@id":"https:\/\/spanienaktuell.net\/wordpress\/youtube-konnte-teilen-von-unsinn-erschweren\/","url":"https:\/\/spanienaktuell.net\/wordpress\/youtube-konnte-teilen-von-unsinn-erschweren\/","name":"YouTube k\u00f6nnte Teilen von Unsinn erschweren - Spanien aktuell","isPartOf":{"@id":"https:\/\/spanienaktuell.net\/wordpress\/#website"},"primaryImageOfPage":{"@id":"https:\/\/spanienaktuell.net\/wordpress\/youtube-konnte-teilen-von-unsinn-erschweren\/#primaryimage"},"image":{"@id":"https:\/\/spanienaktuell.net\/wordpress\/youtube-konnte-teilen-von-unsinn-erschweren\/#primaryimage"},"thumbnailUrl":"https:\/\/spanienaktuell.net\/wordpress\/wp-content\/uploads\/2022\/05\/Foto-Pixabay-TymonOziemblewski-youtube-gf792a3099_1920-scaled.jpg","datePublished":"2022-05-01T08:32:00+00:00","dateModified":"2022-05-02T09:44:53+00:00","breadcrumb":{"@id":"https:\/\/spanienaktuell.net\/wordpress\/youtube-konnte-teilen-von-unsinn-erschweren\/#breadcrumb"},"inLanguage":"es","potentialAction":[{"@type":"ReadAction","target":["https:\/\/spanienaktuell.net\/wordpress\/youtube-konnte-teilen-von-unsinn-erschweren\/"]}]},{"@type":"ImageObject","inLanguage":"es","@id":"https:\/\/spanienaktuell.net\/wordpress\/youtube-konnte-teilen-von-unsinn-erschweren\/#primaryimage","url":"https:\/\/spanienaktuell.net\/wordpress\/wp-content\/uploads\/2022\/05\/Foto-Pixabay-TymonOziemblewski-youtube-gf792a3099_1920-scaled.jpg","contentUrl":"https:\/\/spanienaktuell.net\/wordpress\/wp-content\/uploads\/2022\/05\/Foto-Pixabay-TymonOziemblewski-youtube-gf792a3099_1920-scaled.jpg","width":1440,"height":810,"caption":"Foto: Pixabay-Tymon Oziemblewski"},{"@type":"BreadcrumbList","@id":"https:\/\/spanienaktuell.net\/wordpress\/youtube-konnte-teilen-von-unsinn-erschweren\/#breadcrumb","itemListElement":[{"@type":"ListItem","position":1,"name":"Portada","item":"https:\/\/spanienaktuell.net\/wordpress\/"},{"@type":"ListItem","position":2,"name":"YouTube k\u00f6nnte Teilen von Unsinn erschweren"}]},{"@type":"WebSite","@id":"https:\/\/spanienaktuell.net\/wordpress\/#website","url":"https:\/\/spanienaktuell.net\/wordpress\/","name":"Spanien aktuell","description":"The German magazine number 1 on the Costa del Sol","publisher":{"@id":"https:\/\/spanienaktuell.net\/wordpress\/#organization"},"potentialAction":[{"@type":"SearchAction","target":{"@type":"EntryPoint","urlTemplate":"https:\/\/spanienaktuell.net\/wordpress\/?s={search_term_string}"},"query-input":{"@type":"PropertyValueSpecification","valueRequired":true,"valueName":"search_term_string"}}],"inLanguage":"es"},{"@type":"Organization","@id":"https:\/\/spanienaktuell.net\/wordpress\/#organization","name":"Spanien aktuell","url":"https:\/\/spanienaktuell.net\/wordpress\/","logo":{"@type":"ImageObject","inLanguage":"es","@id":"https:\/\/spanienaktuell.net\/wordpress\/#\/schema\/logo\/image\/","url":"https:\/\/spanienaktuell.net\/wordpress\/wp-content\/uploads\/2019\/06\/cropped-Logo-spanien-aktuell-png-web-e1561631085388.png","contentUrl":"https:\/\/spanienaktuell.net\/wordpress\/wp-content\/uploads\/2019\/06\/cropped-Logo-spanien-aktuell-png-web-e1561631085388.png","width":512,"height":110,"caption":"Spanien aktuell"},"image":{"@id":"https:\/\/spanienaktuell.net\/wordpress\/#\/schema\/logo\/image\/"}},{"@type":"Person","@id":"https:\/\/spanienaktuell.net\/wordpress\/#\/schema\/person\/bc410cfae0161b201d837ebfeeba7fd0","name":"Spanien Aktuell","image":{"@type":"ImageObject","inLanguage":"es","@id":"https:\/\/spanienaktuell.net\/wordpress\/#\/schema\/person\/image\/","url":"https:\/\/spanienaktuell.net\/wordpress\/wp-content\/uploads\/2019\/06\/cropped-Logo-spanien-aktuell-png-fav2-100x100.png","contentUrl":"https:\/\/spanienaktuell.net\/wordpress\/wp-content\/uploads\/2019\/06\/cropped-Logo-spanien-aktuell-png-fav2-100x100.png","caption":"Spanien Aktuell"},"url":"https:\/\/spanienaktuell.net\/wordpress\/author\/koalum\/"}]}},"_links":{"self":[{"href":"https:\/\/spanienaktuell.net\/wordpress\/wp-json\/wp\/v2\/posts\/94638","targetHints":{"allow":["GET"]}}],"collection":[{"href":"https:\/\/spanienaktuell.net\/wordpress\/wp-json\/wp\/v2\/posts"}],"about":[{"href":"https:\/\/spanienaktuell.net\/wordpress\/wp-json\/wp\/v2\/types\/post"}],"author":[{"embeddable":true,"href":"https:\/\/spanienaktuell.net\/wordpress\/wp-json\/wp\/v2\/users\/3"}],"replies":[{"embeddable":true,"href":"https:\/\/spanienaktuell.net\/wordpress\/wp-json\/wp\/v2\/comments?post=94638"}],"version-history":[{"count":1,"href":"https:\/\/spanienaktuell.net\/wordpress\/wp-json\/wp\/v2\/posts\/94638\/revisions"}],"predecessor-version":[{"id":94644,"href":"https:\/\/spanienaktuell.net\/wordpress\/wp-json\/wp\/v2\/posts\/94638\/revisions\/94644"}],"wp:featuredmedia":[{"embeddable":true,"href":"https:\/\/spanienaktuell.net\/wordpress\/wp-json\/wp\/v2\/media\/94639"}],"wp:attachment":[{"href":"https:\/\/spanienaktuell.net\/wordpress\/wp-json\/wp\/v2\/media?parent=94638"}],"wp:term":[{"taxonomy":"category","embeddable":true,"href":"https:\/\/spanienaktuell.net\/wordpress\/wp-json\/wp\/v2\/categories?post=94638"},{"taxonomy":"post_tag","embeddable":true,"href":"https:\/\/spanienaktuell.net\/wordpress\/wp-json\/wp\/v2\/tags?post=94638"}],"curies":[{"name":"wp","href":"https:\/\/api.w.org\/{rel}","templated":true}]}}