{"id":94812,"date":"2022-06-01T21:05:55","date_gmt":"2022-06-01T20:05:55","guid":{"rendered":"https:\/\/spanienaktuell.net\/wordpress\/?p=94812"},"modified":"2023-11-01T08:48:32","modified_gmt":"2023-11-01T07:48:32","slug":"kommentar-juni-2022-recht-billig","status":"publish","type":"post","link":"https:\/\/spanienaktuell.net\/wordpress\/kommentar-juni-2022-recht-billig\/","title":{"rendered":"Kommentar Juni 2022 \u2013 RECHT &#038; BILLIG"},"content":{"rendered":"<p>Kein Staat auf der Welt verf\u00fcgt \u00fcber so viel Erd\u00f6l wie Venezuela, doch die Menschen hungern. Politisch ist das Land tief gespalten.<\/p>\n<p>Regiert wird das Land von Staatschef Nicol\u00e1s Maduro, ein fr\u00fcher Busfahrer und heutiger Diktator mit linksradikalen \u00dcberzeugungen, dem von der Opposition des Landes \u00fcbelste Menschenrechtsverletzungen vorgeworfen werden. Der Staatschef ist auch offensichtlich mit schlechtem Umgang gesegnet, denn seine Frau Cilia Flores, wird von den USA beschuldigt, in den internationalen Drogenhandel verwickelt zu sein, weiterhin gibt es hohe Regierungsbeamte, die schon seit Jahren auf internationalen Sanktionslisten stehen.<\/p>\n<p>In Venezuela geraten gerade \u00fcber viele Jahre geltende Wahrheiten und Feindbilder ins Wanken.<\/p>\n<p>Anfang M\u00e4rz, zwei Wochen nach Beginn des russischen Einmarschs in die Ukraine, landet ein Mittelstreckenjet auf dem Airport von Caracas, an Board eine hochrangige diplomatische Delegation der US-Regierung .<\/p>\n<p>Stunden sp\u00e4ter sitzen sie im Regierungspalast \u201eMiraflores\u201c im Kreis um Pr\u00e4sident Nicol\u00e1s Maduro, seiner Frau und Regierungsmitgliedern.<\/p>\n<p>Die US-Regierung verhandelt pl\u00f6tzlich mit dem Regime von Nicol\u00e1s Maduro?!?<\/p>\n<p>Einzelheiten des Meetings zwischen Nicol\u00e1s Maduro, seiner Frau Cilia Flores, Abgeordnete der Nationalversammlung von 2020, und des Pr\u00e4sidenten der Nationalversammlung, Jorge Rodr\u00edguez, mit Juan Gonz\u00e1lez, dem Beauftragten der US-Regierung f\u00fcr Lateinamerika, und James Story, US-Botschafter f\u00fcr Venezuela, der seinen Amtsgesch\u00e4ften von Kolumbien aus nachgeht wurden zwar nicht bekannt, aber bei der Express-Visite ging es offenkundig um \u00d6l.<\/p>\n<p>Der Grund der USA die eingefrorenen Beziehungen zu Venezuela aufzutauen, sind anscheinend im Bedarf an Ersatz f\u00fcr Erd\u00f6llieferungen aus Russland und billigem \u00d6l aus Venezuela zu suchen.<\/p>\n<p>Maduro lobt am selben Abend im venezolanischen Fernsehen die Begegnung mit \u00fcberschw\u00e4nglichen Worten: \u201eWir hatten ein Treffen, das ich als respektvoll, herzlich und sehr diplomatisch beschreiben k\u00f6nnte\u201c.<\/p>\n<p>Kurze Zeit sp\u00e4ter setzt Maduro zwei von zw\u00f6lf gefangenen auf freien Fu\u00df. Es handelt sich dabei um Gustavo C\u00e1rdenas ein ehemaligen US-\u00d6lmanager von Citgo, der US-Tochter des staatlichen venezolanischen \u00d6lkonzerns PDVSA und Jos\u00e9 Alberto Fern\u00e1ndez, ein S\u00f6ldner kubanischer Herkunft, der mit drei anderen Agenten 2019 Nicol\u00e1s Maduro kidnappen und in die USA ausfliegen wollte.<\/p>\n<p>Die Idee der USA, nach dem verh\u00e4ngten \u00d6lboykott gegen Russland den Ausfall durch Lieferungen aus Venezuela zu kompensieren, bewegt in Caracas die Gem\u00fcter. Wenige Tage nach den Gespr\u00e4chen mit der hochrangigen US-Delegation und Maduro reagiert die Opposition in Venezuela mit emotionalen Botschaften. \u00a0\u201eIch hoffe, sie verstehen, dass Gesch\u00e4fte mit Maduro zu machen bedeutet, die H\u00e4nde mit Blut zu beflecken\u00bb, sagt Oppositionspolitikerin Delsa Sol\u00f3rzano entt\u00e4uscht in Richtung Washington.<\/p>\n<p>Menschenrechtsorganisationen wie Human Rights Watch oder Amnesty International berichteten ebenso wie die UN-Menschenrechtskommissarin Michele Bachelet zuletzt immer wieder \u00fcber schwere Verletzungen demokratischer Grundrechte, Hinrichtungen ohne Gerichtsurteile und staatliche Repression durch die Sicherheitskr\u00e4fte. Deswegen hat der Internationale Strafgerichtshof in Den Haag Vorermittlungen gegen Venezuela eingeleitet.<\/p>\n<p>Diese Vorw\u00fcrfe sind auch die Grundlage f\u00fcr die Sanktionen der USA sowie der Europ\u00e4ischen Union gegen Venezuela. Es w\u00e4re deshalb schwer politisch vermittelbar, wenn die USA einerseits wegen den Menschenrechtsverletzungen Russlands in der Ukraine auf russisches \u00d6l verzichten w\u00fcrde, dies aber durch \u00d6llieferungen aus einem anderen Land ersetzen w\u00fcrde, das ebenfalls in Verruf steht. Die venezolanische Opposition um Interimspr\u00e4sident Juan Guaido besteht daher auf konkrete Fortschritte bei den Verhandlungen der USA mit der Maduro-Regierung in Richtung demokratische Transition.<\/p>\n<p>Die USA hatten ab 2014 erst schrittweise Sanktionen gegen das Maduro-Regime erlassen und dann 2019 ein besonders scharfes Embargo verh\u00e4ngt.<\/p>\n<p>\u00d6l ist seit dem Kriegsausbruch in der Ukraine knapp und teuer geworden, und Venezuela gilt immerhin als das Land mit den weltweit gr\u00f6\u00dften nachgewiesenen \u00d6lreserven.<\/p>\n<p>Wird den Amerikanern also in dieser neuen Weltlage das g\u00fcnstige \u00d6l wieder wichtiger als die weitere Sanktionierung des\u00a0 Maduro-Regimes?!?<\/p>\n","protected":false},"excerpt":{"rendered":"<p>Kein Staat auf der Welt verf\u00fcgt \u00fcber so viel Erd\u00f6l wie Venezuela, doch die Menschen hungern. Politisch ist das Land [&hellip;]<\/p>\n","protected":false},"author":4,"featured_media":2000,"comment_status":"closed","ping_status":"closed","sticky":false,"template":"","format":"standard","meta":{"footnotes":""},"categories":[23],"tags":[],"class_list":["post-94812","post","type-post","status-publish","format-standard","has-post-thumbnail","hentry","category-kommentar"],"yoast_head":"<!-- This site is optimized with the Yoast SEO plugin v27.1.1 - https:\/\/yoast.com\/product\/yoast-seo-wordpress\/ -->\n<title>Kommentar Juni 2022 \u2013 RECHT &amp; BILLIG - Spanien aktuell<\/title>\n<meta name=\"robots\" content=\"index, follow, max-snippet:-1, max-image-preview:large, max-video-preview:-1\" \/>\n<link rel=\"canonical\" href=\"https:\/\/spanienaktuell.net\/wordpress\/kommentar-juni-2022-recht-billig\/\" \/>\n<meta property=\"og:locale\" content=\"es_ES\" \/>\n<meta property=\"og:type\" content=\"article\" \/>\n<meta property=\"og:title\" content=\"Kommentar Juni 2022 \u2013 RECHT &amp; BILLIG - Spanien aktuell\" \/>\n<meta property=\"og:description\" content=\"Kein Staat auf der Welt verf\u00fcgt \u00fcber so viel Erd\u00f6l wie Venezuela, doch die Menschen hungern. Politisch ist das Land [&hellip;]\" \/>\n<meta property=\"og:url\" content=\"https:\/\/spanienaktuell.net\/wordpress\/kommentar-juni-2022-recht-billig\/\" \/>\n<meta property=\"og:site_name\" content=\"Spanien aktuell\" \/>\n<meta property=\"article:published_time\" content=\"2022-06-01T20:05:55+00:00\" \/>\n<meta property=\"article:modified_time\" content=\"2023-11-01T07:48:32+00:00\" \/>\n<meta property=\"og:image\" content=\"https:\/\/spanienaktuell.net\/wordpress\/wp-content\/uploads\/2017\/06\/kommentar.png\" \/>\n\t<meta property=\"og:image:width\" content=\"1920\" \/>\n\t<meta property=\"og:image:height\" content=\"1280\" \/>\n\t<meta property=\"og:image:type\" content=\"image\/png\" \/>\n<meta name=\"author\" content=\"Kai Ertel\" \/>\n<meta name=\"twitter:card\" content=\"summary_large_image\" \/>\n<meta name=\"twitter:label1\" content=\"Escrito por\" \/>\n\t<meta name=\"twitter:data1\" content=\"Kai Ertel\" \/>\n\t<meta name=\"twitter:label2\" content=\"Tiempo de lectura\" \/>\n\t<meta name=\"twitter:data2\" content=\"3 minutos\" \/>\n<script type=\"application\/ld+json\" class=\"yoast-schema-graph\">{\"@context\":\"https:\/\/schema.org\",\"@graph\":[{\"@type\":\"Article\",\"@id\":\"https:\/\/spanienaktuell.net\/wordpress\/kommentar-juni-2022-recht-billig\/#article\",\"isPartOf\":{\"@id\":\"https:\/\/spanienaktuell.net\/wordpress\/kommentar-juni-2022-recht-billig\/\"},\"author\":{\"name\":\"Kai Ertel\",\"@id\":\"https:\/\/spanienaktuell.net\/wordpress\/#\/schema\/person\/0e64ea555b02455cc98b58590d99c815\"},\"headline\":\"Kommentar Juni 2022 \u2013 RECHT &#038; BILLIG\",\"datePublished\":\"2022-06-01T20:05:55+00:00\",\"dateModified\":\"2023-11-01T07:48:32+00:00\",\"mainEntityOfPage\":{\"@id\":\"https:\/\/spanienaktuell.net\/wordpress\/kommentar-juni-2022-recht-billig\/\"},\"wordCount\":620,\"publisher\":{\"@id\":\"https:\/\/spanienaktuell.net\/wordpress\/#organization\"},\"image\":{\"@id\":\"https:\/\/spanienaktuell.net\/wordpress\/kommentar-juni-2022-recht-billig\/#primaryimage\"},\"thumbnailUrl\":\"https:\/\/spanienaktuell.net\/wordpress\/wp-content\/uploads\/2017\/06\/kommentar.png\",\"articleSection\":[\"Kommentar\"],\"inLanguage\":\"es\"},{\"@type\":\"WebPage\",\"@id\":\"https:\/\/spanienaktuell.net\/wordpress\/kommentar-juni-2022-recht-billig\/\",\"url\":\"https:\/\/spanienaktuell.net\/wordpress\/kommentar-juni-2022-recht-billig\/\",\"name\":\"Kommentar Juni 2022 \u2013 RECHT & BILLIG - Spanien aktuell\",\"isPartOf\":{\"@id\":\"https:\/\/spanienaktuell.net\/wordpress\/#website\"},\"primaryImageOfPage\":{\"@id\":\"https:\/\/spanienaktuell.net\/wordpress\/kommentar-juni-2022-recht-billig\/#primaryimage\"},\"image\":{\"@id\":\"https:\/\/spanienaktuell.net\/wordpress\/kommentar-juni-2022-recht-billig\/#primaryimage\"},\"thumbnailUrl\":\"https:\/\/spanienaktuell.net\/wordpress\/wp-content\/uploads\/2017\/06\/kommentar.png\",\"datePublished\":\"2022-06-01T20:05:55+00:00\",\"dateModified\":\"2023-11-01T07:48:32+00:00\",\"breadcrumb\":{\"@id\":\"https:\/\/spanienaktuell.net\/wordpress\/kommentar-juni-2022-recht-billig\/#breadcrumb\"},\"inLanguage\":\"es\",\"potentialAction\":[{\"@type\":\"ReadAction\",\"target\":[\"https:\/\/spanienaktuell.net\/wordpress\/kommentar-juni-2022-recht-billig\/\"]}]},{\"@type\":\"ImageObject\",\"inLanguage\":\"es\",\"@id\":\"https:\/\/spanienaktuell.net\/wordpress\/kommentar-juni-2022-recht-billig\/#primaryimage\",\"url\":\"https:\/\/spanienaktuell.net\/wordpress\/wp-content\/uploads\/2017\/06\/kommentar.png\",\"contentUrl\":\"https:\/\/spanienaktuell.net\/wordpress\/wp-content\/uploads\/2017\/06\/kommentar.png\",\"width\":1920,\"height\":1280},{\"@type\":\"BreadcrumbList\",\"@id\":\"https:\/\/spanienaktuell.net\/wordpress\/kommentar-juni-2022-recht-billig\/#breadcrumb\",\"itemListElement\":[{\"@type\":\"ListItem\",\"position\":1,\"name\":\"Portada\",\"item\":\"https:\/\/spanienaktuell.net\/wordpress\/\"},{\"@type\":\"ListItem\",\"position\":2,\"name\":\"Kommentar Juni 2022 \u2013 RECHT &#038; BILLIG\"}]},{\"@type\":\"WebSite\",\"@id\":\"https:\/\/spanienaktuell.net\/wordpress\/#website\",\"url\":\"https:\/\/spanienaktuell.net\/wordpress\/\",\"name\":\"Spanien aktuell\",\"description\":\"The German magazine number 1 on the Costa del Sol\",\"publisher\":{\"@id\":\"https:\/\/spanienaktuell.net\/wordpress\/#organization\"},\"potentialAction\":[{\"@type\":\"SearchAction\",\"target\":{\"@type\":\"EntryPoint\",\"urlTemplate\":\"https:\/\/spanienaktuell.net\/wordpress\/?s={search_term_string}\"},\"query-input\":{\"@type\":\"PropertyValueSpecification\",\"valueRequired\":true,\"valueName\":\"search_term_string\"}}],\"inLanguage\":\"es\"},{\"@type\":\"Organization\",\"@id\":\"https:\/\/spanienaktuell.net\/wordpress\/#organization\",\"name\":\"Spanien aktuell\",\"url\":\"https:\/\/spanienaktuell.net\/wordpress\/\",\"logo\":{\"@type\":\"ImageObject\",\"inLanguage\":\"es\",\"@id\":\"https:\/\/spanienaktuell.net\/wordpress\/#\/schema\/logo\/image\/\",\"url\":\"https:\/\/spanienaktuell.net\/wordpress\/wp-content\/uploads\/2019\/06\/cropped-Logo-spanien-aktuell-png-web-e1561631085388.png\",\"contentUrl\":\"https:\/\/spanienaktuell.net\/wordpress\/wp-content\/uploads\/2019\/06\/cropped-Logo-spanien-aktuell-png-web-e1561631085388.png\",\"width\":512,\"height\":110,\"caption\":\"Spanien aktuell\"},\"image\":{\"@id\":\"https:\/\/spanienaktuell.net\/wordpress\/#\/schema\/logo\/image\/\"}},{\"@type\":\"Person\",\"@id\":\"https:\/\/spanienaktuell.net\/wordpress\/#\/schema\/person\/0e64ea555b02455cc98b58590d99c815\",\"name\":\"Kai Ertel\",\"image\":{\"@type\":\"ImageObject\",\"inLanguage\":\"es\",\"@id\":\"https:\/\/spanienaktuell.net\/wordpress\/#\/schema\/person\/image\/\",\"url\":\"https:\/\/spanienaktuell.net\/wordpress\/wp-content\/uploads\/2023\/11\/kai-ertel.png\",\"contentUrl\":\"https:\/\/spanienaktuell.net\/wordpress\/wp-content\/uploads\/2023\/11\/kai-ertel.png\",\"caption\":\"Kai Ertel\"},\"url\":\"https:\/\/spanienaktuell.net\/wordpress\/author\/kaiertel\/\"}]}<\/script>\n<!-- \/ Yoast SEO plugin. -->","yoast_head_json":{"title":"Kommentar Juni 2022 \u2013 RECHT & BILLIG - Spanien aktuell","robots":{"index":"index","follow":"follow","max-snippet":"max-snippet:-1","max-image-preview":"max-image-preview:large","max-video-preview":"max-video-preview:-1"},"canonical":"https:\/\/spanienaktuell.net\/wordpress\/kommentar-juni-2022-recht-billig\/","og_locale":"es_ES","og_type":"article","og_title":"Kommentar Juni 2022 \u2013 RECHT & BILLIG - Spanien aktuell","og_description":"Kein Staat auf der Welt verf\u00fcgt \u00fcber so viel Erd\u00f6l wie Venezuela, doch die Menschen hungern. Politisch ist das Land [&hellip;]","og_url":"https:\/\/spanienaktuell.net\/wordpress\/kommentar-juni-2022-recht-billig\/","og_site_name":"Spanien aktuell","article_published_time":"2022-06-01T20:05:55+00:00","article_modified_time":"2023-11-01T07:48:32+00:00","og_image":[{"width":1920,"height":1280,"url":"https:\/\/spanienaktuell.net\/wordpress\/wp-content\/uploads\/2017\/06\/kommentar.png","type":"image\/png"}],"author":"Kai Ertel","twitter_card":"summary_large_image","twitter_misc":{"Escrito por":"Kai Ertel","Tiempo de lectura":"3 minutos"},"schema":{"@context":"https:\/\/schema.org","@graph":[{"@type":"Article","@id":"https:\/\/spanienaktuell.net\/wordpress\/kommentar-juni-2022-recht-billig\/#article","isPartOf":{"@id":"https:\/\/spanienaktuell.net\/wordpress\/kommentar-juni-2022-recht-billig\/"},"author":{"name":"Kai Ertel","@id":"https:\/\/spanienaktuell.net\/wordpress\/#\/schema\/person\/0e64ea555b02455cc98b58590d99c815"},"headline":"Kommentar Juni 2022 \u2013 RECHT &#038; BILLIG","datePublished":"2022-06-01T20:05:55+00:00","dateModified":"2023-11-01T07:48:32+00:00","mainEntityOfPage":{"@id":"https:\/\/spanienaktuell.net\/wordpress\/kommentar-juni-2022-recht-billig\/"},"wordCount":620,"publisher":{"@id":"https:\/\/spanienaktuell.net\/wordpress\/#organization"},"image":{"@id":"https:\/\/spanienaktuell.net\/wordpress\/kommentar-juni-2022-recht-billig\/#primaryimage"},"thumbnailUrl":"https:\/\/spanienaktuell.net\/wordpress\/wp-content\/uploads\/2017\/06\/kommentar.png","articleSection":["Kommentar"],"inLanguage":"es"},{"@type":"WebPage","@id":"https:\/\/spanienaktuell.net\/wordpress\/kommentar-juni-2022-recht-billig\/","url":"https:\/\/spanienaktuell.net\/wordpress\/kommentar-juni-2022-recht-billig\/","name":"Kommentar Juni 2022 \u2013 RECHT & BILLIG - Spanien aktuell","isPartOf":{"@id":"https:\/\/spanienaktuell.net\/wordpress\/#website"},"primaryImageOfPage":{"@id":"https:\/\/spanienaktuell.net\/wordpress\/kommentar-juni-2022-recht-billig\/#primaryimage"},"image":{"@id":"https:\/\/spanienaktuell.net\/wordpress\/kommentar-juni-2022-recht-billig\/#primaryimage"},"thumbnailUrl":"https:\/\/spanienaktuell.net\/wordpress\/wp-content\/uploads\/2017\/06\/kommentar.png","datePublished":"2022-06-01T20:05:55+00:00","dateModified":"2023-11-01T07:48:32+00:00","breadcrumb":{"@id":"https:\/\/spanienaktuell.net\/wordpress\/kommentar-juni-2022-recht-billig\/#breadcrumb"},"inLanguage":"es","potentialAction":[{"@type":"ReadAction","target":["https:\/\/spanienaktuell.net\/wordpress\/kommentar-juni-2022-recht-billig\/"]}]},{"@type":"ImageObject","inLanguage":"es","@id":"https:\/\/spanienaktuell.net\/wordpress\/kommentar-juni-2022-recht-billig\/#primaryimage","url":"https:\/\/spanienaktuell.net\/wordpress\/wp-content\/uploads\/2017\/06\/kommentar.png","contentUrl":"https:\/\/spanienaktuell.net\/wordpress\/wp-content\/uploads\/2017\/06\/kommentar.png","width":1920,"height":1280},{"@type":"BreadcrumbList","@id":"https:\/\/spanienaktuell.net\/wordpress\/kommentar-juni-2022-recht-billig\/#breadcrumb","itemListElement":[{"@type":"ListItem","position":1,"name":"Portada","item":"https:\/\/spanienaktuell.net\/wordpress\/"},{"@type":"ListItem","position":2,"name":"Kommentar Juni 2022 \u2013 RECHT &#038; BILLIG"}]},{"@type":"WebSite","@id":"https:\/\/spanienaktuell.net\/wordpress\/#website","url":"https:\/\/spanienaktuell.net\/wordpress\/","name":"Spanien aktuell","description":"The German magazine number 1 on the Costa del Sol","publisher":{"@id":"https:\/\/spanienaktuell.net\/wordpress\/#organization"},"potentialAction":[{"@type":"SearchAction","target":{"@type":"EntryPoint","urlTemplate":"https:\/\/spanienaktuell.net\/wordpress\/?s={search_term_string}"},"query-input":{"@type":"PropertyValueSpecification","valueRequired":true,"valueName":"search_term_string"}}],"inLanguage":"es"},{"@type":"Organization","@id":"https:\/\/spanienaktuell.net\/wordpress\/#organization","name":"Spanien aktuell","url":"https:\/\/spanienaktuell.net\/wordpress\/","logo":{"@type":"ImageObject","inLanguage":"es","@id":"https:\/\/spanienaktuell.net\/wordpress\/#\/schema\/logo\/image\/","url":"https:\/\/spanienaktuell.net\/wordpress\/wp-content\/uploads\/2019\/06\/cropped-Logo-spanien-aktuell-png-web-e1561631085388.png","contentUrl":"https:\/\/spanienaktuell.net\/wordpress\/wp-content\/uploads\/2019\/06\/cropped-Logo-spanien-aktuell-png-web-e1561631085388.png","width":512,"height":110,"caption":"Spanien aktuell"},"image":{"@id":"https:\/\/spanienaktuell.net\/wordpress\/#\/schema\/logo\/image\/"}},{"@type":"Person","@id":"https:\/\/spanienaktuell.net\/wordpress\/#\/schema\/person\/0e64ea555b02455cc98b58590d99c815","name":"Kai Ertel","image":{"@type":"ImageObject","inLanguage":"es","@id":"https:\/\/spanienaktuell.net\/wordpress\/#\/schema\/person\/image\/","url":"https:\/\/spanienaktuell.net\/wordpress\/wp-content\/uploads\/2023\/11\/kai-ertel.png","contentUrl":"https:\/\/spanienaktuell.net\/wordpress\/wp-content\/uploads\/2023\/11\/kai-ertel.png","caption":"Kai Ertel"},"url":"https:\/\/spanienaktuell.net\/wordpress\/author\/kaiertel\/"}]}},"_links":{"self":[{"href":"https:\/\/spanienaktuell.net\/wordpress\/wp-json\/wp\/v2\/posts\/94812","targetHints":{"allow":["GET"]}}],"collection":[{"href":"https:\/\/spanienaktuell.net\/wordpress\/wp-json\/wp\/v2\/posts"}],"about":[{"href":"https:\/\/spanienaktuell.net\/wordpress\/wp-json\/wp\/v2\/types\/post"}],"author":[{"embeddable":true,"href":"https:\/\/spanienaktuell.net\/wordpress\/wp-json\/wp\/v2\/users\/4"}],"replies":[{"embeddable":true,"href":"https:\/\/spanienaktuell.net\/wordpress\/wp-json\/wp\/v2\/comments?post=94812"}],"version-history":[{"count":1,"href":"https:\/\/spanienaktuell.net\/wordpress\/wp-json\/wp\/v2\/posts\/94812\/revisions"}],"predecessor-version":[{"id":94816,"href":"https:\/\/spanienaktuell.net\/wordpress\/wp-json\/wp\/v2\/posts\/94812\/revisions\/94816"}],"wp:featuredmedia":[{"embeddable":true,"href":"https:\/\/spanienaktuell.net\/wordpress\/wp-json\/wp\/v2\/media\/2000"}],"wp:attachment":[{"href":"https:\/\/spanienaktuell.net\/wordpress\/wp-json\/wp\/v2\/media?parent=94812"}],"wp:term":[{"taxonomy":"category","embeddable":true,"href":"https:\/\/spanienaktuell.net\/wordpress\/wp-json\/wp\/v2\/categories?post=94812"},{"taxonomy":"post_tag","embeddable":true,"href":"https:\/\/spanienaktuell.net\/wordpress\/wp-json\/wp\/v2\/tags?post=94812"}],"curies":[{"name":"wp","href":"https:\/\/api.w.org\/{rel}","templated":true}]}}