{"id":94817,"date":"2022-06-01T21:07:41","date_gmt":"2022-06-01T20:07:41","guid":{"rendered":"https:\/\/spanienaktuell.net\/wordpress\/?p=94817"},"modified":"2022-06-01T21:07:41","modified_gmt":"2022-06-01T20:07:41","slug":"siri-alexa-und-co-stressen-user-mit-der-zeit","status":"publish","type":"post","link":"https:\/\/spanienaktuell.net\/wordpress\/siri-alexa-und-co-stressen-user-mit-der-zeit\/","title":{"rendered":"Siri, Alexa und Co stressen User mit der Zeit"},"content":{"rendered":"<figure id=\"attachment_94818\" aria-describedby=\"caption-attachment-94818\" style=\"width: 1440px\" class=\"wp-caption aligncenter\"><img decoding=\"async\" class=\"size-full wp-image-94818\" src=\"https:\/\/spanienaktuell.net\/wordpress\/wp-content\/uploads\/2022\/06\/Foto-Pixabay-Geraltrobot-g20342b794_1920-scaled.jpg\" alt=\"\" width=\"1440\" height=\"1018\" srcset=\"https:\/\/spanienaktuell.net\/wordpress\/wp-content\/uploads\/2022\/06\/Foto-Pixabay-Geraltrobot-g20342b794_1920-scaled.jpg 1440w, https:\/\/spanienaktuell.net\/wordpress\/wp-content\/uploads\/2022\/06\/Foto-Pixabay-Geraltrobot-g20342b794_1920-300x212.jpg 300w, https:\/\/spanienaktuell.net\/wordpress\/wp-content\/uploads\/2022\/06\/Foto-Pixabay-Geraltrobot-g20342b794_1920-1024x724.jpg 1024w, https:\/\/spanienaktuell.net\/wordpress\/wp-content\/uploads\/2022\/06\/Foto-Pixabay-Geraltrobot-g20342b794_1920-768x543.jpg 768w, https:\/\/spanienaktuell.net\/wordpress\/wp-content\/uploads\/2022\/06\/Foto-Pixabay-Geraltrobot-g20342b794_1920-1536x1086.jpg 1536w\" sizes=\"(max-width: 1440px) 100vw, 1440px\" \/><figcaption id=\"caption-attachment-94818\" class=\"wp-caption-text\">Foto: Pixabay-Geralt<\/figcaption><\/figure>\n<h2 style=\"text-align: center;\"><em>Forscher haben Umfragen mit \u00fcber 1.000 Nutzern intelligenter Sprachassistenten durchgef\u00fchrt<\/em><\/h2>\n<p><em>\u00a0<\/em>Die regelm\u00e4\u00dfige intensive Nutzung intelligenter pers\u00f6nlicher Assistenten wie Amazons \u00abAlexa\u00bb, Googles \u201eAssistant\u00bb oder Apples \u201eSiri\u00bb \u00fcber einen l\u00e4ngeren Zeitraum k\u00f6nnen Stress erzeugen. Zu dem Schluss kommen Forscher der Ruhr-Universit\u00e4t Bochum in ihrer neuen im \u201eJournal of the Academy of Marketing Science\u00bb publizierten Studie.<\/p>\n<p><strong>Mensch-Technologie-Beziehung<\/strong><\/p>\n<figure id=\"attachment_94819\" aria-describedby=\"caption-attachment-94819\" style=\"width: 1440px\" class=\"wp-caption aligncenter\"><img decoding=\"async\" class=\"size-full wp-image-94819\" src=\"https:\/\/spanienaktuell.net\/wordpress\/wp-content\/uploads\/2022\/06\/Foto-Pixabay-HeikoAL-echo-dot-gb94b6b427_1920-scaled.jpg\" alt=\"\" width=\"1440\" height=\"960\" srcset=\"https:\/\/spanienaktuell.net\/wordpress\/wp-content\/uploads\/2022\/06\/Foto-Pixabay-HeikoAL-echo-dot-gb94b6b427_1920-scaled.jpg 1440w, https:\/\/spanienaktuell.net\/wordpress\/wp-content\/uploads\/2022\/06\/Foto-Pixabay-HeikoAL-echo-dot-gb94b6b427_1920-300x200.jpg 300w, https:\/\/spanienaktuell.net\/wordpress\/wp-content\/uploads\/2022\/06\/Foto-Pixabay-HeikoAL-echo-dot-gb94b6b427_1920-1024x683.jpg 1024w, https:\/\/spanienaktuell.net\/wordpress\/wp-content\/uploads\/2022\/06\/Foto-Pixabay-HeikoAL-echo-dot-gb94b6b427_1920-768x512.jpg 768w, https:\/\/spanienaktuell.net\/wordpress\/wp-content\/uploads\/2022\/06\/Foto-Pixabay-HeikoAL-echo-dot-gb94b6b427_1920-1536x1024.jpg 1536w\" sizes=\"(max-width: 1440px) 100vw, 1440px\" \/><figcaption id=\"caption-attachment-94819\" class=\"wp-caption-text\">Foto: Pixabay-HeikoAL<\/figcaption><\/figure>\n<p>RUB-Forscher Sascha Alavi hat mit Kollegen der Universit\u00e4t Neuch\u00e2tel Umfragen mit mehr als 1.000 Nutzern von intelligenten Sprachassistenten sowie qualitative Tiefen-Interviews mit elf Usern durchgef\u00fchrt. Ergebnis: Viele von ihnen schreiben den intelligenten pers\u00f6nlichen Assistenten einen nahezu menschlichen Verstand zu.<\/p>\n<p>\u201eUnsere Studienergebnisse best\u00e4tigen also zun\u00e4chst einen durchaus positiven Effekt der Mensch-Technologie-Beziehung\u00bb, so Alavi. Auf der anderen Seite konnte das Team erstmals auch beweisen, dass diese Zuschreibung menschlicher Eigenschaften auf die Technologie negative Effekte haben kann.<\/p>\n<p><strong>Erst Honeymoon, dann Problem<\/strong><\/p>\n<figure id=\"attachment_94820\" aria-describedby=\"caption-attachment-94820\" style=\"width: 1440px\" class=\"wp-caption aligncenter\"><img decoding=\"async\" class=\"size-full wp-image-94820\" src=\"https:\/\/spanienaktuell.net\/wordpress\/wp-content\/uploads\/2022\/06\/Foto-Pixabay-pink-rose-g5ec29ca0f_1920-scaled.jpg\" alt=\"\" width=\"1440\" height=\"845\" srcset=\"https:\/\/spanienaktuell.net\/wordpress\/wp-content\/uploads\/2022\/06\/Foto-Pixabay-pink-rose-g5ec29ca0f_1920-scaled.jpg 1440w, https:\/\/spanienaktuell.net\/wordpress\/wp-content\/uploads\/2022\/06\/Foto-Pixabay-pink-rose-g5ec29ca0f_1920-300x176.jpg 300w, https:\/\/spanienaktuell.net\/wordpress\/wp-content\/uploads\/2022\/06\/Foto-Pixabay-pink-rose-g5ec29ca0f_1920-1024x601.jpg 1024w, https:\/\/spanienaktuell.net\/wordpress\/wp-content\/uploads\/2022\/06\/Foto-Pixabay-pink-rose-g5ec29ca0f_1920-768x451.jpg 768w, https:\/\/spanienaktuell.net\/wordpress\/wp-content\/uploads\/2022\/06\/Foto-Pixabay-pink-rose-g5ec29ca0f_1920-1536x902.jpg 1536w\" sizes=\"(max-width: 1440px) 100vw, 1440px\" \/><figcaption id=\"caption-attachment-94820\" class=\"wp-caption-text\">Foto: Pixabay<\/figcaption><\/figure>\n<p>\u201eUnserer Studie zufolge f\u00fchlen sich etwa 30 Prozent der Nutzer mitunter auch von den Systemen in ihrer Identit\u00e4t bedroht. Sie nehmen die Assistenten als rivalisierend wahr. Sie sorgen sich um ihre Unabh\u00e4ngigkeit, sehen ihre Privatsph\u00e4re in Gefahr\u00bb, erkl\u00e4rt Alavi. Diese sch\u00e4digenden Effekte w\u00fcrden besonders dann h\u00e4ufig auftreten, wenn zwischen Mensch und Assistenzsystem bereits eine enge, lange Beziehung best\u00fcnde.<\/p>\n<p>\u201eIn den ersten acht Monaten gibt es keine Probleme. Man k\u00f6nnte von einem &#8216;Honeymoon-Effekt&#8217; sprechen\u00bb, so Alavi. Danach setze die stressende Wirkung ein. \u201eBei etwa 20 Prozent der Konsumenten beeintr\u00e4chtigt die intensive Nutzung von Artificial Intelligence Assistants \u00fcber einen Zeitraum von acht Monaten ihr Wohlbefinden\u00bb, erkl\u00e4rt Alavi. Der Stress r\u00fchre vor allem von den Sorgen der Menschen, dass solche Technologien sie eines Tages ersetzen k\u00f6nnten.<\/p>\n<p>Quelle: Bochum pte016\/06 <a href=\"http:\/\/rub.de\">http:\/\/rub.de<\/a><\/p>\n","protected":false},"excerpt":{"rendered":"<p>Forscher haben Umfragen mit \u00fcber 1.000 Nutzern intelligenter Sprachassistenten durchgef\u00fchrt \u00a0Die regelm\u00e4\u00dfige intensive Nutzung intelligenter pers\u00f6nlicher Assistenten wie Amazons \u00abAlexa\u00bb, [&hellip;]<\/p>\n","protected":false},"author":3,"featured_media":94818,"comment_status":"closed","ping_status":"closed","sticky":false,"template":"","format":"standard","meta":{"footnotes":""},"categories":[30],"tags":[],"class_list":["post-94817","post","type-post","status-publish","format-standard","has-post-thumbnail","hentry","category-recht-gesellschaft"],"yoast_head":"<!-- This site is optimized with the Yoast SEO plugin v27.1.1 - https:\/\/yoast.com\/product\/yoast-seo-wordpress\/ -->\n<title>Siri, Alexa und Co stressen User mit der Zeit - Spanien aktuell<\/title>\n<meta name=\"robots\" content=\"index, follow, max-snippet:-1, max-image-preview:large, max-video-preview:-1\" \/>\n<link rel=\"canonical\" href=\"https:\/\/spanienaktuell.net\/wordpress\/siri-alexa-und-co-stressen-user-mit-der-zeit\/\" \/>\n<meta property=\"og:locale\" content=\"es_ES\" \/>\n<meta property=\"og:type\" content=\"article\" \/>\n<meta property=\"og:title\" content=\"Siri, Alexa und Co stressen User mit der Zeit - Spanien aktuell\" \/>\n<meta property=\"og:description\" content=\"Forscher haben Umfragen mit \u00fcber 1.000 Nutzern intelligenter Sprachassistenten durchgef\u00fchrt \u00a0Die regelm\u00e4\u00dfige intensive Nutzung intelligenter pers\u00f6nlicher Assistenten wie Amazons \u00abAlexa\u00bb, [&hellip;]\" \/>\n<meta property=\"og:url\" content=\"https:\/\/spanienaktuell.net\/wordpress\/siri-alexa-und-co-stressen-user-mit-der-zeit\/\" \/>\n<meta property=\"og:site_name\" content=\"Spanien aktuell\" \/>\n<meta property=\"article:published_time\" content=\"2022-06-01T20:07:41+00:00\" \/>\n<meta property=\"og:image\" content=\"https:\/\/spanienaktuell.net\/wordpress\/wp-content\/uploads\/2022\/06\/Foto-Pixabay-Geraltrobot-g20342b794_1920-scaled.jpg\" \/>\n\t<meta property=\"og:image:width\" content=\"1440\" \/>\n\t<meta property=\"og:image:height\" content=\"1018\" \/>\n\t<meta property=\"og:image:type\" content=\"image\/jpeg\" \/>\n<meta name=\"author\" content=\"Spanien Aktuell\" \/>\n<meta name=\"twitter:card\" content=\"summary_large_image\" \/>\n<meta name=\"twitter:label1\" content=\"Escrito por\" \/>\n\t<meta name=\"twitter:data1\" content=\"Spanien Aktuell\" \/>\n\t<meta name=\"twitter:label2\" content=\"Tiempo de lectura\" \/>\n\t<meta name=\"twitter:data2\" content=\"2 minutos\" \/>\n<script type=\"application\/ld+json\" class=\"yoast-schema-graph\">{\"@context\":\"https:\/\/schema.org\",\"@graph\":[{\"@type\":\"Article\",\"@id\":\"https:\/\/spanienaktuell.net\/wordpress\/siri-alexa-und-co-stressen-user-mit-der-zeit\/#article\",\"isPartOf\":{\"@id\":\"https:\/\/spanienaktuell.net\/wordpress\/siri-alexa-und-co-stressen-user-mit-der-zeit\/\"},\"author\":{\"name\":\"Spanien Aktuell\",\"@id\":\"https:\/\/spanienaktuell.net\/wordpress\/#\/schema\/person\/bc410cfae0161b201d837ebfeeba7fd0\"},\"headline\":\"Siri, Alexa und Co stressen User mit der Zeit\",\"datePublished\":\"2022-06-01T20:07:41+00:00\",\"mainEntityOfPage\":{\"@id\":\"https:\/\/spanienaktuell.net\/wordpress\/siri-alexa-und-co-stressen-user-mit-der-zeit\/\"},\"wordCount\":319,\"publisher\":{\"@id\":\"https:\/\/spanienaktuell.net\/wordpress\/#organization\"},\"image\":{\"@id\":\"https:\/\/spanienaktuell.net\/wordpress\/siri-alexa-und-co-stressen-user-mit-der-zeit\/#primaryimage\"},\"thumbnailUrl\":\"https:\/\/spanienaktuell.net\/wordpress\/wp-content\/uploads\/2022\/06\/Foto-Pixabay-Geraltrobot-g20342b794_1920-scaled.jpg\",\"articleSection\":[\"Recht\"],\"inLanguage\":\"es\"},{\"@type\":\"WebPage\",\"@id\":\"https:\/\/spanienaktuell.net\/wordpress\/siri-alexa-und-co-stressen-user-mit-der-zeit\/\",\"url\":\"https:\/\/spanienaktuell.net\/wordpress\/siri-alexa-und-co-stressen-user-mit-der-zeit\/\",\"name\":\"Siri, Alexa und Co stressen User mit der Zeit - Spanien aktuell\",\"isPartOf\":{\"@id\":\"https:\/\/spanienaktuell.net\/wordpress\/#website\"},\"primaryImageOfPage\":{\"@id\":\"https:\/\/spanienaktuell.net\/wordpress\/siri-alexa-und-co-stressen-user-mit-der-zeit\/#primaryimage\"},\"image\":{\"@id\":\"https:\/\/spanienaktuell.net\/wordpress\/siri-alexa-und-co-stressen-user-mit-der-zeit\/#primaryimage\"},\"thumbnailUrl\":\"https:\/\/spanienaktuell.net\/wordpress\/wp-content\/uploads\/2022\/06\/Foto-Pixabay-Geraltrobot-g20342b794_1920-scaled.jpg\",\"datePublished\":\"2022-06-01T20:07:41+00:00\",\"breadcrumb\":{\"@id\":\"https:\/\/spanienaktuell.net\/wordpress\/siri-alexa-und-co-stressen-user-mit-der-zeit\/#breadcrumb\"},\"inLanguage\":\"es\",\"potentialAction\":[{\"@type\":\"ReadAction\",\"target\":[\"https:\/\/spanienaktuell.net\/wordpress\/siri-alexa-und-co-stressen-user-mit-der-zeit\/\"]}]},{\"@type\":\"ImageObject\",\"inLanguage\":\"es\",\"@id\":\"https:\/\/spanienaktuell.net\/wordpress\/siri-alexa-und-co-stressen-user-mit-der-zeit\/#primaryimage\",\"url\":\"https:\/\/spanienaktuell.net\/wordpress\/wp-content\/uploads\/2022\/06\/Foto-Pixabay-Geraltrobot-g20342b794_1920-scaled.jpg\",\"contentUrl\":\"https:\/\/spanienaktuell.net\/wordpress\/wp-content\/uploads\/2022\/06\/Foto-Pixabay-Geraltrobot-g20342b794_1920-scaled.jpg\",\"width\":1440,\"height\":1018,\"caption\":\"Foto: Pixabay-Geralt\"},{\"@type\":\"BreadcrumbList\",\"@id\":\"https:\/\/spanienaktuell.net\/wordpress\/siri-alexa-und-co-stressen-user-mit-der-zeit\/#breadcrumb\",\"itemListElement\":[{\"@type\":\"ListItem\",\"position\":1,\"name\":\"Portada\",\"item\":\"https:\/\/spanienaktuell.net\/wordpress\/\"},{\"@type\":\"ListItem\",\"position\":2,\"name\":\"Siri, Alexa und Co stressen User mit der Zeit\"}]},{\"@type\":\"WebSite\",\"@id\":\"https:\/\/spanienaktuell.net\/wordpress\/#website\",\"url\":\"https:\/\/spanienaktuell.net\/wordpress\/\",\"name\":\"Spanien aktuell\",\"description\":\"The German magazine number 1 on the Costa del Sol\",\"publisher\":{\"@id\":\"https:\/\/spanienaktuell.net\/wordpress\/#organization\"},\"potentialAction\":[{\"@type\":\"SearchAction\",\"target\":{\"@type\":\"EntryPoint\",\"urlTemplate\":\"https:\/\/spanienaktuell.net\/wordpress\/?s={search_term_string}\"},\"query-input\":{\"@type\":\"PropertyValueSpecification\",\"valueRequired\":true,\"valueName\":\"search_term_string\"}}],\"inLanguage\":\"es\"},{\"@type\":\"Organization\",\"@id\":\"https:\/\/spanienaktuell.net\/wordpress\/#organization\",\"name\":\"Spanien aktuell\",\"url\":\"https:\/\/spanienaktuell.net\/wordpress\/\",\"logo\":{\"@type\":\"ImageObject\",\"inLanguage\":\"es\",\"@id\":\"https:\/\/spanienaktuell.net\/wordpress\/#\/schema\/logo\/image\/\",\"url\":\"https:\/\/spanienaktuell.net\/wordpress\/wp-content\/uploads\/2019\/06\/cropped-Logo-spanien-aktuell-png-web-e1561631085388.png\",\"contentUrl\":\"https:\/\/spanienaktuell.net\/wordpress\/wp-content\/uploads\/2019\/06\/cropped-Logo-spanien-aktuell-png-web-e1561631085388.png\",\"width\":512,\"height\":110,\"caption\":\"Spanien aktuell\"},\"image\":{\"@id\":\"https:\/\/spanienaktuell.net\/wordpress\/#\/schema\/logo\/image\/\"}},{\"@type\":\"Person\",\"@id\":\"https:\/\/spanienaktuell.net\/wordpress\/#\/schema\/person\/bc410cfae0161b201d837ebfeeba7fd0\",\"name\":\"Spanien Aktuell\",\"image\":{\"@type\":\"ImageObject\",\"inLanguage\":\"es\",\"@id\":\"https:\/\/spanienaktuell.net\/wordpress\/#\/schema\/person\/image\/\",\"url\":\"https:\/\/spanienaktuell.net\/wordpress\/wp-content\/uploads\/2019\/06\/cropped-Logo-spanien-aktuell-png-fav2-100x100.png\",\"contentUrl\":\"https:\/\/spanienaktuell.net\/wordpress\/wp-content\/uploads\/2019\/06\/cropped-Logo-spanien-aktuell-png-fav2-100x100.png\",\"caption\":\"Spanien Aktuell\"},\"url\":\"https:\/\/spanienaktuell.net\/wordpress\/author\/koalum\/\"}]}<\/script>\n<!-- \/ Yoast SEO plugin. -->","yoast_head_json":{"title":"Siri, Alexa und Co stressen User mit der Zeit - Spanien aktuell","robots":{"index":"index","follow":"follow","max-snippet":"max-snippet:-1","max-image-preview":"max-image-preview:large","max-video-preview":"max-video-preview:-1"},"canonical":"https:\/\/spanienaktuell.net\/wordpress\/siri-alexa-und-co-stressen-user-mit-der-zeit\/","og_locale":"es_ES","og_type":"article","og_title":"Siri, Alexa und Co stressen User mit der Zeit - Spanien aktuell","og_description":"Forscher haben Umfragen mit \u00fcber 1.000 Nutzern intelligenter Sprachassistenten durchgef\u00fchrt \u00a0Die regelm\u00e4\u00dfige intensive Nutzung intelligenter pers\u00f6nlicher Assistenten wie Amazons \u00abAlexa\u00bb, [&hellip;]","og_url":"https:\/\/spanienaktuell.net\/wordpress\/siri-alexa-und-co-stressen-user-mit-der-zeit\/","og_site_name":"Spanien aktuell","article_published_time":"2022-06-01T20:07:41+00:00","og_image":[{"width":1440,"height":1018,"url":"https:\/\/spanienaktuell.net\/wordpress\/wp-content\/uploads\/2022\/06\/Foto-Pixabay-Geraltrobot-g20342b794_1920-scaled.jpg","type":"image\/jpeg"}],"author":"Spanien Aktuell","twitter_card":"summary_large_image","twitter_misc":{"Escrito por":"Spanien Aktuell","Tiempo de lectura":"2 minutos"},"schema":{"@context":"https:\/\/schema.org","@graph":[{"@type":"Article","@id":"https:\/\/spanienaktuell.net\/wordpress\/siri-alexa-und-co-stressen-user-mit-der-zeit\/#article","isPartOf":{"@id":"https:\/\/spanienaktuell.net\/wordpress\/siri-alexa-und-co-stressen-user-mit-der-zeit\/"},"author":{"name":"Spanien Aktuell","@id":"https:\/\/spanienaktuell.net\/wordpress\/#\/schema\/person\/bc410cfae0161b201d837ebfeeba7fd0"},"headline":"Siri, Alexa und Co stressen User mit der Zeit","datePublished":"2022-06-01T20:07:41+00:00","mainEntityOfPage":{"@id":"https:\/\/spanienaktuell.net\/wordpress\/siri-alexa-und-co-stressen-user-mit-der-zeit\/"},"wordCount":319,"publisher":{"@id":"https:\/\/spanienaktuell.net\/wordpress\/#organization"},"image":{"@id":"https:\/\/spanienaktuell.net\/wordpress\/siri-alexa-und-co-stressen-user-mit-der-zeit\/#primaryimage"},"thumbnailUrl":"https:\/\/spanienaktuell.net\/wordpress\/wp-content\/uploads\/2022\/06\/Foto-Pixabay-Geraltrobot-g20342b794_1920-scaled.jpg","articleSection":["Recht"],"inLanguage":"es"},{"@type":"WebPage","@id":"https:\/\/spanienaktuell.net\/wordpress\/siri-alexa-und-co-stressen-user-mit-der-zeit\/","url":"https:\/\/spanienaktuell.net\/wordpress\/siri-alexa-und-co-stressen-user-mit-der-zeit\/","name":"Siri, Alexa und Co stressen User mit der Zeit - Spanien aktuell","isPartOf":{"@id":"https:\/\/spanienaktuell.net\/wordpress\/#website"},"primaryImageOfPage":{"@id":"https:\/\/spanienaktuell.net\/wordpress\/siri-alexa-und-co-stressen-user-mit-der-zeit\/#primaryimage"},"image":{"@id":"https:\/\/spanienaktuell.net\/wordpress\/siri-alexa-und-co-stressen-user-mit-der-zeit\/#primaryimage"},"thumbnailUrl":"https:\/\/spanienaktuell.net\/wordpress\/wp-content\/uploads\/2022\/06\/Foto-Pixabay-Geraltrobot-g20342b794_1920-scaled.jpg","datePublished":"2022-06-01T20:07:41+00:00","breadcrumb":{"@id":"https:\/\/spanienaktuell.net\/wordpress\/siri-alexa-und-co-stressen-user-mit-der-zeit\/#breadcrumb"},"inLanguage":"es","potentialAction":[{"@type":"ReadAction","target":["https:\/\/spanienaktuell.net\/wordpress\/siri-alexa-und-co-stressen-user-mit-der-zeit\/"]}]},{"@type":"ImageObject","inLanguage":"es","@id":"https:\/\/spanienaktuell.net\/wordpress\/siri-alexa-und-co-stressen-user-mit-der-zeit\/#primaryimage","url":"https:\/\/spanienaktuell.net\/wordpress\/wp-content\/uploads\/2022\/06\/Foto-Pixabay-Geraltrobot-g20342b794_1920-scaled.jpg","contentUrl":"https:\/\/spanienaktuell.net\/wordpress\/wp-content\/uploads\/2022\/06\/Foto-Pixabay-Geraltrobot-g20342b794_1920-scaled.jpg","width":1440,"height":1018,"caption":"Foto: Pixabay-Geralt"},{"@type":"BreadcrumbList","@id":"https:\/\/spanienaktuell.net\/wordpress\/siri-alexa-und-co-stressen-user-mit-der-zeit\/#breadcrumb","itemListElement":[{"@type":"ListItem","position":1,"name":"Portada","item":"https:\/\/spanienaktuell.net\/wordpress\/"},{"@type":"ListItem","position":2,"name":"Siri, Alexa und Co stressen User mit der Zeit"}]},{"@type":"WebSite","@id":"https:\/\/spanienaktuell.net\/wordpress\/#website","url":"https:\/\/spanienaktuell.net\/wordpress\/","name":"Spanien aktuell","description":"The German magazine number 1 on the Costa del Sol","publisher":{"@id":"https:\/\/spanienaktuell.net\/wordpress\/#organization"},"potentialAction":[{"@type":"SearchAction","target":{"@type":"EntryPoint","urlTemplate":"https:\/\/spanienaktuell.net\/wordpress\/?s={search_term_string}"},"query-input":{"@type":"PropertyValueSpecification","valueRequired":true,"valueName":"search_term_string"}}],"inLanguage":"es"},{"@type":"Organization","@id":"https:\/\/spanienaktuell.net\/wordpress\/#organization","name":"Spanien aktuell","url":"https:\/\/spanienaktuell.net\/wordpress\/","logo":{"@type":"ImageObject","inLanguage":"es","@id":"https:\/\/spanienaktuell.net\/wordpress\/#\/schema\/logo\/image\/","url":"https:\/\/spanienaktuell.net\/wordpress\/wp-content\/uploads\/2019\/06\/cropped-Logo-spanien-aktuell-png-web-e1561631085388.png","contentUrl":"https:\/\/spanienaktuell.net\/wordpress\/wp-content\/uploads\/2019\/06\/cropped-Logo-spanien-aktuell-png-web-e1561631085388.png","width":512,"height":110,"caption":"Spanien aktuell"},"image":{"@id":"https:\/\/spanienaktuell.net\/wordpress\/#\/schema\/logo\/image\/"}},{"@type":"Person","@id":"https:\/\/spanienaktuell.net\/wordpress\/#\/schema\/person\/bc410cfae0161b201d837ebfeeba7fd0","name":"Spanien Aktuell","image":{"@type":"ImageObject","inLanguage":"es","@id":"https:\/\/spanienaktuell.net\/wordpress\/#\/schema\/person\/image\/","url":"https:\/\/spanienaktuell.net\/wordpress\/wp-content\/uploads\/2019\/06\/cropped-Logo-spanien-aktuell-png-fav2-100x100.png","contentUrl":"https:\/\/spanienaktuell.net\/wordpress\/wp-content\/uploads\/2019\/06\/cropped-Logo-spanien-aktuell-png-fav2-100x100.png","caption":"Spanien Aktuell"},"url":"https:\/\/spanienaktuell.net\/wordpress\/author\/koalum\/"}]}},"_links":{"self":[{"href":"https:\/\/spanienaktuell.net\/wordpress\/wp-json\/wp\/v2\/posts\/94817","targetHints":{"allow":["GET"]}}],"collection":[{"href":"https:\/\/spanienaktuell.net\/wordpress\/wp-json\/wp\/v2\/posts"}],"about":[{"href":"https:\/\/spanienaktuell.net\/wordpress\/wp-json\/wp\/v2\/types\/post"}],"author":[{"embeddable":true,"href":"https:\/\/spanienaktuell.net\/wordpress\/wp-json\/wp\/v2\/users\/3"}],"replies":[{"embeddable":true,"href":"https:\/\/spanienaktuell.net\/wordpress\/wp-json\/wp\/v2\/comments?post=94817"}],"version-history":[{"count":1,"href":"https:\/\/spanienaktuell.net\/wordpress\/wp-json\/wp\/v2\/posts\/94817\/revisions"}],"predecessor-version":[{"id":94824,"href":"https:\/\/spanienaktuell.net\/wordpress\/wp-json\/wp\/v2\/posts\/94817\/revisions\/94824"}],"wp:featuredmedia":[{"embeddable":true,"href":"https:\/\/spanienaktuell.net\/wordpress\/wp-json\/wp\/v2\/media\/94818"}],"wp:attachment":[{"href":"https:\/\/spanienaktuell.net\/wordpress\/wp-json\/wp\/v2\/media?parent=94817"}],"wp:term":[{"taxonomy":"category","embeddable":true,"href":"https:\/\/spanienaktuell.net\/wordpress\/wp-json\/wp\/v2\/categories?post=94817"},{"taxonomy":"post_tag","embeddable":true,"href":"https:\/\/spanienaktuell.net\/wordpress\/wp-json\/wp\/v2\/tags?post=94817"}],"curies":[{"name":"wp","href":"https:\/\/api.w.org\/{rel}","templated":true}]}}