{"id":95079,"date":"2022-07-01T10:21:04","date_gmt":"2022-07-01T09:21:04","guid":{"rendered":"https:\/\/spanienaktuell.net\/wordpress\/?p=95079"},"modified":"2023-11-01T08:48:32","modified_gmt":"2023-11-01T07:48:32","slug":"kommentar-juli-2022-mikroplastik-war-gestern","status":"publish","type":"post","link":"https:\/\/spanienaktuell.net\/wordpress\/kommentar-juli-2022-mikroplastik-war-gestern\/","title":{"rendered":"Kommentar Juli 2022 &#8211; Mikroplastik war gestern"},"content":{"rendered":"<p>Wenn sich die Mikroplastik-Partikel immer weiter zersetzen, zum Beispiel durch Witterungseinfl\u00fcsse, werden sie immer kleiner u. erreichen Gr\u00f6\u00dfenordnungen im Nanobereich zwischen 1 und 100 Nanometern. Doch weggeworfenes Plastik ist bei weitem nicht die einzige Quelle dieser Nanopartikel. Durch den allt\u00e4glichen Gebrauch von Plastik-Produkten wie Verpackung, Kleidung aus Kunststofffasern, Autoreifen etc. werden weitere Nanoplastikpartikel freigesetzt.<\/p>\n<p>Prognosen zufolge wird die Kunststoffverschmutzung bis 2040 auf bis zu 80 Millionen Tonnen pro Jahr ansteigen. Bis zu 25 Millionen Tonnen Plastik werden derzeit pro Jahr durch Meeresluft, Schnee, Meeresgischt oder Nebel bis zu tausende Kilometer \u00fcber L\u00e4nder, Kontinente und Ozeane hinweg um die Welt transportiert.<\/p>\n<p>Im Meereis der Arktis haben Forscher bis zu 12.000 Plastikteilchen pro Liter nachgewiesen. Sch\u00e4tzungen gehen davon aus, dass die Verschmutzung mit Nanoplastik-Mikroplastik an Land die Belastung der Meere um das 4- bis 23-Fache \u00fcbersteigt.<\/p>\n<p>In der Schweiz schneit es Plastik: Laut einer Studie landen j\u00e4hrlich etwa 43 Trillionen feinste Plastikteilchen in der Schweiz. Wie viele es genau sind, dar\u00fcber ist sich die Forschung noch uneins. Aber gem\u00e4\u00df Sch\u00e4tzungen aus der Studie k\u00f6nnten es bis zu 3000 Tonnen Nanoplastik sein, mit denen die Schweiz j\u00e4hrlich \u00fcberzogen wird. In London regnet es Plastik: Bis zu 1.008 Plastikteilchen wurden in London je Quadratmeter u. Tag gemessen.<\/p>\n<p>Untersuchungen seit 2013 zeigen, dass der Mensch Plastikpartikel \u00fcber die Nahrung, Wasser u. Luft aufnehmen kann.<\/p>\n<p>Forscher der kanadischen University of Victoria analysierten 2019 insgesamt 26 Studien aus aller Welt zum Thema \u201ewie viel Plastik nimmt der Mensch \u00fcberhaupt auf?\u201c.<\/p>\n<p>Das Ergebnis der Studie ist erschreckend, denn die Forscher fanden in ihrer Untersuchung heraus, dass Menschen j\u00e4hrlich im Schnitt mehr als 39.000 bis 52.000 Plastikteilchen durch die Nahrung aufnehmen, abh\u00e4ngig von Alter und Geschlecht. Trinkt man regelm\u00e4\u00dfig Mineralwasser, dann kommen noch einmal bis zu 90.000 Plastikteilchen im Jahr hinzu. Egal, ob in Glas- oder PET-Flaschen abgef\u00fcllt. Mehrwegflaschen, so mehrere analysierte Studien, enthielt erstaunlicherweise mehr Plastikteile als das Wasser in Einwegflaschen. Die Aufnahmezahl in 2022 ist viel h\u00f6her, denn f\u00fcr die Studie lagen lediglich Untersuchungen zum Gehalt in Fisch, Meeresfr\u00fcchten, Salz, Honig, Zucker, Alkohol, Trink- bzw. Leitungswasser vor. Obst, Gem\u00fcse, Getreide, Fleisch oder Milchprodukte wurden bis 2019 nicht auf Plastik untersucht, da man davon ausging, dass hier kein Problem besteht.<\/p>\n<p>Forscher der Universit\u00e4t Catania haben dann auch 2020 in Obst und Gem\u00fcse die kleinen Kunststoffteilchen nachgewiesen. Den Forschenden gelang es, Teilchen mit einem Durchmesser kleiner, als zehn Mikrometer aufzusp\u00fcren \u2013 also ca. f\u00fcnfmal kleiner als ein menschliches Haar. Gefunden wurden sehr hohe Mengen von bis zu 223 000 Plastikteilchen je Gramm Obst oder Gem\u00fcse. Sie untersuchten Brokkoli, Salat, Karotten, Kartoffeln, Birnen u. \u00c4pfel. Je wasserhaltiger das Lebensmittel, desto mehr Kunststoff fanden sie darin. \u00c4pfel waren unter den Fr\u00fcchten am h\u00f6chsten belastet. Beim Gem\u00fcse fielen Karotten besonders negativ auf. Salat indes enthielt weniger Kunststoffteilchen.<\/p>\n<p>Rechnet man diese Funde auf einen ganzen Apfel hoch, enthielte dieser \u00fcber eine Million Partikel. Das ist gewaltig: Zuvor sch\u00e4tzten Forscher, dass Menschen aufs Jahr nur etwas mehr als hunderttausend Teilchen aufnehmen w\u00fcrden. Die Belastung muss der italienischen Studie zufolge erheblich nach oben korrigiert werden.<\/p>\n<p>In einer neuen Studie vom M\u00e4rz 2022 der Freien Universit\u00e4t Amsterdam wurden bei Probanden in 17 von 22 Blutproben auch Kunststoffr\u00fcckst\u00e4nde gefunden. Das Blut der Probanden enthielt den Kunststoff PET, Polyethylen und Polystyrol. In den meisten Proben fand das Team lediglich eine Sorte Kunststoff, in einigen zwei, in einer Blutprobe stie\u00dfen sie sogar auf drei verschiedene Sorten. Auch die Mengen variierten stark zwischen gut einem Mikrogramm Kunststoff pro Milliliter Blut bis hin zu zw\u00f6lf Mikrogramm.<\/p>\n<p><em>Die Zukunft u. neue Studien werden es zeigen, inwieweit der menschliche K\u00f6rper belastbar ist mit Plastik, denn wenn der Mensch so weitermacht wie bisher, wird er wahrscheinlich den Status Pikoplastik nicht mehr gesund erleben.<\/em><\/p>\n","protected":false},"excerpt":{"rendered":"<p>Wenn sich die Mikroplastik-Partikel immer weiter zersetzen, zum Beispiel durch Witterungseinfl\u00fcsse, werden sie immer kleiner u. erreichen Gr\u00f6\u00dfenordnungen im Nanobereich [&hellip;]<\/p>\n","protected":false},"author":4,"featured_media":2000,"comment_status":"closed","ping_status":"closed","sticky":false,"template":"","format":"standard","meta":{"footnotes":""},"categories":[23],"tags":[],"class_list":["post-95079","post","type-post","status-publish","format-standard","has-post-thumbnail","hentry","category-kommentar"],"yoast_head":"<!-- This site is optimized with the Yoast SEO plugin v27.1.1 - https:\/\/yoast.com\/product\/yoast-seo-wordpress\/ -->\n<title>Kommentar Juli 2022 - Mikroplastik war gestern - Spanien aktuell<\/title>\n<meta name=\"robots\" content=\"index, follow, max-snippet:-1, max-image-preview:large, max-video-preview:-1\" \/>\n<link rel=\"canonical\" href=\"https:\/\/spanienaktuell.net\/wordpress\/kommentar-juli-2022-mikroplastik-war-gestern\/\" \/>\n<meta property=\"og:locale\" content=\"es_ES\" \/>\n<meta property=\"og:type\" content=\"article\" \/>\n<meta property=\"og:title\" content=\"Kommentar Juli 2022 - Mikroplastik war gestern - Spanien aktuell\" \/>\n<meta property=\"og:description\" content=\"Wenn sich die Mikroplastik-Partikel immer weiter zersetzen, zum Beispiel durch Witterungseinfl\u00fcsse, werden sie immer kleiner u. erreichen Gr\u00f6\u00dfenordnungen im Nanobereich [&hellip;]\" \/>\n<meta property=\"og:url\" content=\"https:\/\/spanienaktuell.net\/wordpress\/kommentar-juli-2022-mikroplastik-war-gestern\/\" \/>\n<meta property=\"og:site_name\" content=\"Spanien aktuell\" \/>\n<meta property=\"article:published_time\" content=\"2022-07-01T09:21:04+00:00\" \/>\n<meta property=\"article:modified_time\" content=\"2023-11-01T07:48:32+00:00\" \/>\n<meta property=\"og:image\" content=\"https:\/\/spanienaktuell.net\/wordpress\/wp-content\/uploads\/2017\/06\/kommentar.png\" \/>\n\t<meta property=\"og:image:width\" content=\"1920\" \/>\n\t<meta property=\"og:image:height\" content=\"1280\" \/>\n\t<meta property=\"og:image:type\" content=\"image\/png\" \/>\n<meta name=\"author\" content=\"Kai Ertel\" \/>\n<meta name=\"twitter:card\" content=\"summary_large_image\" \/>\n<meta name=\"twitter:label1\" content=\"Escrito por\" \/>\n\t<meta name=\"twitter:data1\" content=\"Kai Ertel\" \/>\n\t<meta name=\"twitter:label2\" content=\"Tiempo de lectura\" \/>\n\t<meta name=\"twitter:data2\" content=\"3 minutos\" \/>\n<script type=\"application\/ld+json\" class=\"yoast-schema-graph\">{\"@context\":\"https:\/\/schema.org\",\"@graph\":[{\"@type\":\"Article\",\"@id\":\"https:\/\/spanienaktuell.net\/wordpress\/kommentar-juli-2022-mikroplastik-war-gestern\/#article\",\"isPartOf\":{\"@id\":\"https:\/\/spanienaktuell.net\/wordpress\/kommentar-juli-2022-mikroplastik-war-gestern\/\"},\"author\":{\"name\":\"Kai Ertel\",\"@id\":\"https:\/\/spanienaktuell.net\/wordpress\/#\/schema\/person\/0e64ea555b02455cc98b58590d99c815\"},\"headline\":\"Kommentar Juli 2022 &#8211; Mikroplastik war gestern\",\"datePublished\":\"2022-07-01T09:21:04+00:00\",\"dateModified\":\"2023-11-01T07:48:32+00:00\",\"mainEntityOfPage\":{\"@id\":\"https:\/\/spanienaktuell.net\/wordpress\/kommentar-juli-2022-mikroplastik-war-gestern\/\"},\"wordCount\":626,\"publisher\":{\"@id\":\"https:\/\/spanienaktuell.net\/wordpress\/#organization\"},\"image\":{\"@id\":\"https:\/\/spanienaktuell.net\/wordpress\/kommentar-juli-2022-mikroplastik-war-gestern\/#primaryimage\"},\"thumbnailUrl\":\"https:\/\/spanienaktuell.net\/wordpress\/wp-content\/uploads\/2017\/06\/kommentar.png\",\"articleSection\":[\"Kommentar\"],\"inLanguage\":\"es\"},{\"@type\":\"WebPage\",\"@id\":\"https:\/\/spanienaktuell.net\/wordpress\/kommentar-juli-2022-mikroplastik-war-gestern\/\",\"url\":\"https:\/\/spanienaktuell.net\/wordpress\/kommentar-juli-2022-mikroplastik-war-gestern\/\",\"name\":\"Kommentar Juli 2022 - Mikroplastik war gestern - Spanien aktuell\",\"isPartOf\":{\"@id\":\"https:\/\/spanienaktuell.net\/wordpress\/#website\"},\"primaryImageOfPage\":{\"@id\":\"https:\/\/spanienaktuell.net\/wordpress\/kommentar-juli-2022-mikroplastik-war-gestern\/#primaryimage\"},\"image\":{\"@id\":\"https:\/\/spanienaktuell.net\/wordpress\/kommentar-juli-2022-mikroplastik-war-gestern\/#primaryimage\"},\"thumbnailUrl\":\"https:\/\/spanienaktuell.net\/wordpress\/wp-content\/uploads\/2017\/06\/kommentar.png\",\"datePublished\":\"2022-07-01T09:21:04+00:00\",\"dateModified\":\"2023-11-01T07:48:32+00:00\",\"breadcrumb\":{\"@id\":\"https:\/\/spanienaktuell.net\/wordpress\/kommentar-juli-2022-mikroplastik-war-gestern\/#breadcrumb\"},\"inLanguage\":\"es\",\"potentialAction\":[{\"@type\":\"ReadAction\",\"target\":[\"https:\/\/spanienaktuell.net\/wordpress\/kommentar-juli-2022-mikroplastik-war-gestern\/\"]}]},{\"@type\":\"ImageObject\",\"inLanguage\":\"es\",\"@id\":\"https:\/\/spanienaktuell.net\/wordpress\/kommentar-juli-2022-mikroplastik-war-gestern\/#primaryimage\",\"url\":\"https:\/\/spanienaktuell.net\/wordpress\/wp-content\/uploads\/2017\/06\/kommentar.png\",\"contentUrl\":\"https:\/\/spanienaktuell.net\/wordpress\/wp-content\/uploads\/2017\/06\/kommentar.png\",\"width\":1920,\"height\":1280},{\"@type\":\"BreadcrumbList\",\"@id\":\"https:\/\/spanienaktuell.net\/wordpress\/kommentar-juli-2022-mikroplastik-war-gestern\/#breadcrumb\",\"itemListElement\":[{\"@type\":\"ListItem\",\"position\":1,\"name\":\"Portada\",\"item\":\"https:\/\/spanienaktuell.net\/wordpress\/\"},{\"@type\":\"ListItem\",\"position\":2,\"name\":\"Kommentar Juli 2022 &#8211; Mikroplastik war gestern\"}]},{\"@type\":\"WebSite\",\"@id\":\"https:\/\/spanienaktuell.net\/wordpress\/#website\",\"url\":\"https:\/\/spanienaktuell.net\/wordpress\/\",\"name\":\"Spanien aktuell\",\"description\":\"The German magazine number 1 on the Costa del Sol\",\"publisher\":{\"@id\":\"https:\/\/spanienaktuell.net\/wordpress\/#organization\"},\"potentialAction\":[{\"@type\":\"SearchAction\",\"target\":{\"@type\":\"EntryPoint\",\"urlTemplate\":\"https:\/\/spanienaktuell.net\/wordpress\/?s={search_term_string}\"},\"query-input\":{\"@type\":\"PropertyValueSpecification\",\"valueRequired\":true,\"valueName\":\"search_term_string\"}}],\"inLanguage\":\"es\"},{\"@type\":\"Organization\",\"@id\":\"https:\/\/spanienaktuell.net\/wordpress\/#organization\",\"name\":\"Spanien aktuell\",\"url\":\"https:\/\/spanienaktuell.net\/wordpress\/\",\"logo\":{\"@type\":\"ImageObject\",\"inLanguage\":\"es\",\"@id\":\"https:\/\/spanienaktuell.net\/wordpress\/#\/schema\/logo\/image\/\",\"url\":\"https:\/\/spanienaktuell.net\/wordpress\/wp-content\/uploads\/2019\/06\/cropped-Logo-spanien-aktuell-png-web-e1561631085388.png\",\"contentUrl\":\"https:\/\/spanienaktuell.net\/wordpress\/wp-content\/uploads\/2019\/06\/cropped-Logo-spanien-aktuell-png-web-e1561631085388.png\",\"width\":512,\"height\":110,\"caption\":\"Spanien aktuell\"},\"image\":{\"@id\":\"https:\/\/spanienaktuell.net\/wordpress\/#\/schema\/logo\/image\/\"}},{\"@type\":\"Person\",\"@id\":\"https:\/\/spanienaktuell.net\/wordpress\/#\/schema\/person\/0e64ea555b02455cc98b58590d99c815\",\"name\":\"Kai Ertel\",\"image\":{\"@type\":\"ImageObject\",\"inLanguage\":\"es\",\"@id\":\"https:\/\/spanienaktuell.net\/wordpress\/#\/schema\/person\/image\/\",\"url\":\"https:\/\/spanienaktuell.net\/wordpress\/wp-content\/uploads\/2023\/11\/kai-ertel.png\",\"contentUrl\":\"https:\/\/spanienaktuell.net\/wordpress\/wp-content\/uploads\/2023\/11\/kai-ertel.png\",\"caption\":\"Kai Ertel\"},\"url\":\"https:\/\/spanienaktuell.net\/wordpress\/author\/kaiertel\/\"}]}<\/script>\n<!-- \/ Yoast SEO plugin. -->","yoast_head_json":{"title":"Kommentar Juli 2022 - Mikroplastik war gestern - Spanien aktuell","robots":{"index":"index","follow":"follow","max-snippet":"max-snippet:-1","max-image-preview":"max-image-preview:large","max-video-preview":"max-video-preview:-1"},"canonical":"https:\/\/spanienaktuell.net\/wordpress\/kommentar-juli-2022-mikroplastik-war-gestern\/","og_locale":"es_ES","og_type":"article","og_title":"Kommentar Juli 2022 - Mikroplastik war gestern - Spanien aktuell","og_description":"Wenn sich die Mikroplastik-Partikel immer weiter zersetzen, zum Beispiel durch Witterungseinfl\u00fcsse, werden sie immer kleiner u. erreichen Gr\u00f6\u00dfenordnungen im Nanobereich [&hellip;]","og_url":"https:\/\/spanienaktuell.net\/wordpress\/kommentar-juli-2022-mikroplastik-war-gestern\/","og_site_name":"Spanien aktuell","article_published_time":"2022-07-01T09:21:04+00:00","article_modified_time":"2023-11-01T07:48:32+00:00","og_image":[{"width":1920,"height":1280,"url":"https:\/\/spanienaktuell.net\/wordpress\/wp-content\/uploads\/2017\/06\/kommentar.png","type":"image\/png"}],"author":"Kai Ertel","twitter_card":"summary_large_image","twitter_misc":{"Escrito por":"Kai Ertel","Tiempo de lectura":"3 minutos"},"schema":{"@context":"https:\/\/schema.org","@graph":[{"@type":"Article","@id":"https:\/\/spanienaktuell.net\/wordpress\/kommentar-juli-2022-mikroplastik-war-gestern\/#article","isPartOf":{"@id":"https:\/\/spanienaktuell.net\/wordpress\/kommentar-juli-2022-mikroplastik-war-gestern\/"},"author":{"name":"Kai Ertel","@id":"https:\/\/spanienaktuell.net\/wordpress\/#\/schema\/person\/0e64ea555b02455cc98b58590d99c815"},"headline":"Kommentar Juli 2022 &#8211; Mikroplastik war gestern","datePublished":"2022-07-01T09:21:04+00:00","dateModified":"2023-11-01T07:48:32+00:00","mainEntityOfPage":{"@id":"https:\/\/spanienaktuell.net\/wordpress\/kommentar-juli-2022-mikroplastik-war-gestern\/"},"wordCount":626,"publisher":{"@id":"https:\/\/spanienaktuell.net\/wordpress\/#organization"},"image":{"@id":"https:\/\/spanienaktuell.net\/wordpress\/kommentar-juli-2022-mikroplastik-war-gestern\/#primaryimage"},"thumbnailUrl":"https:\/\/spanienaktuell.net\/wordpress\/wp-content\/uploads\/2017\/06\/kommentar.png","articleSection":["Kommentar"],"inLanguage":"es"},{"@type":"WebPage","@id":"https:\/\/spanienaktuell.net\/wordpress\/kommentar-juli-2022-mikroplastik-war-gestern\/","url":"https:\/\/spanienaktuell.net\/wordpress\/kommentar-juli-2022-mikroplastik-war-gestern\/","name":"Kommentar Juli 2022 - Mikroplastik war gestern - Spanien aktuell","isPartOf":{"@id":"https:\/\/spanienaktuell.net\/wordpress\/#website"},"primaryImageOfPage":{"@id":"https:\/\/spanienaktuell.net\/wordpress\/kommentar-juli-2022-mikroplastik-war-gestern\/#primaryimage"},"image":{"@id":"https:\/\/spanienaktuell.net\/wordpress\/kommentar-juli-2022-mikroplastik-war-gestern\/#primaryimage"},"thumbnailUrl":"https:\/\/spanienaktuell.net\/wordpress\/wp-content\/uploads\/2017\/06\/kommentar.png","datePublished":"2022-07-01T09:21:04+00:00","dateModified":"2023-11-01T07:48:32+00:00","breadcrumb":{"@id":"https:\/\/spanienaktuell.net\/wordpress\/kommentar-juli-2022-mikroplastik-war-gestern\/#breadcrumb"},"inLanguage":"es","potentialAction":[{"@type":"ReadAction","target":["https:\/\/spanienaktuell.net\/wordpress\/kommentar-juli-2022-mikroplastik-war-gestern\/"]}]},{"@type":"ImageObject","inLanguage":"es","@id":"https:\/\/spanienaktuell.net\/wordpress\/kommentar-juli-2022-mikroplastik-war-gestern\/#primaryimage","url":"https:\/\/spanienaktuell.net\/wordpress\/wp-content\/uploads\/2017\/06\/kommentar.png","contentUrl":"https:\/\/spanienaktuell.net\/wordpress\/wp-content\/uploads\/2017\/06\/kommentar.png","width":1920,"height":1280},{"@type":"BreadcrumbList","@id":"https:\/\/spanienaktuell.net\/wordpress\/kommentar-juli-2022-mikroplastik-war-gestern\/#breadcrumb","itemListElement":[{"@type":"ListItem","position":1,"name":"Portada","item":"https:\/\/spanienaktuell.net\/wordpress\/"},{"@type":"ListItem","position":2,"name":"Kommentar Juli 2022 &#8211; Mikroplastik war gestern"}]},{"@type":"WebSite","@id":"https:\/\/spanienaktuell.net\/wordpress\/#website","url":"https:\/\/spanienaktuell.net\/wordpress\/","name":"Spanien aktuell","description":"The German magazine number 1 on the Costa del Sol","publisher":{"@id":"https:\/\/spanienaktuell.net\/wordpress\/#organization"},"potentialAction":[{"@type":"SearchAction","target":{"@type":"EntryPoint","urlTemplate":"https:\/\/spanienaktuell.net\/wordpress\/?s={search_term_string}"},"query-input":{"@type":"PropertyValueSpecification","valueRequired":true,"valueName":"search_term_string"}}],"inLanguage":"es"},{"@type":"Organization","@id":"https:\/\/spanienaktuell.net\/wordpress\/#organization","name":"Spanien aktuell","url":"https:\/\/spanienaktuell.net\/wordpress\/","logo":{"@type":"ImageObject","inLanguage":"es","@id":"https:\/\/spanienaktuell.net\/wordpress\/#\/schema\/logo\/image\/","url":"https:\/\/spanienaktuell.net\/wordpress\/wp-content\/uploads\/2019\/06\/cropped-Logo-spanien-aktuell-png-web-e1561631085388.png","contentUrl":"https:\/\/spanienaktuell.net\/wordpress\/wp-content\/uploads\/2019\/06\/cropped-Logo-spanien-aktuell-png-web-e1561631085388.png","width":512,"height":110,"caption":"Spanien aktuell"},"image":{"@id":"https:\/\/spanienaktuell.net\/wordpress\/#\/schema\/logo\/image\/"}},{"@type":"Person","@id":"https:\/\/spanienaktuell.net\/wordpress\/#\/schema\/person\/0e64ea555b02455cc98b58590d99c815","name":"Kai Ertel","image":{"@type":"ImageObject","inLanguage":"es","@id":"https:\/\/spanienaktuell.net\/wordpress\/#\/schema\/person\/image\/","url":"https:\/\/spanienaktuell.net\/wordpress\/wp-content\/uploads\/2023\/11\/kai-ertel.png","contentUrl":"https:\/\/spanienaktuell.net\/wordpress\/wp-content\/uploads\/2023\/11\/kai-ertel.png","caption":"Kai Ertel"},"url":"https:\/\/spanienaktuell.net\/wordpress\/author\/kaiertel\/"}]}},"_links":{"self":[{"href":"https:\/\/spanienaktuell.net\/wordpress\/wp-json\/wp\/v2\/posts\/95079","targetHints":{"allow":["GET"]}}],"collection":[{"href":"https:\/\/spanienaktuell.net\/wordpress\/wp-json\/wp\/v2\/posts"}],"about":[{"href":"https:\/\/spanienaktuell.net\/wordpress\/wp-json\/wp\/v2\/types\/post"}],"author":[{"embeddable":true,"href":"https:\/\/spanienaktuell.net\/wordpress\/wp-json\/wp\/v2\/users\/4"}],"replies":[{"embeddable":true,"href":"https:\/\/spanienaktuell.net\/wordpress\/wp-json\/wp\/v2\/comments?post=95079"}],"version-history":[{"count":1,"href":"https:\/\/spanienaktuell.net\/wordpress\/wp-json\/wp\/v2\/posts\/95079\/revisions"}],"predecessor-version":[{"id":95083,"href":"https:\/\/spanienaktuell.net\/wordpress\/wp-json\/wp\/v2\/posts\/95079\/revisions\/95083"}],"wp:featuredmedia":[{"embeddable":true,"href":"https:\/\/spanienaktuell.net\/wordpress\/wp-json\/wp\/v2\/media\/2000"}],"wp:attachment":[{"href":"https:\/\/spanienaktuell.net\/wordpress\/wp-json\/wp\/v2\/media?parent=95079"}],"wp:term":[{"taxonomy":"category","embeddable":true,"href":"https:\/\/spanienaktuell.net\/wordpress\/wp-json\/wp\/v2\/categories?post=95079"},{"taxonomy":"post_tag","embeddable":true,"href":"https:\/\/spanienaktuell.net\/wordpress\/wp-json\/wp\/v2\/tags?post=95079"}],"curies":[{"name":"wp","href":"https:\/\/api.w.org\/{rel}","templated":true}]}}