{"id":96327,"date":"2022-12-01T07:06:51","date_gmt":"2022-12-01T06:06:51","guid":{"rendered":"https:\/\/spanienaktuell.net\/wordpress\/?p=96327"},"modified":"2022-12-01T07:09:52","modified_gmt":"2022-12-01T06:09:52","slug":"der-neue-mercedes-benz-glc-dynamisch-kraftvoll-und-ausschlieslich-elektrifizierte-antriebe","status":"publish","type":"post","link":"https:\/\/spanienaktuell.net\/wordpress\/der-neue-mercedes-benz-glc-dynamisch-kraftvoll-und-ausschlieslich-elektrifizierte-antriebe\/","title":{"rendered":"Der neue Mercedes-Benz GLC &#8211; Dynamisch, kraftvoll und ausschlie\u00dflich elektrifizierte Antriebe"},"content":{"rendered":"<p><img decoding=\"async\" class=\"aligncenter size-full wp-image-96337\" src=\"https:\/\/spanienaktuell.net\/wordpress\/wp-content\/uploads\/2022\/12\/22C0162_027-scaled.jpg\" alt=\"\" width=\"1440\" height=\"960\" srcset=\"https:\/\/spanienaktuell.net\/wordpress\/wp-content\/uploads\/2022\/12\/22C0162_027-scaled.jpg 1440w, https:\/\/spanienaktuell.net\/wordpress\/wp-content\/uploads\/2022\/12\/22C0162_027-300x200.jpg 300w, https:\/\/spanienaktuell.net\/wordpress\/wp-content\/uploads\/2022\/12\/22C0162_027-1024x683.jpg 1024w, https:\/\/spanienaktuell.net\/wordpress\/wp-content\/uploads\/2022\/12\/22C0162_027-768x512.jpg 768w, https:\/\/spanienaktuell.net\/wordpress\/wp-content\/uploads\/2022\/12\/22C0162_027-1536x1025.jpg 1536w, https:\/\/spanienaktuell.net\/wordpress\/wp-content\/uploads\/2022\/12\/22C0162_027-2048x1366.jpg 2048w\" sizes=\"(max-width: 1440px) 100vw, 1440px\" \/><\/p>\n<p><strong>Das Wichtigste zum neuen Mercedes-Benz GLC<\/strong><\/p>\n<p><strong>Antriebe<\/strong>: Der neue GLC setzt konsequent auf Hybridantrieb und damit Ma\u00dfst\u00e4be bei der Effizienz. Das Modellprogramm umfasst Vierzylinderaggregate als Benziner und Diesel, die mit einer Elektromaschine kombiniert sind. Vier davon sind Mild-Hybrid-Aggregate mit einem integrierten Starter-Generator (ISG) der zweiten Generation. Drei weitere Motorvarianten sind Plug-in-Hybrid-Aggregate mit einer Systemleistung bis zu 280 kW (381 PS) und einem Systemdrehmoment bis zu 750 Nm. Alle Plug-in-Hybride haben eine elektrische Reichweite von mehr als 100 Kilometern (WLTP).<\/p>\n<p><img decoding=\"async\" class=\"size-full wp-image-96340\" src=\"https:\/\/spanienaktuell.net\/wordpress\/wp-content\/uploads\/2022\/12\/22C0162_030-scaled.jpg\" alt=\"\" width=\"1440\" height=\"960\" srcset=\"https:\/\/spanienaktuell.net\/wordpress\/wp-content\/uploads\/2022\/12\/22C0162_030-scaled.jpg 1440w, https:\/\/spanienaktuell.net\/wordpress\/wp-content\/uploads\/2022\/12\/22C0162_030-300x200.jpg 300w, https:\/\/spanienaktuell.net\/wordpress\/wp-content\/uploads\/2022\/12\/22C0162_030-1024x683.jpg 1024w, https:\/\/spanienaktuell.net\/wordpress\/wp-content\/uploads\/2022\/12\/22C0162_030-768x512.jpg 768w, https:\/\/spanienaktuell.net\/wordpress\/wp-content\/uploads\/2022\/12\/22C0162_030-1536x1025.jpg 1536w, https:\/\/spanienaktuell.net\/wordpress\/wp-content\/uploads\/2022\/12\/22C0162_030-2048x1366.jpg 2048w\" sizes=\"(max-width: 1440px) 100vw, 1440px\" \/><\/p>\n<p><strong>More electric than ever:<\/strong> Dank der elektrischen Reichweite lassen sich Alltagsstrecken gr\u00f6\u00dftenteils rein elektrisch zur\u00fccklegen. Das verbesserte Hybrid-Fahrprogramm sieht den elektrischen Fahrmodus f\u00fcr die jeweils sinnvollsten Streckenabschnitte vor. So wird beispielsweise auf Strecken in urbanen Gebieten priorisiert elektrisch gefahren.<\/p>\n<p><img decoding=\"async\" class=\"aligncenter size-full wp-image-96338\" src=\"https:\/\/spanienaktuell.net\/wordpress\/wp-content\/uploads\/2022\/12\/22C0186_005-scaled.jpg\" alt=\"\" width=\"1440\" height=\"960\" srcset=\"https:\/\/spanienaktuell.net\/wordpress\/wp-content\/uploads\/2022\/12\/22C0186_005-scaled.jpg 1440w, https:\/\/spanienaktuell.net\/wordpress\/wp-content\/uploads\/2022\/12\/22C0186_005-300x200.jpg 300w, https:\/\/spanienaktuell.net\/wordpress\/wp-content\/uploads\/2022\/12\/22C0186_005-1024x683.jpg 1024w, https:\/\/spanienaktuell.net\/wordpress\/wp-content\/uploads\/2022\/12\/22C0186_005-768x512.jpg 768w, https:\/\/spanienaktuell.net\/wordpress\/wp-content\/uploads\/2022\/12\/22C0186_005-1536x1024.jpg 1536w, https:\/\/spanienaktuell.net\/wordpress\/wp-content\/uploads\/2022\/12\/22C0186_005-2048x1365.jpg 2048w\" sizes=\"(max-width: 1440px) 100vw, 1440px\" \/><\/p>\n<p><strong>Allrounder onroad und offroad:<\/strong> Der GLC bietet deutlich weiterentwickelte On- und Offroad-Eigenschaften f\u00fcr widrige Wetterbedingungen und Passagen abseits befestigter Stra\u00dfen. Dazu geh\u00f6ren eine vereinfachte Bedienung \u00fcber den Offroad-Screen, bessere \u00dcbersicht durch die \u201etransparente Motorhaube\u201c sowie h\u00f6chste Traktion und Fahrsicherheit durch weiterentwickelte Regelsysteme. Als Plug-in-Hybrid auch in rein elektrischer Fahrt.<\/p>\n<p><img decoding=\"async\" class=\"aligncenter size-full wp-image-96339\" src=\"https:\/\/spanienaktuell.net\/wordpress\/wp-content\/uploads\/2022\/12\/22C0186_008-scaled.jpg\" alt=\"\" width=\"1440\" height=\"810\" srcset=\"https:\/\/spanienaktuell.net\/wordpress\/wp-content\/uploads\/2022\/12\/22C0186_008-scaled.jpg 1440w, https:\/\/spanienaktuell.net\/wordpress\/wp-content\/uploads\/2022\/12\/22C0186_008-300x169.jpg 300w, https:\/\/spanienaktuell.net\/wordpress\/wp-content\/uploads\/2022\/12\/22C0186_008-1024x576.jpg 1024w, https:\/\/spanienaktuell.net\/wordpress\/wp-content\/uploads\/2022\/12\/22C0186_008-768x432.jpg 768w, https:\/\/spanienaktuell.net\/wordpress\/wp-content\/uploads\/2022\/12\/22C0186_008-1536x864.jpg 1536w, https:\/\/spanienaktuell.net\/wordpress\/wp-content\/uploads\/2022\/12\/22C0186_008-2048x1152.jpg 2048w\" sizes=\"(max-width: 1440px) 100vw, 1440px\" \/><\/p>\n<p><strong>Komfort und Agilit\u00e4t:<\/strong> Wesentliche Komponenten des dynamisch ausgelegten Fahrwerks des GLC sind eine neue Vierlenkerachse vorne und eine Raumlenker-Hinterachse. Bereits das Basisfahrwerk bietet hohen Federungs-, Abroll- und Ger\u00e4uschkomfort, agile Fahreigenschaften und Fahrspa\u00df. Es ist mit einem amplitudenabh\u00e4ngigen D\u00e4mpfungssystem versehen. Die Luftfederung AIRMATIC ist mit einer stufenlosen Verstelld\u00e4mpfung f\u00fcr Zug- und Druckstufe ausgestattet.<\/p>\n<p><img decoding=\"async\" class=\"aligncenter size-full wp-image-96335\" src=\"https:\/\/spanienaktuell.net\/wordpress\/wp-content\/uploads\/2022\/12\/22C0162_008-scaled.jpg\" alt=\"\" width=\"1440\" height=\"960\" srcset=\"https:\/\/spanienaktuell.net\/wordpress\/wp-content\/uploads\/2022\/12\/22C0162_008-scaled.jpg 1440w, https:\/\/spanienaktuell.net\/wordpress\/wp-content\/uploads\/2022\/12\/22C0162_008-300x200.jpg 300w, https:\/\/spanienaktuell.net\/wordpress\/wp-content\/uploads\/2022\/12\/22C0162_008-1024x683.jpg 1024w, https:\/\/spanienaktuell.net\/wordpress\/wp-content\/uploads\/2022\/12\/22C0162_008-768x512.jpg 768w, https:\/\/spanienaktuell.net\/wordpress\/wp-content\/uploads\/2022\/12\/22C0162_008-1536x1025.jpg 1536w, https:\/\/spanienaktuell.net\/wordpress\/wp-content\/uploads\/2022\/12\/22C0162_008-2048x1366.jpg 2048w\" sizes=\"(max-width: 1440px) 100vw, 1440px\" \/><\/p>\n<p><strong>Wendig und sicher:<\/strong> Besonders agil und gleichzeitig stabil f\u00e4hrt sich der neue GLC mit der optionalen Hinterachslenkung und der damit kombinierten direkteren Lenk\u00fcbersetzung an der Vorderachse.<\/p>\n<p><img decoding=\"async\" class=\"aligncenter size-full wp-image-96333\" src=\"https:\/\/spanienaktuell.net\/wordpress\/wp-content\/uploads\/2022\/12\/22C0162_003-scaled.jpg\" alt=\"\" width=\"1440\" height=\"960\" srcset=\"https:\/\/spanienaktuell.net\/wordpress\/wp-content\/uploads\/2022\/12\/22C0162_003-scaled.jpg 1440w, https:\/\/spanienaktuell.net\/wordpress\/wp-content\/uploads\/2022\/12\/22C0162_003-300x200.jpg 300w, https:\/\/spanienaktuell.net\/wordpress\/wp-content\/uploads\/2022\/12\/22C0162_003-1024x683.jpg 1024w, https:\/\/spanienaktuell.net\/wordpress\/wp-content\/uploads\/2022\/12\/22C0162_003-768x512.jpg 768w, https:\/\/spanienaktuell.net\/wordpress\/wp-content\/uploads\/2022\/12\/22C0162_003-1536x1024.jpg 1536w, https:\/\/spanienaktuell.net\/wordpress\/wp-content\/uploads\/2022\/12\/22C0162_003-2048x1365.jpg 2048w\" sizes=\"(max-width: 1440px) 100vw, 1440px\" \/><\/p>\n<p>Der Lenkwinkel an der Hinterachse betr\u00e4gt bis zu 4,5 Grad. Der Wendekreis verringert sich dadurch um 90 Zentimeter auf 10,9 Meter.<\/p>\n<p><img decoding=\"async\" class=\"aligncenter size-full wp-image-96330\" src=\"https:\/\/spanienaktuell.net\/wordpress\/wp-content\/uploads\/2022\/12\/www-2.png\" alt=\"\" width=\"800\" height=\"593\" srcset=\"https:\/\/spanienaktuell.net\/wordpress\/wp-content\/uploads\/2022\/12\/www-2.png 800w, https:\/\/spanienaktuell.net\/wordpress\/wp-content\/uploads\/2022\/12\/www-2-300x222.png 300w, https:\/\/spanienaktuell.net\/wordpress\/wp-content\/uploads\/2022\/12\/www-2-768x569.png 768w\" sizes=\"(max-width: 800px) 100vw, 800px\" \/><\/p>\n<p><strong>Exterieurdesign:<\/strong> Einzigartige Proportionen mit klassischen SUV-Elementen wie optischem Chrom Unterfahrschutz, Dachreling und optionalem Trittbrett werden erg\u00e4nzt durch neue Formkanten in der Seite und schaffen eine Ausgewogenheit zwischen Eleganz, Sportlichkeit und Off-Road-Performance. Highlights sind die neuen, an den K\u00fchlergrill anschlie\u00dfenden und die Breite betonenden Scheinwerfer. In Verbindung mit der Sonderausstattung DIGITAL LIGHT erhalten sie zus\u00e4tzlich zur \u201eFackel\u201c Tagfahrlicht-Ellipsen. Ein weiteres optisches Highlight ist der K\u00fchlergrill mit Chromrahmen beim serienm\u00e4\u00dfigen AVANTGARDE-Exterieur.<\/p>\n<p><strong>Interieurdesign: <\/strong>Der GLC f\u00fchrt das Erfolgsrezept des modernen, sportlichen Luxus von Mercedes-Benz fort. Zum Beispiel mit einer waagerecht in zwei Bereiche gegliederten Instrumententafel, gro\u00dfz\u00fcgigen Zierteilfl\u00e4chen und dem scheinbar dar\u00fcber schwebenden Zentraldisplay. Das avantgardistische Sitzdesign und modern gestaltete T\u00fcrverkleidungen unterstreichen die Hochwertigkeit des Innenraums.<\/p>\n<p><img decoding=\"async\" class=\"aligncenter size-full wp-image-96329\" src=\"https:\/\/spanienaktuell.net\/wordpress\/wp-content\/uploads\/2022\/12\/www-1.png\" alt=\"\" width=\"796\" height=\"264\" srcset=\"https:\/\/spanienaktuell.net\/wordpress\/wp-content\/uploads\/2022\/12\/www-1.png 796w, https:\/\/spanienaktuell.net\/wordpress\/wp-content\/uploads\/2022\/12\/www-1-300x99.png 300w, https:\/\/spanienaktuell.net\/wordpress\/wp-content\/uploads\/2022\/12\/www-1-768x255.png 768w\" sizes=\"(max-width: 796px) 100vw, 796px\" \/><\/p>\n<p><strong>Luftwiderstand:<\/strong> Der minimale Luftwiderstandsbeiwert des GLC betr\u00e4gt in seiner aerodynamisch besten Konfiguration cw = 0,29. Damit ist er um zwei Hundertstel besser als der Vorg\u00e4nger (cw = 0,31) \u2013 ein nennenswerter Fortschritt f\u00fcr ein SUV mit konventionellem Antrieb.<\/p>\n<p><strong>Ger\u00e4uschkomfort:<\/strong> Der GLC ist auf noch h\u00f6herem Niveau ein akustisch angenehm leises Fahrzeug mit souver\u00e4nem Klangbild und sehr niedrigen Roll- und Windger\u00e4uschen. Alle Ma\u00dfnahmen zusammen tragen erheblich zur \u201eWillkommen zuhause\u201c-Atmosph\u00e4re bei, wie sie f\u00fcr Mercedes-Benz typisch ist.<\/p>\n<p><strong>MBUX:<\/strong> Die j\u00fcngste Generation des Infotainmentsystems mit zwei gro\u00dfen, serienm\u00e4\u00dfigen Displays und Fullscreen-Navigation macht den Innenraum noch digitaler und intelligenter.<\/p>\n<p><img decoding=\"async\" class=\"aligncenter size-full wp-image-96331\" src=\"https:\/\/spanienaktuell.net\/wordpress\/wp-content\/uploads\/2022\/12\/www-3.png\" alt=\"\" width=\"711\" height=\"588\" srcset=\"https:\/\/spanienaktuell.net\/wordpress\/wp-content\/uploads\/2022\/12\/www-3.png 711w, https:\/\/spanienaktuell.net\/wordpress\/wp-content\/uploads\/2022\/12\/www-3-300x248.png 300w\" sizes=\"(max-width: 711px) 100vw, 711px\" \/><\/p>\n<p><strong>H\u00f6chster Bedienkomfort:<\/strong> Der Sprachassistent \u201eHey Mercedes\u201c ist dialog- und lernf\u00e4higer geworden. Die MBUX Smart Home-Funktion macht den GLC zur mobilen Schaltzentrale auch f\u00fcr das Zuhause.<\/p>\n<p><strong>Entertainment:<\/strong> MBUX bindet die gr\u00f6\u00dften Musikstreaming-Anbieter inklusive pers\u00f6nlicher Vorlieben und Einstellungen ganzheitlich ein. Ebenfalls neu bei MBUX ist der Audioreisef\u00fchrer Tourguide im Rahmen des MBUX Voice Assistant von Mercedes me. Das optionale Burmester\u00ae Surround-Soundsystem bietet mit 15 Premiumlautsprechern und einer Gesamtleistung von 710 Watt ein einzigartiges H\u00f6rerlebnis.<\/p>\n<p><strong>Assistenzsysteme:<\/strong> Die j\u00fcngste Generation des Fahrassistenz-Pakets Plus enth\u00e4lt zus\u00e4tzliche und weiterentwickelte Funktionen zum Beispiel im Aktiven Abstands-Assistent DISTRONIC, dem Aktiven Lenk\u2011Assistenten, dem Verkehrszeichen-Assistenten, dem neuen Park-Paket mit 360-Grad-Kamera und \u201etransparenter Motorhaube\u201c sowie dem Anh\u00e4nger-Rangierassistenten.<\/p>\n<p><strong>Digital Light:<\/strong> Diese revolution\u00e4re Scheinwerfertechnologie (Sonderausstattung) erm\u00f6glicht neue Funktionen, etwa die Projektion von Hilfsmarkierungen und Warnsymbolen auf die Fahrbahn.<\/p>\n<p><img decoding=\"async\" class=\"aligncenter size-full wp-image-96336\" src=\"https:\/\/spanienaktuell.net\/wordpress\/wp-content\/uploads\/2022\/12\/22C0162_022-scaled.jpg\" alt=\"\" width=\"1440\" height=\"955\" srcset=\"https:\/\/spanienaktuell.net\/wordpress\/wp-content\/uploads\/2022\/12\/22C0162_022-scaled.jpg 1440w, https:\/\/spanienaktuell.net\/wordpress\/wp-content\/uploads\/2022\/12\/22C0162_022-300x199.jpg 300w, https:\/\/spanienaktuell.net\/wordpress\/wp-content\/uploads\/2022\/12\/22C0162_022-1024x679.jpg 1024w, https:\/\/spanienaktuell.net\/wordpress\/wp-content\/uploads\/2022\/12\/22C0162_022-768x509.jpg 768w, https:\/\/spanienaktuell.net\/wordpress\/wp-content\/uploads\/2022\/12\/22C0162_022-1536x1019.jpg 1536w, https:\/\/spanienaktuell.net\/wordpress\/wp-content\/uploads\/2022\/12\/22C0162_022-2048x1359.jpg 2048w\" sizes=\"(max-width: 1440px) 100vw, 1440px\" \/><\/p>\n<p><strong>Komfortausstattung:<\/strong> Die Komponenten und Systeme des GLC sind in zahlreichen Details verbessert, etwa mit ENERGIZING AIR CONTROL, AIR-BALANCE, GUARD 360\u00b0, bei der Ambientebeleuchtung oder mit einem neuen Panorama-Schiebedach mit schmalerem Querholm f\u00fcr ein deutlich verbessertes Raumgef\u00fchl. Der optionale Multikontursitz wurde um zus\u00e4tzliche Massagefunktionen erweitert.<\/p>\n<p><strong>Partner f\u00fcrs Gespannfahren:<\/strong> Das neue Anh\u00e4nger-Men\u00fc und der Gespannroutenplaner sind zwei Highlights des GLC f\u00fcr den Anh\u00e4ngerbetrieb. Diese und zahlreiche weitere Funktionen f\u00fcr den Betrieb als Zugfahrzeug haben das Ziel, das Gespannfahren so sicher und angenehm wie m\u00f6glich zu machen. Dar\u00fcber hinaus bietet der Allradantrieb 4MATIC herausragende Traktion auf jedem Untergrund.<\/p>\n<p><img decoding=\"async\" class=\"aligncenter size-full wp-image-96328\" src=\"https:\/\/spanienaktuell.net\/wordpress\/wp-content\/uploads\/2022\/12\/216eae2c-5d5c-4f48-8eff-306ae75a8c71-scaled.jpg\" alt=\"\" width=\"1440\" height=\"960\" srcset=\"https:\/\/spanienaktuell.net\/wordpress\/wp-content\/uploads\/2022\/12\/216eae2c-5d5c-4f48-8eff-306ae75a8c71-scaled.jpg 1440w, https:\/\/spanienaktuell.net\/wordpress\/wp-content\/uploads\/2022\/12\/216eae2c-5d5c-4f48-8eff-306ae75a8c71-300x200.jpg 300w, https:\/\/spanienaktuell.net\/wordpress\/wp-content\/uploads\/2022\/12\/216eae2c-5d5c-4f48-8eff-306ae75a8c71-1024x683.jpg 1024w, https:\/\/spanienaktuell.net\/wordpress\/wp-content\/uploads\/2022\/12\/216eae2c-5d5c-4f48-8eff-306ae75a8c71-768x512.jpg 768w, https:\/\/spanienaktuell.net\/wordpress\/wp-content\/uploads\/2022\/12\/216eae2c-5d5c-4f48-8eff-306ae75a8c71-1536x1025.jpg 1536w, https:\/\/spanienaktuell.net\/wordpress\/wp-content\/uploads\/2022\/12\/216eae2c-5d5c-4f48-8eff-306ae75a8c71-2048x1366.jpg 2048w\" sizes=\"(max-width: 1440px) 100vw, 1440px\" \/><\/p>\n<p>Quelle: \u00a9 2022 Mercedes-Benz Group AG.<\/p>\n<p><iframe title=\"GLC AMG Line Trailer 16x9\" width=\"840\" height=\"473\" src=\"https:\/\/www.youtube.com\/embed\/sjYsh7ArTrQ?feature=oembed&#038;width=840&#038;height=1000&#038;discover=1\" frameborder=\"0\" allow=\"accelerometer; autoplay; clipboard-write; encrypted-media; gyroscope; picture-in-picture\" allowfullscreen><\/iframe><\/p>\n<p>&nbsp;<\/p>\n<p>Weitere Informationen auf <a href=\"http:\/\/www.mercedes-benz.com\">www.mercedes-benz.com<\/a><\/p>\n<p>oder bei<\/p>\n<p><img decoding=\"async\" class=\" wp-image-96341 alignnone\" src=\"https:\/\/spanienaktuell.net\/wordpress\/wp-content\/uploads\/2022\/12\/78720_07022020023333-1.jpg\" alt=\"\" width=\"328\" height=\"161\" srcset=\"https:\/\/spanienaktuell.net\/wordpress\/wp-content\/uploads\/2022\/12\/78720_07022020023333-1.jpg 469w, https:\/\/spanienaktuell.net\/wordpress\/wp-content\/uploads\/2022\/12\/78720_07022020023333-1-300x147.jpg 300w\" sizes=\"(max-width: 328px) 100vw, 328px\" \/><\/p>\n<p>in M\u00e1laga<\/p>\n","protected":false},"excerpt":{"rendered":"<p>Das Wichtigste zum neuen Mercedes-Benz GLC Antriebe: Der neue GLC setzt konsequent auf Hybridantrieb und damit Ma\u00dfst\u00e4be bei der Effizienz. [&hellip;]<\/p>\n","protected":false},"author":3,"featured_media":96337,"comment_status":"closed","ping_status":"closed","sticky":false,"template":"","format":"standard","meta":{"footnotes":""},"categories":[27],"tags":[],"class_list":["post-96327","post","type-post","status-publish","format-standard","has-post-thumbnail","hentry","category-motor"],"yoast_head":"<!-- This site is optimized with the Yoast SEO plugin v27.1.1 - https:\/\/yoast.com\/product\/yoast-seo-wordpress\/ -->\n<title>Der neue Mercedes-Benz GLC - Dynamisch, kraftvoll und ausschlie\u00dflich elektrifizierte Antriebe - Spanien aktuell<\/title>\n<meta name=\"robots\" content=\"index, follow, max-snippet:-1, max-image-preview:large, max-video-preview:-1\" \/>\n<link rel=\"canonical\" href=\"https:\/\/spanienaktuell.net\/wordpress\/der-neue-mercedes-benz-glc-dynamisch-kraftvoll-und-ausschlieslich-elektrifizierte-antriebe\/\" \/>\n<meta property=\"og:locale\" content=\"es_ES\" \/>\n<meta property=\"og:type\" content=\"article\" \/>\n<meta property=\"og:title\" content=\"Der neue Mercedes-Benz GLC - Dynamisch, kraftvoll und ausschlie\u00dflich elektrifizierte Antriebe - Spanien aktuell\" \/>\n<meta property=\"og:description\" content=\"Das Wichtigste zum neuen Mercedes-Benz GLC Antriebe: Der neue GLC setzt konsequent auf Hybridantrieb und damit Ma\u00dfst\u00e4be bei der Effizienz. [&hellip;]\" \/>\n<meta property=\"og:url\" content=\"https:\/\/spanienaktuell.net\/wordpress\/der-neue-mercedes-benz-glc-dynamisch-kraftvoll-und-ausschlieslich-elektrifizierte-antriebe\/\" \/>\n<meta property=\"og:site_name\" content=\"Spanien aktuell\" \/>\n<meta property=\"article:published_time\" content=\"2022-12-01T06:06:51+00:00\" \/>\n<meta property=\"article:modified_time\" content=\"2022-12-01T06:09:52+00:00\" \/>\n<meta property=\"og:image\" content=\"https:\/\/spanienaktuell.net\/wordpress\/wp-content\/uploads\/2022\/12\/22C0162_027-scaled.jpg\" \/>\n\t<meta property=\"og:image:width\" content=\"1440\" \/>\n\t<meta property=\"og:image:height\" content=\"960\" \/>\n\t<meta property=\"og:image:type\" content=\"image\/jpeg\" \/>\n<meta name=\"author\" content=\"Spanien Aktuell\" \/>\n<meta name=\"twitter:card\" content=\"summary_large_image\" \/>\n<meta name=\"twitter:label1\" content=\"Escrito por\" \/>\n\t<meta name=\"twitter:data1\" content=\"Spanien Aktuell\" \/>\n\t<meta name=\"twitter:label2\" content=\"Tiempo de lectura\" \/>\n\t<meta name=\"twitter:data2\" content=\"6 minutos\" \/>\n<script type=\"application\/ld+json\" class=\"yoast-schema-graph\">{\"@context\":\"https:\/\/schema.org\",\"@graph\":[{\"@type\":\"Article\",\"@id\":\"https:\/\/spanienaktuell.net\/wordpress\/der-neue-mercedes-benz-glc-dynamisch-kraftvoll-und-ausschlieslich-elektrifizierte-antriebe\/#article\",\"isPartOf\":{\"@id\":\"https:\/\/spanienaktuell.net\/wordpress\/der-neue-mercedes-benz-glc-dynamisch-kraftvoll-und-ausschlieslich-elektrifizierte-antriebe\/\"},\"author\":{\"name\":\"Spanien Aktuell\",\"@id\":\"https:\/\/spanienaktuell.net\/wordpress\/#\/schema\/person\/bc410cfae0161b201d837ebfeeba7fd0\"},\"headline\":\"Der neue Mercedes-Benz GLC &#8211; Dynamisch, kraftvoll und ausschlie\u00dflich elektrifizierte Antriebe\",\"datePublished\":\"2022-12-01T06:06:51+00:00\",\"dateModified\":\"2022-12-01T06:09:52+00:00\",\"mainEntityOfPage\":{\"@id\":\"https:\/\/spanienaktuell.net\/wordpress\/der-neue-mercedes-benz-glc-dynamisch-kraftvoll-und-ausschlieslich-elektrifizierte-antriebe\/\"},\"wordCount\":784,\"publisher\":{\"@id\":\"https:\/\/spanienaktuell.net\/wordpress\/#organization\"},\"image\":{\"@id\":\"https:\/\/spanienaktuell.net\/wordpress\/der-neue-mercedes-benz-glc-dynamisch-kraftvoll-und-ausschlieslich-elektrifizierte-antriebe\/#primaryimage\"},\"thumbnailUrl\":\"https:\/\/spanienaktuell.net\/wordpress\/wp-content\/uploads\/2022\/12\/22C0162_027-scaled.jpg\",\"articleSection\":[\"Motor\"],\"inLanguage\":\"es\"},{\"@type\":\"WebPage\",\"@id\":\"https:\/\/spanienaktuell.net\/wordpress\/der-neue-mercedes-benz-glc-dynamisch-kraftvoll-und-ausschlieslich-elektrifizierte-antriebe\/\",\"url\":\"https:\/\/spanienaktuell.net\/wordpress\/der-neue-mercedes-benz-glc-dynamisch-kraftvoll-und-ausschlieslich-elektrifizierte-antriebe\/\",\"name\":\"Der neue Mercedes-Benz GLC - Dynamisch, kraftvoll und ausschlie\u00dflich elektrifizierte Antriebe - Spanien aktuell\",\"isPartOf\":{\"@id\":\"https:\/\/spanienaktuell.net\/wordpress\/#website\"},\"primaryImageOfPage\":{\"@id\":\"https:\/\/spanienaktuell.net\/wordpress\/der-neue-mercedes-benz-glc-dynamisch-kraftvoll-und-ausschlieslich-elektrifizierte-antriebe\/#primaryimage\"},\"image\":{\"@id\":\"https:\/\/spanienaktuell.net\/wordpress\/der-neue-mercedes-benz-glc-dynamisch-kraftvoll-und-ausschlieslich-elektrifizierte-antriebe\/#primaryimage\"},\"thumbnailUrl\":\"https:\/\/spanienaktuell.net\/wordpress\/wp-content\/uploads\/2022\/12\/22C0162_027-scaled.jpg\",\"datePublished\":\"2022-12-01T06:06:51+00:00\",\"dateModified\":\"2022-12-01T06:09:52+00:00\",\"breadcrumb\":{\"@id\":\"https:\/\/spanienaktuell.net\/wordpress\/der-neue-mercedes-benz-glc-dynamisch-kraftvoll-und-ausschlieslich-elektrifizierte-antriebe\/#breadcrumb\"},\"inLanguage\":\"es\",\"potentialAction\":[{\"@type\":\"ReadAction\",\"target\":[\"https:\/\/spanienaktuell.net\/wordpress\/der-neue-mercedes-benz-glc-dynamisch-kraftvoll-und-ausschlieslich-elektrifizierte-antriebe\/\"]}]},{\"@type\":\"ImageObject\",\"inLanguage\":\"es\",\"@id\":\"https:\/\/spanienaktuell.net\/wordpress\/der-neue-mercedes-benz-glc-dynamisch-kraftvoll-und-ausschlieslich-elektrifizierte-antriebe\/#primaryimage\",\"url\":\"https:\/\/spanienaktuell.net\/wordpress\/wp-content\/uploads\/2022\/12\/22C0162_027-scaled.jpg\",\"contentUrl\":\"https:\/\/spanienaktuell.net\/wordpress\/wp-content\/uploads\/2022\/12\/22C0162_027-scaled.jpg\",\"width\":1440,\"height\":960},{\"@type\":\"BreadcrumbList\",\"@id\":\"https:\/\/spanienaktuell.net\/wordpress\/der-neue-mercedes-benz-glc-dynamisch-kraftvoll-und-ausschlieslich-elektrifizierte-antriebe\/#breadcrumb\",\"itemListElement\":[{\"@type\":\"ListItem\",\"position\":1,\"name\":\"Portada\",\"item\":\"https:\/\/spanienaktuell.net\/wordpress\/\"},{\"@type\":\"ListItem\",\"position\":2,\"name\":\"Der neue Mercedes-Benz GLC &#8211; Dynamisch, kraftvoll und ausschlie\u00dflich elektrifizierte Antriebe\"}]},{\"@type\":\"WebSite\",\"@id\":\"https:\/\/spanienaktuell.net\/wordpress\/#website\",\"url\":\"https:\/\/spanienaktuell.net\/wordpress\/\",\"name\":\"Spanien aktuell\",\"description\":\"The German magazine number 1 on the Costa del Sol\",\"publisher\":{\"@id\":\"https:\/\/spanienaktuell.net\/wordpress\/#organization\"},\"potentialAction\":[{\"@type\":\"SearchAction\",\"target\":{\"@type\":\"EntryPoint\",\"urlTemplate\":\"https:\/\/spanienaktuell.net\/wordpress\/?s={search_term_string}\"},\"query-input\":{\"@type\":\"PropertyValueSpecification\",\"valueRequired\":true,\"valueName\":\"search_term_string\"}}],\"inLanguage\":\"es\"},{\"@type\":\"Organization\",\"@id\":\"https:\/\/spanienaktuell.net\/wordpress\/#organization\",\"name\":\"Spanien aktuell\",\"url\":\"https:\/\/spanienaktuell.net\/wordpress\/\",\"logo\":{\"@type\":\"ImageObject\",\"inLanguage\":\"es\",\"@id\":\"https:\/\/spanienaktuell.net\/wordpress\/#\/schema\/logo\/image\/\",\"url\":\"https:\/\/spanienaktuell.net\/wordpress\/wp-content\/uploads\/2019\/06\/cropped-Logo-spanien-aktuell-png-web-e1561631085388.png\",\"contentUrl\":\"https:\/\/spanienaktuell.net\/wordpress\/wp-content\/uploads\/2019\/06\/cropped-Logo-spanien-aktuell-png-web-e1561631085388.png\",\"width\":512,\"height\":110,\"caption\":\"Spanien aktuell\"},\"image\":{\"@id\":\"https:\/\/spanienaktuell.net\/wordpress\/#\/schema\/logo\/image\/\"}},{\"@type\":\"Person\",\"@id\":\"https:\/\/spanienaktuell.net\/wordpress\/#\/schema\/person\/bc410cfae0161b201d837ebfeeba7fd0\",\"name\":\"Spanien Aktuell\",\"image\":{\"@type\":\"ImageObject\",\"inLanguage\":\"es\",\"@id\":\"https:\/\/spanienaktuell.net\/wordpress\/#\/schema\/person\/image\/\",\"url\":\"https:\/\/spanienaktuell.net\/wordpress\/wp-content\/uploads\/2019\/06\/cropped-Logo-spanien-aktuell-png-fav2-100x100.png\",\"contentUrl\":\"https:\/\/spanienaktuell.net\/wordpress\/wp-content\/uploads\/2019\/06\/cropped-Logo-spanien-aktuell-png-fav2-100x100.png\",\"caption\":\"Spanien Aktuell\"},\"url\":\"https:\/\/spanienaktuell.net\/wordpress\/author\/koalum\/\"}]}<\/script>\n<!-- \/ Yoast SEO plugin. -->","yoast_head_json":{"title":"Der neue Mercedes-Benz GLC - Dynamisch, kraftvoll und ausschlie\u00dflich elektrifizierte Antriebe - Spanien aktuell","robots":{"index":"index","follow":"follow","max-snippet":"max-snippet:-1","max-image-preview":"max-image-preview:large","max-video-preview":"max-video-preview:-1"},"canonical":"https:\/\/spanienaktuell.net\/wordpress\/der-neue-mercedes-benz-glc-dynamisch-kraftvoll-und-ausschlieslich-elektrifizierte-antriebe\/","og_locale":"es_ES","og_type":"article","og_title":"Der neue Mercedes-Benz GLC - Dynamisch, kraftvoll und ausschlie\u00dflich elektrifizierte Antriebe - Spanien aktuell","og_description":"Das Wichtigste zum neuen Mercedes-Benz GLC Antriebe: Der neue GLC setzt konsequent auf Hybridantrieb und damit Ma\u00dfst\u00e4be bei der Effizienz. [&hellip;]","og_url":"https:\/\/spanienaktuell.net\/wordpress\/der-neue-mercedes-benz-glc-dynamisch-kraftvoll-und-ausschlieslich-elektrifizierte-antriebe\/","og_site_name":"Spanien aktuell","article_published_time":"2022-12-01T06:06:51+00:00","article_modified_time":"2022-12-01T06:09:52+00:00","og_image":[{"width":1440,"height":960,"url":"https:\/\/spanienaktuell.net\/wordpress\/wp-content\/uploads\/2022\/12\/22C0162_027-scaled.jpg","type":"image\/jpeg"}],"author":"Spanien Aktuell","twitter_card":"summary_large_image","twitter_misc":{"Escrito por":"Spanien Aktuell","Tiempo de lectura":"6 minutos"},"schema":{"@context":"https:\/\/schema.org","@graph":[{"@type":"Article","@id":"https:\/\/spanienaktuell.net\/wordpress\/der-neue-mercedes-benz-glc-dynamisch-kraftvoll-und-ausschlieslich-elektrifizierte-antriebe\/#article","isPartOf":{"@id":"https:\/\/spanienaktuell.net\/wordpress\/der-neue-mercedes-benz-glc-dynamisch-kraftvoll-und-ausschlieslich-elektrifizierte-antriebe\/"},"author":{"name":"Spanien Aktuell","@id":"https:\/\/spanienaktuell.net\/wordpress\/#\/schema\/person\/bc410cfae0161b201d837ebfeeba7fd0"},"headline":"Der neue Mercedes-Benz GLC &#8211; Dynamisch, kraftvoll und ausschlie\u00dflich elektrifizierte Antriebe","datePublished":"2022-12-01T06:06:51+00:00","dateModified":"2022-12-01T06:09:52+00:00","mainEntityOfPage":{"@id":"https:\/\/spanienaktuell.net\/wordpress\/der-neue-mercedes-benz-glc-dynamisch-kraftvoll-und-ausschlieslich-elektrifizierte-antriebe\/"},"wordCount":784,"publisher":{"@id":"https:\/\/spanienaktuell.net\/wordpress\/#organization"},"image":{"@id":"https:\/\/spanienaktuell.net\/wordpress\/der-neue-mercedes-benz-glc-dynamisch-kraftvoll-und-ausschlieslich-elektrifizierte-antriebe\/#primaryimage"},"thumbnailUrl":"https:\/\/spanienaktuell.net\/wordpress\/wp-content\/uploads\/2022\/12\/22C0162_027-scaled.jpg","articleSection":["Motor"],"inLanguage":"es"},{"@type":"WebPage","@id":"https:\/\/spanienaktuell.net\/wordpress\/der-neue-mercedes-benz-glc-dynamisch-kraftvoll-und-ausschlieslich-elektrifizierte-antriebe\/","url":"https:\/\/spanienaktuell.net\/wordpress\/der-neue-mercedes-benz-glc-dynamisch-kraftvoll-und-ausschlieslich-elektrifizierte-antriebe\/","name":"Der neue Mercedes-Benz GLC - Dynamisch, kraftvoll und ausschlie\u00dflich elektrifizierte Antriebe - Spanien aktuell","isPartOf":{"@id":"https:\/\/spanienaktuell.net\/wordpress\/#website"},"primaryImageOfPage":{"@id":"https:\/\/spanienaktuell.net\/wordpress\/der-neue-mercedes-benz-glc-dynamisch-kraftvoll-und-ausschlieslich-elektrifizierte-antriebe\/#primaryimage"},"image":{"@id":"https:\/\/spanienaktuell.net\/wordpress\/der-neue-mercedes-benz-glc-dynamisch-kraftvoll-und-ausschlieslich-elektrifizierte-antriebe\/#primaryimage"},"thumbnailUrl":"https:\/\/spanienaktuell.net\/wordpress\/wp-content\/uploads\/2022\/12\/22C0162_027-scaled.jpg","datePublished":"2022-12-01T06:06:51+00:00","dateModified":"2022-12-01T06:09:52+00:00","breadcrumb":{"@id":"https:\/\/spanienaktuell.net\/wordpress\/der-neue-mercedes-benz-glc-dynamisch-kraftvoll-und-ausschlieslich-elektrifizierte-antriebe\/#breadcrumb"},"inLanguage":"es","potentialAction":[{"@type":"ReadAction","target":["https:\/\/spanienaktuell.net\/wordpress\/der-neue-mercedes-benz-glc-dynamisch-kraftvoll-und-ausschlieslich-elektrifizierte-antriebe\/"]}]},{"@type":"ImageObject","inLanguage":"es","@id":"https:\/\/spanienaktuell.net\/wordpress\/der-neue-mercedes-benz-glc-dynamisch-kraftvoll-und-ausschlieslich-elektrifizierte-antriebe\/#primaryimage","url":"https:\/\/spanienaktuell.net\/wordpress\/wp-content\/uploads\/2022\/12\/22C0162_027-scaled.jpg","contentUrl":"https:\/\/spanienaktuell.net\/wordpress\/wp-content\/uploads\/2022\/12\/22C0162_027-scaled.jpg","width":1440,"height":960},{"@type":"BreadcrumbList","@id":"https:\/\/spanienaktuell.net\/wordpress\/der-neue-mercedes-benz-glc-dynamisch-kraftvoll-und-ausschlieslich-elektrifizierte-antriebe\/#breadcrumb","itemListElement":[{"@type":"ListItem","position":1,"name":"Portada","item":"https:\/\/spanienaktuell.net\/wordpress\/"},{"@type":"ListItem","position":2,"name":"Der neue Mercedes-Benz GLC &#8211; Dynamisch, kraftvoll und ausschlie\u00dflich elektrifizierte Antriebe"}]},{"@type":"WebSite","@id":"https:\/\/spanienaktuell.net\/wordpress\/#website","url":"https:\/\/spanienaktuell.net\/wordpress\/","name":"Spanien aktuell","description":"The German magazine number 1 on the Costa del Sol","publisher":{"@id":"https:\/\/spanienaktuell.net\/wordpress\/#organization"},"potentialAction":[{"@type":"SearchAction","target":{"@type":"EntryPoint","urlTemplate":"https:\/\/spanienaktuell.net\/wordpress\/?s={search_term_string}"},"query-input":{"@type":"PropertyValueSpecification","valueRequired":true,"valueName":"search_term_string"}}],"inLanguage":"es"},{"@type":"Organization","@id":"https:\/\/spanienaktuell.net\/wordpress\/#organization","name":"Spanien aktuell","url":"https:\/\/spanienaktuell.net\/wordpress\/","logo":{"@type":"ImageObject","inLanguage":"es","@id":"https:\/\/spanienaktuell.net\/wordpress\/#\/schema\/logo\/image\/","url":"https:\/\/spanienaktuell.net\/wordpress\/wp-content\/uploads\/2019\/06\/cropped-Logo-spanien-aktuell-png-web-e1561631085388.png","contentUrl":"https:\/\/spanienaktuell.net\/wordpress\/wp-content\/uploads\/2019\/06\/cropped-Logo-spanien-aktuell-png-web-e1561631085388.png","width":512,"height":110,"caption":"Spanien aktuell"},"image":{"@id":"https:\/\/spanienaktuell.net\/wordpress\/#\/schema\/logo\/image\/"}},{"@type":"Person","@id":"https:\/\/spanienaktuell.net\/wordpress\/#\/schema\/person\/bc410cfae0161b201d837ebfeeba7fd0","name":"Spanien Aktuell","image":{"@type":"ImageObject","inLanguage":"es","@id":"https:\/\/spanienaktuell.net\/wordpress\/#\/schema\/person\/image\/","url":"https:\/\/spanienaktuell.net\/wordpress\/wp-content\/uploads\/2019\/06\/cropped-Logo-spanien-aktuell-png-fav2-100x100.png","contentUrl":"https:\/\/spanienaktuell.net\/wordpress\/wp-content\/uploads\/2019\/06\/cropped-Logo-spanien-aktuell-png-fav2-100x100.png","caption":"Spanien Aktuell"},"url":"https:\/\/spanienaktuell.net\/wordpress\/author\/koalum\/"}]}},"_links":{"self":[{"href":"https:\/\/spanienaktuell.net\/wordpress\/wp-json\/wp\/v2\/posts\/96327","targetHints":{"allow":["GET"]}}],"collection":[{"href":"https:\/\/spanienaktuell.net\/wordpress\/wp-json\/wp\/v2\/posts"}],"about":[{"href":"https:\/\/spanienaktuell.net\/wordpress\/wp-json\/wp\/v2\/types\/post"}],"author":[{"embeddable":true,"href":"https:\/\/spanienaktuell.net\/wordpress\/wp-json\/wp\/v2\/users\/3"}],"replies":[{"embeddable":true,"href":"https:\/\/spanienaktuell.net\/wordpress\/wp-json\/wp\/v2\/comments?post=96327"}],"version-history":[{"count":3,"href":"https:\/\/spanienaktuell.net\/wordpress\/wp-json\/wp\/v2\/posts\/96327\/revisions"}],"predecessor-version":[{"id":96357,"href":"https:\/\/spanienaktuell.net\/wordpress\/wp-json\/wp\/v2\/posts\/96327\/revisions\/96357"}],"wp:featuredmedia":[{"embeddable":true,"href":"https:\/\/spanienaktuell.net\/wordpress\/wp-json\/wp\/v2\/media\/96337"}],"wp:attachment":[{"href":"https:\/\/spanienaktuell.net\/wordpress\/wp-json\/wp\/v2\/media?parent=96327"}],"wp:term":[{"taxonomy":"category","embeddable":true,"href":"https:\/\/spanienaktuell.net\/wordpress\/wp-json\/wp\/v2\/categories?post=96327"},{"taxonomy":"post_tag","embeddable":true,"href":"https:\/\/spanienaktuell.net\/wordpress\/wp-json\/wp\/v2\/tags?post=96327"}],"curies":[{"name":"wp","href":"https:\/\/api.w.org\/{rel}","templated":true}]}}