{"id":96546,"date":"2023-01-01T13:18:53","date_gmt":"2023-01-01T12:18:53","guid":{"rendered":"https:\/\/spanienaktuell.net\/wordpress\/?p=96546"},"modified":"2023-01-01T13:18:53","modified_gmt":"2023-01-01T12:18:53","slug":"hochleistung-in-ihrer-reinsten-form-der-neue-audi-r8-coupe-v10-gt-rwd","status":"publish","type":"post","link":"https:\/\/spanienaktuell.net\/wordpress\/hochleistung-in-ihrer-reinsten-form-der-neue-audi-r8-coupe-v10-gt-rwd\/","title":{"rendered":"Hochleistung in ihrer reinsten Form: der neue Audi R8 Coup\u00e9 V10 GT RWD"},"content":{"rendered":"<p><img decoding=\"async\" class=\"aligncenter size-full wp-image-96547\" src=\"https:\/\/spanienaktuell.net\/wordpress\/wp-content\/uploads\/2023\/01\/A225131_large-scaled.jpeg\" alt=\"\" width=\"1440\" height=\"960\" srcset=\"https:\/\/spanienaktuell.net\/wordpress\/wp-content\/uploads\/2023\/01\/A225131_large-scaled.jpeg 1440w, https:\/\/spanienaktuell.net\/wordpress\/wp-content\/uploads\/2023\/01\/A225131_large-300x200.jpeg 300w, https:\/\/spanienaktuell.net\/wordpress\/wp-content\/uploads\/2023\/01\/A225131_large-1024x683.jpeg 1024w, https:\/\/spanienaktuell.net\/wordpress\/wp-content\/uploads\/2023\/01\/A225131_large-768x512.jpeg 768w, https:\/\/spanienaktuell.net\/wordpress\/wp-content\/uploads\/2023\/01\/A225131_large-1536x1024.jpeg 1536w, https:\/\/spanienaktuell.net\/wordpress\/wp-content\/uploads\/2023\/01\/A225131_large-2048x1365.jpeg 2048w\" sizes=\"(max-width: 1440px) 100vw, 1440px\" \/><\/p>\n<ul>\n<li><strong>Streng limitiertes Sondermodell: weltweit 333 Exemplare mit fortlaufender Nummerierung und exklusiver Ausstattung<\/strong><\/li>\n<li><strong> Fahrspa\u00df garantiert: 5,2-Liter-V10-FSI-Motor in Kombination mit RWDAntrieb<\/strong><\/li>\n<li><strong> Neuer Fahrmodus: Torque Rear mit individueller Anpassung erm\u00f6glicht pr\u00e4zises und kontrolliertes \u00dcbersteuern<\/strong><\/li>\n<\/ul>\n<p><iframe title=\"ASMR meets Audi: An experience for all senses | Audi R8 GT\" width=\"840\" height=\"473\" src=\"https:\/\/www.youtube.com\/embed\/njTAITHZRxA?feature=oembed&#038;width=840&#038;height=1000&#038;discover=1\" frameborder=\"0\" allow=\"accelerometer; autoplay; clipboard-write; encrypted-media; gyroscope; picture-in-picture\" allowfullscreen><\/iframe><\/p>\n<p><strong><img decoding=\"async\" class=\"aligncenter size-full wp-image-96551\" src=\"https:\/\/spanienaktuell.net\/wordpress\/wp-content\/uploads\/2023\/01\/A225170_large-scaled.jpeg\" alt=\"\" width=\"1440\" height=\"960\" srcset=\"https:\/\/spanienaktuell.net\/wordpress\/wp-content\/uploads\/2023\/01\/A225170_large-scaled.jpeg 1440w, https:\/\/spanienaktuell.net\/wordpress\/wp-content\/uploads\/2023\/01\/A225170_large-300x200.jpeg 300w, https:\/\/spanienaktuell.net\/wordpress\/wp-content\/uploads\/2023\/01\/A225170_large-1024x683.jpeg 1024w, https:\/\/spanienaktuell.net\/wordpress\/wp-content\/uploads\/2023\/01\/A225170_large-768x512.jpeg 768w, https:\/\/spanienaktuell.net\/wordpress\/wp-content\/uploads\/2023\/01\/A225170_large-1536x1024.jpeg 1536w, https:\/\/spanienaktuell.net\/wordpress\/wp-content\/uploads\/2023\/01\/A225170_large-2048x1366.jpeg 2048w\" sizes=\"(max-width: 1440px) 100vw, 1440px\" \/>\u00a0<\/strong><\/p>\n<p><em>Zw\u00f6lf Jahre nach der Premiere des ersten Audi R8 GT bringt die Audi Sport GmbH die zweite Auflage dieses exklusiven Supersportwagens: den neuen Audi R8 Coup\u00e9 V10 GT RWD. Der 5,2-Liter-V10-Saugmotor erh\u00e4lt eine Leistungssteigerung auf 456 kW (620 PS), ist damit das st\u00e4rkste Aggregat in der Geschichte der Marke mit Heckantrieb. Ein neues 7-Gang-Doppelkupplungsgetriebe sorgt f\u00fcr schnellere Schaltvorg\u00e4nge und der neue Fahrmodus Torque Rear erm\u00f6glicht den Fahrer_innen, ihr eigenes Level an ESC-Unterst\u00fctzung zu w\u00e4hlen. So ist kontrolliertes und gleichzeitig pr\u00e4zises \u00dcbersteuern m\u00f6glich. Die sieben Stufen des Torque Rear lassen sich \u00fcber den Bediensatelliten am Lenkrad einstellen. Weltweit ist der neue R8 GT auf 333 Exemplare limitiert. Neue und exklusive Ausstattungsdetails im Exterieur und Interieur sind eine Hommage an die erste Generation des R8 GT. Dazu z\u00e4hlen beispielsweise die fortlaufende Nummerierung, spezielle Leichtmetallr\u00e4der sowie ein Interieur in der Kombination Schwarz und Rot. Der neue Audi R8 Coup\u00e9 V10 GT RWD steht ab 2023 beim H\u00e4ndler. Der Preis startet bei 225.000 Euro.<\/em><\/p>\n<p><img decoding=\"async\" class=\"aligncenter size-full wp-image-96550\" src=\"https:\/\/spanienaktuell.net\/wordpress\/wp-content\/uploads\/2023\/01\/A225165_large-scaled.jpeg\" alt=\"\" width=\"1440\" height=\"960\" srcset=\"https:\/\/spanienaktuell.net\/wordpress\/wp-content\/uploads\/2023\/01\/A225165_large-scaled.jpeg 1440w, https:\/\/spanienaktuell.net\/wordpress\/wp-content\/uploads\/2023\/01\/A225165_large-300x200.jpeg 300w, https:\/\/spanienaktuell.net\/wordpress\/wp-content\/uploads\/2023\/01\/A225165_large-1024x683.jpeg 1024w, https:\/\/spanienaktuell.net\/wordpress\/wp-content\/uploads\/2023\/01\/A225165_large-768x512.jpeg 768w, https:\/\/spanienaktuell.net\/wordpress\/wp-content\/uploads\/2023\/01\/A225165_large-1536x1024.jpeg 1536w, https:\/\/spanienaktuell.net\/wordpress\/wp-content\/uploads\/2023\/01\/A225165_large-2048x1366.jpeg 2048w\" sizes=\"(max-width: 1440px) 100vw, 1440px\" \/><\/p>\n<p><strong>\u00a0<\/strong><strong>Der R8 GT verabschiedet den V10-Motor<\/strong><\/p>\n<p>Gegen\u00fcber dem R8 V10 performance RWD mit 570 PS, der die Basis f\u00fcr die zweite Auflage des R8 GT stellt, steigert die Audi Sport GmbH die Leistung des Sondermodells, um es auf ein Niveau mit den quattro-Modell zu heben. Konkret bedeutet das: 620 PS aus 10 Zylindern, 5,2-Liter Hubraum und 565 Nm, die ab 6.400 bis 7.000 Umdrehungen pro Minute (H\u00f6chstdrehzahl: 8.700 Umdrehungen\/min) bereitstehen.<\/p>\n<p><img decoding=\"async\" class=\"aligncenter size-full wp-image-96560\" src=\"https:\/\/spanienaktuell.net\/wordpress\/wp-content\/uploads\/2023\/01\/A225084_large-scaled.jpeg\" alt=\"\" width=\"1440\" height=\"1080\" srcset=\"https:\/\/spanienaktuell.net\/wordpress\/wp-content\/uploads\/2023\/01\/A225084_large-scaled.jpeg 1440w, https:\/\/spanienaktuell.net\/wordpress\/wp-content\/uploads\/2023\/01\/A225084_large-300x225.jpeg 300w, https:\/\/spanienaktuell.net\/wordpress\/wp-content\/uploads\/2023\/01\/A225084_large-1024x768.jpeg 1024w, https:\/\/spanienaktuell.net\/wordpress\/wp-content\/uploads\/2023\/01\/A225084_large-768x576.jpeg 768w, https:\/\/spanienaktuell.net\/wordpress\/wp-content\/uploads\/2023\/01\/A225084_large-1536x1152.jpeg 1536w, https:\/\/spanienaktuell.net\/wordpress\/wp-content\/uploads\/2023\/01\/A225084_large-2048x1536.jpeg 2048w\" sizes=\"(max-width: 1440px) 100vw, 1440px\" \/><\/p>\n<p>Damit beschleunigt der neue R8 GT in 3,4 Sekunden auf 100 km\/h, erreicht die Marke von 200 km\/h bereits nach 10,1 Sekunden und f\u00e4hrt bis zu 320 km\/h schnell. Ein weiterer entscheidender Unterschied: ein neues 7-Gang-Doppelkupplungsgetriebe mit nochmals verk\u00fcrzten Schaltzeiten. Durch ein ge\u00e4ndertes \u00dcbersetzungsverh\u00e4ltnis und das damit einhergehende h\u00f6here Drehzahlniveau erlaubt das neue Getriebe eine noch beeindruckendere Beschleunigung in allen G\u00e4ngen. Ein optisches Highlight f\u00fcr den V10: Die Ansaugbr\u00fccke des R8 GT gl\u00e4nzt exklusiv in Schwarz.<\/p>\n<p><strong>Neuer Fahrmodus Torque Rear<\/strong><\/p>\n<p><img decoding=\"async\" class=\"aligncenter size-full wp-image-96557\" src=\"https:\/\/spanienaktuell.net\/wordpress\/wp-content\/uploads\/2023\/01\/A225079_large-scaled.jpeg\" alt=\"\" width=\"1440\" height=\"1080\" srcset=\"https:\/\/spanienaktuell.net\/wordpress\/wp-content\/uploads\/2023\/01\/A225079_large-scaled.jpeg 1440w, https:\/\/spanienaktuell.net\/wordpress\/wp-content\/uploads\/2023\/01\/A225079_large-300x225.jpeg 300w, https:\/\/spanienaktuell.net\/wordpress\/wp-content\/uploads\/2023\/01\/A225079_large-1024x768.jpeg 1024w, https:\/\/spanienaktuell.net\/wordpress\/wp-content\/uploads\/2023\/01\/A225079_large-768x576.jpeg 768w, https:\/\/spanienaktuell.net\/wordpress\/wp-content\/uploads\/2023\/01\/A225079_large-1536x1152.jpeg 1536w, https:\/\/spanienaktuell.net\/wordpress\/wp-content\/uploads\/2023\/01\/A225079_large-2048x1536.jpeg 2048w\" sizes=\"(max-width: 1440px) 100vw, 1440px\" \/><\/p>\n<p>Erstmals bietet die Audi Sport GmbH, die den neuen R8 GT gr\u00f6\u00dftenteils in Handarbeit in den B\u00f6llinger H\u00f6fen fertigt, den Torque-Rear-Modus an. Der Schlupf wird an der Hinterachse durch die Traktionskontrolle, also die Antriebsschlupfregelung (ASR), gesteuert. Sie ist Bestandteil der ESC. In der ASR sind sieben Kennlinien hinterlegt, die verschiedene Stufen an Unterst\u00fctzung bieten. Dabei l\u00e4sst Stufe 1 wenig Schlupf zu, Stufe 7 hingegen erlaubt viel Schlupf. Durch Drehen des Bediensatelliten am Lenkrad l\u00e4sst sich die gew\u00fcnschte Torque Rear-Stufe einstellen.<\/p>\n<p><img decoding=\"async\" class=\"aligncenter size-full wp-image-96554\" src=\"https:\/\/spanienaktuell.net\/wordpress\/wp-content\/uploads\/2023\/01\/A225255_large-scaled.jpg\" alt=\"\" width=\"1418\" height=\"1080\" srcset=\"https:\/\/spanienaktuell.net\/wordpress\/wp-content\/uploads\/2023\/01\/A225255_large-scaled.jpg 1418w, https:\/\/spanienaktuell.net\/wordpress\/wp-content\/uploads\/2023\/01\/A225255_large-300x229.jpg 300w, https:\/\/spanienaktuell.net\/wordpress\/wp-content\/uploads\/2023\/01\/A225255_large-1024x780.jpg 1024w, https:\/\/spanienaktuell.net\/wordpress\/wp-content\/uploads\/2023\/01\/A225255_large-768x585.jpg 768w, https:\/\/spanienaktuell.net\/wordpress\/wp-content\/uploads\/2023\/01\/A225255_large-1536x1170.jpg 1536w, https:\/\/spanienaktuell.net\/wordpress\/wp-content\/uploads\/2023\/01\/A225255_large-2048x1560.jpg 2048w\" sizes=\"(max-width: 1418px) 100vw, 1418px\" \/><\/p>\n<p>Diese Funktion erm\u00f6glicht so auch eine schrittweise Anpassung an die unterschiedlichen fahrerischen F\u00e4higkeiten sowie an die Streckenbedingungen. In Abh\u00e4ngigkeit davon und unter Einbeziehung der Informationen von Raddrehzahlsensoren, Lenkwinkel, Gaspedalstellung und gew\u00e4hltem Gang dosiert das Motorsteuerger\u00e4t die Antriebskr\u00e4fte an der Hinterachse.<\/p>\n<p><strong>Weniger ist mehr<\/strong><\/p>\n<p>Im Vergleich zum R8 Coup\u00e9 V10 performance RWD lie\u00df sich durch diverse Ma\u00dfnahmen eine Gewichtsreduzierung um circa 20 Kilogramm, auf insgesamt 1570 Kilogramm (ohne Fahrer), realisieren. Zur Gewichtseinsparung tragen wesentlich die exklusiven 20-Zoll-R\u00e4der im 10-Speichen-Design bei, die auf Wunsch mit dem f\u00fcr Stra\u00dfe und Rennstrecke entwickelten Hochleistungsreifen Michelin Sport Cup 2 kombiniert werden k\u00f6nnen.<\/p>\n<p><img decoding=\"async\" class=\"aligncenter size-full wp-image-96556\" src=\"https:\/\/spanienaktuell.net\/wordpress\/wp-content\/uploads\/2023\/01\/A225075_large-scaled.jpeg\" alt=\"\" width=\"1440\" height=\"1080\" srcset=\"https:\/\/spanienaktuell.net\/wordpress\/wp-content\/uploads\/2023\/01\/A225075_large-scaled.jpeg 1440w, https:\/\/spanienaktuell.net\/wordpress\/wp-content\/uploads\/2023\/01\/A225075_large-300x225.jpeg 300w, https:\/\/spanienaktuell.net\/wordpress\/wp-content\/uploads\/2023\/01\/A225075_large-1024x768.jpeg 1024w, https:\/\/spanienaktuell.net\/wordpress\/wp-content\/uploads\/2023\/01\/A225075_large-768x576.jpeg 768w, https:\/\/spanienaktuell.net\/wordpress\/wp-content\/uploads\/2023\/01\/A225075_large-1536x1152.jpeg 1536w, https:\/\/spanienaktuell.net\/wordpress\/wp-content\/uploads\/2023\/01\/A225075_large-2048x1536.jpeg 2048w\" sizes=\"(max-width: 1440px) 100vw, 1440px\" \/><\/p>\n<p>Angelehnt sind die Leichtbauschmieder\u00e4der an die Motorsportfahrzeuge von Audi. Weiteres Gewicht wurde durch die im R8 GT serienm\u00e4\u00dfig verbaute und \u00fcberaus leistungsf\u00e4hige Keramikbremsanlage eingespart. Dazu kommen die R8-Schalensitze sowie das Sportfahrwerk performance mit CFK-Stabilisator. Der Stabilisator an der Vorderachse besteht aus kohlenstofffaserverst\u00e4rktem Kunststoff. Gemeinsam mit den Koppelstangenanbindungen aus rot anodisiertem (bietet Schutz vor Korrosion) Aluminium reduziert er das Gewicht und sorgt f\u00fcr eine noch bessere Stra\u00dfenlage und Dynamik bei Kurvenfahrten. Optional ist ein noch sportlicheres R8 GT-Gewindefahrwerk erh\u00e4ltlich. Dies erm\u00f6glicht eine individuelle Anpassung der Trimmlage sowie der Zug- und Druckstufe f\u00fcr ihren R8 GT. Die Kundschaft erh\u00e4lt mit der Auslieferung des R8 GT eine Einstellanleitung und entsprechendes Werkzeug.<\/p>\n<p><img decoding=\"async\" class=\"aligncenter size-full wp-image-96552\" src=\"https:\/\/spanienaktuell.net\/wordpress\/wp-content\/uploads\/2023\/01\/A225176_large-scaled.jpeg\" alt=\"\" width=\"1440\" height=\"960\" srcset=\"https:\/\/spanienaktuell.net\/wordpress\/wp-content\/uploads\/2023\/01\/A225176_large-scaled.jpeg 1440w, https:\/\/spanienaktuell.net\/wordpress\/wp-content\/uploads\/2023\/01\/A225176_large-300x200.jpeg 300w, https:\/\/spanienaktuell.net\/wordpress\/wp-content\/uploads\/2023\/01\/A225176_large-1024x683.jpeg 1024w, https:\/\/spanienaktuell.net\/wordpress\/wp-content\/uploads\/2023\/01\/A225176_large-768x512.jpeg 768w, https:\/\/spanienaktuell.net\/wordpress\/wp-content\/uploads\/2023\/01\/A225176_large-1536x1024.jpeg 1536w, https:\/\/spanienaktuell.net\/wordpress\/wp-content\/uploads\/2023\/01\/A225176_large-2048x1365.jpeg 2048w\" sizes=\"(max-width: 1440px) 100vw, 1440px\" \/><\/p>\n<p><strong>Ein standesgem\u00e4\u00dfer Auftritt<\/strong><\/p>\n<p>Um den neuen Audi R8 V10 GT RWD von seinen Verwandten abzugrenzen, erh\u00e4lt das Sondermodell exklusive Anbauteile. Erstes Erkennungsmerkmal: der schwarze Schriftzug \u201eR8 GT\u201c am Heck.<\/p>\n<p><img decoding=\"async\" class=\"aligncenter size-full wp-image-96555\" src=\"https:\/\/spanienaktuell.net\/wordpress\/wp-content\/uploads\/2023\/01\/A225074_large-scaled.jpeg\" alt=\"\" width=\"1440\" height=\"1080\" srcset=\"https:\/\/spanienaktuell.net\/wordpress\/wp-content\/uploads\/2023\/01\/A225074_large-scaled.jpeg 1440w, https:\/\/spanienaktuell.net\/wordpress\/wp-content\/uploads\/2023\/01\/A225074_large-300x225.jpeg 300w, https:\/\/spanienaktuell.net\/wordpress\/wp-content\/uploads\/2023\/01\/A225074_large-1024x768.jpeg 1024w, https:\/\/spanienaktuell.net\/wordpress\/wp-content\/uploads\/2023\/01\/A225074_large-768x576.jpeg 768w, https:\/\/spanienaktuell.net\/wordpress\/wp-content\/uploads\/2023\/01\/A225074_large-1536x1152.jpeg 1536w, https:\/\/spanienaktuell.net\/wordpress\/wp-content\/uploads\/2023\/01\/A225074_large-2048x1536.jpeg 2048w\" sizes=\"(max-width: 1440px) 100vw, 1440px\" \/><\/p>\n<p>Alle weiteren Embleme sind in Schwarz gehalten. Mit dem im Windkanal entwickelten Carbon Aerokit in Hochglanz generiert das Paket bessere Stabilit\u00e4t auf der Stra\u00dfe, damit auch h\u00f6here Kurvengeschwindigkeiten. In Summe besteht das Carbon Aerokit aus den folgenden Anbauteilen: Frontsplitter, Flics, Seitenschwellerverkleidungen, cW-Elemente seitlich am Hecksto\u00dff\u00e4nger, ein Diffusor sowie Heckfl\u00fcgel mit Schwanenhals-Aufh\u00e4ngung.<\/p>\n<p><img decoding=\"async\" class=\"aligncenter size-full wp-image-96558\" src=\"https:\/\/spanienaktuell.net\/wordpress\/wp-content\/uploads\/2023\/01\/A225080_large-scaled.jpeg\" alt=\"\" width=\"1440\" height=\"1080\" srcset=\"https:\/\/spanienaktuell.net\/wordpress\/wp-content\/uploads\/2023\/01\/A225080_large-scaled.jpeg 1440w, https:\/\/spanienaktuell.net\/wordpress\/wp-content\/uploads\/2023\/01\/A225080_large-300x225.jpeg 300w, https:\/\/spanienaktuell.net\/wordpress\/wp-content\/uploads\/2023\/01\/A225080_large-1024x768.jpeg 1024w, https:\/\/spanienaktuell.net\/wordpress\/wp-content\/uploads\/2023\/01\/A225080_large-768x576.jpeg 768w, https:\/\/spanienaktuell.net\/wordpress\/wp-content\/uploads\/2023\/01\/A225080_large-1536x1152.jpeg 1536w, https:\/\/spanienaktuell.net\/wordpress\/wp-content\/uploads\/2023\/01\/A225080_large-2048x1536.jpeg 2048w\" sizes=\"(max-width: 1440px) 100vw, 1440px\" \/><\/p>\n<p>Dieser Einsatz sorgt f\u00fcr eine optimale Unterstr\u00f6mung des Fl\u00fcgels und verbessert damit die aerodynamische Wirksamkeit. Ganz im Stil seines Vorg\u00e4ngers pr\u00e4sentiert sich der neue R8 GT in Suzukagrau matt. Alternativ stehen Tangorot Metallic und Daytonagrau Metallic zur Wahl.<\/p>\n<p><img decoding=\"async\" class=\"aligncenter size-full wp-image-96559\" src=\"https:\/\/spanienaktuell.net\/wordpress\/wp-content\/uploads\/2023\/01\/A225083_large-scaled.jpeg\" alt=\"\" width=\"1440\" height=\"1080\" srcset=\"https:\/\/spanienaktuell.net\/wordpress\/wp-content\/uploads\/2023\/01\/A225083_large-scaled.jpeg 1440w, https:\/\/spanienaktuell.net\/wordpress\/wp-content\/uploads\/2023\/01\/A225083_large-300x225.jpeg 300w, https:\/\/spanienaktuell.net\/wordpress\/wp-content\/uploads\/2023\/01\/A225083_large-1024x768.jpeg 1024w, https:\/\/spanienaktuell.net\/wordpress\/wp-content\/uploads\/2023\/01\/A225083_large-768x576.jpeg 768w, https:\/\/spanienaktuell.net\/wordpress\/wp-content\/uploads\/2023\/01\/A225083_large-1536x1152.jpeg 1536w, https:\/\/spanienaktuell.net\/wordpress\/wp-content\/uploads\/2023\/01\/A225083_large-2048x1536.jpeg 2048w\" sizes=\"(max-width: 1440px) 100vw, 1440px\" \/><\/p>\n<p>Im Innenraum f\u00fchrt die Audi Sport GmbH die Hommage an den ersten R8 GT von 2010 fort. Gefertigt ist das Interieur in einer Kombination aus Schwarz und Rot. Das beinhaltet ebenfalls rote Gurte \u2013 vor zw\u00f6lf Jahren ausschlie\u00dflich im R8 GT verf\u00fcgbar. Die Fu\u00dfmatten und die R8-Schalensitze pr\u00e4sentieren in schwarz-rot den Schriftzug des Sondermodells.<\/p>\n<p>Ein Highlight: Mittig unter dem W\u00e4hlhebel findet die Kundschaft, partiell mattiert im Carboneinleger, die fortlaufende Nummerierung ihres R8 GT.<\/p>\n<p><img decoding=\"async\" class=\"aligncenter size-full wp-image-96549\" src=\"https:\/\/spanienaktuell.net\/wordpress\/wp-content\/uploads\/2023\/01\/A225161_large-scaled.jpeg\" alt=\"\" width=\"1440\" height=\"960\" srcset=\"https:\/\/spanienaktuell.net\/wordpress\/wp-content\/uploads\/2023\/01\/A225161_large-scaled.jpeg 1440w, https:\/\/spanienaktuell.net\/wordpress\/wp-content\/uploads\/2023\/01\/A225161_large-300x200.jpeg 300w, https:\/\/spanienaktuell.net\/wordpress\/wp-content\/uploads\/2023\/01\/A225161_large-1024x683.jpeg 1024w, https:\/\/spanienaktuell.net\/wordpress\/wp-content\/uploads\/2023\/01\/A225161_large-768x512.jpeg 768w, https:\/\/spanienaktuell.net\/wordpress\/wp-content\/uploads\/2023\/01\/A225161_large-1536x1024.jpeg 1536w, https:\/\/spanienaktuell.net\/wordpress\/wp-content\/uploads\/2023\/01\/A225161_large-2048x1365.jpeg 2048w\" sizes=\"(max-width: 1440px) 100vw, 1440px\" \/><\/p>\n<p><em>* Die gesammelten Verbrauchs- und Emissionswerte aller genannten und f\u00fcr den <\/em><em>deutschen Markt erh\u00e4ltlichen Modelle entnehmen Sie der Auflistung am Ende dieses <\/em><em>Textes.<\/em><\/p>\n<p><em>** F\u00fcr das Fahrzeug liegen nur Verbrauchs- und Emissionswerte nach WLTP und nicht nach<\/em><\/p>\n<p><em>NEFZ vor. Angaben zu Kraftstoffverbrauch, Stromverbrauch und CO<\/em><em>\u2082<\/em><em>-Emissionen bei <\/em><em>Spannbreiten in Abh\u00e4ngigkeit von der gew\u00e4hlten Ausstattung des Fahrzeugs.<\/em><\/p>\n<p><img decoding=\"async\" class=\"aligncenter size-full wp-image-96548\" src=\"https:\/\/spanienaktuell.net\/wordpress\/wp-content\/uploads\/2023\/01\/A225159_large-scaled.jpeg\" alt=\"\" width=\"1440\" height=\"1080\" srcset=\"https:\/\/spanienaktuell.net\/wordpress\/wp-content\/uploads\/2023\/01\/A225159_large-scaled.jpeg 1440w, https:\/\/spanienaktuell.net\/wordpress\/wp-content\/uploads\/2023\/01\/A225159_large-300x225.jpeg 300w, https:\/\/spanienaktuell.net\/wordpress\/wp-content\/uploads\/2023\/01\/A225159_large-1024x768.jpeg 1024w, https:\/\/spanienaktuell.net\/wordpress\/wp-content\/uploads\/2023\/01\/A225159_large-768x576.jpeg 768w, https:\/\/spanienaktuell.net\/wordpress\/wp-content\/uploads\/2023\/01\/A225159_large-1536x1152.jpeg 1536w, https:\/\/spanienaktuell.net\/wordpress\/wp-content\/uploads\/2023\/01\/A225159_large-2048x1536.jpeg 2048w\" sizes=\"(max-width: 1440px) 100vw, 1440px\" \/><\/p>\n<p><em>Quelle: \u00a9 2022 by AUDI AG.\u00a0 <\/em><a href=\"http:\/\/www.audi.de\"><em>www.audi.de<\/em><\/a><\/p>\n","protected":false},"excerpt":{"rendered":"<p>Streng limitiertes Sondermodell: weltweit 333 Exemplare mit fortlaufender Nummerierung und exklusiver Ausstattung Fahrspa\u00df garantiert: 5,2-Liter-V10-FSI-Motor in Kombination mit RWDAntrieb Neuer [&hellip;]<\/p>\n","protected":false},"author":3,"featured_media":96547,"comment_status":"closed","ping_status":"closed","sticky":false,"template":"","format":"standard","meta":{"footnotes":""},"categories":[27],"tags":[],"class_list":["post-96546","post","type-post","status-publish","format-standard","has-post-thumbnail","hentry","category-motor"],"yoast_head":"<!-- This site is optimized with the Yoast SEO plugin v27.1.1 - https:\/\/yoast.com\/product\/yoast-seo-wordpress\/ -->\n<title>Hochleistung in ihrer reinsten Form: der neue Audi R8 Coup\u00e9 V10 GT RWD - Spanien aktuell<\/title>\n<meta name=\"robots\" content=\"index, follow, max-snippet:-1, max-image-preview:large, max-video-preview:-1\" \/>\n<link rel=\"canonical\" href=\"https:\/\/spanienaktuell.net\/wordpress\/hochleistung-in-ihrer-reinsten-form-der-neue-audi-r8-coupe-v10-gt-rwd\/\" \/>\n<meta property=\"og:locale\" content=\"es_ES\" \/>\n<meta property=\"og:type\" content=\"article\" \/>\n<meta property=\"og:title\" content=\"Hochleistung in ihrer reinsten Form: der neue Audi R8 Coup\u00e9 V10 GT RWD - Spanien aktuell\" \/>\n<meta property=\"og:description\" content=\"Streng limitiertes Sondermodell: weltweit 333 Exemplare mit fortlaufender Nummerierung und exklusiver Ausstattung Fahrspa\u00df garantiert: 5,2-Liter-V10-FSI-Motor in Kombination mit RWDAntrieb Neuer [&hellip;]\" \/>\n<meta property=\"og:url\" content=\"https:\/\/spanienaktuell.net\/wordpress\/hochleistung-in-ihrer-reinsten-form-der-neue-audi-r8-coupe-v10-gt-rwd\/\" \/>\n<meta property=\"og:site_name\" content=\"Spanien aktuell\" \/>\n<meta property=\"article:published_time\" content=\"2023-01-01T12:18:53+00:00\" \/>\n<meta property=\"og:image\" content=\"https:\/\/spanienaktuell.net\/wordpress\/wp-content\/uploads\/2023\/01\/A225131_large-scaled.jpeg\" \/>\n\t<meta property=\"og:image:width\" content=\"1440\" \/>\n\t<meta property=\"og:image:height\" content=\"960\" \/>\n\t<meta property=\"og:image:type\" content=\"image\/jpeg\" \/>\n<meta name=\"author\" content=\"Spanien Aktuell\" \/>\n<meta name=\"twitter:card\" content=\"summary_large_image\" \/>\n<meta name=\"twitter:label1\" content=\"Escrito por\" \/>\n\t<meta name=\"twitter:data1\" content=\"Spanien Aktuell\" \/>\n\t<meta name=\"twitter:label2\" content=\"Tiempo de lectura\" \/>\n\t<meta name=\"twitter:data2\" content=\"7 minutos\" \/>\n<script type=\"application\/ld+json\" class=\"yoast-schema-graph\">{\"@context\":\"https:\/\/schema.org\",\"@graph\":[{\"@type\":\"Article\",\"@id\":\"https:\/\/spanienaktuell.net\/wordpress\/hochleistung-in-ihrer-reinsten-form-der-neue-audi-r8-coupe-v10-gt-rwd\/#article\",\"isPartOf\":{\"@id\":\"https:\/\/spanienaktuell.net\/wordpress\/hochleistung-in-ihrer-reinsten-form-der-neue-audi-r8-coupe-v10-gt-rwd\/\"},\"author\":{\"name\":\"Spanien Aktuell\",\"@id\":\"https:\/\/spanienaktuell.net\/wordpress\/#\/schema\/person\/bc410cfae0161b201d837ebfeeba7fd0\"},\"headline\":\"Hochleistung in ihrer reinsten Form: der neue Audi R8 Coup\u00e9 V10 GT RWD\",\"datePublished\":\"2023-01-01T12:18:53+00:00\",\"mainEntityOfPage\":{\"@id\":\"https:\/\/spanienaktuell.net\/wordpress\/hochleistung-in-ihrer-reinsten-form-der-neue-audi-r8-coupe-v10-gt-rwd\/\"},\"wordCount\":966,\"publisher\":{\"@id\":\"https:\/\/spanienaktuell.net\/wordpress\/#organization\"},\"image\":{\"@id\":\"https:\/\/spanienaktuell.net\/wordpress\/hochleistung-in-ihrer-reinsten-form-der-neue-audi-r8-coupe-v10-gt-rwd\/#primaryimage\"},\"thumbnailUrl\":\"https:\/\/spanienaktuell.net\/wordpress\/wp-content\/uploads\/2023\/01\/A225131_large-scaled.jpeg\",\"articleSection\":[\"Motor\"],\"inLanguage\":\"es\"},{\"@type\":\"WebPage\",\"@id\":\"https:\/\/spanienaktuell.net\/wordpress\/hochleistung-in-ihrer-reinsten-form-der-neue-audi-r8-coupe-v10-gt-rwd\/\",\"url\":\"https:\/\/spanienaktuell.net\/wordpress\/hochleistung-in-ihrer-reinsten-form-der-neue-audi-r8-coupe-v10-gt-rwd\/\",\"name\":\"Hochleistung in ihrer reinsten Form: der neue Audi R8 Coup\u00e9 V10 GT RWD - Spanien aktuell\",\"isPartOf\":{\"@id\":\"https:\/\/spanienaktuell.net\/wordpress\/#website\"},\"primaryImageOfPage\":{\"@id\":\"https:\/\/spanienaktuell.net\/wordpress\/hochleistung-in-ihrer-reinsten-form-der-neue-audi-r8-coupe-v10-gt-rwd\/#primaryimage\"},\"image\":{\"@id\":\"https:\/\/spanienaktuell.net\/wordpress\/hochleistung-in-ihrer-reinsten-form-der-neue-audi-r8-coupe-v10-gt-rwd\/#primaryimage\"},\"thumbnailUrl\":\"https:\/\/spanienaktuell.net\/wordpress\/wp-content\/uploads\/2023\/01\/A225131_large-scaled.jpeg\",\"datePublished\":\"2023-01-01T12:18:53+00:00\",\"breadcrumb\":{\"@id\":\"https:\/\/spanienaktuell.net\/wordpress\/hochleistung-in-ihrer-reinsten-form-der-neue-audi-r8-coupe-v10-gt-rwd\/#breadcrumb\"},\"inLanguage\":\"es\",\"potentialAction\":[{\"@type\":\"ReadAction\",\"target\":[\"https:\/\/spanienaktuell.net\/wordpress\/hochleistung-in-ihrer-reinsten-form-der-neue-audi-r8-coupe-v10-gt-rwd\/\"]}]},{\"@type\":\"ImageObject\",\"inLanguage\":\"es\",\"@id\":\"https:\/\/spanienaktuell.net\/wordpress\/hochleistung-in-ihrer-reinsten-form-der-neue-audi-r8-coupe-v10-gt-rwd\/#primaryimage\",\"url\":\"https:\/\/spanienaktuell.net\/wordpress\/wp-content\/uploads\/2023\/01\/A225131_large-scaled.jpeg\",\"contentUrl\":\"https:\/\/spanienaktuell.net\/wordpress\/wp-content\/uploads\/2023\/01\/A225131_large-scaled.jpeg\",\"width\":1440,\"height\":960},{\"@type\":\"BreadcrumbList\",\"@id\":\"https:\/\/spanienaktuell.net\/wordpress\/hochleistung-in-ihrer-reinsten-form-der-neue-audi-r8-coupe-v10-gt-rwd\/#breadcrumb\",\"itemListElement\":[{\"@type\":\"ListItem\",\"position\":1,\"name\":\"Portada\",\"item\":\"https:\/\/spanienaktuell.net\/wordpress\/\"},{\"@type\":\"ListItem\",\"position\":2,\"name\":\"Hochleistung in ihrer reinsten Form: der neue Audi R8 Coup\u00e9 V10 GT RWD\"}]},{\"@type\":\"WebSite\",\"@id\":\"https:\/\/spanienaktuell.net\/wordpress\/#website\",\"url\":\"https:\/\/spanienaktuell.net\/wordpress\/\",\"name\":\"Spanien aktuell\",\"description\":\"The German magazine number 1 on the Costa del Sol\",\"publisher\":{\"@id\":\"https:\/\/spanienaktuell.net\/wordpress\/#organization\"},\"potentialAction\":[{\"@type\":\"SearchAction\",\"target\":{\"@type\":\"EntryPoint\",\"urlTemplate\":\"https:\/\/spanienaktuell.net\/wordpress\/?s={search_term_string}\"},\"query-input\":{\"@type\":\"PropertyValueSpecification\",\"valueRequired\":true,\"valueName\":\"search_term_string\"}}],\"inLanguage\":\"es\"},{\"@type\":\"Organization\",\"@id\":\"https:\/\/spanienaktuell.net\/wordpress\/#organization\",\"name\":\"Spanien aktuell\",\"url\":\"https:\/\/spanienaktuell.net\/wordpress\/\",\"logo\":{\"@type\":\"ImageObject\",\"inLanguage\":\"es\",\"@id\":\"https:\/\/spanienaktuell.net\/wordpress\/#\/schema\/logo\/image\/\",\"url\":\"https:\/\/spanienaktuell.net\/wordpress\/wp-content\/uploads\/2019\/06\/cropped-Logo-spanien-aktuell-png-web-e1561631085388.png\",\"contentUrl\":\"https:\/\/spanienaktuell.net\/wordpress\/wp-content\/uploads\/2019\/06\/cropped-Logo-spanien-aktuell-png-web-e1561631085388.png\",\"width\":512,\"height\":110,\"caption\":\"Spanien aktuell\"},\"image\":{\"@id\":\"https:\/\/spanienaktuell.net\/wordpress\/#\/schema\/logo\/image\/\"}},{\"@type\":\"Person\",\"@id\":\"https:\/\/spanienaktuell.net\/wordpress\/#\/schema\/person\/bc410cfae0161b201d837ebfeeba7fd0\",\"name\":\"Spanien Aktuell\",\"image\":{\"@type\":\"ImageObject\",\"inLanguage\":\"es\",\"@id\":\"https:\/\/spanienaktuell.net\/wordpress\/#\/schema\/person\/image\/\",\"url\":\"https:\/\/spanienaktuell.net\/wordpress\/wp-content\/uploads\/2019\/06\/cropped-Logo-spanien-aktuell-png-fav2-100x100.png\",\"contentUrl\":\"https:\/\/spanienaktuell.net\/wordpress\/wp-content\/uploads\/2019\/06\/cropped-Logo-spanien-aktuell-png-fav2-100x100.png\",\"caption\":\"Spanien Aktuell\"},\"url\":\"https:\/\/spanienaktuell.net\/wordpress\/author\/koalum\/\"}]}<\/script>\n<!-- \/ Yoast SEO plugin. -->","yoast_head_json":{"title":"Hochleistung in ihrer reinsten Form: der neue Audi R8 Coup\u00e9 V10 GT RWD - Spanien aktuell","robots":{"index":"index","follow":"follow","max-snippet":"max-snippet:-1","max-image-preview":"max-image-preview:large","max-video-preview":"max-video-preview:-1"},"canonical":"https:\/\/spanienaktuell.net\/wordpress\/hochleistung-in-ihrer-reinsten-form-der-neue-audi-r8-coupe-v10-gt-rwd\/","og_locale":"es_ES","og_type":"article","og_title":"Hochleistung in ihrer reinsten Form: der neue Audi R8 Coup\u00e9 V10 GT RWD - Spanien aktuell","og_description":"Streng limitiertes Sondermodell: weltweit 333 Exemplare mit fortlaufender Nummerierung und exklusiver Ausstattung Fahrspa\u00df garantiert: 5,2-Liter-V10-FSI-Motor in Kombination mit RWDAntrieb Neuer [&hellip;]","og_url":"https:\/\/spanienaktuell.net\/wordpress\/hochleistung-in-ihrer-reinsten-form-der-neue-audi-r8-coupe-v10-gt-rwd\/","og_site_name":"Spanien aktuell","article_published_time":"2023-01-01T12:18:53+00:00","og_image":[{"width":1440,"height":960,"url":"https:\/\/spanienaktuell.net\/wordpress\/wp-content\/uploads\/2023\/01\/A225131_large-scaled.jpeg","type":"image\/jpeg"}],"author":"Spanien Aktuell","twitter_card":"summary_large_image","twitter_misc":{"Escrito por":"Spanien Aktuell","Tiempo de lectura":"7 minutos"},"schema":{"@context":"https:\/\/schema.org","@graph":[{"@type":"Article","@id":"https:\/\/spanienaktuell.net\/wordpress\/hochleistung-in-ihrer-reinsten-form-der-neue-audi-r8-coupe-v10-gt-rwd\/#article","isPartOf":{"@id":"https:\/\/spanienaktuell.net\/wordpress\/hochleistung-in-ihrer-reinsten-form-der-neue-audi-r8-coupe-v10-gt-rwd\/"},"author":{"name":"Spanien Aktuell","@id":"https:\/\/spanienaktuell.net\/wordpress\/#\/schema\/person\/bc410cfae0161b201d837ebfeeba7fd0"},"headline":"Hochleistung in ihrer reinsten Form: der neue Audi R8 Coup\u00e9 V10 GT RWD","datePublished":"2023-01-01T12:18:53+00:00","mainEntityOfPage":{"@id":"https:\/\/spanienaktuell.net\/wordpress\/hochleistung-in-ihrer-reinsten-form-der-neue-audi-r8-coupe-v10-gt-rwd\/"},"wordCount":966,"publisher":{"@id":"https:\/\/spanienaktuell.net\/wordpress\/#organization"},"image":{"@id":"https:\/\/spanienaktuell.net\/wordpress\/hochleistung-in-ihrer-reinsten-form-der-neue-audi-r8-coupe-v10-gt-rwd\/#primaryimage"},"thumbnailUrl":"https:\/\/spanienaktuell.net\/wordpress\/wp-content\/uploads\/2023\/01\/A225131_large-scaled.jpeg","articleSection":["Motor"],"inLanguage":"es"},{"@type":"WebPage","@id":"https:\/\/spanienaktuell.net\/wordpress\/hochleistung-in-ihrer-reinsten-form-der-neue-audi-r8-coupe-v10-gt-rwd\/","url":"https:\/\/spanienaktuell.net\/wordpress\/hochleistung-in-ihrer-reinsten-form-der-neue-audi-r8-coupe-v10-gt-rwd\/","name":"Hochleistung in ihrer reinsten Form: der neue Audi R8 Coup\u00e9 V10 GT RWD - Spanien aktuell","isPartOf":{"@id":"https:\/\/spanienaktuell.net\/wordpress\/#website"},"primaryImageOfPage":{"@id":"https:\/\/spanienaktuell.net\/wordpress\/hochleistung-in-ihrer-reinsten-form-der-neue-audi-r8-coupe-v10-gt-rwd\/#primaryimage"},"image":{"@id":"https:\/\/spanienaktuell.net\/wordpress\/hochleistung-in-ihrer-reinsten-form-der-neue-audi-r8-coupe-v10-gt-rwd\/#primaryimage"},"thumbnailUrl":"https:\/\/spanienaktuell.net\/wordpress\/wp-content\/uploads\/2023\/01\/A225131_large-scaled.jpeg","datePublished":"2023-01-01T12:18:53+00:00","breadcrumb":{"@id":"https:\/\/spanienaktuell.net\/wordpress\/hochleistung-in-ihrer-reinsten-form-der-neue-audi-r8-coupe-v10-gt-rwd\/#breadcrumb"},"inLanguage":"es","potentialAction":[{"@type":"ReadAction","target":["https:\/\/spanienaktuell.net\/wordpress\/hochleistung-in-ihrer-reinsten-form-der-neue-audi-r8-coupe-v10-gt-rwd\/"]}]},{"@type":"ImageObject","inLanguage":"es","@id":"https:\/\/spanienaktuell.net\/wordpress\/hochleistung-in-ihrer-reinsten-form-der-neue-audi-r8-coupe-v10-gt-rwd\/#primaryimage","url":"https:\/\/spanienaktuell.net\/wordpress\/wp-content\/uploads\/2023\/01\/A225131_large-scaled.jpeg","contentUrl":"https:\/\/spanienaktuell.net\/wordpress\/wp-content\/uploads\/2023\/01\/A225131_large-scaled.jpeg","width":1440,"height":960},{"@type":"BreadcrumbList","@id":"https:\/\/spanienaktuell.net\/wordpress\/hochleistung-in-ihrer-reinsten-form-der-neue-audi-r8-coupe-v10-gt-rwd\/#breadcrumb","itemListElement":[{"@type":"ListItem","position":1,"name":"Portada","item":"https:\/\/spanienaktuell.net\/wordpress\/"},{"@type":"ListItem","position":2,"name":"Hochleistung in ihrer reinsten Form: der neue Audi R8 Coup\u00e9 V10 GT RWD"}]},{"@type":"WebSite","@id":"https:\/\/spanienaktuell.net\/wordpress\/#website","url":"https:\/\/spanienaktuell.net\/wordpress\/","name":"Spanien aktuell","description":"The German magazine number 1 on the Costa del Sol","publisher":{"@id":"https:\/\/spanienaktuell.net\/wordpress\/#organization"},"potentialAction":[{"@type":"SearchAction","target":{"@type":"EntryPoint","urlTemplate":"https:\/\/spanienaktuell.net\/wordpress\/?s={search_term_string}"},"query-input":{"@type":"PropertyValueSpecification","valueRequired":true,"valueName":"search_term_string"}}],"inLanguage":"es"},{"@type":"Organization","@id":"https:\/\/spanienaktuell.net\/wordpress\/#organization","name":"Spanien aktuell","url":"https:\/\/spanienaktuell.net\/wordpress\/","logo":{"@type":"ImageObject","inLanguage":"es","@id":"https:\/\/spanienaktuell.net\/wordpress\/#\/schema\/logo\/image\/","url":"https:\/\/spanienaktuell.net\/wordpress\/wp-content\/uploads\/2019\/06\/cropped-Logo-spanien-aktuell-png-web-e1561631085388.png","contentUrl":"https:\/\/spanienaktuell.net\/wordpress\/wp-content\/uploads\/2019\/06\/cropped-Logo-spanien-aktuell-png-web-e1561631085388.png","width":512,"height":110,"caption":"Spanien aktuell"},"image":{"@id":"https:\/\/spanienaktuell.net\/wordpress\/#\/schema\/logo\/image\/"}},{"@type":"Person","@id":"https:\/\/spanienaktuell.net\/wordpress\/#\/schema\/person\/bc410cfae0161b201d837ebfeeba7fd0","name":"Spanien Aktuell","image":{"@type":"ImageObject","inLanguage":"es","@id":"https:\/\/spanienaktuell.net\/wordpress\/#\/schema\/person\/image\/","url":"https:\/\/spanienaktuell.net\/wordpress\/wp-content\/uploads\/2019\/06\/cropped-Logo-spanien-aktuell-png-fav2-100x100.png","contentUrl":"https:\/\/spanienaktuell.net\/wordpress\/wp-content\/uploads\/2019\/06\/cropped-Logo-spanien-aktuell-png-fav2-100x100.png","caption":"Spanien Aktuell"},"url":"https:\/\/spanienaktuell.net\/wordpress\/author\/koalum\/"}]}},"_links":{"self":[{"href":"https:\/\/spanienaktuell.net\/wordpress\/wp-json\/wp\/v2\/posts\/96546","targetHints":{"allow":["GET"]}}],"collection":[{"href":"https:\/\/spanienaktuell.net\/wordpress\/wp-json\/wp\/v2\/posts"}],"about":[{"href":"https:\/\/spanienaktuell.net\/wordpress\/wp-json\/wp\/v2\/types\/post"}],"author":[{"embeddable":true,"href":"https:\/\/spanienaktuell.net\/wordpress\/wp-json\/wp\/v2\/users\/3"}],"replies":[{"embeddable":true,"href":"https:\/\/spanienaktuell.net\/wordpress\/wp-json\/wp\/v2\/comments?post=96546"}],"version-history":[{"count":1,"href":"https:\/\/spanienaktuell.net\/wordpress\/wp-json\/wp\/v2\/posts\/96546\/revisions"}],"predecessor-version":[{"id":96564,"href":"https:\/\/spanienaktuell.net\/wordpress\/wp-json\/wp\/v2\/posts\/96546\/revisions\/96564"}],"wp:featuredmedia":[{"embeddable":true,"href":"https:\/\/spanienaktuell.net\/wordpress\/wp-json\/wp\/v2\/media\/96547"}],"wp:attachment":[{"href":"https:\/\/spanienaktuell.net\/wordpress\/wp-json\/wp\/v2\/media?parent=96546"}],"wp:term":[{"taxonomy":"category","embeddable":true,"href":"https:\/\/spanienaktuell.net\/wordpress\/wp-json\/wp\/v2\/categories?post=96546"},{"taxonomy":"post_tag","embeddable":true,"href":"https:\/\/spanienaktuell.net\/wordpress\/wp-json\/wp\/v2\/tags?post=96546"}],"curies":[{"name":"wp","href":"https:\/\/api.w.org\/{rel}","templated":true}]}}