{"id":96948,"date":"2023-03-01T00:49:04","date_gmt":"2023-02-28T23:49:04","guid":{"rendered":"https:\/\/spanienaktuell.net\/wordpress\/?p=96948"},"modified":"2023-02-28T12:49:58","modified_gmt":"2023-02-28T11:49:58","slug":"fahrkomfort-ist-gut-sicherheit-ist-besser","status":"publish","type":"post","link":"https:\/\/spanienaktuell.net\/wordpress\/fahrkomfort-ist-gut-sicherheit-ist-besser\/","title":{"rendered":"Fahrkomfort ist gut, Sicherheit ist besser:"},"content":{"rendered":"<figure id=\"attachment_96949\" aria-describedby=\"caption-attachment-96949\" style=\"width: 1440px\" class=\"wp-caption aligncenter\"><img decoding=\"async\" class=\"size-full wp-image-96949\" src=\"https:\/\/spanienaktuell.net\/wordpress\/wp-content\/uploads\/2023\/02\/2-1-scaled.jpg\" alt=\"\" width=\"1440\" height=\"616\" srcset=\"https:\/\/spanienaktuell.net\/wordpress\/wp-content\/uploads\/2023\/02\/2-1-scaled.jpg 1440w, https:\/\/spanienaktuell.net\/wordpress\/wp-content\/uploads\/2023\/02\/2-1-300x128.jpg 300w, https:\/\/spanienaktuell.net\/wordpress\/wp-content\/uploads\/2023\/02\/2-1-1024x438.jpg 1024w, https:\/\/spanienaktuell.net\/wordpress\/wp-content\/uploads\/2023\/02\/2-1-768x328.jpg 768w, https:\/\/spanienaktuell.net\/wordpress\/wp-content\/uploads\/2023\/02\/2-1-1536x657.jpg 1536w, https:\/\/spanienaktuell.net\/wordpress\/wp-content\/uploads\/2023\/02\/2-1-2048x876.jpg 2048w\" sizes=\"(max-width: 1440px) 100vw, 1440px\" \/><figcaption id=\"caption-attachment-96949\" class=\"wp-caption-text\">Foto: Adobestock 404261563 Fotograf: Deutsche Tamoil GmbH<\/figcaption><\/figure>\n<p>Wo ein Mensch an seine Grenzen st\u00f6\u00dft, k\u00f6nnen digitale Systeme Abhilfe schaffen u. viele Bereiche unseres Alltags erleichtern. Besonders im Stra\u00dfenverkehr sorgen Assistenzsysteme f\u00fcr ein neues Gef\u00fchl von Fahrkomfort &#8211; sei es durch die Einparkhilfe auf dem Parkplatz oder den Tempomaten auf der Autobahn. Doch vor allem die Sicherheit steht im Fokus der digitalen Funktionen unserer Fahrzeuge, die im Ernstfall auf potenzielle Gefahren reagieren u. Unf\u00e4lle vermeiden k\u00f6nnen. Aus diesem Grund gelten Assistenzsysteme ab 2024 europaweit als gesetzlich vorgegebener Standard bei Neuwagen. Doch wie wirksam sind diese Fahrzeugfunktionen wirklich? Welche elektronischen Zusatzeinrichtungen finden bereits Anwendung auf der Stra\u00dfe u. welche unter ihnen geh\u00f6ren zu den beliebtesten? Im Rahmen einer aktuellen Studie der Tankstellenkette HEM mit dem Thema \u201eAssistenzsysteme &#8211; was k\u00f6nnen sie (nicht) u. wer nutzt sie?\u00bb(1) wurden 2.036 Personen \u00fcber 18 Jahren dazu befragt, wie sie der Nutzung dieser Fahrzeugsysteme gegen\u00fcberstehen.<\/p>\n<p>Obwohl sich ein Gro\u00dfteil der Befragten (85 Prozent) beim Autofahren sicher f\u00fchlt, verf\u00fcgen etwa 60 Prozent aller Teilnehmer \u00fcber Fahrzeuge mit assistierenden Funktionen. Eine gute Bilanz f\u00fcr die Sicherheit im Stra\u00dfenverkehr, denn jedem Vierten (26 Prozent) blieb bereits ein Unfall dank dieser Systeme erspart. Lediglich etwa ein Drittel der Teilnehmer steht digitalen Fahrzeugfunktionen u. der f\u00fcr 2024 vorgesehenen Pflicht f\u00fcr Neufahrzeuge kritisch gegen\u00fcber, da der Sicherheit im Stra\u00dfenverkehr damit allein nicht geholfen sei (30 Prozent) oder datenschutzrechtliche Bedenken bestehen (9 Prozent).<\/p>\n<p><strong>Safety first: Das sollte ein Fahrzeug k\u00f6nnen<\/strong><\/p>\n<p>Assistenzsysteme geh\u00f6ren mittlerweile zum Autofahren dazu u. sorgen daf\u00fcr, dass sich rund 59 Prozent der Teilnehmer sicherer im Stra\u00dfenverkehr f\u00fchlen u. an Fahrkomfort gewinnen. Zu den beiden meistgenutzten Systemen geh\u00f6rt der Tempomat (62 Prozent) u. die Einparkhilfe (53 Prozent). Auch der Spurhalteassistent (39 Prozent) z\u00e4hlt zu den verbreiteten Funktionen, die bei Fahrzeugen bereits Anwendung finden. Als meistgesch\u00e4tzte u. am wichtigsten wahrgenommene Funktion hingegen gilt der Notbremsassistent (57 Prozent), gefolgt vom Totwinkelassistenten (45 Prozent) sowie dem Abstandtempomaten (41 Prozent) &#8211; Systeme, die weniger dem Komfort der Autofahrer, sondern vor allem der allgemeinen Sicherheit im Stra\u00dfenverkehr zugutekommen. Dazu z\u00e4hlt zudem die M\u00fcdigkeits\u00fcberwachung mithilfe einer digitalen Fahrzeugfunktion (37 Prozent), die bei Autofahrern ebenfalls einen hohen Stellenwert in Bezug auf die Verkehrssicherheit einnimmt.<\/p>\n<p>Mit Blick auf die Zukunft k\u00f6nnen Autofahrer weitere Innovationen erwarten, die im Alltag auf der Stra\u00dfe unterst\u00fctzen u. dabei auf ausgefeilte Technologien zur\u00fcckgreifen. Erwartungen u. Bedarf nach vielseitigen Assistenzsystemen besteht bereits: Etwa 56 Prozent der Befragten sehen in KI-basierten Systemen, wie zum Beispiel die Erkennung von Warnsignalen, ein gro\u00dfes Potenzial. Ferner w\u00fcrden 71 Prozent der Teilnehmer eine Wegfahrsperre bei zu hohem Alkoholkonsum bef\u00fcrworten u. somit einem gro\u00dfen Risikofaktor im Stra\u00dfenverkehr entgegenwirken.<\/p>\n<p><strong>Teuer darf Sicherheit (nicht) sein<\/strong><\/p>\n<p>Dass Assistenzsysteme in Zukunft zur verpflichteten Standard-Ausf\u00fchrung bei Neuwagen geh\u00f6ren, kann zur Folge haben, dass sich die Kosten eines Fahrzeugs erh\u00f6hen. F\u00fcr etwa 18 Prozent der Befragten kein Problem, denn wenn es um Sicherheit geht, sei kein Cent zu viel. Mehr als ein Drittel (37 Prozent) ist immerhin bereit, ein paar hundert Euro mehr f\u00fcr n\u00f6tige Fahrzeugfunktionen zu zahlen. F\u00fcr 28 Prozent der Befragten hingegen gilt Sicherheit nicht als Luxusgut und sollte nach Einf\u00fchrung der gesetzlichen Pflicht f\u00fcr Assistenzsysteme beim Kauf von Neuwagen nicht zus\u00e4tzlich angerechnet werden. Obwohl zukunftweisende Innovationen ihren Preis haben, steht die Sicherheit im Stra\u00dfenverkehr an erster Stelle. In welchem Umfang Fahrzeugfunktionen zuk\u00fcnftig weiteren Mehrwert f\u00fcr Autofahrer schaffen, ohne dabei preisliche Kompromisse einzugehen, zeigt sich 2024 mit der Einf\u00fchrung der gesetzlichen Pflicht von Fahrassistenzsystemen bei neuen Fahrzeugen.<\/p>\n<p><em>(1) Basierend auf einer Marktforschungsstudie zum Thema \u201eAssistenzsysteme &#8211; was k\u00f6nnen sie (nicht) und wer nutzt sie?\u00bb, die von der Tankstellenkette HEM im Dezember 2022 mit 2.036 Personen \u00fcber 18 Jahren durchgef\u00fchrt wurde.<\/em><\/p>\n<p><em>Quelle: Deutsche Tamoil GmbH, \u00fcbermittelt durch news aktuell<\/em><\/p>\n","protected":false},"excerpt":{"rendered":"<p>Wo ein Mensch an seine Grenzen st\u00f6\u00dft, k\u00f6nnen digitale Systeme Abhilfe schaffen u. viele Bereiche unseres Alltags erleichtern. Besonders im [&hellip;]<\/p>\n","protected":false},"author":3,"featured_media":96949,"comment_status":"closed","ping_status":"closed","sticky":false,"template":"","format":"standard","meta":{"footnotes":""},"categories":[27],"tags":[],"class_list":["post-96948","post","type-post","status-publish","format-standard","has-post-thumbnail","hentry","category-motor"],"yoast_head":"<!-- This site is optimized with the Yoast SEO plugin v27.1.1 - https:\/\/yoast.com\/product\/yoast-seo-wordpress\/ -->\n<title>Fahrkomfort ist gut, Sicherheit ist besser: - Spanien aktuell<\/title>\n<meta name=\"robots\" content=\"index, follow, max-snippet:-1, max-image-preview:large, max-video-preview:-1\" \/>\n<link rel=\"canonical\" href=\"https:\/\/spanienaktuell.net\/wordpress\/fahrkomfort-ist-gut-sicherheit-ist-besser\/\" \/>\n<meta property=\"og:locale\" content=\"es_ES\" \/>\n<meta property=\"og:type\" content=\"article\" \/>\n<meta property=\"og:title\" content=\"Fahrkomfort ist gut, Sicherheit ist besser: - Spanien aktuell\" \/>\n<meta property=\"og:description\" content=\"Wo ein Mensch an seine Grenzen st\u00f6\u00dft, k\u00f6nnen digitale Systeme Abhilfe schaffen u. viele Bereiche unseres Alltags erleichtern. Besonders im [&hellip;]\" \/>\n<meta property=\"og:url\" content=\"https:\/\/spanienaktuell.net\/wordpress\/fahrkomfort-ist-gut-sicherheit-ist-besser\/\" \/>\n<meta property=\"og:site_name\" content=\"Spanien aktuell\" \/>\n<meta property=\"article:published_time\" content=\"2023-02-28T23:49:04+00:00\" \/>\n<meta property=\"og:image\" content=\"https:\/\/spanienaktuell.net\/wordpress\/wp-content\/uploads\/2023\/02\/2-1-scaled.jpg\" \/>\n\t<meta property=\"og:image:width\" content=\"1440\" \/>\n\t<meta property=\"og:image:height\" content=\"616\" \/>\n\t<meta property=\"og:image:type\" content=\"image\/jpeg\" \/>\n<meta name=\"author\" content=\"Spanien Aktuell\" \/>\n<meta name=\"twitter:card\" content=\"summary_large_image\" \/>\n<meta name=\"twitter:label1\" content=\"Escrito por\" \/>\n\t<meta name=\"twitter:data1\" content=\"Spanien Aktuell\" \/>\n\t<meta name=\"twitter:label2\" content=\"Tiempo de lectura\" \/>\n\t<meta name=\"twitter:data2\" content=\"3 minutos\" \/>\n<script type=\"application\/ld+json\" class=\"yoast-schema-graph\">{\"@context\":\"https:\/\/schema.org\",\"@graph\":[{\"@type\":\"Article\",\"@id\":\"https:\/\/spanienaktuell.net\/wordpress\/fahrkomfort-ist-gut-sicherheit-ist-besser\/#article\",\"isPartOf\":{\"@id\":\"https:\/\/spanienaktuell.net\/wordpress\/fahrkomfort-ist-gut-sicherheit-ist-besser\/\"},\"author\":{\"name\":\"Spanien Aktuell\",\"@id\":\"https:\/\/spanienaktuell.net\/wordpress\/#\/schema\/person\/bc410cfae0161b201d837ebfeeba7fd0\"},\"headline\":\"Fahrkomfort ist gut, Sicherheit ist besser:\",\"datePublished\":\"2023-02-28T23:49:04+00:00\",\"mainEntityOfPage\":{\"@id\":\"https:\/\/spanienaktuell.net\/wordpress\/fahrkomfort-ist-gut-sicherheit-ist-besser\/\"},\"wordCount\":645,\"publisher\":{\"@id\":\"https:\/\/spanienaktuell.net\/wordpress\/#organization\"},\"image\":{\"@id\":\"https:\/\/spanienaktuell.net\/wordpress\/fahrkomfort-ist-gut-sicherheit-ist-besser\/#primaryimage\"},\"thumbnailUrl\":\"https:\/\/spanienaktuell.net\/wordpress\/wp-content\/uploads\/2023\/02\/2-1-scaled.jpg\",\"articleSection\":[\"Motor\"],\"inLanguage\":\"es\"},{\"@type\":\"WebPage\",\"@id\":\"https:\/\/spanienaktuell.net\/wordpress\/fahrkomfort-ist-gut-sicherheit-ist-besser\/\",\"url\":\"https:\/\/spanienaktuell.net\/wordpress\/fahrkomfort-ist-gut-sicherheit-ist-besser\/\",\"name\":\"Fahrkomfort ist gut, Sicherheit ist besser: - Spanien aktuell\",\"isPartOf\":{\"@id\":\"https:\/\/spanienaktuell.net\/wordpress\/#website\"},\"primaryImageOfPage\":{\"@id\":\"https:\/\/spanienaktuell.net\/wordpress\/fahrkomfort-ist-gut-sicherheit-ist-besser\/#primaryimage\"},\"image\":{\"@id\":\"https:\/\/spanienaktuell.net\/wordpress\/fahrkomfort-ist-gut-sicherheit-ist-besser\/#primaryimage\"},\"thumbnailUrl\":\"https:\/\/spanienaktuell.net\/wordpress\/wp-content\/uploads\/2023\/02\/2-1-scaled.jpg\",\"datePublished\":\"2023-02-28T23:49:04+00:00\",\"breadcrumb\":{\"@id\":\"https:\/\/spanienaktuell.net\/wordpress\/fahrkomfort-ist-gut-sicherheit-ist-besser\/#breadcrumb\"},\"inLanguage\":\"es\",\"potentialAction\":[{\"@type\":\"ReadAction\",\"target\":[\"https:\/\/spanienaktuell.net\/wordpress\/fahrkomfort-ist-gut-sicherheit-ist-besser\/\"]}]},{\"@type\":\"ImageObject\",\"inLanguage\":\"es\",\"@id\":\"https:\/\/spanienaktuell.net\/wordpress\/fahrkomfort-ist-gut-sicherheit-ist-besser\/#primaryimage\",\"url\":\"https:\/\/spanienaktuell.net\/wordpress\/wp-content\/uploads\/2023\/02\/2-1-scaled.jpg\",\"contentUrl\":\"https:\/\/spanienaktuell.net\/wordpress\/wp-content\/uploads\/2023\/02\/2-1-scaled.jpg\",\"width\":1440,\"height\":616,\"caption\":\"Foto: Adobestock 404261563 Fotograf: Deutsche Tamoil GmbH\"},{\"@type\":\"BreadcrumbList\",\"@id\":\"https:\/\/spanienaktuell.net\/wordpress\/fahrkomfort-ist-gut-sicherheit-ist-besser\/#breadcrumb\",\"itemListElement\":[{\"@type\":\"ListItem\",\"position\":1,\"name\":\"Portada\",\"item\":\"https:\/\/spanienaktuell.net\/wordpress\/\"},{\"@type\":\"ListItem\",\"position\":2,\"name\":\"Fahrkomfort ist gut, Sicherheit ist besser:\"}]},{\"@type\":\"WebSite\",\"@id\":\"https:\/\/spanienaktuell.net\/wordpress\/#website\",\"url\":\"https:\/\/spanienaktuell.net\/wordpress\/\",\"name\":\"Spanien aktuell\",\"description\":\"The German magazine number 1 on the Costa del Sol\",\"publisher\":{\"@id\":\"https:\/\/spanienaktuell.net\/wordpress\/#organization\"},\"potentialAction\":[{\"@type\":\"SearchAction\",\"target\":{\"@type\":\"EntryPoint\",\"urlTemplate\":\"https:\/\/spanienaktuell.net\/wordpress\/?s={search_term_string}\"},\"query-input\":{\"@type\":\"PropertyValueSpecification\",\"valueRequired\":true,\"valueName\":\"search_term_string\"}}],\"inLanguage\":\"es\"},{\"@type\":\"Organization\",\"@id\":\"https:\/\/spanienaktuell.net\/wordpress\/#organization\",\"name\":\"Spanien aktuell\",\"url\":\"https:\/\/spanienaktuell.net\/wordpress\/\",\"logo\":{\"@type\":\"ImageObject\",\"inLanguage\":\"es\",\"@id\":\"https:\/\/spanienaktuell.net\/wordpress\/#\/schema\/logo\/image\/\",\"url\":\"https:\/\/spanienaktuell.net\/wordpress\/wp-content\/uploads\/2019\/06\/cropped-Logo-spanien-aktuell-png-web-e1561631085388.png\",\"contentUrl\":\"https:\/\/spanienaktuell.net\/wordpress\/wp-content\/uploads\/2019\/06\/cropped-Logo-spanien-aktuell-png-web-e1561631085388.png\",\"width\":512,\"height\":110,\"caption\":\"Spanien aktuell\"},\"image\":{\"@id\":\"https:\/\/spanienaktuell.net\/wordpress\/#\/schema\/logo\/image\/\"}},{\"@type\":\"Person\",\"@id\":\"https:\/\/spanienaktuell.net\/wordpress\/#\/schema\/person\/bc410cfae0161b201d837ebfeeba7fd0\",\"name\":\"Spanien Aktuell\",\"image\":{\"@type\":\"ImageObject\",\"inLanguage\":\"es\",\"@id\":\"https:\/\/spanienaktuell.net\/wordpress\/#\/schema\/person\/image\/\",\"url\":\"https:\/\/spanienaktuell.net\/wordpress\/wp-content\/uploads\/2019\/06\/cropped-Logo-spanien-aktuell-png-fav2-100x100.png\",\"contentUrl\":\"https:\/\/spanienaktuell.net\/wordpress\/wp-content\/uploads\/2019\/06\/cropped-Logo-spanien-aktuell-png-fav2-100x100.png\",\"caption\":\"Spanien Aktuell\"},\"url\":\"https:\/\/spanienaktuell.net\/wordpress\/author\/koalum\/\"}]}<\/script>\n<!-- \/ Yoast SEO plugin. -->","yoast_head_json":{"title":"Fahrkomfort ist gut, Sicherheit ist besser: - Spanien aktuell","robots":{"index":"index","follow":"follow","max-snippet":"max-snippet:-1","max-image-preview":"max-image-preview:large","max-video-preview":"max-video-preview:-1"},"canonical":"https:\/\/spanienaktuell.net\/wordpress\/fahrkomfort-ist-gut-sicherheit-ist-besser\/","og_locale":"es_ES","og_type":"article","og_title":"Fahrkomfort ist gut, Sicherheit ist besser: - Spanien aktuell","og_description":"Wo ein Mensch an seine Grenzen st\u00f6\u00dft, k\u00f6nnen digitale Systeme Abhilfe schaffen u. viele Bereiche unseres Alltags erleichtern. Besonders im [&hellip;]","og_url":"https:\/\/spanienaktuell.net\/wordpress\/fahrkomfort-ist-gut-sicherheit-ist-besser\/","og_site_name":"Spanien aktuell","article_published_time":"2023-02-28T23:49:04+00:00","og_image":[{"width":1440,"height":616,"url":"https:\/\/spanienaktuell.net\/wordpress\/wp-content\/uploads\/2023\/02\/2-1-scaled.jpg","type":"image\/jpeg"}],"author":"Spanien Aktuell","twitter_card":"summary_large_image","twitter_misc":{"Escrito por":"Spanien Aktuell","Tiempo de lectura":"3 minutos"},"schema":{"@context":"https:\/\/schema.org","@graph":[{"@type":"Article","@id":"https:\/\/spanienaktuell.net\/wordpress\/fahrkomfort-ist-gut-sicherheit-ist-besser\/#article","isPartOf":{"@id":"https:\/\/spanienaktuell.net\/wordpress\/fahrkomfort-ist-gut-sicherheit-ist-besser\/"},"author":{"name":"Spanien Aktuell","@id":"https:\/\/spanienaktuell.net\/wordpress\/#\/schema\/person\/bc410cfae0161b201d837ebfeeba7fd0"},"headline":"Fahrkomfort ist gut, Sicherheit ist besser:","datePublished":"2023-02-28T23:49:04+00:00","mainEntityOfPage":{"@id":"https:\/\/spanienaktuell.net\/wordpress\/fahrkomfort-ist-gut-sicherheit-ist-besser\/"},"wordCount":645,"publisher":{"@id":"https:\/\/spanienaktuell.net\/wordpress\/#organization"},"image":{"@id":"https:\/\/spanienaktuell.net\/wordpress\/fahrkomfort-ist-gut-sicherheit-ist-besser\/#primaryimage"},"thumbnailUrl":"https:\/\/spanienaktuell.net\/wordpress\/wp-content\/uploads\/2023\/02\/2-1-scaled.jpg","articleSection":["Motor"],"inLanguage":"es"},{"@type":"WebPage","@id":"https:\/\/spanienaktuell.net\/wordpress\/fahrkomfort-ist-gut-sicherheit-ist-besser\/","url":"https:\/\/spanienaktuell.net\/wordpress\/fahrkomfort-ist-gut-sicherheit-ist-besser\/","name":"Fahrkomfort ist gut, Sicherheit ist besser: - Spanien aktuell","isPartOf":{"@id":"https:\/\/spanienaktuell.net\/wordpress\/#website"},"primaryImageOfPage":{"@id":"https:\/\/spanienaktuell.net\/wordpress\/fahrkomfort-ist-gut-sicherheit-ist-besser\/#primaryimage"},"image":{"@id":"https:\/\/spanienaktuell.net\/wordpress\/fahrkomfort-ist-gut-sicherheit-ist-besser\/#primaryimage"},"thumbnailUrl":"https:\/\/spanienaktuell.net\/wordpress\/wp-content\/uploads\/2023\/02\/2-1-scaled.jpg","datePublished":"2023-02-28T23:49:04+00:00","breadcrumb":{"@id":"https:\/\/spanienaktuell.net\/wordpress\/fahrkomfort-ist-gut-sicherheit-ist-besser\/#breadcrumb"},"inLanguage":"es","potentialAction":[{"@type":"ReadAction","target":["https:\/\/spanienaktuell.net\/wordpress\/fahrkomfort-ist-gut-sicherheit-ist-besser\/"]}]},{"@type":"ImageObject","inLanguage":"es","@id":"https:\/\/spanienaktuell.net\/wordpress\/fahrkomfort-ist-gut-sicherheit-ist-besser\/#primaryimage","url":"https:\/\/spanienaktuell.net\/wordpress\/wp-content\/uploads\/2023\/02\/2-1-scaled.jpg","contentUrl":"https:\/\/spanienaktuell.net\/wordpress\/wp-content\/uploads\/2023\/02\/2-1-scaled.jpg","width":1440,"height":616,"caption":"Foto: Adobestock 404261563 Fotograf: Deutsche Tamoil GmbH"},{"@type":"BreadcrumbList","@id":"https:\/\/spanienaktuell.net\/wordpress\/fahrkomfort-ist-gut-sicherheit-ist-besser\/#breadcrumb","itemListElement":[{"@type":"ListItem","position":1,"name":"Portada","item":"https:\/\/spanienaktuell.net\/wordpress\/"},{"@type":"ListItem","position":2,"name":"Fahrkomfort ist gut, Sicherheit ist besser:"}]},{"@type":"WebSite","@id":"https:\/\/spanienaktuell.net\/wordpress\/#website","url":"https:\/\/spanienaktuell.net\/wordpress\/","name":"Spanien aktuell","description":"The German magazine number 1 on the Costa del Sol","publisher":{"@id":"https:\/\/spanienaktuell.net\/wordpress\/#organization"},"potentialAction":[{"@type":"SearchAction","target":{"@type":"EntryPoint","urlTemplate":"https:\/\/spanienaktuell.net\/wordpress\/?s={search_term_string}"},"query-input":{"@type":"PropertyValueSpecification","valueRequired":true,"valueName":"search_term_string"}}],"inLanguage":"es"},{"@type":"Organization","@id":"https:\/\/spanienaktuell.net\/wordpress\/#organization","name":"Spanien aktuell","url":"https:\/\/spanienaktuell.net\/wordpress\/","logo":{"@type":"ImageObject","inLanguage":"es","@id":"https:\/\/spanienaktuell.net\/wordpress\/#\/schema\/logo\/image\/","url":"https:\/\/spanienaktuell.net\/wordpress\/wp-content\/uploads\/2019\/06\/cropped-Logo-spanien-aktuell-png-web-e1561631085388.png","contentUrl":"https:\/\/spanienaktuell.net\/wordpress\/wp-content\/uploads\/2019\/06\/cropped-Logo-spanien-aktuell-png-web-e1561631085388.png","width":512,"height":110,"caption":"Spanien aktuell"},"image":{"@id":"https:\/\/spanienaktuell.net\/wordpress\/#\/schema\/logo\/image\/"}},{"@type":"Person","@id":"https:\/\/spanienaktuell.net\/wordpress\/#\/schema\/person\/bc410cfae0161b201d837ebfeeba7fd0","name":"Spanien Aktuell","image":{"@type":"ImageObject","inLanguage":"es","@id":"https:\/\/spanienaktuell.net\/wordpress\/#\/schema\/person\/image\/","url":"https:\/\/spanienaktuell.net\/wordpress\/wp-content\/uploads\/2019\/06\/cropped-Logo-spanien-aktuell-png-fav2-100x100.png","contentUrl":"https:\/\/spanienaktuell.net\/wordpress\/wp-content\/uploads\/2019\/06\/cropped-Logo-spanien-aktuell-png-fav2-100x100.png","caption":"Spanien Aktuell"},"url":"https:\/\/spanienaktuell.net\/wordpress\/author\/koalum\/"}]}},"_links":{"self":[{"href":"https:\/\/spanienaktuell.net\/wordpress\/wp-json\/wp\/v2\/posts\/96948","targetHints":{"allow":["GET"]}}],"collection":[{"href":"https:\/\/spanienaktuell.net\/wordpress\/wp-json\/wp\/v2\/posts"}],"about":[{"href":"https:\/\/spanienaktuell.net\/wordpress\/wp-json\/wp\/v2\/types\/post"}],"author":[{"embeddable":true,"href":"https:\/\/spanienaktuell.net\/wordpress\/wp-json\/wp\/v2\/users\/3"}],"replies":[{"embeddable":true,"href":"https:\/\/spanienaktuell.net\/wordpress\/wp-json\/wp\/v2\/comments?post=96948"}],"version-history":[{"count":1,"href":"https:\/\/spanienaktuell.net\/wordpress\/wp-json\/wp\/v2\/posts\/96948\/revisions"}],"predecessor-version":[{"id":96950,"href":"https:\/\/spanienaktuell.net\/wordpress\/wp-json\/wp\/v2\/posts\/96948\/revisions\/96950"}],"wp:featuredmedia":[{"embeddable":true,"href":"https:\/\/spanienaktuell.net\/wordpress\/wp-json\/wp\/v2\/media\/96949"}],"wp:attachment":[{"href":"https:\/\/spanienaktuell.net\/wordpress\/wp-json\/wp\/v2\/media?parent=96948"}],"wp:term":[{"taxonomy":"category","embeddable":true,"href":"https:\/\/spanienaktuell.net\/wordpress\/wp-json\/wp\/v2\/categories?post=96948"},{"taxonomy":"post_tag","embeddable":true,"href":"https:\/\/spanienaktuell.net\/wordpress\/wp-json\/wp\/v2\/tags?post=96948"}],"curies":[{"name":"wp","href":"https:\/\/api.w.org\/{rel}","templated":true}]}}